{"id":166036,"date":"2026-03-13T07:19:31","date_gmt":"2026-03-13T13:19:31","guid":{"rendered":"https:\/\/lospoliticosveracruz.com\/?p=166036"},"modified":"2026-03-13T07:19:33","modified_gmt":"2026-03-13T13:19:33","slug":"las-senales-de-nahle-rosa-maria-y-lisbeth-aurelia","status":"publish","type":"post","link":"https:\/\/lospoliticosveracruz.com\/?p=166036","title":{"rendered":"LAS SE\u00d1ALES DE NAHLE\u2026 ROSA MAR\u00cdA Y LISBETH AURELIA"},"content":{"rendered":"\n<p><strong>Ricardo Chua<\/strong><br><em>Sale y Vale<\/em><\/p>\n\n\n\n<p>Dice \u00abGarganta Profunda\u00bb.. Que en el estado de Veracruz todo es \u00abgrilla\u00bb.. Sobre todo despu\u00e9s del paso de los gobiernos de MORENA en sus municipios.. Y eso no admite discusi\u00f3n.. Aqu\u00ed en la entidad veracruzana, la pol\u00edtica no s\u00f3lo se mide en discursos o boletines, tambi\u00e9n en encuestas, gestos y, sobre todo, en las FOTOGRAF\u00cdAS del PODER.. Y, cuando esas \u00abse\u00f1ales\u00bb aparecen tan temprano en un gobierno estatal hac\u00eda los alcaldes del mismo partido en el poder, es decir, de la gobernadora Roc\u00edo Nahle con alg\u00fan presidente municipal.. Inevitablemente despiertan lecturas.<\/p>\n\n\n\n<p>Ya que apenas han pasado dos meses del arranque de los nuevos gobiernos municipales, se\u00f1ala \u00abGarganta Profunda\u00bb, y algunas casas encuestadoras, ya colocan a dos alcaldes veracruzanos entre los mejores evaluados del pa\u00eds: Rosa Mar\u00eda Hern\u00e1ndez Espejo, del puerto de Veracruz y Pedro Miguel Rosaldo Garc\u00eda, de la ciudad de Coatzacoalcos.. Algo que no se ve ya menor.. Gobernar bien desde el inicio de una administraci\u00f3n y m\u00e1s si esta es municipal, suele ser la diferencia entre pasar desapercibido o empezar a construir un futuro pol\u00edtico..<\/p>\n\n\n\n<p>En el caso del puerto de Veracruz.. Estas mediciones, no s\u00f3lo hablan de aprobaci\u00f3n al gobierno municipal de Hern\u00e1ndez Espejo.. Sino tambi\u00e9n muestran algo que empieza a llamar la atenci\u00f3n en los c\u00edrculos pol\u00edticos del poder: Rosa Mar\u00eda concentra alrededor del 80 por ciento de las preferencias electorales en el municipio.. Una cifra que, si se mantiene as\u00ed, la coloca no s\u00f3lo como una alcaldesa con m\u00e1s respaldo social en una ciudad de todo el Estado.. Sino la coloca como una figura con capacidad de arrastre pol\u00edtico-electoral.. Y eso es muy dif\u00edcil de conseguir.. Y en Veracruz, eso siempre tiene implicaciones..<\/p>\n\n\n\n<p>Tan s\u00f3lo hay que recordar lo que pas\u00f3 durante el evento conmemorativo del D\u00eda Internacional de la Mujer encabezado por Roc\u00edo Nahle.. Donde se present\u00f3 una imagen, que muchos observaron con atenci\u00f3n.. A la derecha de la mandataria estatal se encontraba Rosa Mar\u00eda Hern\u00e1ndez Espejo y a su lado, la titular de la Fiscal\u00eda General del Estado. Lisbeth Aurelia Jim\u00e9nez Aguirre.. Y en la pol\u00edtica veracruzana, como en casi todos los lugares del pa\u00eds donde gobierna MORENA.. Los lugares en el pres\u00eddium no son casualidad.. Son SE\u00d1ALES.. Y Rosa Mar\u00eda y Lisbeth Aurelia son muy cercanas a Roc\u00edo..<\/p>\n\n\n\n<p>Comenta \u00abGarganta Profunda\u00bb, que a lo mejor por protocolo, esos espacios podr\u00edan haber sido ocupados, quiz\u00e1s, por la presidenta del Congreso del Estado.. A lo mejor por la titular del Poder Judicial de Veracruz o incluso por la alcaldesa de Xalapa, Daniela Griego, que es la capital del estado.. Pero la decisi\u00f3n fue otra: Rosa Mar\u00eda Hern\u00e1ndez Espejo estuvo ah\u00ed, en un lugar visible, en un evento, que obviamente estuvo cargado de simbolismo pol\u00edtico y de g\u00e9nero. Y en Veracruz las SE\u00d1ALES pesan..<\/p>\n\n\n\n<p>Pero bien lo argumenta \u00abGarganta Profunda\u00bb.. Hay que tener mucho OJO porque el 2027.. Ya empieza a asomarse en el horizonte electoral local de Veracruz.. Ser\u00e1n las primeras elecciones intermedias, no s\u00f3lo para Roc\u00edo Nahle como gobernadora, sino que tambi\u00e9n ser\u00e1n la primera \u00abPRUEBA DE FUEGO\u00bb para los alcaldes que hoy gobiernan.. Ah\u00ed se medir\u00e1 qui\u00e9n logr\u00f3 convertir su gesti\u00f3n en capital pol\u00edtico y qui\u00e9n se qued\u00f3 en la administraci\u00f3n cotidiana, es decir, en la pura \u00abmilonga\u00bb.. Obvio que esta situaci\u00f3n tambi\u00e9n dar\u00e1 de qu\u00e9 hablar porque se empezar\u00e1 a decir que se perfilar\u00e1 en algo m\u00e1s grande: La sucesi\u00f3n de 2030..<\/p>\n\n\n\n<p>Aqu\u00ed s\u00f3lo falta saber, que ve la gobernadora, que ser\u00eda una de las \u00abGran Electora\u00bb del Estado, para el tema de la sucesi\u00f3n del 2030 por MORENA.. Obvio con el consenso de la Presidenta Claudia Shienbaum y de quien ser\u00eda el candidato Presidencial de ese partido en 2030.. S\u00f3lo hay que recordar que el \u00fanico gobernador que ha podido IMPONER su sucesor en toda la historia pol\u00edtica de Veracruz, ha sido Fidel Herrera Beltr\u00e1n en 2010, que dej\u00f3 a Javier Duarte en el poder.. Despu\u00e9s de \u00e9l, ninguno m\u00e1s lo ha logrado..<\/p>\n\n\n\n<p>Pero si vemos los escenarios, que se est\u00e1n manejando dentro de la 4T en el pa\u00eds y en Palacio Nacional de CDMX.. \u00abGarganta Profunda\u00bb menciona que se puede se\u00f1alar, que si la gobernadora da su voto para que en Veracruz contin\u00fae con una mujer al frente del Ejecutivo estatal, una narrativa que encaja con los tiempos pol\u00edticos del pa\u00eds, entonces, inevitablemente empezar\u00e1n a aparecer nombres en la conversaci\u00f3n.. Y hoy, por posicionamiento, presencia territorial y respaldo ciudadano del municipio pol\u00edticamente m\u00e1s complejo del estado, Rosa Mar\u00eda Hern\u00e1ndez Espejo, podr\u00eda empezar a \u00abasomarse\u00bb.. Junto con otras m\u00e1s..<\/p>\n\n\n\n<p>Si el tema va hac\u00eda un var\u00f3n por el asunto del g\u00e9nero.. Obvio que Pedro Miguel Rosaldo o Ricardo Ahued, podr\u00edan ser los personajes que tomar\u00eda en cuenta el \u00ablocalismo\u00bb de MORENA.. Habr\u00e1 que ver que dicen en Palacio Nacional.. Falta tiempo, claro.. En pol\u00edtica, tres a\u00f1os pueden cambiarlo todo.. Ya se ver\u00e1 el rumbo que toma el estado despu\u00e9s de la elecci\u00f3n del 2027 y como queda la 4T . Pero ahora en la entidad, todo empieza con \u00abse\u00f1ales\u00bb.. Y en Veracruz, las se\u00f1ales CASI NUNCA son casualidad.. S\u00f3lo hay que recordar como Carlos Salinas \u00abdestap\u00f3\u00bb a Patricio Chirinos como candidato a gobernador.. Ernesto Zedillo a Miguel Alem\u00e1n y Andr\u00e9s Manuel L\u00f3pez Obrador a Roc\u00edo Nahle.. En pol\u00edtica, las se\u00f1ales y las casualidades no existen.. AMEN..<\/p>\n\n\n\n<p><\/p>\n","protected":false},"excerpt":{"rendered":"<p>Ricardo ChuaSale y Vale Dice \u00abGarganta Profunda\u00bb.. Que en el estado de Veracruz todo es \u00abgrilla\u00bb.. Sobre todo despu\u00e9s del paso de los gobiernos de MORENA en sus municipios.. Y eso no admite discusi\u00f3n.. Aqu\u00ed en la entidad veracruzana, la pol\u00edtica no s\u00f3lo se mide en discursos o boletines, tambi\u00e9n en encuestas, gestos y, sobre [&hellip;]<\/p>\n","protected":false},"author":2,"featured_media":162484,"comment_status":"closed","ping_status":"closed","sticky":false,"template":"","format":"standard","meta":{"tdm_status":"","tdm_grid_status":"","footnotes":""},"categories":[70],"tags":[36463,1026,3578,11900,195],"class_list":{"0":"post-166036","1":"post","2":"type-post","3":"status-publish","4":"format-standard","5":"has-post-thumbnail","7":"category-de-opinion","8":"tag-lisbeth-aurelia-jimenez-aguirre","9":"tag-morena","10":"tag-rocio-nahle","11":"tag-rosa-maria-hernandez-espejo","12":"tag-veracruz"},"yoast_head":"<!-- This site is optimized with the Yoast SEO plugin v27.4 - https:\/\/yoast.com\/product\/yoast-seo-wordpress\/ -->\n<title>LAS SE\u00d1ALES DE NAHLE\u2026 ROSA MAR\u00cdA Y LISBETH AURELIA - Los pol\u00edticos Veracruz<\/title>\n<meta name=\"robots\" content=\"index, follow, max-snippet:-1, max-image-preview:large, max-video-preview:-1\" \/>\n<link rel=\"canonical\" href=\"https:\/\/lospoliticosveracruz.com\/?p=166036\" \/>\n<meta property=\"og:locale\" content=\"es_ES\" \/>\n<meta property=\"og:type\" content=\"article\" \/>\n<meta property=\"og:title\" content=\"LAS SE\u00d1ALES DE NAHLE\u2026 ROSA MAR\u00cdA Y LISBETH AURELIA - Los pol\u00edticos Veracruz\" \/>\n<meta property=\"og:description\" content=\"Ricardo ChuaSale y Vale Dice \u00abGarganta Profunda\u00bb.. Que en el estado de Veracruz todo es \u00abgrilla\u00bb.. Sobre todo despu\u00e9s del paso de los gobiernos de MORENA en sus municipios.. Y eso no admite discusi\u00f3n.. Aqu\u00ed en la entidad veracruzana, la pol\u00edtica no s\u00f3lo se mide en discursos o boletines, tambi\u00e9n en encuestas, gestos y, sobre [&hellip;]\" \/>\n<meta property=\"og:url\" content=\"https:\/\/lospoliticosveracruz.com\/?p=166036\" \/>\n<meta property=\"og:site_name\" content=\"Los pol\u00edticos Veracruz\" \/>\n<meta property=\"article:publisher\" content=\"https:\/\/www.facebook.com\/people\/Notimemes-de-los-Polticos\/61565672886568\/\" \/>\n<meta property=\"article:published_time\" content=\"2026-03-13T13:19:31+00:00\" \/>\n<meta property=\"article:modified_time\" content=\"2026-03-13T13:19:33+00:00\" \/>\n<meta property=\"og:image\" content=\"https:\/\/lospoliticosveracruz.com\/wp-content\/uploads\/2026\/02\/Chua.jpg\" \/>\n\t<meta property=\"og:image:width\" content=\"1250\" \/>\n\t<meta property=\"og:image:height\" content=\"667\" \/>\n\t<meta property=\"og:image:type\" content=\"image\/jpeg\" \/>\n<meta name=\"author\" content=\"Lo viste en Los Pol\u00edticos\" \/>\n<meta name=\"twitter:card\" content=\"summary_large_image\" \/>\n<meta name=\"twitter:creator\" content=\"@LosPoliticosVer\" \/>\n<meta name=\"twitter:site\" content=\"@LosPoliticosVer\" \/>\n<meta name=\"twitter:label1\" content=\"Escrito por\" \/>\n\t<meta name=\"twitter:data1\" content=\"Lo viste en Los Pol\u00edticos\" \/>\n\t<meta name=\"twitter:label2\" content=\"Tiempo de lectura\" \/>\n\t<meta name=\"twitter:data2\" content=\"5 minutos\" \/>\n<script type=\"application\/ld+json\" class=\"yoast-schema-graph\">{\"@context\":\"https:\\\/\\\/schema.org\",\"@graph\":[{\"@type\":\"Article\",\"@id\":\"https:\\\/\\\/lospoliticosveracruz.com\\\/?p=166036#article\",\"isPartOf\":{\"@id\":\"https:\\\/\\\/lospoliticosveracruz.com\\\/?p=166036\"},\"author\":{\"name\":\"Lo viste en Los Pol\u00edticos\",\"@id\":\"https:\\\/\\\/lospoliticosveracruz.com\\\/#\\\/schema\\\/person\\\/b8702bb0e538456e6efd07080bf2a4a2\"},\"headline\":\"LAS SE\u00d1ALES DE NAHLE\u2026 ROSA MAR\u00cdA Y LISBETH AURELIA\",\"datePublished\":\"2026-03-13T13:19:31+00:00\",\"dateModified\":\"2026-03-13T13:19:33+00:00\",\"mainEntityOfPage\":{\"@id\":\"https:\\\/\\\/lospoliticosveracruz.com\\\/?p=166036\"},\"wordCount\":991,\"publisher\":{\"@id\":\"https:\\\/\\\/lospoliticosveracruz.com\\\/#organization\"},\"image\":{\"@id\":\"https:\\\/\\\/lospoliticosveracruz.com\\\/?p=166036#primaryimage\"},\"thumbnailUrl\":\"https:\\\/\\\/lospoliticosveracruz.com\\\/wp-content\\\/uploads\\\/2026\\\/02\\\/Chua-e1775852093240.jpg\",\"keywords\":[\"Lisbeth Aurelia Jim\u00e9nez Aguirre\",\"Morena\",\"Roc\u00edo Nahle\",\"Rosa Mar\u00eda Hern\u00e1ndez Espejo\",\"Veracruz\"],\"articleSection\":[\"De Opini\u00f3n\"],\"inLanguage\":\"es\"},{\"@type\":\"WebPage\",\"@id\":\"https:\\\/\\\/lospoliticosveracruz.com\\\/?p=166036\",\"url\":\"https:\\\/\\\/lospoliticosveracruz.com\\\/?p=166036\",\"name\":\"LAS SE\u00d1ALES DE NAHLE\u2026 ROSA MAR\u00cdA Y LISBETH AURELIA - Los pol\u00edticos Veracruz\",\"isPartOf\":{\"@id\":\"https:\\\/\\\/lospoliticosveracruz.com\\\/#website\"},\"primaryImageOfPage\":{\"@id\":\"https:\\\/\\\/lospoliticosveracruz.com\\\/?p=166036#primaryimage\"},\"image\":{\"@id\":\"https:\\\/\\\/lospoliticosveracruz.com\\\/?p=166036#primaryimage\"},\"thumbnailUrl\":\"https:\\\/\\\/lospoliticosveracruz.com\\\/wp-content\\\/uploads\\\/2026\\\/02\\\/Chua-e1775852093240.jpg\",\"datePublished\":\"2026-03-13T13:19:31+00:00\",\"dateModified\":\"2026-03-13T13:19:33+00:00\",\"breadcrumb\":{\"@id\":\"https:\\\/\\\/lospoliticosveracruz.com\\\/?p=166036#breadcrumb\"},\"inLanguage\":\"es\",\"potentialAction\":[{\"@type\":\"ReadAction\",\"target\":[\"https:\\\/\\\/lospoliticosveracruz.com\\\/?p=166036\"]}]},{\"@type\":\"ImageObject\",\"inLanguage\":\"es\",\"@id\":\"https:\\\/\\\/lospoliticosveracruz.com\\\/?p=166036#primaryimage\",\"url\":\"https:\\\/\\\/lospoliticosveracruz.com\\\/wp-content\\\/uploads\\\/2026\\\/02\\\/Chua-e1775852093240.jpg\",\"contentUrl\":\"https:\\\/\\\/lospoliticosveracruz.com\\\/wp-content\\\/uploads\\\/2026\\\/02\\\/Chua-e1775852093240.jpg\",\"width\":600,\"height\":320},{\"@type\":\"BreadcrumbList\",\"@id\":\"https:\\\/\\\/lospoliticosveracruz.com\\\/?p=166036#breadcrumb\",\"itemListElement\":[{\"@type\":\"ListItem\",\"position\":1,\"name\":\"Portada\",\"item\":\"https:\\\/\\\/lospoliticosveracruz.com\\\/\"},{\"@type\":\"ListItem\",\"position\":2,\"name\":\"LAS SE\u00d1ALES DE NAHLE\u2026 ROSA MAR\u00cdA Y LISBETH AURELIA\"}]},{\"@type\":\"WebSite\",\"@id\":\"https:\\\/\\\/lospoliticosveracruz.com\\\/#website\",\"url\":\"https:\\\/\\\/lospoliticosveracruz.com\\\/\",\"name\":\"Los pol\u00edticos Veracruz\",\"description\":\"\",\"publisher\":{\"@id\":\"https:\\\/\\\/lospoliticosveracruz.com\\\/#organization\"},\"potentialAction\":[{\"@type\":\"SearchAction\",\"target\":{\"@type\":\"EntryPoint\",\"urlTemplate\":\"https:\\\/\\\/lospoliticosveracruz.com\\\/?s={search_term_string}\"},\"query-input\":{\"@type\":\"PropertyValueSpecification\",\"valueRequired\":true,\"valueName\":\"search_term_string\"}}],\"inLanguage\":\"es\"},{\"@type\":\"Organization\",\"@id\":\"https:\\\/\\\/lospoliticosveracruz.com\\\/#organization\",\"name\":\"Los pol\u00edticos Veracruz\",\"url\":\"https:\\\/\\\/lospoliticosveracruz.com\\\/\",\"logo\":{\"@type\":\"ImageObject\",\"inLanguage\":\"es\",\"@id\":\"https:\\\/\\\/lospoliticosveracruz.com\\\/#\\\/schema\\\/logo\\\/image\\\/\",\"url\":\"https:\\\/\\\/lospoliticosveracruz.com\\\/wp-content\\\/uploads\\\/2025\\\/12\\\/Logo-Nuevo-LOS-POLITICOS-1.jpg\",\"contentUrl\":\"https:\\\/\\\/lospoliticosveracruz.com\\\/wp-content\\\/uploads\\\/2025\\\/12\\\/Logo-Nuevo-LOS-POLITICOS-1.jpg\",\"width\":260,\"height\":70,\"caption\":\"Los pol\u00edticos Veracruz\"},\"image\":{\"@id\":\"https:\\\/\\\/lospoliticosveracruz.com\\\/#\\\/schema\\\/logo\\\/image\\\/\"},\"sameAs\":[\"https:\\\/\\\/www.facebook.com\\\/people\\\/Notimemes-de-los-Polticos\\\/61565672886568\\\/\",\"https:\\\/\\\/x.com\\\/LosPoliticosVer\"]},{\"@type\":\"Person\",\"@id\":\"https:\\\/\\\/lospoliticosveracruz.com\\\/#\\\/schema\\\/person\\\/b8702bb0e538456e6efd07080bf2a4a2\",\"name\":\"Lo viste en Los Pol\u00edticos\",\"image\":{\"@type\":\"ImageObject\",\"inLanguage\":\"es\",\"@id\":\"https:\\\/\\\/secure.gravatar.com\\\/avatar\\\/3a8de04a2656d44082be478bd6c086daa447c4651605818287b9532d3d0bd435?s=96&d=mm&r=g\",\"url\":\"https:\\\/\\\/secure.gravatar.com\\\/avatar\\\/3a8de04a2656d44082be478bd6c086daa447c4651605818287b9532d3d0bd435?s=96&d=mm&r=g\",\"contentUrl\":\"https:\\\/\\\/secure.gravatar.com\\\/avatar\\\/3a8de04a2656d44082be478bd6c086daa447c4651605818287b9532d3d0bd435?s=96&d=mm&r=g\",\"caption\":\"Lo viste en Los Pol\u00edticos\"},\"url\":\"https:\\\/\\\/lospoliticosveracruz.com\\\/?author=2\"}]}<\/script>\n<!-- \/ Yoast SEO plugin. -->","yoast_head_json":{"title":"LAS SE\u00d1ALES DE NAHLE\u2026 ROSA MAR\u00cdA Y LISBETH AURELIA - Los pol\u00edticos Veracruz","robots":{"index":"index","follow":"follow","max-snippet":"max-snippet:-1","max-image-preview":"max-image-preview:large","max-video-preview":"max-video-preview:-1"},"canonical":"https:\/\/lospoliticosveracruz.com\/?p=166036","og_locale":"es_ES","og_type":"article","og_title":"LAS SE\u00d1ALES DE NAHLE\u2026 ROSA MAR\u00cdA Y LISBETH AURELIA - Los pol\u00edticos Veracruz","og_description":"Ricardo ChuaSale y Vale Dice \u00abGarganta Profunda\u00bb.. Que en el estado de Veracruz todo es \u00abgrilla\u00bb.. Sobre todo despu\u00e9s del paso de los gobiernos de MORENA en sus municipios.. Y eso no admite discusi\u00f3n.. Aqu\u00ed en la entidad veracruzana, la pol\u00edtica no s\u00f3lo se mide en discursos o boletines, tambi\u00e9n en encuestas, gestos y, sobre [&hellip;]","og_url":"https:\/\/lospoliticosveracruz.com\/?p=166036","og_site_name":"Los pol\u00edticos Veracruz","article_publisher":"https:\/\/www.facebook.com\/people\/Notimemes-de-los-Polticos\/61565672886568\/","article_published_time":"2026-03-13T13:19:31+00:00","article_modified_time":"2026-03-13T13:19:33+00:00","og_image":[{"width":1250,"height":667,"url":"https:\/\/lospoliticosveracruz.com\/wp-content\/uploads\/2026\/02\/Chua.jpg","type":"image\/jpeg"}],"author":"Lo viste en Los Pol\u00edticos","twitter_card":"summary_large_image","twitter_creator":"@LosPoliticosVer","twitter_site":"@LosPoliticosVer","twitter_misc":{"Escrito por":"Lo viste en Los Pol\u00edticos","Tiempo de lectura":"5 minutos"},"schema":{"@context":"https:\/\/schema.org","@graph":[{"@type":"Article","@id":"https:\/\/lospoliticosveracruz.com\/?p=166036#article","isPartOf":{"@id":"https:\/\/lospoliticosveracruz.com\/?p=166036"},"author":{"name":"Lo viste en Los Pol\u00edticos","@id":"https:\/\/lospoliticosveracruz.com\/#\/schema\/person\/b8702bb0e538456e6efd07080bf2a4a2"},"headline":"LAS SE\u00d1ALES DE NAHLE\u2026 ROSA MAR\u00cdA Y LISBETH AURELIA","datePublished":"2026-03-13T13:19:31+00:00","dateModified":"2026-03-13T13:19:33+00:00","mainEntityOfPage":{"@id":"https:\/\/lospoliticosveracruz.com\/?p=166036"},"wordCount":991,"publisher":{"@id":"https:\/\/lospoliticosveracruz.com\/#organization"},"image":{"@id":"https:\/\/lospoliticosveracruz.com\/?p=166036#primaryimage"},"thumbnailUrl":"https:\/\/lospoliticosveracruz.com\/wp-content\/uploads\/2026\/02\/Chua-e1775852093240.jpg","keywords":["Lisbeth Aurelia Jim\u00e9nez Aguirre","Morena","Roc\u00edo Nahle","Rosa Mar\u00eda Hern\u00e1ndez Espejo","Veracruz"],"articleSection":["De Opini\u00f3n"],"inLanguage":"es"},{"@type":"WebPage","@id":"https:\/\/lospoliticosveracruz.com\/?p=166036","url":"https:\/\/lospoliticosveracruz.com\/?p=166036","name":"LAS SE\u00d1ALES DE NAHLE\u2026 ROSA MAR\u00cdA Y LISBETH AURELIA - Los pol\u00edticos Veracruz","isPartOf":{"@id":"https:\/\/lospoliticosveracruz.com\/#website"},"primaryImageOfPage":{"@id":"https:\/\/lospoliticosveracruz.com\/?p=166036#primaryimage"},"image":{"@id":"https:\/\/lospoliticosveracruz.com\/?p=166036#primaryimage"},"thumbnailUrl":"https:\/\/lospoliticosveracruz.com\/wp-content\/uploads\/2026\/02\/Chua-e1775852093240.jpg","datePublished":"2026-03-13T13:19:31+00:00","dateModified":"2026-03-13T13:19:33+00:00","breadcrumb":{"@id":"https:\/\/lospoliticosveracruz.com\/?p=166036#breadcrumb"},"inLanguage":"es","potentialAction":[{"@type":"ReadAction","target":["https:\/\/lospoliticosveracruz.com\/?p=166036"]}]},{"@type":"ImageObject","inLanguage":"es","@id":"https:\/\/lospoliticosveracruz.com\/?p=166036#primaryimage","url":"https:\/\/lospoliticosveracruz.com\/wp-content\/uploads\/2026\/02\/Chua-e1775852093240.jpg","contentUrl":"https:\/\/lospoliticosveracruz.com\/wp-content\/uploads\/2026\/02\/Chua-e1775852093240.jpg","width":600,"height":320},{"@type":"BreadcrumbList","@id":"https:\/\/lospoliticosveracruz.com\/?p=166036#breadcrumb","itemListElement":[{"@type":"ListItem","position":1,"name":"Portada","item":"https:\/\/lospoliticosveracruz.com\/"},{"@type":"ListItem","position":2,"name":"LAS SE\u00d1ALES DE NAHLE\u2026 ROSA MAR\u00cdA Y LISBETH AURELIA"}]},{"@type":"WebSite","@id":"https:\/\/lospoliticosveracruz.com\/#website","url":"https:\/\/lospoliticosveracruz.com\/","name":"Los pol\u00edticos Veracruz","description":"","publisher":{"@id":"https:\/\/lospoliticosveracruz.com\/#organization"},"potentialAction":[{"@type":"SearchAction","target":{"@type":"EntryPoint","urlTemplate":"https:\/\/lospoliticosveracruz.com\/?s={search_term_string}"},"query-input":{"@type":"PropertyValueSpecification","valueRequired":true,"valueName":"search_term_string"}}],"inLanguage":"es"},{"@type":"Organization","@id":"https:\/\/lospoliticosveracruz.com\/#organization","name":"Los pol\u00edticos Veracruz","url":"https:\/\/lospoliticosveracruz.com\/","logo":{"@type":"ImageObject","inLanguage":"es","@id":"https:\/\/lospoliticosveracruz.com\/#\/schema\/logo\/image\/","url":"https:\/\/lospoliticosveracruz.com\/wp-content\/uploads\/2025\/12\/Logo-Nuevo-LOS-POLITICOS-1.jpg","contentUrl":"https:\/\/lospoliticosveracruz.com\/wp-content\/uploads\/2025\/12\/Logo-Nuevo-LOS-POLITICOS-1.jpg","width":260,"height":70,"caption":"Los pol\u00edticos Veracruz"},"image":{"@id":"https:\/\/lospoliticosveracruz.com\/#\/schema\/logo\/image\/"},"sameAs":["https:\/\/www.facebook.com\/people\/Notimemes-de-los-Polticos\/61565672886568\/","https:\/\/x.com\/LosPoliticosVer"]},{"@type":"Person","@id":"https:\/\/lospoliticosveracruz.com\/#\/schema\/person\/b8702bb0e538456e6efd07080bf2a4a2","name":"Lo viste en Los Pol\u00edticos","image":{"@type":"ImageObject","inLanguage":"es","@id":"https:\/\/secure.gravatar.com\/avatar\/3a8de04a2656d44082be478bd6c086daa447c4651605818287b9532d3d0bd435?s=96&d=mm&r=g","url":"https:\/\/secure.gravatar.com\/avatar\/3a8de04a2656d44082be478bd6c086daa447c4651605818287b9532d3d0bd435?s=96&d=mm&r=g","contentUrl":"https:\/\/secure.gravatar.com\/avatar\/3a8de04a2656d44082be478bd6c086daa447c4651605818287b9532d3d0bd435?s=96&d=mm&r=g","caption":"Lo viste en Los Pol\u00edticos"},"url":"https:\/\/lospoliticosveracruz.com\/?author=2"}]}},"_links":{"self":[{"href":"https:\/\/lospoliticosveracruz.com\/index.php?rest_route=\/wp\/v2\/posts\/166036","targetHints":{"allow":["GET"]}}],"collection":[{"href":"https:\/\/lospoliticosveracruz.com\/index.php?rest_route=\/wp\/v2\/posts"}],"about":[{"href":"https:\/\/lospoliticosveracruz.com\/index.php?rest_route=\/wp\/v2\/types\/post"}],"author":[{"embeddable":true,"href":"https:\/\/lospoliticosveracruz.com\/index.php?rest_route=\/wp\/v2\/users\/2"}],"replies":[{"embeddable":true,"href":"https:\/\/lospoliticosveracruz.com\/index.php?rest_route=%2Fwp%2Fv2%2Fcomments&post=166036"}],"version-history":[{"count":1,"href":"https:\/\/lospoliticosveracruz.com\/index.php?rest_route=\/wp\/v2\/posts\/166036\/revisions"}],"predecessor-version":[{"id":166037,"href":"https:\/\/lospoliticosveracruz.com\/index.php?rest_route=\/wp\/v2\/posts\/166036\/revisions\/166037"}],"wp:featuredmedia":[{"embeddable":true,"href":"https:\/\/lospoliticosveracruz.com\/index.php?rest_route=\/wp\/v2\/media\/162484"}],"wp:attachment":[{"href":"https:\/\/lospoliticosveracruz.com\/index.php?rest_route=%2Fwp%2Fv2%2Fmedia&parent=166036"}],"wp:term":[{"taxonomy":"category","embeddable":true,"href":"https:\/\/lospoliticosveracruz.com\/index.php?rest_route=%2Fwp%2Fv2%2Fcategories&post=166036"},{"taxonomy":"post_tag","embeddable":true,"href":"https:\/\/lospoliticosveracruz.com\/index.php?rest_route=%2Fwp%2Fv2%2Ftags&post=166036"}],"curies":[{"name":"wp","href":"https:\/\/api.w.org\/{rel}","templated":true}]}}