{"id":166038,"date":"2026-03-13T09:05:37","date_gmt":"2026-03-13T15:05:37","guid":{"rendered":"https:\/\/lospoliticosveracruz.com\/?p=166038"},"modified":"2026-03-13T09:05:38","modified_gmt":"2026-03-13T15:05:38","slug":"que-viene-de-un-barco","status":"publish","type":"post","link":"https:\/\/lospoliticosveracruz.com\/?p=166038","title":{"rendered":"QUE VIENE DE UN BARCO"},"content":{"rendered":"\n<p><strong>Oved Contreras<\/strong><br><em>Secas Mecas<\/em><\/p>\n\n\n\n<p>Como que se tardaron un poquito en identificar el origen del derrame de petr\u00f3leo que afect\u00f3 playas del sur de Veracruz\u2026hasta ayer fue que la gobernadora Roc\u00edo Nahle Garc\u00eda confirm\u00f3 que el incidente que ha afectado ecosistemas desde principios de marzo, se habr\u00eda originado en un barco de una petrolera privada que realizaba trabajos frente a las costas de Tabasco, y no en instalaciones de Petr\u00f3leos Mexicanos (Pemex).<\/p>\n\n\n\n<p>La t\u00eda Ch\u00edo refiere que sostuvo comunicaci\u00f3n con el director de la paraestatal quien le inform\u00f3 que tras varios d\u00edas de an\u00e1lisis t\u00e9cnicos se logr\u00f3 identificar el origen de la mancha de hidrocarburo que fue de un barco privado, no corresponde a Pemex, y que el derrame se habr\u00eda producido en altamar y las corrientes marinas trasladaron el hidrocarburo hacia costas veracruzanas, donde comenzaron a detectarse los primeros residuos.<\/p>\n\n\n\n<p>De acuerdo con un pronunciamiento de la&nbsp;Red Corredor Arrecifal del Golfo de M\u00e9xico, firmado por m\u00faltiples organizaciones, los impactos del hidrocarburo se han extendido a lo largo de 230 kil\u00f3metros de litoral en&nbsp;Veracruz y Tabasco, con un total de&nbsp;39 localidades afectadas, de las cuales 30 est\u00e1n en Veracruz y nueve en Tabasco.<\/p>\n\n\n\n<p>En territorio veracruzano, las comunidades reportan&nbsp;presencia de chapopote en todas las playas de los municipios de Tatahuicapan, Mecayapan y Pajapan, adem\u00e1s de afectaciones en la laguna del Osti\u00f3n, en Pajapan, donde dependen de sus recursos al menos nueve comunidades.<\/p>\n\n\n\n<p>La t\u00eda Ch\u00edo sostiene que barcos especializados realizaron recorridos de inspecci\u00f3n de m\u00e1s de 500 kil\u00f3metros, apoyados con tecnolog\u00eda de imagenolog\u00eda y monitoreo satelital para ubicar el origen del derrame. Las primeras afectaciones se reportaron en el municipio de Pajapan, en la regi\u00f3n sur del estado, donde pobladores comenzaron labores de limpieza con apoyo de la Secretar\u00eda de Marina, Pemex y autoridades estatales.<\/p>\n\n\n\n<p>Se tardaron un poquito en reaccionar las corporaciones federales porque mientras identificaban el origen del derrame, el hidrocarburo avanzaba hacia el norte afectando playas a unos d\u00edas del periodo vacacional de Semana Santa.<\/p>\n\n\n\n<p>La gobernadora inform\u00f3 que los residuos de hidrocarburo ya se detectaron tambi\u00e9n en zonas costeras de Alvarado y podr\u00edan llegar a otras \u00e1reas del litoral, por lo que se mantienen acciones preventivas y de saneamiento. En cuanto a posibles sanciones, explic\u00f3 que corresponder\u00e1 a instancias federales como la Agencia de Seguridad, Energ\u00eda y Ambiente (ASEA) y la Procuradur\u00eda Federal de Protecci\u00f3n al Ambiente determinar responsabilidades contra la empresa involucrada.<\/p>\n\n\n\n<p>SE ACTIVAN MARYJOSE Y ROSA MAR\u00cdA\u2026Ante la llegada de petr\u00f3leo a playas del estado de Veracruz, incluido el municipio de Boca del R\u00edo, proveniente del sur del pa\u00eds, la alcaldesa Maryjose Gamboa Torales dispuso una Fuerza de Tarea Municipal para realizar labores de limpieza en la zona costera. Las manchas fueron detectadas en Playa Tortuga y Playa La Bamba, por lo que de inmediato se implementaron acciones de atenci\u00f3n y monitoreo.<\/p>\n\n\n\n<p>Por ello, la edil orden\u00f3 se mantenga vigilancia permanente para conservar en condiciones aptas los 12 kil\u00f3metros de costa con los que cuenta el municipio, los cuales son visitados tanto por habitantes locales como por turistas. Cabe destacar que el mantenimiento y la limpieza de las playas boque\u00f1as se realizan todos los d\u00edas a trav\u00e9s de la Direcci\u00f3n de Limpia P\u00fablica del Ayuntamiento.<\/p>\n\n\n\n<p>Mientras que en el puerto de Veracruz se reporta que a poco m\u00e1s de dos semanas de las vacaciones de Semana Santa 2026, las playas est\u00e1n limpias, seguras y listas para recibir a locales y turistas, con vigilancia y limpieza intensiva, incluyendo recorridos terrestres y a\u00e9reos, sin detecci\u00f3n de contaminantes en el litoral.<\/p>\n\n\n\n<p>La alcaldesa de Veracruz, Rosa Mar\u00eda Hern\u00e1ndez Espejo, orden\u00f3 mantener un operativo integral para garantizar que las playas permanezcan en condiciones \u00f3ptimas durante la temporada de asueto y fines de semana largos, fortaleciendo el mantenimiento y la atenci\u00f3n a la poblaci\u00f3n y visitantes. Brigadas diarias recorren los principales puntos de la ciudad, incluyendo cabeza y bajante, as\u00ed como Villa del Mar, Play\u00f3n de Hornos y Regatas, realizando limpieza de arena, recolecci\u00f3n de residuos y monitoreo de infraestructura, mientras coordinan con prestadores de servicios tur\u00edsticos y fomentan la participaci\u00f3n ciudadana en el cuidado del litoral.<\/p>\n\n\n\n<p>FICHAS VERDES\u2026En el Partido Verde tambi\u00e9n se cuecen habas. Resulta aparte de los padres desobligados que no dan las pensiones para los chilpayates, tambi\u00e9n hay acosadores profesionales que aparecieron en el tendedero del 8 de marzo en Xalapa.<\/p>\n\n\n\n<p>Siendo Veracruz uno de los estados con mayor incidencias de feminicidios, es inaceptable sea dentro de partidos pol\u00edticos donde se encuentren los acosadores con denuncias por acoso a menores de edad. Este es el caso del representante del PVEM ante el Ople, Carlos Monta\u00f1o, quien resulta ser una fichita se\u00f1alado el 8M por algunas de sus v\u00edctimas que por obvias razones piden el anonimato.<\/p>\n\n\n\n<p>En el marco del 8M, Carlos Monta\u00f1o fue denunciado por acoso sexual a compa\u00f1eras de la UV y menores de edad. Al parecer, el Partido Verde en Veracruz se hace de la vista gorda en denuncias contra violentadores sexuales incrustados en su organigrama en puestos estrat\u00e9gicos. EL representante del Partido Verde ante el OPLE es de todas las confianzas de la familia que manda en las filas verdes.<\/p>\n","protected":false},"excerpt":{"rendered":"<p>Oved ContrerasSecas Mecas Como que se tardaron un poquito en identificar el origen del derrame de petr\u00f3leo que afect\u00f3 playas del sur de Veracruz\u2026hasta ayer fue que la gobernadora Roc\u00edo Nahle Garc\u00eda confirm\u00f3 que el incidente que ha afectado ecosistemas desde principios de marzo, se habr\u00eda originado en un barco de una petrolera privada que [&hellip;]<\/p>\n","protected":false},"author":2,"featured_media":141426,"comment_status":"closed","ping_status":"closed","sticky":false,"template":"","format":"standard","meta":{"tdm_status":"","tdm_grid_status":"","footnotes":""},"categories":[70],"tags":[56522,7101,372,3578,195],"class_list":{"0":"post-166038","1":"post","2":"type-post","3":"status-publish","4":"format-standard","5":"has-post-thumbnail","7":"category-de-opinion","8":"tag-derrame-de-hidrocarburo","9":"tag-pajapan","10":"tag-pemex","11":"tag-rocio-nahle","12":"tag-veracruz"},"yoast_head":"<!-- This site is optimized with the Yoast SEO plugin v27.4 - https:\/\/yoast.com\/product\/yoast-seo-wordpress\/ -->\n<title>QUE VIENE DE UN BARCO - Los pol\u00edticos Veracruz<\/title>\n<meta name=\"robots\" content=\"index, follow, max-snippet:-1, max-image-preview:large, max-video-preview:-1\" \/>\n<link rel=\"canonical\" href=\"https:\/\/lospoliticosveracruz.com\/?p=166038\" \/>\n<meta property=\"og:locale\" content=\"es_ES\" \/>\n<meta property=\"og:type\" content=\"article\" \/>\n<meta property=\"og:title\" content=\"QUE VIENE DE UN BARCO - Los pol\u00edticos Veracruz\" \/>\n<meta property=\"og:description\" content=\"Oved ContrerasSecas Mecas Como que se tardaron un poquito en identificar el origen del derrame de petr\u00f3leo que afect\u00f3 playas del sur de Veracruz\u2026hasta ayer fue que la gobernadora Roc\u00edo Nahle Garc\u00eda confirm\u00f3 que el incidente que ha afectado ecosistemas desde principios de marzo, se habr\u00eda originado en un barco de una petrolera privada que [&hellip;]\" \/>\n<meta property=\"og:url\" content=\"https:\/\/lospoliticosveracruz.com\/?p=166038\" \/>\n<meta property=\"og:site_name\" content=\"Los pol\u00edticos Veracruz\" \/>\n<meta property=\"article:publisher\" content=\"https:\/\/www.facebook.com\/people\/Notimemes-de-los-Polticos\/61565672886568\/\" \/>\n<meta property=\"article:published_time\" content=\"2026-03-13T15:05:37+00:00\" \/>\n<meta property=\"article:modified_time\" content=\"2026-03-13T15:05:38+00:00\" \/>\n<meta property=\"og:image\" content=\"https:\/\/lospoliticosveracruz.com\/wp-content\/uploads\/2025\/04\/Oved-Contreras-e1768066319253.jpg\" \/>\n\t<meta property=\"og:image:width\" content=\"600\" \/>\n\t<meta property=\"og:image:height\" content=\"320\" \/>\n\t<meta property=\"og:image:type\" content=\"image\/jpeg\" \/>\n<meta name=\"author\" content=\"Lo viste en Los Pol\u00edticos\" \/>\n<meta name=\"twitter:card\" content=\"summary_large_image\" \/>\n<meta name=\"twitter:creator\" content=\"@LosPoliticosVer\" \/>\n<meta name=\"twitter:site\" content=\"@LosPoliticosVer\" \/>\n<meta name=\"twitter:label1\" content=\"Escrito por\" \/>\n\t<meta name=\"twitter:data1\" content=\"Lo viste en Los Pol\u00edticos\" \/>\n\t<meta name=\"twitter:label2\" content=\"Tiempo de lectura\" \/>\n\t<meta name=\"twitter:data2\" content=\"5 minutos\" \/>\n<script type=\"application\/ld+json\" class=\"yoast-schema-graph\">{\"@context\":\"https:\\\/\\\/schema.org\",\"@graph\":[{\"@type\":\"Article\",\"@id\":\"https:\\\/\\\/lospoliticosveracruz.com\\\/?p=166038#article\",\"isPartOf\":{\"@id\":\"https:\\\/\\\/lospoliticosveracruz.com\\\/?p=166038\"},\"author\":{\"name\":\"Lo viste en Los Pol\u00edticos\",\"@id\":\"https:\\\/\\\/lospoliticosveracruz.com\\\/#\\\/schema\\\/person\\\/b8702bb0e538456e6efd07080bf2a4a2\"},\"headline\":\"QUE VIENE DE UN BARCO\",\"datePublished\":\"2026-03-13T15:05:37+00:00\",\"dateModified\":\"2026-03-13T15:05:38+00:00\",\"mainEntityOfPage\":{\"@id\":\"https:\\\/\\\/lospoliticosveracruz.com\\\/?p=166038\"},\"wordCount\":922,\"publisher\":{\"@id\":\"https:\\\/\\\/lospoliticosveracruz.com\\\/#organization\"},\"image\":{\"@id\":\"https:\\\/\\\/lospoliticosveracruz.com\\\/?p=166038#primaryimage\"},\"thumbnailUrl\":\"https:\\\/\\\/lospoliticosveracruz.com\\\/wp-content\\\/uploads\\\/2025\\\/04\\\/Oved-Contreras-e1768066319253.jpg\",\"keywords\":[\"derrame de hidrocarburo\",\"Pajapan\",\"Pemex\",\"Roc\u00edo Nahle\",\"Veracruz\"],\"articleSection\":[\"De Opini\u00f3n\"],\"inLanguage\":\"es\"},{\"@type\":\"WebPage\",\"@id\":\"https:\\\/\\\/lospoliticosveracruz.com\\\/?p=166038\",\"url\":\"https:\\\/\\\/lospoliticosveracruz.com\\\/?p=166038\",\"name\":\"QUE VIENE DE UN BARCO - Los pol\u00edticos Veracruz\",\"isPartOf\":{\"@id\":\"https:\\\/\\\/lospoliticosveracruz.com\\\/#website\"},\"primaryImageOfPage\":{\"@id\":\"https:\\\/\\\/lospoliticosveracruz.com\\\/?p=166038#primaryimage\"},\"image\":{\"@id\":\"https:\\\/\\\/lospoliticosveracruz.com\\\/?p=166038#primaryimage\"},\"thumbnailUrl\":\"https:\\\/\\\/lospoliticosveracruz.com\\\/wp-content\\\/uploads\\\/2025\\\/04\\\/Oved-Contreras-e1768066319253.jpg\",\"datePublished\":\"2026-03-13T15:05:37+00:00\",\"dateModified\":\"2026-03-13T15:05:38+00:00\",\"breadcrumb\":{\"@id\":\"https:\\\/\\\/lospoliticosveracruz.com\\\/?p=166038#breadcrumb\"},\"inLanguage\":\"es\",\"potentialAction\":[{\"@type\":\"ReadAction\",\"target\":[\"https:\\\/\\\/lospoliticosveracruz.com\\\/?p=166038\"]}]},{\"@type\":\"ImageObject\",\"inLanguage\":\"es\",\"@id\":\"https:\\\/\\\/lospoliticosveracruz.com\\\/?p=166038#primaryimage\",\"url\":\"https:\\\/\\\/lospoliticosveracruz.com\\\/wp-content\\\/uploads\\\/2025\\\/04\\\/Oved-Contreras-e1768066319253.jpg\",\"contentUrl\":\"https:\\\/\\\/lospoliticosveracruz.com\\\/wp-content\\\/uploads\\\/2025\\\/04\\\/Oved-Contreras-e1768066319253.jpg\",\"width\":600,\"height\":320},{\"@type\":\"BreadcrumbList\",\"@id\":\"https:\\\/\\\/lospoliticosveracruz.com\\\/?p=166038#breadcrumb\",\"itemListElement\":[{\"@type\":\"ListItem\",\"position\":1,\"name\":\"Portada\",\"item\":\"https:\\\/\\\/lospoliticosveracruz.com\\\/\"},{\"@type\":\"ListItem\",\"position\":2,\"name\":\"QUE VIENE DE UN BARCO\"}]},{\"@type\":\"WebSite\",\"@id\":\"https:\\\/\\\/lospoliticosveracruz.com\\\/#website\",\"url\":\"https:\\\/\\\/lospoliticosveracruz.com\\\/\",\"name\":\"Los pol\u00edticos Veracruz\",\"description\":\"\",\"publisher\":{\"@id\":\"https:\\\/\\\/lospoliticosveracruz.com\\\/#organization\"},\"potentialAction\":[{\"@type\":\"SearchAction\",\"target\":{\"@type\":\"EntryPoint\",\"urlTemplate\":\"https:\\\/\\\/lospoliticosveracruz.com\\\/?s={search_term_string}\"},\"query-input\":{\"@type\":\"PropertyValueSpecification\",\"valueRequired\":true,\"valueName\":\"search_term_string\"}}],\"inLanguage\":\"es\"},{\"@type\":\"Organization\",\"@id\":\"https:\\\/\\\/lospoliticosveracruz.com\\\/#organization\",\"name\":\"Los pol\u00edticos Veracruz\",\"url\":\"https:\\\/\\\/lospoliticosveracruz.com\\\/\",\"logo\":{\"@type\":\"ImageObject\",\"inLanguage\":\"es\",\"@id\":\"https:\\\/\\\/lospoliticosveracruz.com\\\/#\\\/schema\\\/logo\\\/image\\\/\",\"url\":\"https:\\\/\\\/lospoliticosveracruz.com\\\/wp-content\\\/uploads\\\/2025\\\/12\\\/Logo-Nuevo-LOS-POLITICOS-1.jpg\",\"contentUrl\":\"https:\\\/\\\/lospoliticosveracruz.com\\\/wp-content\\\/uploads\\\/2025\\\/12\\\/Logo-Nuevo-LOS-POLITICOS-1.jpg\",\"width\":260,\"height\":70,\"caption\":\"Los pol\u00edticos Veracruz\"},\"image\":{\"@id\":\"https:\\\/\\\/lospoliticosveracruz.com\\\/#\\\/schema\\\/logo\\\/image\\\/\"},\"sameAs\":[\"https:\\\/\\\/www.facebook.com\\\/people\\\/Notimemes-de-los-Polticos\\\/61565672886568\\\/\",\"https:\\\/\\\/x.com\\\/LosPoliticosVer\"]},{\"@type\":\"Person\",\"@id\":\"https:\\\/\\\/lospoliticosveracruz.com\\\/#\\\/schema\\\/person\\\/b8702bb0e538456e6efd07080bf2a4a2\",\"name\":\"Lo viste en Los Pol\u00edticos\",\"image\":{\"@type\":\"ImageObject\",\"inLanguage\":\"es\",\"@id\":\"https:\\\/\\\/secure.gravatar.com\\\/avatar\\\/3a8de04a2656d44082be478bd6c086daa447c4651605818287b9532d3d0bd435?s=96&d=mm&r=g\",\"url\":\"https:\\\/\\\/secure.gravatar.com\\\/avatar\\\/3a8de04a2656d44082be478bd6c086daa447c4651605818287b9532d3d0bd435?s=96&d=mm&r=g\",\"contentUrl\":\"https:\\\/\\\/secure.gravatar.com\\\/avatar\\\/3a8de04a2656d44082be478bd6c086daa447c4651605818287b9532d3d0bd435?s=96&d=mm&r=g\",\"caption\":\"Lo viste en Los Pol\u00edticos\"},\"url\":\"https:\\\/\\\/lospoliticosveracruz.com\\\/?author=2\"}]}<\/script>\n<!-- \/ Yoast SEO plugin. -->","yoast_head_json":{"title":"QUE VIENE DE UN BARCO - Los pol\u00edticos Veracruz","robots":{"index":"index","follow":"follow","max-snippet":"max-snippet:-1","max-image-preview":"max-image-preview:large","max-video-preview":"max-video-preview:-1"},"canonical":"https:\/\/lospoliticosveracruz.com\/?p=166038","og_locale":"es_ES","og_type":"article","og_title":"QUE VIENE DE UN BARCO - Los pol\u00edticos Veracruz","og_description":"Oved ContrerasSecas Mecas Como que se tardaron un poquito en identificar el origen del derrame de petr\u00f3leo que afect\u00f3 playas del sur de Veracruz\u2026hasta ayer fue que la gobernadora Roc\u00edo Nahle Garc\u00eda confirm\u00f3 que el incidente que ha afectado ecosistemas desde principios de marzo, se habr\u00eda originado en un barco de una petrolera privada que [&hellip;]","og_url":"https:\/\/lospoliticosveracruz.com\/?p=166038","og_site_name":"Los pol\u00edticos Veracruz","article_publisher":"https:\/\/www.facebook.com\/people\/Notimemes-de-los-Polticos\/61565672886568\/","article_published_time":"2026-03-13T15:05:37+00:00","article_modified_time":"2026-03-13T15:05:38+00:00","og_image":[{"width":600,"height":320,"url":"https:\/\/lospoliticosveracruz.com\/wp-content\/uploads\/2025\/04\/Oved-Contreras-e1768066319253.jpg","type":"image\/jpeg"}],"author":"Lo viste en Los Pol\u00edticos","twitter_card":"summary_large_image","twitter_creator":"@LosPoliticosVer","twitter_site":"@LosPoliticosVer","twitter_misc":{"Escrito por":"Lo viste en Los Pol\u00edticos","Tiempo de lectura":"5 minutos"},"schema":{"@context":"https:\/\/schema.org","@graph":[{"@type":"Article","@id":"https:\/\/lospoliticosveracruz.com\/?p=166038#article","isPartOf":{"@id":"https:\/\/lospoliticosveracruz.com\/?p=166038"},"author":{"name":"Lo viste en Los Pol\u00edticos","@id":"https:\/\/lospoliticosveracruz.com\/#\/schema\/person\/b8702bb0e538456e6efd07080bf2a4a2"},"headline":"QUE VIENE DE UN BARCO","datePublished":"2026-03-13T15:05:37+00:00","dateModified":"2026-03-13T15:05:38+00:00","mainEntityOfPage":{"@id":"https:\/\/lospoliticosveracruz.com\/?p=166038"},"wordCount":922,"publisher":{"@id":"https:\/\/lospoliticosveracruz.com\/#organization"},"image":{"@id":"https:\/\/lospoliticosveracruz.com\/?p=166038#primaryimage"},"thumbnailUrl":"https:\/\/lospoliticosveracruz.com\/wp-content\/uploads\/2025\/04\/Oved-Contreras-e1768066319253.jpg","keywords":["derrame de hidrocarburo","Pajapan","Pemex","Roc\u00edo Nahle","Veracruz"],"articleSection":["De Opini\u00f3n"],"inLanguage":"es"},{"@type":"WebPage","@id":"https:\/\/lospoliticosveracruz.com\/?p=166038","url":"https:\/\/lospoliticosveracruz.com\/?p=166038","name":"QUE VIENE DE UN BARCO - Los pol\u00edticos Veracruz","isPartOf":{"@id":"https:\/\/lospoliticosveracruz.com\/#website"},"primaryImageOfPage":{"@id":"https:\/\/lospoliticosveracruz.com\/?p=166038#primaryimage"},"image":{"@id":"https:\/\/lospoliticosveracruz.com\/?p=166038#primaryimage"},"thumbnailUrl":"https:\/\/lospoliticosveracruz.com\/wp-content\/uploads\/2025\/04\/Oved-Contreras-e1768066319253.jpg","datePublished":"2026-03-13T15:05:37+00:00","dateModified":"2026-03-13T15:05:38+00:00","breadcrumb":{"@id":"https:\/\/lospoliticosveracruz.com\/?p=166038#breadcrumb"},"inLanguage":"es","potentialAction":[{"@type":"ReadAction","target":["https:\/\/lospoliticosveracruz.com\/?p=166038"]}]},{"@type":"ImageObject","inLanguage":"es","@id":"https:\/\/lospoliticosveracruz.com\/?p=166038#primaryimage","url":"https:\/\/lospoliticosveracruz.com\/wp-content\/uploads\/2025\/04\/Oved-Contreras-e1768066319253.jpg","contentUrl":"https:\/\/lospoliticosveracruz.com\/wp-content\/uploads\/2025\/04\/Oved-Contreras-e1768066319253.jpg","width":600,"height":320},{"@type":"BreadcrumbList","@id":"https:\/\/lospoliticosveracruz.com\/?p=166038#breadcrumb","itemListElement":[{"@type":"ListItem","position":1,"name":"Portada","item":"https:\/\/lospoliticosveracruz.com\/"},{"@type":"ListItem","position":2,"name":"QUE VIENE DE UN BARCO"}]},{"@type":"WebSite","@id":"https:\/\/lospoliticosveracruz.com\/#website","url":"https:\/\/lospoliticosveracruz.com\/","name":"Los pol\u00edticos Veracruz","description":"","publisher":{"@id":"https:\/\/lospoliticosveracruz.com\/#organization"},"potentialAction":[{"@type":"SearchAction","target":{"@type":"EntryPoint","urlTemplate":"https:\/\/lospoliticosveracruz.com\/?s={search_term_string}"},"query-input":{"@type":"PropertyValueSpecification","valueRequired":true,"valueName":"search_term_string"}}],"inLanguage":"es"},{"@type":"Organization","@id":"https:\/\/lospoliticosveracruz.com\/#organization","name":"Los pol\u00edticos Veracruz","url":"https:\/\/lospoliticosveracruz.com\/","logo":{"@type":"ImageObject","inLanguage":"es","@id":"https:\/\/lospoliticosveracruz.com\/#\/schema\/logo\/image\/","url":"https:\/\/lospoliticosveracruz.com\/wp-content\/uploads\/2025\/12\/Logo-Nuevo-LOS-POLITICOS-1.jpg","contentUrl":"https:\/\/lospoliticosveracruz.com\/wp-content\/uploads\/2025\/12\/Logo-Nuevo-LOS-POLITICOS-1.jpg","width":260,"height":70,"caption":"Los pol\u00edticos Veracruz"},"image":{"@id":"https:\/\/lospoliticosveracruz.com\/#\/schema\/logo\/image\/"},"sameAs":["https:\/\/www.facebook.com\/people\/Notimemes-de-los-Polticos\/61565672886568\/","https:\/\/x.com\/LosPoliticosVer"]},{"@type":"Person","@id":"https:\/\/lospoliticosveracruz.com\/#\/schema\/person\/b8702bb0e538456e6efd07080bf2a4a2","name":"Lo viste en Los Pol\u00edticos","image":{"@type":"ImageObject","inLanguage":"es","@id":"https:\/\/secure.gravatar.com\/avatar\/3a8de04a2656d44082be478bd6c086daa447c4651605818287b9532d3d0bd435?s=96&d=mm&r=g","url":"https:\/\/secure.gravatar.com\/avatar\/3a8de04a2656d44082be478bd6c086daa447c4651605818287b9532d3d0bd435?s=96&d=mm&r=g","contentUrl":"https:\/\/secure.gravatar.com\/avatar\/3a8de04a2656d44082be478bd6c086daa447c4651605818287b9532d3d0bd435?s=96&d=mm&r=g","caption":"Lo viste en Los Pol\u00edticos"},"url":"https:\/\/lospoliticosveracruz.com\/?author=2"}]}},"_links":{"self":[{"href":"https:\/\/lospoliticosveracruz.com\/index.php?rest_route=\/wp\/v2\/posts\/166038","targetHints":{"allow":["GET"]}}],"collection":[{"href":"https:\/\/lospoliticosveracruz.com\/index.php?rest_route=\/wp\/v2\/posts"}],"about":[{"href":"https:\/\/lospoliticosveracruz.com\/index.php?rest_route=\/wp\/v2\/types\/post"}],"author":[{"embeddable":true,"href":"https:\/\/lospoliticosveracruz.com\/index.php?rest_route=\/wp\/v2\/users\/2"}],"replies":[{"embeddable":true,"href":"https:\/\/lospoliticosveracruz.com\/index.php?rest_route=%2Fwp%2Fv2%2Fcomments&post=166038"}],"version-history":[{"count":1,"href":"https:\/\/lospoliticosveracruz.com\/index.php?rest_route=\/wp\/v2\/posts\/166038\/revisions"}],"predecessor-version":[{"id":166047,"href":"https:\/\/lospoliticosveracruz.com\/index.php?rest_route=\/wp\/v2\/posts\/166038\/revisions\/166047"}],"wp:featuredmedia":[{"embeddable":true,"href":"https:\/\/lospoliticosveracruz.com\/index.php?rest_route=\/wp\/v2\/media\/141426"}],"wp:attachment":[{"href":"https:\/\/lospoliticosveracruz.com\/index.php?rest_route=%2Fwp%2Fv2%2Fmedia&parent=166038"}],"wp:term":[{"taxonomy":"category","embeddable":true,"href":"https:\/\/lospoliticosveracruz.com\/index.php?rest_route=%2Fwp%2Fv2%2Fcategories&post=166038"},{"taxonomy":"post_tag","embeddable":true,"href":"https:\/\/lospoliticosveracruz.com\/index.php?rest_route=%2Fwp%2Fv2%2Ftags&post=166038"}],"curies":[{"name":"wp","href":"https:\/\/api.w.org\/{rel}","templated":true}]}}