{"id":166040,"date":"2026-03-13T08:12:32","date_gmt":"2026-03-13T14:12:32","guid":{"rendered":"https:\/\/lospoliticosveracruz.com\/?p=166040"},"modified":"2026-03-13T08:12:34","modified_gmt":"2026-03-13T14:12:34","slug":"pajapan-y-el-desastre-ambiental","status":"publish","type":"post","link":"https:\/\/lospoliticosveracruz.com\/?p=166040","title":{"rendered":"PAJAPAN Y EL DESASTRE AMBIENTAL"},"content":{"rendered":"\n<p><strong>Yamiri Rodr\u00edguez Madrid<\/strong><\/p>\n\n\n\n<p><em>La vuelta a Veracruz en un teclazo<\/em><\/p>\n\n\n\n<p>El a\u00f1o pasado, tras las lluvias e inundaciones en el norte del estado, la ruptura de un ducto de PEMEX provoc\u00f3 una severa contaminaci\u00f3n en uno de los r\u00edos veracruzanos; en este 2026 un nuevo ecocidio se presenta en el estado con la aparici\u00f3n de crudo en las costas del sur veracruzano, en la desembocadura del R\u00edo Pajapan.<\/p>\n\n\n\n<p>M\u00e1s de 170 kil\u00f3metros de chapopote recorren desde hace d\u00edas las costas de Veracruz; incluso ya llegaron a aguas de Alvarado y Veracruz Puerto. La Direcci\u00f3n Municipal de Medio Ambiente y Ecolog\u00eda de Catemaco revel\u00f3 que el contaminante ha impactado diversos puntos de los 20.14 kil\u00f3metros de litoral, poniendo en riesgo inminente a las tortugas marinas que inician su temporada de desove en mayo. Como ejemplo cit\u00f3 que en el campamento tortuguero de Capulteolt se detect\u00f3 una franja de 200 metros de hidrocarburo no solidificado justo en el \u00e1rea de anidaci\u00f3n, pero tambi\u00e9n hay da\u00f1os severos en Playa Carrizal y la Barra de Sontecomapan.<\/p>\n\n\n\n<p>Como es natural, pescadores ya muestran su preocupaci\u00f3n por el grado de contaminaci\u00f3n, pues esto le pegar\u00e1 a su ya desgastado bolsillo. De entrada, sus redes est\u00e1n echadas a perder por el chapopote, mismo que est\u00e1 enterrado bajo la arena. A este hecho se suma la explosi\u00f3n de un pozo de Pemex en Las Choapas, un c\u00famulo de incendios provocados en el Pueblo M\u00e1gico de Xico, m\u00e1s otros incidentes que perjudican el entorno en Veracruz.<\/p>\n\n\n\n<p>A punto de cumplirse los primeros 100 d\u00edas de las nuevas autoridades municipales es urgente que la agenda ambiental sea una prioridad para trabajar de manera coordinada con el Estado y la Federaci\u00f3n, pues repercute de manera directa en la econom\u00eda de cada lugar y, por supuesto, en la calidad de viChoapasas personas.<\/p>\n\n\n\n<p>Algunos ayuntamientos, como el de Catemaco, Xico y el de Coatzacoalcos, han entrado ya de lleno con este tema.&nbsp;&nbsp;&nbsp;Eduardo Pozos P\u00e9rez, en el Pueblo M\u00e1gico, ha coordinado a su \u00e1rea de Protecci\u00f3n Civil y a la Polic\u00eda Municipal y, junto con la Brigada Guardianes de la Monta\u00f1a y habitantes, han echado mont\u00f3n para sofocar los cuatro incendios provocados que se han registrado ah\u00ed en los \u00faltimos d\u00edas, poniendo en riesgo a la poblaci\u00f3n, viviendas y el patrimonio. En Coatzacoalcos, Pedro Miguel Rosaldo ha emprendido acciones de saneamiento del \u00e1rea afectada por la presencia de hidrocarburo, tras sostener una reuni\u00f3n de coordinaci\u00f3n con Petr\u00f3leos Mexicanos, la Agencia de Seguridad, Energ\u00eda y Ambiente (ASEA) y comerciantes de la congregaci\u00f3n de Las Barrillas.<\/p>\n\n\n\n<p>Dicen que la uni\u00f3n hace la fuerza y ante los desastres ambientales, se requiere de soluciones de todos para remediarlos.<\/p>\n\n\n\n<p>@YamiriRodriguez<\/p>\n","protected":false},"excerpt":{"rendered":"<p>Yamiri Rodr\u00edguez Madrid La vuelta a Veracruz en un teclazo El a\u00f1o pasado, tras las lluvias e inundaciones en el norte del estado, la ruptura de un ducto de PEMEX provoc\u00f3 una severa contaminaci\u00f3n en uno de los r\u00edos veracruzanos; en este 2026 un nuevo ecocidio se presenta en el estado con la aparici\u00f3n de [&hellip;]<\/p>\n","protected":false},"author":2,"featured_media":141413,"comment_status":"closed","ping_status":"closed","sticky":false,"template":"","format":"standard","meta":{"tdm_status":"","tdm_grid_status":"","footnotes":""},"categories":[70],"tags":[57340,57342,57343,57344,57341],"class_list":{"0":"post-166040","1":"post","2":"type-post","3":"status-publish","4":"format-standard","5":"has-post-thumbnail","7":"category-de-opinion","8":"tag-contaminacion-playas-catemaco-sontecomapan","9":"tag-derrame-crudo-pajapan-veracruz-2026","10":"tag-explosion-pozo-pemex-las-choapas","11":"tag-impacto-tortugas-marinas-desove-capulteolt","12":"tag-pescadores-redes-danadas-chapopote"},"yoast_head":"<!-- This site is optimized with the Yoast SEO plugin v27.4 - https:\/\/yoast.com\/product\/yoast-seo-wordpress\/ -->\n<title>PAJAPAN Y EL DESASTRE AMBIENTAL - Los pol\u00edticos Veracruz<\/title>\n<meta name=\"robots\" content=\"index, follow, max-snippet:-1, max-image-preview:large, max-video-preview:-1\" \/>\n<link rel=\"canonical\" href=\"https:\/\/lospoliticosveracruz.com\/?p=166040\" \/>\n<meta property=\"og:locale\" content=\"es_ES\" \/>\n<meta property=\"og:type\" content=\"article\" \/>\n<meta property=\"og:title\" content=\"PAJAPAN Y EL DESASTRE AMBIENTAL - Los pol\u00edticos Veracruz\" \/>\n<meta property=\"og:description\" content=\"Yamiri Rodr\u00edguez Madrid La vuelta a Veracruz en un teclazo El a\u00f1o pasado, tras las lluvias e inundaciones en el norte del estado, la ruptura de un ducto de PEMEX provoc\u00f3 una severa contaminaci\u00f3n en uno de los r\u00edos veracruzanos; en este 2026 un nuevo ecocidio se presenta en el estado con la aparici\u00f3n de [&hellip;]\" \/>\n<meta property=\"og:url\" content=\"https:\/\/lospoliticosveracruz.com\/?p=166040\" \/>\n<meta property=\"og:site_name\" content=\"Los pol\u00edticos Veracruz\" \/>\n<meta property=\"article:publisher\" content=\"https:\/\/www.facebook.com\/people\/Notimemes-de-los-Polticos\/61565672886568\/\" \/>\n<meta property=\"article:published_time\" content=\"2026-03-13T14:12:32+00:00\" \/>\n<meta property=\"article:modified_time\" content=\"2026-03-13T14:12:34+00:00\" \/>\n<meta property=\"og:image\" content=\"https:\/\/lospoliticosveracruz.com\/wp-content\/uploads\/2025\/04\/Yamiri-Rodriguez-Madrid-e1768315710241.jpg\" \/>\n\t<meta property=\"og:image:width\" content=\"600\" \/>\n\t<meta property=\"og:image:height\" content=\"320\" \/>\n\t<meta property=\"og:image:type\" content=\"image\/jpeg\" \/>\n<meta name=\"author\" content=\"Lo viste en Los Pol\u00edticos\" \/>\n<meta name=\"twitter:card\" content=\"summary_large_image\" \/>\n<meta name=\"twitter:creator\" content=\"@LosPoliticosVer\" \/>\n<meta name=\"twitter:site\" content=\"@LosPoliticosVer\" \/>\n<meta name=\"twitter:label1\" content=\"Escrito por\" \/>\n\t<meta name=\"twitter:data1\" content=\"Lo viste en Los Pol\u00edticos\" \/>\n\t<meta name=\"twitter:label2\" content=\"Tiempo de lectura\" \/>\n\t<meta name=\"twitter:data2\" content=\"3 minutos\" \/>\n<script type=\"application\/ld+json\" class=\"yoast-schema-graph\">{\"@context\":\"https:\\\/\\\/schema.org\",\"@graph\":[{\"@type\":\"Article\",\"@id\":\"https:\\\/\\\/lospoliticosveracruz.com\\\/?p=166040#article\",\"isPartOf\":{\"@id\":\"https:\\\/\\\/lospoliticosveracruz.com\\\/?p=166040\"},\"author\":{\"name\":\"Lo viste en Los Pol\u00edticos\",\"@id\":\"https:\\\/\\\/lospoliticosveracruz.com\\\/#\\\/schema\\\/person\\\/b8702bb0e538456e6efd07080bf2a4a2\"},\"headline\":\"PAJAPAN Y EL DESASTRE AMBIENTAL\",\"datePublished\":\"2026-03-13T14:12:32+00:00\",\"dateModified\":\"2026-03-13T14:12:34+00:00\",\"mainEntityOfPage\":{\"@id\":\"https:\\\/\\\/lospoliticosveracruz.com\\\/?p=166040\"},\"wordCount\":484,\"publisher\":{\"@id\":\"https:\\\/\\\/lospoliticosveracruz.com\\\/#organization\"},\"image\":{\"@id\":\"https:\\\/\\\/lospoliticosveracruz.com\\\/?p=166040#primaryimage\"},\"thumbnailUrl\":\"https:\\\/\\\/lospoliticosveracruz.com\\\/wp-content\\\/uploads\\\/2025\\\/04\\\/Yamiri-Rodriguez-Madrid-e1768315710241.jpg\",\"keywords\":[\"contaminaci\u00f3n playas Catemaco Sontecomapan\",\"derrame crudo Pajapan Veracruz 2026\",\"explosi\u00f3n pozo Pemex Las Choapas\",\"impacto tortugas marinas desove Capulteolt\",\"pescadores redes da\u00f1adas chapopote\"],\"articleSection\":[\"De Opini\u00f3n\"],\"inLanguage\":\"es\"},{\"@type\":\"WebPage\",\"@id\":\"https:\\\/\\\/lospoliticosveracruz.com\\\/?p=166040\",\"url\":\"https:\\\/\\\/lospoliticosveracruz.com\\\/?p=166040\",\"name\":\"PAJAPAN Y EL DESASTRE AMBIENTAL - Los pol\u00edticos Veracruz\",\"isPartOf\":{\"@id\":\"https:\\\/\\\/lospoliticosveracruz.com\\\/#website\"},\"primaryImageOfPage\":{\"@id\":\"https:\\\/\\\/lospoliticosveracruz.com\\\/?p=166040#primaryimage\"},\"image\":{\"@id\":\"https:\\\/\\\/lospoliticosveracruz.com\\\/?p=166040#primaryimage\"},\"thumbnailUrl\":\"https:\\\/\\\/lospoliticosveracruz.com\\\/wp-content\\\/uploads\\\/2025\\\/04\\\/Yamiri-Rodriguez-Madrid-e1768315710241.jpg\",\"datePublished\":\"2026-03-13T14:12:32+00:00\",\"dateModified\":\"2026-03-13T14:12:34+00:00\",\"breadcrumb\":{\"@id\":\"https:\\\/\\\/lospoliticosveracruz.com\\\/?p=166040#breadcrumb\"},\"inLanguage\":\"es\",\"potentialAction\":[{\"@type\":\"ReadAction\",\"target\":[\"https:\\\/\\\/lospoliticosveracruz.com\\\/?p=166040\"]}]},{\"@type\":\"ImageObject\",\"inLanguage\":\"es\",\"@id\":\"https:\\\/\\\/lospoliticosveracruz.com\\\/?p=166040#primaryimage\",\"url\":\"https:\\\/\\\/lospoliticosveracruz.com\\\/wp-content\\\/uploads\\\/2025\\\/04\\\/Yamiri-Rodriguez-Madrid-e1768315710241.jpg\",\"contentUrl\":\"https:\\\/\\\/lospoliticosveracruz.com\\\/wp-content\\\/uploads\\\/2025\\\/04\\\/Yamiri-Rodriguez-Madrid-e1768315710241.jpg\",\"width\":600,\"height\":320},{\"@type\":\"BreadcrumbList\",\"@id\":\"https:\\\/\\\/lospoliticosveracruz.com\\\/?p=166040#breadcrumb\",\"itemListElement\":[{\"@type\":\"ListItem\",\"position\":1,\"name\":\"Portada\",\"item\":\"https:\\\/\\\/lospoliticosveracruz.com\\\/\"},{\"@type\":\"ListItem\",\"position\":2,\"name\":\"PAJAPAN Y EL DESASTRE AMBIENTAL\"}]},{\"@type\":\"WebSite\",\"@id\":\"https:\\\/\\\/lospoliticosveracruz.com\\\/#website\",\"url\":\"https:\\\/\\\/lospoliticosveracruz.com\\\/\",\"name\":\"Los pol\u00edticos Veracruz\",\"description\":\"\",\"publisher\":{\"@id\":\"https:\\\/\\\/lospoliticosveracruz.com\\\/#organization\"},\"potentialAction\":[{\"@type\":\"SearchAction\",\"target\":{\"@type\":\"EntryPoint\",\"urlTemplate\":\"https:\\\/\\\/lospoliticosveracruz.com\\\/?s={search_term_string}\"},\"query-input\":{\"@type\":\"PropertyValueSpecification\",\"valueRequired\":true,\"valueName\":\"search_term_string\"}}],\"inLanguage\":\"es\"},{\"@type\":\"Organization\",\"@id\":\"https:\\\/\\\/lospoliticosveracruz.com\\\/#organization\",\"name\":\"Los pol\u00edticos Veracruz\",\"url\":\"https:\\\/\\\/lospoliticosveracruz.com\\\/\",\"logo\":{\"@type\":\"ImageObject\",\"inLanguage\":\"es\",\"@id\":\"https:\\\/\\\/lospoliticosveracruz.com\\\/#\\\/schema\\\/logo\\\/image\\\/\",\"url\":\"https:\\\/\\\/lospoliticosveracruz.com\\\/wp-content\\\/uploads\\\/2025\\\/12\\\/Logo-Nuevo-LOS-POLITICOS-1.jpg\",\"contentUrl\":\"https:\\\/\\\/lospoliticosveracruz.com\\\/wp-content\\\/uploads\\\/2025\\\/12\\\/Logo-Nuevo-LOS-POLITICOS-1.jpg\",\"width\":260,\"height\":70,\"caption\":\"Los pol\u00edticos Veracruz\"},\"image\":{\"@id\":\"https:\\\/\\\/lospoliticosveracruz.com\\\/#\\\/schema\\\/logo\\\/image\\\/\"},\"sameAs\":[\"https:\\\/\\\/www.facebook.com\\\/people\\\/Notimemes-de-los-Polticos\\\/61565672886568\\\/\",\"https:\\\/\\\/x.com\\\/LosPoliticosVer\"]},{\"@type\":\"Person\",\"@id\":\"https:\\\/\\\/lospoliticosveracruz.com\\\/#\\\/schema\\\/person\\\/b8702bb0e538456e6efd07080bf2a4a2\",\"name\":\"Lo viste en Los Pol\u00edticos\",\"image\":{\"@type\":\"ImageObject\",\"inLanguage\":\"es\",\"@id\":\"https:\\\/\\\/secure.gravatar.com\\\/avatar\\\/3a8de04a2656d44082be478bd6c086daa447c4651605818287b9532d3d0bd435?s=96&d=mm&r=g\",\"url\":\"https:\\\/\\\/secure.gravatar.com\\\/avatar\\\/3a8de04a2656d44082be478bd6c086daa447c4651605818287b9532d3d0bd435?s=96&d=mm&r=g\",\"contentUrl\":\"https:\\\/\\\/secure.gravatar.com\\\/avatar\\\/3a8de04a2656d44082be478bd6c086daa447c4651605818287b9532d3d0bd435?s=96&d=mm&r=g\",\"caption\":\"Lo viste en Los Pol\u00edticos\"},\"url\":\"https:\\\/\\\/lospoliticosveracruz.com\\\/?author=2\"}]}<\/script>\n<!-- \/ Yoast SEO plugin. -->","yoast_head_json":{"title":"PAJAPAN Y EL DESASTRE AMBIENTAL - Los pol\u00edticos Veracruz","robots":{"index":"index","follow":"follow","max-snippet":"max-snippet:-1","max-image-preview":"max-image-preview:large","max-video-preview":"max-video-preview:-1"},"canonical":"https:\/\/lospoliticosveracruz.com\/?p=166040","og_locale":"es_ES","og_type":"article","og_title":"PAJAPAN Y EL DESASTRE AMBIENTAL - Los pol\u00edticos Veracruz","og_description":"Yamiri Rodr\u00edguez Madrid La vuelta a Veracruz en un teclazo El a\u00f1o pasado, tras las lluvias e inundaciones en el norte del estado, la ruptura de un ducto de PEMEX provoc\u00f3 una severa contaminaci\u00f3n en uno de los r\u00edos veracruzanos; en este 2026 un nuevo ecocidio se presenta en el estado con la aparici\u00f3n de [&hellip;]","og_url":"https:\/\/lospoliticosveracruz.com\/?p=166040","og_site_name":"Los pol\u00edticos Veracruz","article_publisher":"https:\/\/www.facebook.com\/people\/Notimemes-de-los-Polticos\/61565672886568\/","article_published_time":"2026-03-13T14:12:32+00:00","article_modified_time":"2026-03-13T14:12:34+00:00","og_image":[{"width":600,"height":320,"url":"https:\/\/lospoliticosveracruz.com\/wp-content\/uploads\/2025\/04\/Yamiri-Rodriguez-Madrid-e1768315710241.jpg","type":"image\/jpeg"}],"author":"Lo viste en Los Pol\u00edticos","twitter_card":"summary_large_image","twitter_creator":"@LosPoliticosVer","twitter_site":"@LosPoliticosVer","twitter_misc":{"Escrito por":"Lo viste en Los Pol\u00edticos","Tiempo de lectura":"3 minutos"},"schema":{"@context":"https:\/\/schema.org","@graph":[{"@type":"Article","@id":"https:\/\/lospoliticosveracruz.com\/?p=166040#article","isPartOf":{"@id":"https:\/\/lospoliticosveracruz.com\/?p=166040"},"author":{"name":"Lo viste en Los Pol\u00edticos","@id":"https:\/\/lospoliticosveracruz.com\/#\/schema\/person\/b8702bb0e538456e6efd07080bf2a4a2"},"headline":"PAJAPAN Y EL DESASTRE AMBIENTAL","datePublished":"2026-03-13T14:12:32+00:00","dateModified":"2026-03-13T14:12:34+00:00","mainEntityOfPage":{"@id":"https:\/\/lospoliticosveracruz.com\/?p=166040"},"wordCount":484,"publisher":{"@id":"https:\/\/lospoliticosveracruz.com\/#organization"},"image":{"@id":"https:\/\/lospoliticosveracruz.com\/?p=166040#primaryimage"},"thumbnailUrl":"https:\/\/lospoliticosveracruz.com\/wp-content\/uploads\/2025\/04\/Yamiri-Rodriguez-Madrid-e1768315710241.jpg","keywords":["contaminaci\u00f3n playas Catemaco Sontecomapan","derrame crudo Pajapan Veracruz 2026","explosi\u00f3n pozo Pemex Las Choapas","impacto tortugas marinas desove Capulteolt","pescadores redes da\u00f1adas chapopote"],"articleSection":["De Opini\u00f3n"],"inLanguage":"es"},{"@type":"WebPage","@id":"https:\/\/lospoliticosveracruz.com\/?p=166040","url":"https:\/\/lospoliticosveracruz.com\/?p=166040","name":"PAJAPAN Y EL DESASTRE AMBIENTAL - Los pol\u00edticos Veracruz","isPartOf":{"@id":"https:\/\/lospoliticosveracruz.com\/#website"},"primaryImageOfPage":{"@id":"https:\/\/lospoliticosveracruz.com\/?p=166040#primaryimage"},"image":{"@id":"https:\/\/lospoliticosveracruz.com\/?p=166040#primaryimage"},"thumbnailUrl":"https:\/\/lospoliticosveracruz.com\/wp-content\/uploads\/2025\/04\/Yamiri-Rodriguez-Madrid-e1768315710241.jpg","datePublished":"2026-03-13T14:12:32+00:00","dateModified":"2026-03-13T14:12:34+00:00","breadcrumb":{"@id":"https:\/\/lospoliticosveracruz.com\/?p=166040#breadcrumb"},"inLanguage":"es","potentialAction":[{"@type":"ReadAction","target":["https:\/\/lospoliticosveracruz.com\/?p=166040"]}]},{"@type":"ImageObject","inLanguage":"es","@id":"https:\/\/lospoliticosveracruz.com\/?p=166040#primaryimage","url":"https:\/\/lospoliticosveracruz.com\/wp-content\/uploads\/2025\/04\/Yamiri-Rodriguez-Madrid-e1768315710241.jpg","contentUrl":"https:\/\/lospoliticosveracruz.com\/wp-content\/uploads\/2025\/04\/Yamiri-Rodriguez-Madrid-e1768315710241.jpg","width":600,"height":320},{"@type":"BreadcrumbList","@id":"https:\/\/lospoliticosveracruz.com\/?p=166040#breadcrumb","itemListElement":[{"@type":"ListItem","position":1,"name":"Portada","item":"https:\/\/lospoliticosveracruz.com\/"},{"@type":"ListItem","position":2,"name":"PAJAPAN Y EL DESASTRE AMBIENTAL"}]},{"@type":"WebSite","@id":"https:\/\/lospoliticosveracruz.com\/#website","url":"https:\/\/lospoliticosveracruz.com\/","name":"Los pol\u00edticos Veracruz","description":"","publisher":{"@id":"https:\/\/lospoliticosveracruz.com\/#organization"},"potentialAction":[{"@type":"SearchAction","target":{"@type":"EntryPoint","urlTemplate":"https:\/\/lospoliticosveracruz.com\/?s={search_term_string}"},"query-input":{"@type":"PropertyValueSpecification","valueRequired":true,"valueName":"search_term_string"}}],"inLanguage":"es"},{"@type":"Organization","@id":"https:\/\/lospoliticosveracruz.com\/#organization","name":"Los pol\u00edticos Veracruz","url":"https:\/\/lospoliticosveracruz.com\/","logo":{"@type":"ImageObject","inLanguage":"es","@id":"https:\/\/lospoliticosveracruz.com\/#\/schema\/logo\/image\/","url":"https:\/\/lospoliticosveracruz.com\/wp-content\/uploads\/2025\/12\/Logo-Nuevo-LOS-POLITICOS-1.jpg","contentUrl":"https:\/\/lospoliticosveracruz.com\/wp-content\/uploads\/2025\/12\/Logo-Nuevo-LOS-POLITICOS-1.jpg","width":260,"height":70,"caption":"Los pol\u00edticos Veracruz"},"image":{"@id":"https:\/\/lospoliticosveracruz.com\/#\/schema\/logo\/image\/"},"sameAs":["https:\/\/www.facebook.com\/people\/Notimemes-de-los-Polticos\/61565672886568\/","https:\/\/x.com\/LosPoliticosVer"]},{"@type":"Person","@id":"https:\/\/lospoliticosveracruz.com\/#\/schema\/person\/b8702bb0e538456e6efd07080bf2a4a2","name":"Lo viste en Los Pol\u00edticos","image":{"@type":"ImageObject","inLanguage":"es","@id":"https:\/\/secure.gravatar.com\/avatar\/3a8de04a2656d44082be478bd6c086daa447c4651605818287b9532d3d0bd435?s=96&d=mm&r=g","url":"https:\/\/secure.gravatar.com\/avatar\/3a8de04a2656d44082be478bd6c086daa447c4651605818287b9532d3d0bd435?s=96&d=mm&r=g","contentUrl":"https:\/\/secure.gravatar.com\/avatar\/3a8de04a2656d44082be478bd6c086daa447c4651605818287b9532d3d0bd435?s=96&d=mm&r=g","caption":"Lo viste en Los Pol\u00edticos"},"url":"https:\/\/lospoliticosveracruz.com\/?author=2"}]}},"_links":{"self":[{"href":"https:\/\/lospoliticosveracruz.com\/index.php?rest_route=\/wp\/v2\/posts\/166040","targetHints":{"allow":["GET"]}}],"collection":[{"href":"https:\/\/lospoliticosveracruz.com\/index.php?rest_route=\/wp\/v2\/posts"}],"about":[{"href":"https:\/\/lospoliticosveracruz.com\/index.php?rest_route=\/wp\/v2\/types\/post"}],"author":[{"embeddable":true,"href":"https:\/\/lospoliticosveracruz.com\/index.php?rest_route=\/wp\/v2\/users\/2"}],"replies":[{"embeddable":true,"href":"https:\/\/lospoliticosveracruz.com\/index.php?rest_route=%2Fwp%2Fv2%2Fcomments&post=166040"}],"version-history":[{"count":1,"href":"https:\/\/lospoliticosveracruz.com\/index.php?rest_route=\/wp\/v2\/posts\/166040\/revisions"}],"predecessor-version":[{"id":166041,"href":"https:\/\/lospoliticosveracruz.com\/index.php?rest_route=\/wp\/v2\/posts\/166040\/revisions\/166041"}],"wp:featuredmedia":[{"embeddable":true,"href":"https:\/\/lospoliticosveracruz.com\/index.php?rest_route=\/wp\/v2\/media\/141413"}],"wp:attachment":[{"href":"https:\/\/lospoliticosveracruz.com\/index.php?rest_route=%2Fwp%2Fv2%2Fmedia&parent=166040"}],"wp:term":[{"taxonomy":"category","embeddable":true,"href":"https:\/\/lospoliticosveracruz.com\/index.php?rest_route=%2Fwp%2Fv2%2Fcategories&post=166040"},{"taxonomy":"post_tag","embeddable":true,"href":"https:\/\/lospoliticosveracruz.com\/index.php?rest_route=%2Fwp%2Fv2%2Ftags&post=166040"}],"curies":[{"name":"wp","href":"https:\/\/api.w.org\/{rel}","templated":true}]}}