{"id":166043,"date":"2026-03-13T08:26:12","date_gmt":"2026-03-13T14:26:12","guid":{"rendered":"https:\/\/lospoliticosveracruz.com\/?p=166043"},"modified":"2026-03-13T08:26:13","modified_gmt":"2026-03-13T14:26:13","slug":"voluntad-popular-2","status":"publish","type":"post","link":"https:\/\/lospoliticosveracruz.com\/?p=166043","title":{"rendered":"\u00bfVOLUNTAD POPULAR? \/ 2"},"content":{"rendered":"\n<p><strong>Sergio Gonz\u00e1lez Levet<\/strong><\/p>\n\n\n\n<p><em>Sin tacto<\/em><\/p>\n\n\n\n<p>Ayer me refer\u00eda a la supuesta voluntad popular a la que se refiere con constancia maquiav\u00e9lica la presidenta Claudia Sheinbaum y que ella presenta como g\u00e9nesis de todas sus acciones, sus convicciones y sus emociones.<\/p>\n\n\n\n<p>&nbsp;&nbsp; &nbsp;&nbsp;Hago solamente lo que el pueblo me pide, repite una y otra vez cuando hace lo que se le antoja la gana. Ella tuerce las leyes y la \u00e9tica con el fin de que la Cuarta Transformaci\u00f3n mantenga el control del Gobierno de la Rep\u00fablica y conquiste todos los puestos de elecci\u00f3n para perpetuar la dictadura imperfecta que est\u00e1n construyendo los seguidores de Andr\u00e9s Manuel L\u00f3pez Obrador, supuestamente con la Presidenta al frente.<\/p>\n\n\n\n<p>&nbsp;&nbsp; &nbsp;&nbsp;La voluntad popular\u2026 he ah\u00ed el gran pretexto de los morenistas para justificar todas sus rapacer\u00edas, sus robos en despoblado, su soberbia, sus cr\u00edmenes, as\u00ed como el desmantelamiento de las instituciones nacionales al que le llaman pomposamente la Cuarta Transformaci\u00f3n (la primera, la Independencia; la segunda, la Reforma juarista; la tercera, la Revoluci\u00f3n Mexicana).<\/p>\n\n\n\n<p>&nbsp;&nbsp; &nbsp;&nbsp;Y para muestra los botones que est\u00e1n saliendo, como el Plan B para torcer la decisi\u00f3n de los representantes del pueblo de no dejar pasar la Reforma Electoral enviada por Sheinbaum pero originada por Andr\u00e9s Manuel.<\/p>\n\n\n\n<p>&nbsp;&nbsp; &nbsp;&nbsp;Desde la tribuna de la Ma\u00f1anera del Pueblo (je je por el nombrecito), Claudia habl\u00f3 sin ambages y sin ninguna verg\u00fcenza de que como no hab\u00eda sido aprobada su iniciativa de acuerdo con lo que se\u00f1ala la Constituci\u00f3n, pues iba a tomar acciones para que se hicieran realidad los planteamientos que los diputados de los partidos de oposici\u00f3n y de los aliados PT y PVEM hab\u00eda desechado con su votaci\u00f3n en contra, que no le permiti\u00f3 alcanzar la mayor\u00eda necesaria de tres cuartos para modificar art\u00edculos de nuestra Carta Magna.<\/p>\n\n\n\n<p>&nbsp;&nbsp; &nbsp;&nbsp;La Presidenta se est\u00e1 poniendo as\u00ed en la posici\u00f3n de que no le digan que la voluntad popular es la voluntad popular, y busca resquicios legaloides para imponer sus propuestas, que le dar\u00edan todas las ventajas al partido oficial en las siguientes competencias electorales.<\/p>\n\n\n\n<p>&nbsp;&nbsp; &nbsp;&nbsp;\u00bfQue los diputados de los otros partidos dijeron que no a la Reforma Electoral? Pues van a tener que aguantar que con la mayor\u00eda simple de Morena se hagan cambios en las leyes secundarias y se consiga el prop\u00f3sito de eternizar a los lopezobradoristas en el poder.<\/p>\n\n\n\n<p>&nbsp;&nbsp; &nbsp;&nbsp;El gran ejemplo democr\u00e1tico mostrado por los representantes populares que se opusieron a la Reforma, ser\u00e1 borrado del mapa y de la historia con chicanadas hechas desde el morenismo en el poder.<\/p>\n\n\n\n<p>&nbsp;&nbsp; &nbsp;&nbsp;Queda latente en el imaginario colectiva la frase reveladora de la Sheinbaum a quienes votaron en contra:<\/p>\n\n\n\n<p>&nbsp;&nbsp; &nbsp;&nbsp;\u00bfNo aprobaron mi Reforma Electoral? Pues at\u00e9nganse a las consecuencias.<\/p>\n\n\n\n<p>&nbsp;&nbsp; &nbsp;&nbsp;No la dejemos\u2026<\/p>\n\n\n\n<p>sglevet@gmail.com<\/p>\n","protected":false},"excerpt":{"rendered":"<p>Sergio Gonz\u00e1lez Levet Sin tacto Ayer me refer\u00eda a la supuesta voluntad popular a la que se refiere con constancia maquiav\u00e9lica la presidenta Claudia Sheinbaum y que ella presenta como g\u00e9nesis de todas sus acciones, sus convicciones y sus emociones. &nbsp;&nbsp; &nbsp;&nbsp;Hago solamente lo que el pueblo me pide, repite una y otra vez cuando [&hellip;]<\/p>\n","protected":false},"author":2,"featured_media":141432,"comment_status":"closed","ping_status":"closed","sticky":false,"template":"","format":"standard","meta":{"tdm_status":"","tdm_grid_status":"","footnotes":""},"categories":[70],"tags":[57345,57349,57348,57346,57347],"class_list":{"0":"post-166043","1":"post","2":"type-post","3":"status-publish","4":"format-standard","5":"has-post-thumbnail","7":"category-de-opinion","8":"tag-claudia-sheinbaum-voluntad-popular-reforma-electoral","9":"tag-cuarta-transformacion-critica-politica","10":"tag-mayoria-simple-morena-leyes-secundarias","11":"tag-oposicion-congreso-votacion-reforma","12":"tag-plan-b-reforma-electoral-mexico"},"yoast_head":"<!-- This site is optimized with the Yoast SEO plugin v27.4 - https:\/\/yoast.com\/product\/yoast-seo-wordpress\/ -->\n<title>\u00bfVOLUNTAD POPULAR? \/ 2 - Los pol\u00edticos Veracruz<\/title>\n<meta name=\"robots\" content=\"index, follow, max-snippet:-1, max-image-preview:large, max-video-preview:-1\" \/>\n<link rel=\"canonical\" href=\"https:\/\/lospoliticosveracruz.com\/?p=166043\" \/>\n<meta property=\"og:locale\" content=\"es_ES\" \/>\n<meta property=\"og:type\" content=\"article\" \/>\n<meta property=\"og:title\" content=\"\u00bfVOLUNTAD POPULAR? \/ 2 - Los pol\u00edticos Veracruz\" \/>\n<meta property=\"og:description\" content=\"Sergio Gonz\u00e1lez Levet Sin tacto Ayer me refer\u00eda a la supuesta voluntad popular a la que se refiere con constancia maquiav\u00e9lica la presidenta Claudia Sheinbaum y que ella presenta como g\u00e9nesis de todas sus acciones, sus convicciones y sus emociones. &nbsp;&nbsp; &nbsp;&nbsp;Hago solamente lo que el pueblo me pide, repite una y otra vez cuando [&hellip;]\" \/>\n<meta property=\"og:url\" content=\"https:\/\/lospoliticosveracruz.com\/?p=166043\" \/>\n<meta property=\"og:site_name\" content=\"Los pol\u00edticos Veracruz\" \/>\n<meta property=\"article:publisher\" content=\"https:\/\/www.facebook.com\/people\/Notimemes-de-los-Polticos\/61565672886568\/\" \/>\n<meta property=\"article:published_time\" content=\"2026-03-13T14:26:12+00:00\" \/>\n<meta property=\"article:modified_time\" content=\"2026-03-13T14:26:13+00:00\" \/>\n<meta property=\"og:image\" content=\"https:\/\/lospoliticosveracruz.com\/wp-content\/uploads\/2025\/04\/Levet.jpg\" \/>\n\t<meta property=\"og:image:width\" content=\"1250\" \/>\n\t<meta property=\"og:image:height\" content=\"667\" \/>\n\t<meta property=\"og:image:type\" content=\"image\/jpeg\" \/>\n<meta name=\"author\" content=\"Lo viste en Los Pol\u00edticos\" \/>\n<meta name=\"twitter:card\" content=\"summary_large_image\" \/>\n<meta name=\"twitter:creator\" content=\"@LosPoliticosVer\" \/>\n<meta name=\"twitter:site\" content=\"@LosPoliticosVer\" \/>\n<meta name=\"twitter:label1\" content=\"Escrito por\" \/>\n\t<meta name=\"twitter:data1\" content=\"Lo viste en Los Pol\u00edticos\" \/>\n\t<meta name=\"twitter:label2\" content=\"Tiempo de lectura\" \/>\n\t<meta name=\"twitter:data2\" content=\"3 minutos\" \/>\n<script type=\"application\/ld+json\" class=\"yoast-schema-graph\">{\"@context\":\"https:\\\/\\\/schema.org\",\"@graph\":[{\"@type\":\"Article\",\"@id\":\"https:\\\/\\\/lospoliticosveracruz.com\\\/?p=166043#article\",\"isPartOf\":{\"@id\":\"https:\\\/\\\/lospoliticosveracruz.com\\\/?p=166043\"},\"author\":{\"name\":\"Lo viste en Los Pol\u00edticos\",\"@id\":\"https:\\\/\\\/lospoliticosveracruz.com\\\/#\\\/schema\\\/person\\\/b8702bb0e538456e6efd07080bf2a4a2\"},\"headline\":\"\u00bfVOLUNTAD POPULAR? \\\/ 2\",\"datePublished\":\"2026-03-13T14:26:12+00:00\",\"dateModified\":\"2026-03-13T14:26:13+00:00\",\"mainEntityOfPage\":{\"@id\":\"https:\\\/\\\/lospoliticosveracruz.com\\\/?p=166043\"},\"wordCount\":524,\"publisher\":{\"@id\":\"https:\\\/\\\/lospoliticosveracruz.com\\\/#organization\"},\"image\":{\"@id\":\"https:\\\/\\\/lospoliticosveracruz.com\\\/?p=166043#primaryimage\"},\"thumbnailUrl\":\"https:\\\/\\\/lospoliticosveracruz.com\\\/wp-content\\\/uploads\\\/2025\\\/04\\\/Levet-e1773931000156.jpg\",\"keywords\":[\"Claudia Sheinbaum voluntad popular reforma electoral\",\"Cuarta Transformaci\u00f3n cr\u00edtica pol\u00edtica\",\"mayor\u00eda simple Morena leyes secundarias\",\"oposici\u00f3n Congreso votaci\u00f3n reforma\",\"Plan B reforma electoral M\u00e9xico\"],\"articleSection\":[\"De Opini\u00f3n\"],\"inLanguage\":\"es\"},{\"@type\":\"WebPage\",\"@id\":\"https:\\\/\\\/lospoliticosveracruz.com\\\/?p=166043\",\"url\":\"https:\\\/\\\/lospoliticosveracruz.com\\\/?p=166043\",\"name\":\"\u00bfVOLUNTAD POPULAR? \\\/ 2 - Los pol\u00edticos Veracruz\",\"isPartOf\":{\"@id\":\"https:\\\/\\\/lospoliticosveracruz.com\\\/#website\"},\"primaryImageOfPage\":{\"@id\":\"https:\\\/\\\/lospoliticosveracruz.com\\\/?p=166043#primaryimage\"},\"image\":{\"@id\":\"https:\\\/\\\/lospoliticosveracruz.com\\\/?p=166043#primaryimage\"},\"thumbnailUrl\":\"https:\\\/\\\/lospoliticosveracruz.com\\\/wp-content\\\/uploads\\\/2025\\\/04\\\/Levet-e1773931000156.jpg\",\"datePublished\":\"2026-03-13T14:26:12+00:00\",\"dateModified\":\"2026-03-13T14:26:13+00:00\",\"breadcrumb\":{\"@id\":\"https:\\\/\\\/lospoliticosveracruz.com\\\/?p=166043#breadcrumb\"},\"inLanguage\":\"es\",\"potentialAction\":[{\"@type\":\"ReadAction\",\"target\":[\"https:\\\/\\\/lospoliticosveracruz.com\\\/?p=166043\"]}]},{\"@type\":\"ImageObject\",\"inLanguage\":\"es\",\"@id\":\"https:\\\/\\\/lospoliticosveracruz.com\\\/?p=166043#primaryimage\",\"url\":\"https:\\\/\\\/lospoliticosveracruz.com\\\/wp-content\\\/uploads\\\/2025\\\/04\\\/Levet-e1773931000156.jpg\",\"contentUrl\":\"https:\\\/\\\/lospoliticosveracruz.com\\\/wp-content\\\/uploads\\\/2025\\\/04\\\/Levet-e1773931000156.jpg\",\"width\":600,\"height\":320},{\"@type\":\"BreadcrumbList\",\"@id\":\"https:\\\/\\\/lospoliticosveracruz.com\\\/?p=166043#breadcrumb\",\"itemListElement\":[{\"@type\":\"ListItem\",\"position\":1,\"name\":\"Portada\",\"item\":\"https:\\\/\\\/lospoliticosveracruz.com\\\/\"},{\"@type\":\"ListItem\",\"position\":2,\"name\":\"\u00bfVOLUNTAD POPULAR? \\\/ 2\"}]},{\"@type\":\"WebSite\",\"@id\":\"https:\\\/\\\/lospoliticosveracruz.com\\\/#website\",\"url\":\"https:\\\/\\\/lospoliticosveracruz.com\\\/\",\"name\":\"Los pol\u00edticos Veracruz\",\"description\":\"\",\"publisher\":{\"@id\":\"https:\\\/\\\/lospoliticosveracruz.com\\\/#organization\"},\"potentialAction\":[{\"@type\":\"SearchAction\",\"target\":{\"@type\":\"EntryPoint\",\"urlTemplate\":\"https:\\\/\\\/lospoliticosveracruz.com\\\/?s={search_term_string}\"},\"query-input\":{\"@type\":\"PropertyValueSpecification\",\"valueRequired\":true,\"valueName\":\"search_term_string\"}}],\"inLanguage\":\"es\"},{\"@type\":\"Organization\",\"@id\":\"https:\\\/\\\/lospoliticosveracruz.com\\\/#organization\",\"name\":\"Los pol\u00edticos Veracruz\",\"url\":\"https:\\\/\\\/lospoliticosveracruz.com\\\/\",\"logo\":{\"@type\":\"ImageObject\",\"inLanguage\":\"es\",\"@id\":\"https:\\\/\\\/lospoliticosveracruz.com\\\/#\\\/schema\\\/logo\\\/image\\\/\",\"url\":\"https:\\\/\\\/lospoliticosveracruz.com\\\/wp-content\\\/uploads\\\/2025\\\/12\\\/Logo-Nuevo-LOS-POLITICOS-1.jpg\",\"contentUrl\":\"https:\\\/\\\/lospoliticosveracruz.com\\\/wp-content\\\/uploads\\\/2025\\\/12\\\/Logo-Nuevo-LOS-POLITICOS-1.jpg\",\"width\":260,\"height\":70,\"caption\":\"Los pol\u00edticos Veracruz\"},\"image\":{\"@id\":\"https:\\\/\\\/lospoliticosveracruz.com\\\/#\\\/schema\\\/logo\\\/image\\\/\"},\"sameAs\":[\"https:\\\/\\\/www.facebook.com\\\/people\\\/Notimemes-de-los-Polticos\\\/61565672886568\\\/\",\"https:\\\/\\\/x.com\\\/LosPoliticosVer\"]},{\"@type\":\"Person\",\"@id\":\"https:\\\/\\\/lospoliticosveracruz.com\\\/#\\\/schema\\\/person\\\/b8702bb0e538456e6efd07080bf2a4a2\",\"name\":\"Lo viste en Los Pol\u00edticos\",\"image\":{\"@type\":\"ImageObject\",\"inLanguage\":\"es\",\"@id\":\"https:\\\/\\\/secure.gravatar.com\\\/avatar\\\/3a8de04a2656d44082be478bd6c086daa447c4651605818287b9532d3d0bd435?s=96&d=mm&r=g\",\"url\":\"https:\\\/\\\/secure.gravatar.com\\\/avatar\\\/3a8de04a2656d44082be478bd6c086daa447c4651605818287b9532d3d0bd435?s=96&d=mm&r=g\",\"contentUrl\":\"https:\\\/\\\/secure.gravatar.com\\\/avatar\\\/3a8de04a2656d44082be478bd6c086daa447c4651605818287b9532d3d0bd435?s=96&d=mm&r=g\",\"caption\":\"Lo viste en Los Pol\u00edticos\"},\"url\":\"https:\\\/\\\/lospoliticosveracruz.com\\\/?author=2\"}]}<\/script>\n<!-- \/ Yoast SEO plugin. -->","yoast_head_json":{"title":"\u00bfVOLUNTAD POPULAR? \/ 2 - Los pol\u00edticos Veracruz","robots":{"index":"index","follow":"follow","max-snippet":"max-snippet:-1","max-image-preview":"max-image-preview:large","max-video-preview":"max-video-preview:-1"},"canonical":"https:\/\/lospoliticosveracruz.com\/?p=166043","og_locale":"es_ES","og_type":"article","og_title":"\u00bfVOLUNTAD POPULAR? \/ 2 - Los pol\u00edticos Veracruz","og_description":"Sergio Gonz\u00e1lez Levet Sin tacto Ayer me refer\u00eda a la supuesta voluntad popular a la que se refiere con constancia maquiav\u00e9lica la presidenta Claudia Sheinbaum y que ella presenta como g\u00e9nesis de todas sus acciones, sus convicciones y sus emociones. &nbsp;&nbsp; &nbsp;&nbsp;Hago solamente lo que el pueblo me pide, repite una y otra vez cuando [&hellip;]","og_url":"https:\/\/lospoliticosveracruz.com\/?p=166043","og_site_name":"Los pol\u00edticos Veracruz","article_publisher":"https:\/\/www.facebook.com\/people\/Notimemes-de-los-Polticos\/61565672886568\/","article_published_time":"2026-03-13T14:26:12+00:00","article_modified_time":"2026-03-13T14:26:13+00:00","og_image":[{"width":1250,"height":667,"url":"https:\/\/lospoliticosveracruz.com\/wp-content\/uploads\/2025\/04\/Levet.jpg","type":"image\/jpeg"}],"author":"Lo viste en Los Pol\u00edticos","twitter_card":"summary_large_image","twitter_creator":"@LosPoliticosVer","twitter_site":"@LosPoliticosVer","twitter_misc":{"Escrito por":"Lo viste en Los Pol\u00edticos","Tiempo de lectura":"3 minutos"},"schema":{"@context":"https:\/\/schema.org","@graph":[{"@type":"Article","@id":"https:\/\/lospoliticosveracruz.com\/?p=166043#article","isPartOf":{"@id":"https:\/\/lospoliticosveracruz.com\/?p=166043"},"author":{"name":"Lo viste en Los Pol\u00edticos","@id":"https:\/\/lospoliticosveracruz.com\/#\/schema\/person\/b8702bb0e538456e6efd07080bf2a4a2"},"headline":"\u00bfVOLUNTAD POPULAR? \/ 2","datePublished":"2026-03-13T14:26:12+00:00","dateModified":"2026-03-13T14:26:13+00:00","mainEntityOfPage":{"@id":"https:\/\/lospoliticosveracruz.com\/?p=166043"},"wordCount":524,"publisher":{"@id":"https:\/\/lospoliticosveracruz.com\/#organization"},"image":{"@id":"https:\/\/lospoliticosveracruz.com\/?p=166043#primaryimage"},"thumbnailUrl":"https:\/\/lospoliticosveracruz.com\/wp-content\/uploads\/2025\/04\/Levet-e1773931000156.jpg","keywords":["Claudia Sheinbaum voluntad popular reforma electoral","Cuarta Transformaci\u00f3n cr\u00edtica pol\u00edtica","mayor\u00eda simple Morena leyes secundarias","oposici\u00f3n Congreso votaci\u00f3n reforma","Plan B reforma electoral M\u00e9xico"],"articleSection":["De Opini\u00f3n"],"inLanguage":"es"},{"@type":"WebPage","@id":"https:\/\/lospoliticosveracruz.com\/?p=166043","url":"https:\/\/lospoliticosveracruz.com\/?p=166043","name":"\u00bfVOLUNTAD POPULAR? \/ 2 - Los pol\u00edticos Veracruz","isPartOf":{"@id":"https:\/\/lospoliticosveracruz.com\/#website"},"primaryImageOfPage":{"@id":"https:\/\/lospoliticosveracruz.com\/?p=166043#primaryimage"},"image":{"@id":"https:\/\/lospoliticosveracruz.com\/?p=166043#primaryimage"},"thumbnailUrl":"https:\/\/lospoliticosveracruz.com\/wp-content\/uploads\/2025\/04\/Levet-e1773931000156.jpg","datePublished":"2026-03-13T14:26:12+00:00","dateModified":"2026-03-13T14:26:13+00:00","breadcrumb":{"@id":"https:\/\/lospoliticosveracruz.com\/?p=166043#breadcrumb"},"inLanguage":"es","potentialAction":[{"@type":"ReadAction","target":["https:\/\/lospoliticosveracruz.com\/?p=166043"]}]},{"@type":"ImageObject","inLanguage":"es","@id":"https:\/\/lospoliticosveracruz.com\/?p=166043#primaryimage","url":"https:\/\/lospoliticosveracruz.com\/wp-content\/uploads\/2025\/04\/Levet-e1773931000156.jpg","contentUrl":"https:\/\/lospoliticosveracruz.com\/wp-content\/uploads\/2025\/04\/Levet-e1773931000156.jpg","width":600,"height":320},{"@type":"BreadcrumbList","@id":"https:\/\/lospoliticosveracruz.com\/?p=166043#breadcrumb","itemListElement":[{"@type":"ListItem","position":1,"name":"Portada","item":"https:\/\/lospoliticosveracruz.com\/"},{"@type":"ListItem","position":2,"name":"\u00bfVOLUNTAD POPULAR? \/ 2"}]},{"@type":"WebSite","@id":"https:\/\/lospoliticosveracruz.com\/#website","url":"https:\/\/lospoliticosveracruz.com\/","name":"Los pol\u00edticos Veracruz","description":"","publisher":{"@id":"https:\/\/lospoliticosveracruz.com\/#organization"},"potentialAction":[{"@type":"SearchAction","target":{"@type":"EntryPoint","urlTemplate":"https:\/\/lospoliticosveracruz.com\/?s={search_term_string}"},"query-input":{"@type":"PropertyValueSpecification","valueRequired":true,"valueName":"search_term_string"}}],"inLanguage":"es"},{"@type":"Organization","@id":"https:\/\/lospoliticosveracruz.com\/#organization","name":"Los pol\u00edticos Veracruz","url":"https:\/\/lospoliticosveracruz.com\/","logo":{"@type":"ImageObject","inLanguage":"es","@id":"https:\/\/lospoliticosveracruz.com\/#\/schema\/logo\/image\/","url":"https:\/\/lospoliticosveracruz.com\/wp-content\/uploads\/2025\/12\/Logo-Nuevo-LOS-POLITICOS-1.jpg","contentUrl":"https:\/\/lospoliticosveracruz.com\/wp-content\/uploads\/2025\/12\/Logo-Nuevo-LOS-POLITICOS-1.jpg","width":260,"height":70,"caption":"Los pol\u00edticos Veracruz"},"image":{"@id":"https:\/\/lospoliticosveracruz.com\/#\/schema\/logo\/image\/"},"sameAs":["https:\/\/www.facebook.com\/people\/Notimemes-de-los-Polticos\/61565672886568\/","https:\/\/x.com\/LosPoliticosVer"]},{"@type":"Person","@id":"https:\/\/lospoliticosveracruz.com\/#\/schema\/person\/b8702bb0e538456e6efd07080bf2a4a2","name":"Lo viste en Los Pol\u00edticos","image":{"@type":"ImageObject","inLanguage":"es","@id":"https:\/\/secure.gravatar.com\/avatar\/3a8de04a2656d44082be478bd6c086daa447c4651605818287b9532d3d0bd435?s=96&d=mm&r=g","url":"https:\/\/secure.gravatar.com\/avatar\/3a8de04a2656d44082be478bd6c086daa447c4651605818287b9532d3d0bd435?s=96&d=mm&r=g","contentUrl":"https:\/\/secure.gravatar.com\/avatar\/3a8de04a2656d44082be478bd6c086daa447c4651605818287b9532d3d0bd435?s=96&d=mm&r=g","caption":"Lo viste en Los Pol\u00edticos"},"url":"https:\/\/lospoliticosveracruz.com\/?author=2"}]}},"_links":{"self":[{"href":"https:\/\/lospoliticosveracruz.com\/index.php?rest_route=\/wp\/v2\/posts\/166043","targetHints":{"allow":["GET"]}}],"collection":[{"href":"https:\/\/lospoliticosveracruz.com\/index.php?rest_route=\/wp\/v2\/posts"}],"about":[{"href":"https:\/\/lospoliticosveracruz.com\/index.php?rest_route=\/wp\/v2\/types\/post"}],"author":[{"embeddable":true,"href":"https:\/\/lospoliticosveracruz.com\/index.php?rest_route=\/wp\/v2\/users\/2"}],"replies":[{"embeddable":true,"href":"https:\/\/lospoliticosveracruz.com\/index.php?rest_route=%2Fwp%2Fv2%2Fcomments&post=166043"}],"version-history":[{"count":1,"href":"https:\/\/lospoliticosveracruz.com\/index.php?rest_route=\/wp\/v2\/posts\/166043\/revisions"}],"predecessor-version":[{"id":166044,"href":"https:\/\/lospoliticosveracruz.com\/index.php?rest_route=\/wp\/v2\/posts\/166043\/revisions\/166044"}],"wp:featuredmedia":[{"embeddable":true,"href":"https:\/\/lospoliticosveracruz.com\/index.php?rest_route=\/wp\/v2\/media\/141432"}],"wp:attachment":[{"href":"https:\/\/lospoliticosveracruz.com\/index.php?rest_route=%2Fwp%2Fv2%2Fmedia&parent=166043"}],"wp:term":[{"taxonomy":"category","embeddable":true,"href":"https:\/\/lospoliticosveracruz.com\/index.php?rest_route=%2Fwp%2Fv2%2Fcategories&post=166043"},{"taxonomy":"post_tag","embeddable":true,"href":"https:\/\/lospoliticosveracruz.com\/index.php?rest_route=%2Fwp%2Fv2%2Ftags&post=166043"}],"curies":[{"name":"wp","href":"https:\/\/api.w.org\/{rel}","templated":true}]}}