{"id":166045,"date":"2026-03-13T08:28:42","date_gmt":"2026-03-13T14:28:42","guid":{"rendered":"https:\/\/lospoliticosveracruz.com\/?p=166045"},"modified":"2026-03-13T12:14:46","modified_gmt":"2026-03-13T18:14:46","slug":"banqueros-dialogaran-sobre-el-futuro-de-la-banca-en-mexico","status":"publish","type":"post","link":"https:\/\/lospoliticosveracruz.com\/?p=166045","title":{"rendered":"BANQUEROS DIALOGAR\u00c1N SOBRE EL FUTURO DE LA BANCA EN M\u00c9XICO"},"content":{"rendered":"\n<p>&nbsp;<strong>Teresa Carbajal<\/strong><\/p>\n\n\n\n<p><em>Debo, no niego; pago, lo justo<\/em><\/p>\n\n\n\n<p>Con una agenda que contempla temas centrales del presente y para el futuro inmediato de los servicios financieros que se comercializan en nuestro pa\u00eds, como; el futuro del dinero, el cr\u00e9dito a la infraestructura, las PyMes, el cliente, la educaci\u00f3n financiera, Geopol\u00edtica y riesgo global; y dentro del marco de la 89 Convenci\u00f3n Bancaria los d\u00edas 19 y 20 de marzo, el gremio dialogar\u00e1 con invitados de talla nacional e internacional sobre los retos a los que se enfrentan.<\/p>\n\n\n\n<p>Todos son rubros y temas por dem\u00e1s importantes debido a su vigencia y desde luego a la experiencia de una \u00e9poca post pandemia, a casi seis a\u00f1os del Covid, en donde el encierro, y la restricci\u00f3n de la movilidad, nos hizo migrar a la digitalizaci\u00f3n; pero frente a un escenario en el que si bien, se privilegi\u00f3 y apost\u00f3 por la rapidez de los servicios, la seguridad, ha sido la constante obligada de dudas y cuestionamientos, por la creciente ola de riesgos.<\/p>\n\n\n\n<p>Y formas en las que el ataque de cuentas, la duplicidad de identidad o suplantaci\u00f3n de la misma, los mecanismos de falta de protecci\u00f3n de datos personales alegada por los usuarios en medios de queja, reclaman que fueron v\u00edctimas de robos o fraudes, mientras poco se puede hacer para recuperar su dinero, en la v\u00eda pac\u00edfica, gratuita, conciliatoria; hecho que por s\u00ed mismo ya representa una barrera para la inclusi\u00f3n digital<\/p>\n\n\n\n<p>A la par, de la inseguridad que vivimos como usuarios de tecnolog\u00edas de la informaci\u00f3n, y de la comunicaci\u00f3n y de los servicios financieros; debido a la constante de no poder migrar totalmente a medios digitales, pues, aunque la apertura de cuentas que ofrecen las instituciones de cr\u00e9dito, se llevan en un 80% mediante un dispositivo m\u00f3vil con internet, a\u00fan existen instituciones que requieren de la presencia f\u00edsica del cliente en sucursales para completar el tr\u00e1mite.&nbsp;<\/p>\n\n\n\n<p>Por cierto, \u00bfha intentado abrir \u00faltimamente una cuenta bancaria?, \u00a1qu\u00e9 complicado no!, y peor a\u00fan que parece, que los ejecutivos bancarios, tambi\u00e9n est\u00e1n en la ruta (y curva) de aprendizaje de estos procedimientos.<\/p>\n\n\n\n<p>Y otra, si su respuesta es afirmativa; d\u00edgame, \u00bfya elimin\u00f3 sus redes sociales o usa un \u00fanico dispositivo m\u00f3vil para todos sus asuntos, incluidos los bancarios?, le comento, por lo arriesgado que parece -y se dice por expertos- resulta mezclar redes sociales, descarga de aplicaciones m\u00f3viles (que no necesariamente son seguras), o acceso de links desconocidos (de esos en donde vemos las noticias, o los chismes) pues en ellos puede \u2018colarse\u2019 alg\u00fan virus y robar nuestros datos y dem\u00e1s informaci\u00f3n, que permita ser v\u00edctima de la sustracci\u00f3n o despojo de dinero depositado en cuentas bancarias.&nbsp;<\/p>\n\n\n\n<p>Por otro lado, seg\u00fan me marca la agenda del programa enviado, el d\u00eda 19 de marzo se llevar\u00e1 cabo una Ceremonia de Firma de Convenio del C\u00f3digo de mejores pr\u00e1cticas, \u00a1qu\u00e9 oportuno por cierto!, pues en lo que va del a\u00f1o, se ha reportado un incremento en el n\u00famero de quejas de los Despachos de Cobranza, esperemos que las mejores pr\u00e1cticas, tambi\u00e9n incluyan este aspecto tan delicado, el de la cobranza.&nbsp;<\/p>\n\n\n\n<p>Fungir\u00e1 como testigo de honor, Oscar Rosado, Presidente de la Condusef, el actual ombudsman (u ombudsperson) de los usuarios de servicios financieros en M\u00e9xico. Ese mismo d\u00eda se llevar\u00e1 cabo un panel con el tema, \u201cEl cliente al centro: la gran prioridad de la banca en M\u00e9xico\u201d, participan Jorge Arce vicepresidente de la Asociaci\u00f3n de Bancos de M\u00e9xico (ABM), y director general de HSBC, y Michael Sandel Profesor de Filosof\u00eda Pol\u00edtica en la Universidad de Harvard.<\/p>\n\n\n\n<p>Para el d\u00eda 20, se desarrollar\u00e1 el panel, \u201cPsicolog\u00eda del comportamiento. Clave para la educaci\u00f3n financiera\u201d, participan Alberto G\u00f3mez Alcal\u00e1, Dan Ariely, Modera, Jorge del Castillo, vicepresidente de ABM.<\/p>\n\n\n\n<p>Una conferencia muy esperada es la titulada, \u201cAlcances de la inteligencia artificial en el futuro de los pagos digitales\u201d, \u00a1gran tema sin duda alguna!, la dictar\u00e1 el CEO Global de Visa, Ryan Mclnerney, modera Jorge Arce.<\/p>\n\n\n\n<p>Y para la conferencia magistral, \u201cLiderazgo Global y Transformaci\u00f3n\u201d viene el Muy Honorable ex Primer Ministro de Canad\u00e1 Justin Trudeau, quien participar\u00e1 con Emilio Romano anfitri\u00f3n y presidente de la ABM.<\/p>\n\n\n\n<p>Habr\u00e1 comida de clausura con Jorge Valdano, conferencista, ex futbolista, y ex entrenador de futbol argentino, quien comparte una visi\u00f3n \u00fanica sobre liderazgo, trabajo en equipo, y alto desempe\u00f1o a partir de su experiencia dentro y fuera de la cancha.&nbsp;<\/p>\n\n\n\n<p>Qu\u00e9 m\u00e1s les cuento, que ya envi\u00e9 mi petici\u00f3n de acceso, ah\u00ed si me dejan entrar de p\u00fablico oyente a tan magno evento, les cuento, y si no, tambi\u00e9n les cuento.&nbsp;<\/p>\n\n\n\n<p>visite&nbsp;&nbsp;www.elbarzonrc.org Contacte elbarzonrc@yahoo.com.mx, O s\u00edgame en @terecarbajal<\/p>\n","protected":false},"excerpt":{"rendered":"<p>&nbsp;Teresa Carbajal Debo, no niego; pago, lo justo Con una agenda que contempla temas centrales del presente y para el futuro inmediato de los servicios financieros que se comercializan en nuestro pa\u00eds, como; el futuro del dinero, el cr\u00e9dito a la infraestructura, las PyMes, el cliente, la educaci\u00f3n financiera, Geopol\u00edtica y riesgo global; y dentro [&hellip;]<\/p>\n","protected":false},"author":2,"featured_media":141431,"comment_status":"closed","ping_status":"closed","sticky":false,"template":"","format":"standard","meta":{"tdm_status":"","tdm_grid_status":"","footnotes":""},"categories":[70],"tags":[57350,57351,57354,57352,57353],"class_list":{"0":"post-166045","1":"post","2":"type-post","3":"status-publish","4":"format-standard","5":"has-post-thumbnail","7":"category-de-opinion","8":"tag-89-convencion-bancaria-mexico-2026","9":"tag-asociacion-de-bancos-de-mexico-abm","10":"tag-condusef-codigo-mejores-practicas-cobranza","11":"tag-educacion-financiera-y-psicologia-del-comportamiento","12":"tag-inteligencia-artificial-pagos-digitales-visa"},"yoast_head":"<!-- This site is optimized with the Yoast SEO plugin v27.4 - https:\/\/yoast.com\/product\/yoast-seo-wordpress\/ -->\n<title>BANQUEROS DIALOGAR\u00c1N SOBRE EL FUTURO DE LA BANCA EN M\u00c9XICO - Los pol\u00edticos Veracruz<\/title>\n<meta name=\"robots\" content=\"index, follow, max-snippet:-1, max-image-preview:large, max-video-preview:-1\" \/>\n<link rel=\"canonical\" href=\"https:\/\/lospoliticosveracruz.com\/?p=166045\" \/>\n<meta property=\"og:locale\" content=\"es_ES\" \/>\n<meta property=\"og:type\" content=\"article\" \/>\n<meta property=\"og:title\" content=\"BANQUEROS DIALOGAR\u00c1N SOBRE EL FUTURO DE LA BANCA EN M\u00c9XICO - Los pol\u00edticos Veracruz\" \/>\n<meta property=\"og:description\" content=\"&nbsp;Teresa Carbajal Debo, no niego; pago, lo justo Con una agenda que contempla temas centrales del presente y para el futuro inmediato de los servicios financieros que se comercializan en nuestro pa\u00eds, como; el futuro del dinero, el cr\u00e9dito a la infraestructura, las PyMes, el cliente, la educaci\u00f3n financiera, Geopol\u00edtica y riesgo global; y dentro [&hellip;]\" \/>\n<meta property=\"og:url\" content=\"https:\/\/lospoliticosveracruz.com\/?p=166045\" \/>\n<meta property=\"og:site_name\" content=\"Los pol\u00edticos Veracruz\" \/>\n<meta property=\"article:publisher\" content=\"https:\/\/www.facebook.com\/people\/Notimemes-de-los-Polticos\/61565672886568\/\" \/>\n<meta property=\"article:published_time\" content=\"2026-03-13T14:28:42+00:00\" \/>\n<meta property=\"article:modified_time\" content=\"2026-03-13T18:14:46+00:00\" \/>\n<meta property=\"og:image\" content=\"https:\/\/lospoliticosveracruz.com\/wp-content\/uploads\/2025\/04\/Teresa-Carbajal.jpg\" \/>\n\t<meta property=\"og:image:width\" content=\"1250\" \/>\n\t<meta property=\"og:image:height\" content=\"667\" \/>\n\t<meta property=\"og:image:type\" content=\"image\/jpeg\" \/>\n<meta name=\"author\" content=\"Lo viste en Los Pol\u00edticos\" \/>\n<meta name=\"twitter:card\" content=\"summary_large_image\" \/>\n<meta name=\"twitter:creator\" content=\"@LosPoliticosVer\" \/>\n<meta name=\"twitter:site\" content=\"@LosPoliticosVer\" \/>\n<meta name=\"twitter:label1\" content=\"Escrito por\" \/>\n\t<meta name=\"twitter:data1\" content=\"Lo viste en Los Pol\u00edticos\" \/>\n\t<meta name=\"twitter:label2\" content=\"Tiempo de lectura\" \/>\n\t<meta name=\"twitter:data2\" content=\"4 minutos\" \/>\n<script type=\"application\/ld+json\" class=\"yoast-schema-graph\">{\"@context\":\"https:\\\/\\\/schema.org\",\"@graph\":[{\"@type\":\"Article\",\"@id\":\"https:\\\/\\\/lospoliticosveracruz.com\\\/?p=166045#article\",\"isPartOf\":{\"@id\":\"https:\\\/\\\/lospoliticosveracruz.com\\\/?p=166045\"},\"author\":{\"name\":\"Lo viste en Los Pol\u00edticos\",\"@id\":\"https:\\\/\\\/lospoliticosveracruz.com\\\/#\\\/schema\\\/person\\\/b8702bb0e538456e6efd07080bf2a4a2\"},\"headline\":\"BANQUEROS DIALOGAR\u00c1N SOBRE EL FUTURO DE LA BANCA EN M\u00c9XICO\",\"datePublished\":\"2026-03-13T14:28:42+00:00\",\"dateModified\":\"2026-03-13T18:14:46+00:00\",\"mainEntityOfPage\":{\"@id\":\"https:\\\/\\\/lospoliticosveracruz.com\\\/?p=166045\"},\"wordCount\":848,\"publisher\":{\"@id\":\"https:\\\/\\\/lospoliticosveracruz.com\\\/#organization\"},\"image\":{\"@id\":\"https:\\\/\\\/lospoliticosveracruz.com\\\/?p=166045#primaryimage\"},\"thumbnailUrl\":\"https:\\\/\\\/lospoliticosveracruz.com\\\/wp-content\\\/uploads\\\/2025\\\/04\\\/Teresa-Carbajal.jpg\",\"keywords\":[\"89 Convenci\u00f3n Bancaria M\u00e9xico 2026\",\"Asociaci\u00f3n de Bancos de M\u00e9xico ABM\",\"Condusef c\u00f3digo mejores pr\u00e1cticas cobranza\",\"educaci\u00f3n financiera y psicolog\u00eda del comportamiento\",\"inteligencia artificial pagos digitales Visa\"],\"articleSection\":[\"De Opini\u00f3n\"],\"inLanguage\":\"es\"},{\"@type\":\"WebPage\",\"@id\":\"https:\\\/\\\/lospoliticosveracruz.com\\\/?p=166045\",\"url\":\"https:\\\/\\\/lospoliticosveracruz.com\\\/?p=166045\",\"name\":\"BANQUEROS DIALOGAR\u00c1N SOBRE EL FUTURO DE LA BANCA EN M\u00c9XICO - Los pol\u00edticos Veracruz\",\"isPartOf\":{\"@id\":\"https:\\\/\\\/lospoliticosveracruz.com\\\/#website\"},\"primaryImageOfPage\":{\"@id\":\"https:\\\/\\\/lospoliticosveracruz.com\\\/?p=166045#primaryimage\"},\"image\":{\"@id\":\"https:\\\/\\\/lospoliticosveracruz.com\\\/?p=166045#primaryimage\"},\"thumbnailUrl\":\"https:\\\/\\\/lospoliticosveracruz.com\\\/wp-content\\\/uploads\\\/2025\\\/04\\\/Teresa-Carbajal.jpg\",\"datePublished\":\"2026-03-13T14:28:42+00:00\",\"dateModified\":\"2026-03-13T18:14:46+00:00\",\"breadcrumb\":{\"@id\":\"https:\\\/\\\/lospoliticosveracruz.com\\\/?p=166045#breadcrumb\"},\"inLanguage\":\"es\",\"potentialAction\":[{\"@type\":\"ReadAction\",\"target\":[\"https:\\\/\\\/lospoliticosveracruz.com\\\/?p=166045\"]}]},{\"@type\":\"ImageObject\",\"inLanguage\":\"es\",\"@id\":\"https:\\\/\\\/lospoliticosveracruz.com\\\/?p=166045#primaryimage\",\"url\":\"https:\\\/\\\/lospoliticosveracruz.com\\\/wp-content\\\/uploads\\\/2025\\\/04\\\/Teresa-Carbajal.jpg\",\"contentUrl\":\"https:\\\/\\\/lospoliticosveracruz.com\\\/wp-content\\\/uploads\\\/2025\\\/04\\\/Teresa-Carbajal.jpg\",\"width\":1250,\"height\":667},{\"@type\":\"BreadcrumbList\",\"@id\":\"https:\\\/\\\/lospoliticosveracruz.com\\\/?p=166045#breadcrumb\",\"itemListElement\":[{\"@type\":\"ListItem\",\"position\":1,\"name\":\"Portada\",\"item\":\"https:\\\/\\\/lospoliticosveracruz.com\\\/\"},{\"@type\":\"ListItem\",\"position\":2,\"name\":\"BANQUEROS DIALOGAR\u00c1N SOBRE EL FUTURO DE LA BANCA EN M\u00c9XICO\"}]},{\"@type\":\"WebSite\",\"@id\":\"https:\\\/\\\/lospoliticosveracruz.com\\\/#website\",\"url\":\"https:\\\/\\\/lospoliticosveracruz.com\\\/\",\"name\":\"Los pol\u00edticos Veracruz\",\"description\":\"\",\"publisher\":{\"@id\":\"https:\\\/\\\/lospoliticosveracruz.com\\\/#organization\"},\"potentialAction\":[{\"@type\":\"SearchAction\",\"target\":{\"@type\":\"EntryPoint\",\"urlTemplate\":\"https:\\\/\\\/lospoliticosveracruz.com\\\/?s={search_term_string}\"},\"query-input\":{\"@type\":\"PropertyValueSpecification\",\"valueRequired\":true,\"valueName\":\"search_term_string\"}}],\"inLanguage\":\"es\"},{\"@type\":\"Organization\",\"@id\":\"https:\\\/\\\/lospoliticosveracruz.com\\\/#organization\",\"name\":\"Los pol\u00edticos Veracruz\",\"url\":\"https:\\\/\\\/lospoliticosveracruz.com\\\/\",\"logo\":{\"@type\":\"ImageObject\",\"inLanguage\":\"es\",\"@id\":\"https:\\\/\\\/lospoliticosveracruz.com\\\/#\\\/schema\\\/logo\\\/image\\\/\",\"url\":\"https:\\\/\\\/lospoliticosveracruz.com\\\/wp-content\\\/uploads\\\/2025\\\/12\\\/Logo-Nuevo-LOS-POLITICOS-1.jpg\",\"contentUrl\":\"https:\\\/\\\/lospoliticosveracruz.com\\\/wp-content\\\/uploads\\\/2025\\\/12\\\/Logo-Nuevo-LOS-POLITICOS-1.jpg\",\"width\":260,\"height\":70,\"caption\":\"Los pol\u00edticos Veracruz\"},\"image\":{\"@id\":\"https:\\\/\\\/lospoliticosveracruz.com\\\/#\\\/schema\\\/logo\\\/image\\\/\"},\"sameAs\":[\"https:\\\/\\\/www.facebook.com\\\/people\\\/Notimemes-de-los-Polticos\\\/61565672886568\\\/\",\"https:\\\/\\\/x.com\\\/LosPoliticosVer\"]},{\"@type\":\"Person\",\"@id\":\"https:\\\/\\\/lospoliticosveracruz.com\\\/#\\\/schema\\\/person\\\/b8702bb0e538456e6efd07080bf2a4a2\",\"name\":\"Lo viste en Los Pol\u00edticos\",\"image\":{\"@type\":\"ImageObject\",\"inLanguage\":\"es\",\"@id\":\"https:\\\/\\\/secure.gravatar.com\\\/avatar\\\/3a8de04a2656d44082be478bd6c086daa447c4651605818287b9532d3d0bd435?s=96&d=mm&r=g\",\"url\":\"https:\\\/\\\/secure.gravatar.com\\\/avatar\\\/3a8de04a2656d44082be478bd6c086daa447c4651605818287b9532d3d0bd435?s=96&d=mm&r=g\",\"contentUrl\":\"https:\\\/\\\/secure.gravatar.com\\\/avatar\\\/3a8de04a2656d44082be478bd6c086daa447c4651605818287b9532d3d0bd435?s=96&d=mm&r=g\",\"caption\":\"Lo viste en Los Pol\u00edticos\"},\"url\":\"https:\\\/\\\/lospoliticosveracruz.com\\\/?author=2\"}]}<\/script>\n<!-- \/ Yoast SEO plugin. -->","yoast_head_json":{"title":"BANQUEROS DIALOGAR\u00c1N SOBRE EL FUTURO DE LA BANCA EN M\u00c9XICO - Los pol\u00edticos Veracruz","robots":{"index":"index","follow":"follow","max-snippet":"max-snippet:-1","max-image-preview":"max-image-preview:large","max-video-preview":"max-video-preview:-1"},"canonical":"https:\/\/lospoliticosveracruz.com\/?p=166045","og_locale":"es_ES","og_type":"article","og_title":"BANQUEROS DIALOGAR\u00c1N SOBRE EL FUTURO DE LA BANCA EN M\u00c9XICO - Los pol\u00edticos Veracruz","og_description":"&nbsp;Teresa Carbajal Debo, no niego; pago, lo justo Con una agenda que contempla temas centrales del presente y para el futuro inmediato de los servicios financieros que se comercializan en nuestro pa\u00eds, como; el futuro del dinero, el cr\u00e9dito a la infraestructura, las PyMes, el cliente, la educaci\u00f3n financiera, Geopol\u00edtica y riesgo global; y dentro [&hellip;]","og_url":"https:\/\/lospoliticosveracruz.com\/?p=166045","og_site_name":"Los pol\u00edticos Veracruz","article_publisher":"https:\/\/www.facebook.com\/people\/Notimemes-de-los-Polticos\/61565672886568\/","article_published_time":"2026-03-13T14:28:42+00:00","article_modified_time":"2026-03-13T18:14:46+00:00","og_image":[{"width":1250,"height":667,"url":"https:\/\/lospoliticosveracruz.com\/wp-content\/uploads\/2025\/04\/Teresa-Carbajal.jpg","type":"image\/jpeg"}],"author":"Lo viste en Los Pol\u00edticos","twitter_card":"summary_large_image","twitter_creator":"@LosPoliticosVer","twitter_site":"@LosPoliticosVer","twitter_misc":{"Escrito por":"Lo viste en Los Pol\u00edticos","Tiempo de lectura":"4 minutos"},"schema":{"@context":"https:\/\/schema.org","@graph":[{"@type":"Article","@id":"https:\/\/lospoliticosveracruz.com\/?p=166045#article","isPartOf":{"@id":"https:\/\/lospoliticosveracruz.com\/?p=166045"},"author":{"name":"Lo viste en Los Pol\u00edticos","@id":"https:\/\/lospoliticosveracruz.com\/#\/schema\/person\/b8702bb0e538456e6efd07080bf2a4a2"},"headline":"BANQUEROS DIALOGAR\u00c1N SOBRE EL FUTURO DE LA BANCA EN M\u00c9XICO","datePublished":"2026-03-13T14:28:42+00:00","dateModified":"2026-03-13T18:14:46+00:00","mainEntityOfPage":{"@id":"https:\/\/lospoliticosveracruz.com\/?p=166045"},"wordCount":848,"publisher":{"@id":"https:\/\/lospoliticosveracruz.com\/#organization"},"image":{"@id":"https:\/\/lospoliticosveracruz.com\/?p=166045#primaryimage"},"thumbnailUrl":"https:\/\/lospoliticosveracruz.com\/wp-content\/uploads\/2025\/04\/Teresa-Carbajal.jpg","keywords":["89 Convenci\u00f3n Bancaria M\u00e9xico 2026","Asociaci\u00f3n de Bancos de M\u00e9xico ABM","Condusef c\u00f3digo mejores pr\u00e1cticas cobranza","educaci\u00f3n financiera y psicolog\u00eda del comportamiento","inteligencia artificial pagos digitales Visa"],"articleSection":["De Opini\u00f3n"],"inLanguage":"es"},{"@type":"WebPage","@id":"https:\/\/lospoliticosveracruz.com\/?p=166045","url":"https:\/\/lospoliticosveracruz.com\/?p=166045","name":"BANQUEROS DIALOGAR\u00c1N SOBRE EL FUTURO DE LA BANCA EN M\u00c9XICO - Los pol\u00edticos Veracruz","isPartOf":{"@id":"https:\/\/lospoliticosveracruz.com\/#website"},"primaryImageOfPage":{"@id":"https:\/\/lospoliticosveracruz.com\/?p=166045#primaryimage"},"image":{"@id":"https:\/\/lospoliticosveracruz.com\/?p=166045#primaryimage"},"thumbnailUrl":"https:\/\/lospoliticosveracruz.com\/wp-content\/uploads\/2025\/04\/Teresa-Carbajal.jpg","datePublished":"2026-03-13T14:28:42+00:00","dateModified":"2026-03-13T18:14:46+00:00","breadcrumb":{"@id":"https:\/\/lospoliticosveracruz.com\/?p=166045#breadcrumb"},"inLanguage":"es","potentialAction":[{"@type":"ReadAction","target":["https:\/\/lospoliticosveracruz.com\/?p=166045"]}]},{"@type":"ImageObject","inLanguage":"es","@id":"https:\/\/lospoliticosveracruz.com\/?p=166045#primaryimage","url":"https:\/\/lospoliticosveracruz.com\/wp-content\/uploads\/2025\/04\/Teresa-Carbajal.jpg","contentUrl":"https:\/\/lospoliticosveracruz.com\/wp-content\/uploads\/2025\/04\/Teresa-Carbajal.jpg","width":1250,"height":667},{"@type":"BreadcrumbList","@id":"https:\/\/lospoliticosveracruz.com\/?p=166045#breadcrumb","itemListElement":[{"@type":"ListItem","position":1,"name":"Portada","item":"https:\/\/lospoliticosveracruz.com\/"},{"@type":"ListItem","position":2,"name":"BANQUEROS DIALOGAR\u00c1N SOBRE EL FUTURO DE LA BANCA EN M\u00c9XICO"}]},{"@type":"WebSite","@id":"https:\/\/lospoliticosveracruz.com\/#website","url":"https:\/\/lospoliticosveracruz.com\/","name":"Los pol\u00edticos Veracruz","description":"","publisher":{"@id":"https:\/\/lospoliticosveracruz.com\/#organization"},"potentialAction":[{"@type":"SearchAction","target":{"@type":"EntryPoint","urlTemplate":"https:\/\/lospoliticosveracruz.com\/?s={search_term_string}"},"query-input":{"@type":"PropertyValueSpecification","valueRequired":true,"valueName":"search_term_string"}}],"inLanguage":"es"},{"@type":"Organization","@id":"https:\/\/lospoliticosveracruz.com\/#organization","name":"Los pol\u00edticos Veracruz","url":"https:\/\/lospoliticosveracruz.com\/","logo":{"@type":"ImageObject","inLanguage":"es","@id":"https:\/\/lospoliticosveracruz.com\/#\/schema\/logo\/image\/","url":"https:\/\/lospoliticosveracruz.com\/wp-content\/uploads\/2025\/12\/Logo-Nuevo-LOS-POLITICOS-1.jpg","contentUrl":"https:\/\/lospoliticosveracruz.com\/wp-content\/uploads\/2025\/12\/Logo-Nuevo-LOS-POLITICOS-1.jpg","width":260,"height":70,"caption":"Los pol\u00edticos Veracruz"},"image":{"@id":"https:\/\/lospoliticosveracruz.com\/#\/schema\/logo\/image\/"},"sameAs":["https:\/\/www.facebook.com\/people\/Notimemes-de-los-Polticos\/61565672886568\/","https:\/\/x.com\/LosPoliticosVer"]},{"@type":"Person","@id":"https:\/\/lospoliticosveracruz.com\/#\/schema\/person\/b8702bb0e538456e6efd07080bf2a4a2","name":"Lo viste en Los Pol\u00edticos","image":{"@type":"ImageObject","inLanguage":"es","@id":"https:\/\/secure.gravatar.com\/avatar\/3a8de04a2656d44082be478bd6c086daa447c4651605818287b9532d3d0bd435?s=96&d=mm&r=g","url":"https:\/\/secure.gravatar.com\/avatar\/3a8de04a2656d44082be478bd6c086daa447c4651605818287b9532d3d0bd435?s=96&d=mm&r=g","contentUrl":"https:\/\/secure.gravatar.com\/avatar\/3a8de04a2656d44082be478bd6c086daa447c4651605818287b9532d3d0bd435?s=96&d=mm&r=g","caption":"Lo viste en Los Pol\u00edticos"},"url":"https:\/\/lospoliticosveracruz.com\/?author=2"}]}},"_links":{"self":[{"href":"https:\/\/lospoliticosveracruz.com\/index.php?rest_route=\/wp\/v2\/posts\/166045","targetHints":{"allow":["GET"]}}],"collection":[{"href":"https:\/\/lospoliticosveracruz.com\/index.php?rest_route=\/wp\/v2\/posts"}],"about":[{"href":"https:\/\/lospoliticosveracruz.com\/index.php?rest_route=\/wp\/v2\/types\/post"}],"author":[{"embeddable":true,"href":"https:\/\/lospoliticosveracruz.com\/index.php?rest_route=\/wp\/v2\/users\/2"}],"replies":[{"embeddable":true,"href":"https:\/\/lospoliticosveracruz.com\/index.php?rest_route=%2Fwp%2Fv2%2Fcomments&post=166045"}],"version-history":[{"count":1,"href":"https:\/\/lospoliticosveracruz.com\/index.php?rest_route=\/wp\/v2\/posts\/166045\/revisions"}],"predecessor-version":[{"id":166046,"href":"https:\/\/lospoliticosveracruz.com\/index.php?rest_route=\/wp\/v2\/posts\/166045\/revisions\/166046"}],"wp:featuredmedia":[{"embeddable":true,"href":"https:\/\/lospoliticosveracruz.com\/index.php?rest_route=\/wp\/v2\/media\/141431"}],"wp:attachment":[{"href":"https:\/\/lospoliticosveracruz.com\/index.php?rest_route=%2Fwp%2Fv2%2Fmedia&parent=166045"}],"wp:term":[{"taxonomy":"category","embeddable":true,"href":"https:\/\/lospoliticosveracruz.com\/index.php?rest_route=%2Fwp%2Fv2%2Fcategories&post=166045"},{"taxonomy":"post_tag","embeddable":true,"href":"https:\/\/lospoliticosveracruz.com\/index.php?rest_route=%2Fwp%2Fv2%2Ftags&post=166045"}],"curies":[{"name":"wp","href":"https:\/\/api.w.org\/{rel}","templated":true}]}}