{"id":166048,"date":"2026-03-13T10:06:52","date_gmt":"2026-03-13T16:06:52","guid":{"rendered":"https:\/\/lospoliticosveracruz.com\/?p=166048"},"modified":"2026-03-13T10:06:53","modified_gmt":"2026-03-13T16:06:53","slug":"ninas-no-madres-2","status":"publish","type":"post","link":"https:\/\/lospoliticosveracruz.com\/?p=166048","title":{"rendered":"NI\u00d1AS, NO MADRES"},"content":{"rendered":"\n<p><\/p>\n\n\n\n<p><strong>Agust\u00edn Torres Delgado<br><\/strong><em>Pa\u00b4 Vivir a Gusto<\/em><\/p>\n\n\n\n<p>Este fin de semana, en el marco del 8M, me llam\u00f3 mucho la atenci\u00f3n el mensaje de Sasha Sokol respecto de la denuncia p\u00fablica que interpuso hace cuatro a\u00f1os contra el productor Luis de Llano. La cantante acusa que, pese al fallo de la Suprema Corte de Justicia, el productor no ha emitido la disculpa p\u00fablica a la que la Corte lo obliga y tampoco ha pagado la suma econ\u00f3mica que le mandata la misma instancia. Dicha suma \u2014ha manifestado la artista\u2014 ser\u00e1 donada a una instituci\u00f3n de defensa de menores.<br>Sasha ha dicho que Luis de Llano ten\u00eda 39 a\u00f1os y ella ten\u00eda 14 cuando se realiz\u00f3 el abuso. Y me ha llamado mucho la atenci\u00f3n por varios motivos. Primero, si ella, que es una figura p\u00fablica, lleva una lucha de a\u00f1os sin obtener justicia, imag\u00ednense las miles, millones de ni\u00f1as que siguen sin recibirla.<br>Segundo, porque me hizo recordar el reportaje que Milenio realiz\u00f3 recientemente y que titul\u00f3 \u201cMadre de 16, Padre de 85\u201d, en el que analizaron datos p\u00fablicos de la Secretar\u00eda de Salud federal, que reportan que entre 2020 y 2024 se registraron 3 mil 720 nacimientos en los que la madre ten\u00eda entre 10 y 17 a\u00f1os y el padre, 40 a\u00f1os o m\u00e1s. M\u00e9xico tiene la mayor tasa de embarazo adolescente (15-19 a\u00f1os) entre los pa\u00edses miembros de la Organizaci\u00f3n para la Cooperaci\u00f3n y el Desarrollo Econ\u00f3micos (OCDE) y los estados con mayores \u00edndices de embarazo infantil y adolescente son Chiapas, Guerrero, Oaxaca, Michoac\u00e1n, Tlaxcala y Veracruz.<br>En cualquier parte del mundo estas cifras ser\u00edan escandalosas, dignas de sacudir a un pa\u00eds. Adem\u00e1s de lo fuerte que resulta conocer la cifra de miles de ni\u00f1as que son madres, deja ver y pone en evidencia, la vergonzosa escala de abuso y lo poco que hemos hecho, sociedad y gobierno, para evitarlo.<br>Las ni\u00f1as deben jugar, no criar; las ni\u00f1as deben ser ni\u00f1as, no madres. Y hay que hablar de esto: normalizarlo da\u00f1a. Cualquier embarazo de una ni\u00f1a es abuso sexual. Cada vez que una ni\u00f1a se embaraza fallamos como sociedad; no es tradici\u00f3n, decisi\u00f3n temprana ni una historia de amor. Es, en la mayor\u00eda de los casos, una forma de violencia que seguimos tolerando.<br>A\u00fan m\u00e1s grave es que en algunas regiones de nuestro pa\u00eds todav\u00eda existan pr\u00e1cticas que tambi\u00e9n deber\u00edan escandalizarnos: ni\u00f1as que son vendidas, entregadas o \u201cregaladas\u201d en matrimonios arreglados. Aunque lo disfracen de usos y costumbres, acuerdos familiares o tradici\u00f3n, cuando una ni\u00f1a es tratada como moneda de cambio estamos ante una flagrante violaci\u00f3n a sus derechos humanos y es trata de personas, aqu\u00ed y en China.<br>La pura indignaci\u00f3n no es suficiente; necesitamos pol\u00edticas p\u00fablicas serias, sostenidas y basadas en la evidencia. Necesitamos una estrategia nacional con m\u00e1s firmeza para prevenir el embarazo en ni\u00f1as y adolescentes, que les garantice acceso real y efectivo a una educaci\u00f3n sexual integral desde temprana edad, informaci\u00f3n clara sobre qu\u00e9 es el consentimiento y las relaciones sanas, y que cuenten con acceso a servicios de salud reproductiva.<br>La educaci\u00f3n sexual no es para promover la actividad sexual, sirve para que exista conocimiento, autonom\u00eda y protecci\u00f3n. Negarse a proporcionarla no protege a la ni\u00f1ez; la deja m\u00e1s vulnerable. Esta discusi\u00f3n sobre el embarazo infantil no debe incomodarnos; debe ocuparnos e impulsarnos a atenderlo de forma urgente. Nuestras ni\u00f1as deben ser ni\u00f1as, no madres. M\u00e9xico no puede aspirar a un futuro m\u00e1s justo si permitimos que nuestras ni\u00f1as pierdan la infancia; lo digo tambi\u00e9n como padre de chicas de 12 y 9 a\u00f1os.<br>Lo ha dicho nuestro coordinador nacional, Jorge \u00c1lvarez M\u00e1ynez, una y otra vez: Por el bien de todos, primero las ni\u00f1as y los ni\u00f1os.<br>Agust\u00edn Torres Delgado<br>Secretario General de Acuerdos<br>Movimiento Ciudadano<\/p>\n","protected":false},"excerpt":{"rendered":"<p>Agust\u00edn Torres DelgadoPa\u00b4 Vivir a Gusto Este fin de semana, en el marco del 8M, me llam\u00f3 mucho la atenci\u00f3n el mensaje de Sasha Sokol respecto de la denuncia p\u00fablica que interpuso hace cuatro a\u00f1os contra el productor Luis de Llano. La cantante acusa que, pese al fallo de la Suprema Corte de Justicia, el [&hellip;]<\/p>\n","protected":false},"author":2,"featured_media":151473,"comment_status":"closed","ping_status":"closed","sticky":false,"template":"","format":"standard","meta":{"tdm_status":"","tdm_grid_status":"","footnotes":""},"categories":[70],"tags":[57356,57360,57355,57359,57357,57358],"class_list":{"0":"post-166048","1":"post","2":"type-post","3":"status-publish","4":"format-standard","5":"has-post-thumbnail","7":"category-de-opinion","8":"tag-agustin-torres-delgado-pa-vivir-a-gusto","9":"tag-educacion-sexual-integral-mexico","10":"tag-embarazo-infantil-mexico-estadisticas-2026","11":"tag-movimiento-ciudadano-proteccion-infancia","12":"tag-prevencion-embarazo-adolescente-veracruz","13":"tag-sasha-sokol-luis-de-llano-justicia"},"yoast_head":"<!-- This site is optimized with the Yoast SEO plugin v27.4 - https:\/\/yoast.com\/product\/yoast-seo-wordpress\/ -->\n<title>NI\u00d1AS, NO MADRES - Los pol\u00edticos Veracruz<\/title>\n<meta name=\"robots\" content=\"index, follow, max-snippet:-1, max-image-preview:large, max-video-preview:-1\" \/>\n<link rel=\"canonical\" href=\"https:\/\/lospoliticosveracruz.com\/?p=166048\" \/>\n<meta property=\"og:locale\" content=\"es_ES\" \/>\n<meta property=\"og:type\" content=\"article\" \/>\n<meta property=\"og:title\" content=\"NI\u00d1AS, NO MADRES - Los pol\u00edticos Veracruz\" \/>\n<meta property=\"og:description\" content=\"Agust\u00edn Torres DelgadoPa\u00b4 Vivir a Gusto Este fin de semana, en el marco del 8M, me llam\u00f3 mucho la atenci\u00f3n el mensaje de Sasha Sokol respecto de la denuncia p\u00fablica que interpuso hace cuatro a\u00f1os contra el productor Luis de Llano. La cantante acusa que, pese al fallo de la Suprema Corte de Justicia, el [&hellip;]\" \/>\n<meta property=\"og:url\" content=\"https:\/\/lospoliticosveracruz.com\/?p=166048\" \/>\n<meta property=\"og:site_name\" content=\"Los pol\u00edticos Veracruz\" \/>\n<meta property=\"article:publisher\" content=\"https:\/\/www.facebook.com\/people\/Notimemes-de-los-Polticos\/61565672886568\/\" \/>\n<meta property=\"article:published_time\" content=\"2026-03-13T16:06:52+00:00\" \/>\n<meta property=\"article:modified_time\" content=\"2026-03-13T16:06:53+00:00\" \/>\n<meta property=\"og:image\" content=\"https:\/\/lospoliticosveracruz.com\/wp-content\/uploads\/2025\/08\/Agustin-Torres-Delgado.jpg\" \/>\n\t<meta property=\"og:image:width\" content=\"1250\" \/>\n\t<meta property=\"og:image:height\" content=\"667\" \/>\n\t<meta property=\"og:image:type\" content=\"image\/jpeg\" \/>\n<meta name=\"author\" content=\"Lo viste en Los Pol\u00edticos\" \/>\n<meta name=\"twitter:card\" content=\"summary_large_image\" \/>\n<meta name=\"twitter:creator\" content=\"@LosPoliticosVer\" \/>\n<meta name=\"twitter:site\" content=\"@LosPoliticosVer\" \/>\n<meta name=\"twitter:label1\" content=\"Escrito por\" \/>\n\t<meta name=\"twitter:data1\" content=\"Lo viste en Los Pol\u00edticos\" \/>\n\t<meta name=\"twitter:label2\" content=\"Tiempo de lectura\" \/>\n\t<meta name=\"twitter:data2\" content=\"4 minutos\" \/>\n<script type=\"application\/ld+json\" class=\"yoast-schema-graph\">{\"@context\":\"https:\\\/\\\/schema.org\",\"@graph\":[{\"@type\":\"Article\",\"@id\":\"https:\\\/\\\/lospoliticosveracruz.com\\\/?p=166048#article\",\"isPartOf\":{\"@id\":\"https:\\\/\\\/lospoliticosveracruz.com\\\/?p=166048\"},\"author\":{\"name\":\"Lo viste en Los Pol\u00edticos\",\"@id\":\"https:\\\/\\\/lospoliticosveracruz.com\\\/#\\\/schema\\\/person\\\/b8702bb0e538456e6efd07080bf2a4a2\"},\"headline\":\"NI\u00d1AS, NO MADRES\",\"datePublished\":\"2026-03-13T16:06:52+00:00\",\"dateModified\":\"2026-03-13T16:06:53+00:00\",\"mainEntityOfPage\":{\"@id\":\"https:\\\/\\\/lospoliticosveracruz.com\\\/?p=166048\"},\"wordCount\":691,\"publisher\":{\"@id\":\"https:\\\/\\\/lospoliticosveracruz.com\\\/#organization\"},\"image\":{\"@id\":\"https:\\\/\\\/lospoliticosveracruz.com\\\/?p=166048#primaryimage\"},\"thumbnailUrl\":\"https:\\\/\\\/lospoliticosveracruz.com\\\/wp-content\\\/uploads\\\/2025\\\/08\\\/Agustin-Torres-Delgado.jpg\",\"keywords\":[\"Agust\u00edn Torres Delgado Pa\u00b4 Vivir a Gusto\",\"educaci\u00f3n sexual integral M\u00e9xico\",\"embarazo infantil M\u00e9xico estad\u00edsticas 2026\",\"Movimiento Ciudadano protecci\u00f3n infancia\",\"prevenci\u00f3n embarazo adolescente Veracruz\",\"Sasha Sokol Luis de Llano justicia\"],\"articleSection\":[\"De Opini\u00f3n\"],\"inLanguage\":\"es\"},{\"@type\":\"WebPage\",\"@id\":\"https:\\\/\\\/lospoliticosveracruz.com\\\/?p=166048\",\"url\":\"https:\\\/\\\/lospoliticosveracruz.com\\\/?p=166048\",\"name\":\"NI\u00d1AS, NO MADRES - Los pol\u00edticos Veracruz\",\"isPartOf\":{\"@id\":\"https:\\\/\\\/lospoliticosveracruz.com\\\/#website\"},\"primaryImageOfPage\":{\"@id\":\"https:\\\/\\\/lospoliticosveracruz.com\\\/?p=166048#primaryimage\"},\"image\":{\"@id\":\"https:\\\/\\\/lospoliticosveracruz.com\\\/?p=166048#primaryimage\"},\"thumbnailUrl\":\"https:\\\/\\\/lospoliticosveracruz.com\\\/wp-content\\\/uploads\\\/2025\\\/08\\\/Agustin-Torres-Delgado.jpg\",\"datePublished\":\"2026-03-13T16:06:52+00:00\",\"dateModified\":\"2026-03-13T16:06:53+00:00\",\"breadcrumb\":{\"@id\":\"https:\\\/\\\/lospoliticosveracruz.com\\\/?p=166048#breadcrumb\"},\"inLanguage\":\"es\",\"potentialAction\":[{\"@type\":\"ReadAction\",\"target\":[\"https:\\\/\\\/lospoliticosveracruz.com\\\/?p=166048\"]}]},{\"@type\":\"ImageObject\",\"inLanguage\":\"es\",\"@id\":\"https:\\\/\\\/lospoliticosveracruz.com\\\/?p=166048#primaryimage\",\"url\":\"https:\\\/\\\/lospoliticosveracruz.com\\\/wp-content\\\/uploads\\\/2025\\\/08\\\/Agustin-Torres-Delgado.jpg\",\"contentUrl\":\"https:\\\/\\\/lospoliticosveracruz.com\\\/wp-content\\\/uploads\\\/2025\\\/08\\\/Agustin-Torres-Delgado.jpg\",\"width\":1250,\"height\":667},{\"@type\":\"BreadcrumbList\",\"@id\":\"https:\\\/\\\/lospoliticosveracruz.com\\\/?p=166048#breadcrumb\",\"itemListElement\":[{\"@type\":\"ListItem\",\"position\":1,\"name\":\"Portada\",\"item\":\"https:\\\/\\\/lospoliticosveracruz.com\\\/\"},{\"@type\":\"ListItem\",\"position\":2,\"name\":\"NI\u00d1AS, NO MADRES\"}]},{\"@type\":\"WebSite\",\"@id\":\"https:\\\/\\\/lospoliticosveracruz.com\\\/#website\",\"url\":\"https:\\\/\\\/lospoliticosveracruz.com\\\/\",\"name\":\"Los pol\u00edticos Veracruz\",\"description\":\"\",\"publisher\":{\"@id\":\"https:\\\/\\\/lospoliticosveracruz.com\\\/#organization\"},\"potentialAction\":[{\"@type\":\"SearchAction\",\"target\":{\"@type\":\"EntryPoint\",\"urlTemplate\":\"https:\\\/\\\/lospoliticosveracruz.com\\\/?s={search_term_string}\"},\"query-input\":{\"@type\":\"PropertyValueSpecification\",\"valueRequired\":true,\"valueName\":\"search_term_string\"}}],\"inLanguage\":\"es\"},{\"@type\":\"Organization\",\"@id\":\"https:\\\/\\\/lospoliticosveracruz.com\\\/#organization\",\"name\":\"Los pol\u00edticos Veracruz\",\"url\":\"https:\\\/\\\/lospoliticosveracruz.com\\\/\",\"logo\":{\"@type\":\"ImageObject\",\"inLanguage\":\"es\",\"@id\":\"https:\\\/\\\/lospoliticosveracruz.com\\\/#\\\/schema\\\/logo\\\/image\\\/\",\"url\":\"https:\\\/\\\/lospoliticosveracruz.com\\\/wp-content\\\/uploads\\\/2025\\\/12\\\/Logo-Nuevo-LOS-POLITICOS-1.jpg\",\"contentUrl\":\"https:\\\/\\\/lospoliticosveracruz.com\\\/wp-content\\\/uploads\\\/2025\\\/12\\\/Logo-Nuevo-LOS-POLITICOS-1.jpg\",\"width\":260,\"height\":70,\"caption\":\"Los pol\u00edticos Veracruz\"},\"image\":{\"@id\":\"https:\\\/\\\/lospoliticosveracruz.com\\\/#\\\/schema\\\/logo\\\/image\\\/\"},\"sameAs\":[\"https:\\\/\\\/www.facebook.com\\\/people\\\/Notimemes-de-los-Polticos\\\/61565672886568\\\/\",\"https:\\\/\\\/x.com\\\/LosPoliticosVer\"]},{\"@type\":\"Person\",\"@id\":\"https:\\\/\\\/lospoliticosveracruz.com\\\/#\\\/schema\\\/person\\\/b8702bb0e538456e6efd07080bf2a4a2\",\"name\":\"Lo viste en Los Pol\u00edticos\",\"image\":{\"@type\":\"ImageObject\",\"inLanguage\":\"es\",\"@id\":\"https:\\\/\\\/secure.gravatar.com\\\/avatar\\\/3a8de04a2656d44082be478bd6c086daa447c4651605818287b9532d3d0bd435?s=96&d=mm&r=g\",\"url\":\"https:\\\/\\\/secure.gravatar.com\\\/avatar\\\/3a8de04a2656d44082be478bd6c086daa447c4651605818287b9532d3d0bd435?s=96&d=mm&r=g\",\"contentUrl\":\"https:\\\/\\\/secure.gravatar.com\\\/avatar\\\/3a8de04a2656d44082be478bd6c086daa447c4651605818287b9532d3d0bd435?s=96&d=mm&r=g\",\"caption\":\"Lo viste en Los Pol\u00edticos\"},\"url\":\"https:\\\/\\\/lospoliticosveracruz.com\\\/?author=2\"}]}<\/script>\n<!-- \/ Yoast SEO plugin. -->","yoast_head_json":{"title":"NI\u00d1AS, NO MADRES - Los pol\u00edticos Veracruz","robots":{"index":"index","follow":"follow","max-snippet":"max-snippet:-1","max-image-preview":"max-image-preview:large","max-video-preview":"max-video-preview:-1"},"canonical":"https:\/\/lospoliticosveracruz.com\/?p=166048","og_locale":"es_ES","og_type":"article","og_title":"NI\u00d1AS, NO MADRES - Los pol\u00edticos Veracruz","og_description":"Agust\u00edn Torres DelgadoPa\u00b4 Vivir a Gusto Este fin de semana, en el marco del 8M, me llam\u00f3 mucho la atenci\u00f3n el mensaje de Sasha Sokol respecto de la denuncia p\u00fablica que interpuso hace cuatro a\u00f1os contra el productor Luis de Llano. La cantante acusa que, pese al fallo de la Suprema Corte de Justicia, el [&hellip;]","og_url":"https:\/\/lospoliticosveracruz.com\/?p=166048","og_site_name":"Los pol\u00edticos Veracruz","article_publisher":"https:\/\/www.facebook.com\/people\/Notimemes-de-los-Polticos\/61565672886568\/","article_published_time":"2026-03-13T16:06:52+00:00","article_modified_time":"2026-03-13T16:06:53+00:00","og_image":[{"width":1250,"height":667,"url":"https:\/\/lospoliticosveracruz.com\/wp-content\/uploads\/2025\/08\/Agustin-Torres-Delgado.jpg","type":"image\/jpeg"}],"author":"Lo viste en Los Pol\u00edticos","twitter_card":"summary_large_image","twitter_creator":"@LosPoliticosVer","twitter_site":"@LosPoliticosVer","twitter_misc":{"Escrito por":"Lo viste en Los Pol\u00edticos","Tiempo de lectura":"4 minutos"},"schema":{"@context":"https:\/\/schema.org","@graph":[{"@type":"Article","@id":"https:\/\/lospoliticosveracruz.com\/?p=166048#article","isPartOf":{"@id":"https:\/\/lospoliticosveracruz.com\/?p=166048"},"author":{"name":"Lo viste en Los Pol\u00edticos","@id":"https:\/\/lospoliticosveracruz.com\/#\/schema\/person\/b8702bb0e538456e6efd07080bf2a4a2"},"headline":"NI\u00d1AS, NO MADRES","datePublished":"2026-03-13T16:06:52+00:00","dateModified":"2026-03-13T16:06:53+00:00","mainEntityOfPage":{"@id":"https:\/\/lospoliticosveracruz.com\/?p=166048"},"wordCount":691,"publisher":{"@id":"https:\/\/lospoliticosveracruz.com\/#organization"},"image":{"@id":"https:\/\/lospoliticosveracruz.com\/?p=166048#primaryimage"},"thumbnailUrl":"https:\/\/lospoliticosveracruz.com\/wp-content\/uploads\/2025\/08\/Agustin-Torres-Delgado.jpg","keywords":["Agust\u00edn Torres Delgado Pa\u00b4 Vivir a Gusto","educaci\u00f3n sexual integral M\u00e9xico","embarazo infantil M\u00e9xico estad\u00edsticas 2026","Movimiento Ciudadano protecci\u00f3n infancia","prevenci\u00f3n embarazo adolescente Veracruz","Sasha Sokol Luis de Llano justicia"],"articleSection":["De Opini\u00f3n"],"inLanguage":"es"},{"@type":"WebPage","@id":"https:\/\/lospoliticosveracruz.com\/?p=166048","url":"https:\/\/lospoliticosveracruz.com\/?p=166048","name":"NI\u00d1AS, NO MADRES - Los pol\u00edticos Veracruz","isPartOf":{"@id":"https:\/\/lospoliticosveracruz.com\/#website"},"primaryImageOfPage":{"@id":"https:\/\/lospoliticosveracruz.com\/?p=166048#primaryimage"},"image":{"@id":"https:\/\/lospoliticosveracruz.com\/?p=166048#primaryimage"},"thumbnailUrl":"https:\/\/lospoliticosveracruz.com\/wp-content\/uploads\/2025\/08\/Agustin-Torres-Delgado.jpg","datePublished":"2026-03-13T16:06:52+00:00","dateModified":"2026-03-13T16:06:53+00:00","breadcrumb":{"@id":"https:\/\/lospoliticosveracruz.com\/?p=166048#breadcrumb"},"inLanguage":"es","potentialAction":[{"@type":"ReadAction","target":["https:\/\/lospoliticosveracruz.com\/?p=166048"]}]},{"@type":"ImageObject","inLanguage":"es","@id":"https:\/\/lospoliticosveracruz.com\/?p=166048#primaryimage","url":"https:\/\/lospoliticosveracruz.com\/wp-content\/uploads\/2025\/08\/Agustin-Torres-Delgado.jpg","contentUrl":"https:\/\/lospoliticosveracruz.com\/wp-content\/uploads\/2025\/08\/Agustin-Torres-Delgado.jpg","width":1250,"height":667},{"@type":"BreadcrumbList","@id":"https:\/\/lospoliticosveracruz.com\/?p=166048#breadcrumb","itemListElement":[{"@type":"ListItem","position":1,"name":"Portada","item":"https:\/\/lospoliticosveracruz.com\/"},{"@type":"ListItem","position":2,"name":"NI\u00d1AS, NO MADRES"}]},{"@type":"WebSite","@id":"https:\/\/lospoliticosveracruz.com\/#website","url":"https:\/\/lospoliticosveracruz.com\/","name":"Los pol\u00edticos Veracruz","description":"","publisher":{"@id":"https:\/\/lospoliticosveracruz.com\/#organization"},"potentialAction":[{"@type":"SearchAction","target":{"@type":"EntryPoint","urlTemplate":"https:\/\/lospoliticosveracruz.com\/?s={search_term_string}"},"query-input":{"@type":"PropertyValueSpecification","valueRequired":true,"valueName":"search_term_string"}}],"inLanguage":"es"},{"@type":"Organization","@id":"https:\/\/lospoliticosveracruz.com\/#organization","name":"Los pol\u00edticos Veracruz","url":"https:\/\/lospoliticosveracruz.com\/","logo":{"@type":"ImageObject","inLanguage":"es","@id":"https:\/\/lospoliticosveracruz.com\/#\/schema\/logo\/image\/","url":"https:\/\/lospoliticosveracruz.com\/wp-content\/uploads\/2025\/12\/Logo-Nuevo-LOS-POLITICOS-1.jpg","contentUrl":"https:\/\/lospoliticosveracruz.com\/wp-content\/uploads\/2025\/12\/Logo-Nuevo-LOS-POLITICOS-1.jpg","width":260,"height":70,"caption":"Los pol\u00edticos Veracruz"},"image":{"@id":"https:\/\/lospoliticosveracruz.com\/#\/schema\/logo\/image\/"},"sameAs":["https:\/\/www.facebook.com\/people\/Notimemes-de-los-Polticos\/61565672886568\/","https:\/\/x.com\/LosPoliticosVer"]},{"@type":"Person","@id":"https:\/\/lospoliticosveracruz.com\/#\/schema\/person\/b8702bb0e538456e6efd07080bf2a4a2","name":"Lo viste en Los Pol\u00edticos","image":{"@type":"ImageObject","inLanguage":"es","@id":"https:\/\/secure.gravatar.com\/avatar\/3a8de04a2656d44082be478bd6c086daa447c4651605818287b9532d3d0bd435?s=96&d=mm&r=g","url":"https:\/\/secure.gravatar.com\/avatar\/3a8de04a2656d44082be478bd6c086daa447c4651605818287b9532d3d0bd435?s=96&d=mm&r=g","contentUrl":"https:\/\/secure.gravatar.com\/avatar\/3a8de04a2656d44082be478bd6c086daa447c4651605818287b9532d3d0bd435?s=96&d=mm&r=g","caption":"Lo viste en Los Pol\u00edticos"},"url":"https:\/\/lospoliticosveracruz.com\/?author=2"}]}},"_links":{"self":[{"href":"https:\/\/lospoliticosveracruz.com\/index.php?rest_route=\/wp\/v2\/posts\/166048","targetHints":{"allow":["GET"]}}],"collection":[{"href":"https:\/\/lospoliticosveracruz.com\/index.php?rest_route=\/wp\/v2\/posts"}],"about":[{"href":"https:\/\/lospoliticosveracruz.com\/index.php?rest_route=\/wp\/v2\/types\/post"}],"author":[{"embeddable":true,"href":"https:\/\/lospoliticosveracruz.com\/index.php?rest_route=\/wp\/v2\/users\/2"}],"replies":[{"embeddable":true,"href":"https:\/\/lospoliticosveracruz.com\/index.php?rest_route=%2Fwp%2Fv2%2Fcomments&post=166048"}],"version-history":[{"count":1,"href":"https:\/\/lospoliticosveracruz.com\/index.php?rest_route=\/wp\/v2\/posts\/166048\/revisions"}],"predecessor-version":[{"id":166049,"href":"https:\/\/lospoliticosveracruz.com\/index.php?rest_route=\/wp\/v2\/posts\/166048\/revisions\/166049"}],"wp:featuredmedia":[{"embeddable":true,"href":"https:\/\/lospoliticosveracruz.com\/index.php?rest_route=\/wp\/v2\/media\/151473"}],"wp:attachment":[{"href":"https:\/\/lospoliticosveracruz.com\/index.php?rest_route=%2Fwp%2Fv2%2Fmedia&parent=166048"}],"wp:term":[{"taxonomy":"category","embeddable":true,"href":"https:\/\/lospoliticosveracruz.com\/index.php?rest_route=%2Fwp%2Fv2%2Fcategories&post=166048"},{"taxonomy":"post_tag","embeddable":true,"href":"https:\/\/lospoliticosveracruz.com\/index.php?rest_route=%2Fwp%2Fv2%2Ftags&post=166048"}],"curies":[{"name":"wp","href":"https:\/\/api.w.org\/{rel}","templated":true}]}}