{"id":166050,"date":"2026-03-13T10:37:47","date_gmt":"2026-03-13T16:37:47","guid":{"rendered":"https:\/\/lospoliticosveracruz.com\/?p=166050"},"modified":"2026-03-13T10:37:48","modified_gmt":"2026-03-13T16:37:48","slug":"el-dia-que-crecieron-los-chaparros","status":"publish","type":"post","link":"https:\/\/lospoliticosveracruz.com\/?p=166050","title":{"rendered":"EL D\u00cdA QUE CRECIERON LOS CHAPARROS"},"content":{"rendered":"\n<p><\/p>\n\n\n\n<p><strong>Bernardo Guti\u00e9rrez Parra<\/strong><\/p>\n\n\n\n<p><em>Desde el Caf\u00e9<br><\/em><\/p>\n\n\n\n<p><br>Si te fijas en la historia de los partidos chicos lector, su vida ha sido de genuflexi\u00f3n y obediencia a los partidos grandes que les han hecho el favor de aventarles las migajas necesarias para que conserven su registro. Acaso la excepci\u00f3n sea Movimiento Ciudadano que si en un principio tambi\u00e9n fue en coalici\u00f3n, de unos a\u00f1os a la fecha lo ha hecho en solitario y con excelentes resultados.<\/p>\n\n\n\n<p>Por lustros, tanto el PVEM como el PT han bailado al son que les han tocado el PRI, PRD y Morena y as\u00ed seguir\u00edan de no ser porque, (como sucedi\u00f3 en Veracruz), las cosas comenzaron a cambiar a principios del 2025 cuando los tres partidos se sentaron en la mesa para repartirse el pastel compuesto por 212 ayuntamientos y literal, Morena se agandall\u00f3 con casi todos.<\/p>\n\n\n\n<p>Cuando los chiquitines protestaron recibieron una respuesta grosera: \u201cSi no les gusta h\u00e1ganle como quieran\u201d.<\/p>\n\n\n\n<p>Y lo hicieron.<\/p>\n\n\n\n<p>Petistas y Verdes anunciaron que competir\u00edan por las alcald\u00edas en solitario, los morenos sobrados de soberbia los dejaron hacer y los veracruzanos dieron por descontado que un d\u00eda despu\u00e9s de los comicios, asistir\u00edan a los funerales de ambos partidos, pero \u00a1sopas!<\/p>\n\n\n\n<p>Hasta los propios petistas debieron sorprenderse cuando el PREP anunci\u00f3 que hab\u00edan ganado 28 alcald\u00edas, el PVEM 13 y s\u00f3lo 11 fueron para Morena que sufri\u00f3 su m\u00e1s severo descalabro. De no ser porque en varios municipios los morenos fueron aliados al verde que les dio 60 alcald\u00edas (para un total de 71), la paliza hubiera sido no s\u00f3lo hist\u00f3rica sino letal.<\/p>\n\n\n\n<p>Por esos d\u00edas escrib\u00ed que para las elecciones del 2027 no les ser\u00eda tan f\u00e1cil a los morenos sentarse a platicar de una alianza con dos partidos que ya no se sent\u00edan tan peque\u00f1os y estaban engallados.<\/p>\n\n\n\n<p>Pero no hubo necesidad de esperar un a\u00f1o. Se le pusieron al tu por tu a la presidenta Claudia Sheinbaum y le echaron para abajo su reforma electoral.<\/p>\n\n\n\n<p>\u00bfPor qu\u00e9?<\/p>\n\n\n\n<p>\u201cPorque nos quieren desaparecer como partidos y eso no lo vamos a permitir. Imagina que te dijeran \u2018para que la reforma prospere te tenemos que fusilar\u2019, \u00bfqu\u00e9 dir\u00edas? \u00bfqu\u00e9 har\u00edas? No se\u00f1or, todo tiene un l\u00edmite\u201d, me dijo un militante del Verde.<\/p>\n\n\n\n<p>Pero una vez que termin\u00f3 la bronca con la reforma, ahora s\u00ed viene el 2027 con unas elecciones donde se jugar\u00e1n 17 gubernaturas. En Veracruz se renovar\u00e1 el Congreso local que tiene 50 diputados.<\/p>\n\n\n\n<p>\u00bfIr\u00e1n en coalici\u00f3n Morena-PVEM y PT?<\/p>\n\n\n\n<p>Morena ya dijo que s\u00ed. M\u00e1s cautos, el Verde y PT han dicho que primero deber\u00e1n sentarse a platicar \u201cen igualdad de condiciones\u201d.<\/p>\n\n\n\n<p>Extraoficialmente el partido guinda ya tiene precandidatos (hasta tres por distrito) en al menos 19 de los 30 distritos electorales que casualmente son los mejores. Pero el Verde y el PT quieren al menos la mitad de esos distritos.<\/p>\n\n\n\n<p>\u201cNosotros no le hacemos el feo a la coalici\u00f3n, pero si estos se\u00f1ores (de Morena) se vuelven a poner groseros y d\u00e9spotas iremos solos. Hombre por hombre, mujer por mujer tenemos mejores candidatos que ellos en al menos 25 de los 30 distritos y no estamos dispuestos a aceptar moronas entre otras cosas, porque ya crecimos, ya no somos los chaparros del 2024\u201d me dijo un cercano a la c\u00fapula del PT.<\/p>\n\n\n\n<p>Por su parte, el representante del Verde me asegur\u00f3 que se abren para ellos otras posibilidades ya que podr\u00edan ir en coalici\u00f3n en busca de las curules locales.<\/p>\n\n\n\n<p>\u201c\u00bfVerde y PT en coalici\u00f3n?\u201d, pregunt\u00e9. \u201cS\u00ed, ese ser\u00eda nuestro plan B. Pero tambi\u00e9n tenemos un plan C\u201d. \u201c\u00bfUna coalici\u00f3n con el PRI o el PAN?\u201d volv\u00ed a preguntar. \u201cNo hombre, eso ya est\u00e1 superado\u201d.<\/p>\n\n\n\n<p>No necesit\u00e9 pensarle mucho para saber que el plan C ser\u00eda ir en alianza con Movimiento Ciudadano. Aunque falta saber lo que digan los naranjas.<\/p>\n\n\n\n<p>Lo que s\u00ed me qued\u00f3 claro es que al menos en Veracruz, tanto el Verde como el PT no aceptar\u00e1n ya m\u00e1s su calidad de comparsas. Los anima el resultado que obtuvieron en las elecciones municipales y no se conformar\u00e1n con migajas.<\/p>\n\n\n\n<p>Que hayan crecido los chaparros son p\u00e9simas noticias para el partido guinda que compitiendo en solitario nom\u00e1s no pinta. \u201cAntes nom\u00e1s nos tronaban los dedos y nos ten\u00edan comiendo de su mano, pero ahora las cosas ser\u00e1n distintas\u201d.<\/p>\n\n\n\n<p>\u00bfSer\u00e1? Veremos.<\/p>\n\n\n\n<p>bernagup28@gmail.com<\/p>\n","protected":false},"excerpt":{"rendered":"<p>Bernardo Guti\u00e9rrez Parra Desde el Caf\u00e9 Si te fijas en la historia de los partidos chicos lector, su vida ha sido de genuflexi\u00f3n y obediencia a los partidos grandes que les han hecho el favor de aventarles las migajas necesarias para que conserven su registro. Acaso la excepci\u00f3n sea Movimiento Ciudadano que si en un [&hellip;]<\/p>\n","protected":false},"author":2,"featured_media":141479,"comment_status":"closed","ping_status":"closed","sticky":false,"template":"","format":"standard","meta":{"tdm_status":"","tdm_grid_status":"","footnotes":""},"categories":[70],"tags":[49092,57363,57364,57362,50053,57361],"class_list":{"0":"post-166050","1":"post","2":"type-post","3":"status-publish","4":"format-standard","5":"has-post-thumbnail","7":"category-de-opinion","8":"tag-bernardo-gutierrez-parra-desde-el-cafe","9":"tag-coalicion-morena-pvem-pt-veracruz","10":"tag-crecimiento-partidos-chicos-mexico","11":"tag-elecciones-2027-veracruz-congreso-local","12":"tag-elecciones-municipales-veracruz-2025-resultados","13":"tag-reforma-electoral-claudia-sheinbaum-rechazo"},"yoast_head":"<!-- This site is optimized with the Yoast SEO plugin v27.4 - https:\/\/yoast.com\/product\/yoast-seo-wordpress\/ -->\n<title>EL D\u00cdA QUE CRECIERON LOS CHAPARROS - Los pol\u00edticos Veracruz<\/title>\n<meta name=\"robots\" content=\"index, follow, max-snippet:-1, max-image-preview:large, max-video-preview:-1\" \/>\n<link rel=\"canonical\" href=\"https:\/\/lospoliticosveracruz.com\/?p=166050\" \/>\n<meta property=\"og:locale\" content=\"es_ES\" \/>\n<meta property=\"og:type\" content=\"article\" \/>\n<meta property=\"og:title\" content=\"EL D\u00cdA QUE CRECIERON LOS CHAPARROS - Los pol\u00edticos Veracruz\" \/>\n<meta property=\"og:description\" content=\"Bernardo Guti\u00e9rrez Parra Desde el Caf\u00e9 Si te fijas en la historia de los partidos chicos lector, su vida ha sido de genuflexi\u00f3n y obediencia a los partidos grandes que les han hecho el favor de aventarles las migajas necesarias para que conserven su registro. Acaso la excepci\u00f3n sea Movimiento Ciudadano que si en un [&hellip;]\" \/>\n<meta property=\"og:url\" content=\"https:\/\/lospoliticosveracruz.com\/?p=166050\" \/>\n<meta property=\"og:site_name\" content=\"Los pol\u00edticos Veracruz\" \/>\n<meta property=\"article:publisher\" content=\"https:\/\/www.facebook.com\/people\/Notimemes-de-los-Polticos\/61565672886568\/\" \/>\n<meta property=\"article:published_time\" content=\"2026-03-13T16:37:47+00:00\" \/>\n<meta property=\"article:modified_time\" content=\"2026-03-13T16:37:48+00:00\" \/>\n<meta property=\"og:image\" content=\"https:\/\/lospoliticosveracruz.com\/wp-content\/uploads\/2025\/04\/Bernardo-Gutierrez-Parra.jpg\" \/>\n\t<meta property=\"og:image:width\" content=\"1250\" \/>\n\t<meta property=\"og:image:height\" content=\"667\" \/>\n\t<meta property=\"og:image:type\" content=\"image\/jpeg\" \/>\n<meta name=\"author\" content=\"Lo viste en Los Pol\u00edticos\" \/>\n<meta name=\"twitter:card\" content=\"summary_large_image\" \/>\n<meta name=\"twitter:creator\" content=\"@LosPoliticosVer\" \/>\n<meta name=\"twitter:site\" content=\"@LosPoliticosVer\" \/>\n<meta name=\"twitter:label1\" content=\"Escrito por\" \/>\n\t<meta name=\"twitter:data1\" content=\"Lo viste en Los Pol\u00edticos\" \/>\n\t<meta name=\"twitter:label2\" content=\"Tiempo de lectura\" \/>\n\t<meta name=\"twitter:data2\" content=\"4 minutos\" \/>\n<script type=\"application\/ld+json\" class=\"yoast-schema-graph\">{\"@context\":\"https:\\\/\\\/schema.org\",\"@graph\":[{\"@type\":\"Article\",\"@id\":\"https:\\\/\\\/lospoliticosveracruz.com\\\/?p=166050#article\",\"isPartOf\":{\"@id\":\"https:\\\/\\\/lospoliticosveracruz.com\\\/?p=166050\"},\"author\":{\"name\":\"Lo viste en Los Pol\u00edticos\",\"@id\":\"https:\\\/\\\/lospoliticosveracruz.com\\\/#\\\/schema\\\/person\\\/b8702bb0e538456e6efd07080bf2a4a2\"},\"headline\":\"EL D\u00cdA QUE CRECIERON LOS CHAPARROS\",\"datePublished\":\"2026-03-13T16:37:47+00:00\",\"dateModified\":\"2026-03-13T16:37:48+00:00\",\"mainEntityOfPage\":{\"@id\":\"https:\\\/\\\/lospoliticosveracruz.com\\\/?p=166050\"},\"wordCount\":763,\"publisher\":{\"@id\":\"https:\\\/\\\/lospoliticosveracruz.com\\\/#organization\"},\"image\":{\"@id\":\"https:\\\/\\\/lospoliticosveracruz.com\\\/?p=166050#primaryimage\"},\"thumbnailUrl\":\"https:\\\/\\\/lospoliticosveracruz.com\\\/wp-content\\\/uploads\\\/2025\\\/04\\\/Bernardo-Gutierrez-Parra.jpg\",\"keywords\":[\"Bernardo Guti\u00e9rrez Parra Desde el Caf\u00e9\",\"coalici\u00f3n Morena PVEM PT Veracruz\",\"crecimiento partidos chicos M\u00e9xico\",\"elecciones 2027 Veracruz Congreso local\",\"Elecciones municipales Veracruz 2025 resultados\",\"reforma electoral Claudia Sheinbaum rechazo\"],\"articleSection\":[\"De Opini\u00f3n\"],\"inLanguage\":\"es\"},{\"@type\":\"WebPage\",\"@id\":\"https:\\\/\\\/lospoliticosveracruz.com\\\/?p=166050\",\"url\":\"https:\\\/\\\/lospoliticosveracruz.com\\\/?p=166050\",\"name\":\"EL D\u00cdA QUE CRECIERON LOS CHAPARROS - Los pol\u00edticos Veracruz\",\"isPartOf\":{\"@id\":\"https:\\\/\\\/lospoliticosveracruz.com\\\/#website\"},\"primaryImageOfPage\":{\"@id\":\"https:\\\/\\\/lospoliticosveracruz.com\\\/?p=166050#primaryimage\"},\"image\":{\"@id\":\"https:\\\/\\\/lospoliticosveracruz.com\\\/?p=166050#primaryimage\"},\"thumbnailUrl\":\"https:\\\/\\\/lospoliticosveracruz.com\\\/wp-content\\\/uploads\\\/2025\\\/04\\\/Bernardo-Gutierrez-Parra.jpg\",\"datePublished\":\"2026-03-13T16:37:47+00:00\",\"dateModified\":\"2026-03-13T16:37:48+00:00\",\"breadcrumb\":{\"@id\":\"https:\\\/\\\/lospoliticosveracruz.com\\\/?p=166050#breadcrumb\"},\"inLanguage\":\"es\",\"potentialAction\":[{\"@type\":\"ReadAction\",\"target\":[\"https:\\\/\\\/lospoliticosveracruz.com\\\/?p=166050\"]}]},{\"@type\":\"ImageObject\",\"inLanguage\":\"es\",\"@id\":\"https:\\\/\\\/lospoliticosveracruz.com\\\/?p=166050#primaryimage\",\"url\":\"https:\\\/\\\/lospoliticosveracruz.com\\\/wp-content\\\/uploads\\\/2025\\\/04\\\/Bernardo-Gutierrez-Parra.jpg\",\"contentUrl\":\"https:\\\/\\\/lospoliticosveracruz.com\\\/wp-content\\\/uploads\\\/2025\\\/04\\\/Bernardo-Gutierrez-Parra.jpg\",\"width\":1250,\"height\":667},{\"@type\":\"BreadcrumbList\",\"@id\":\"https:\\\/\\\/lospoliticosveracruz.com\\\/?p=166050#breadcrumb\",\"itemListElement\":[{\"@type\":\"ListItem\",\"position\":1,\"name\":\"Portada\",\"item\":\"https:\\\/\\\/lospoliticosveracruz.com\\\/\"},{\"@type\":\"ListItem\",\"position\":2,\"name\":\"EL D\u00cdA QUE CRECIERON LOS CHAPARROS\"}]},{\"@type\":\"WebSite\",\"@id\":\"https:\\\/\\\/lospoliticosveracruz.com\\\/#website\",\"url\":\"https:\\\/\\\/lospoliticosveracruz.com\\\/\",\"name\":\"Los pol\u00edticos Veracruz\",\"description\":\"\",\"publisher\":{\"@id\":\"https:\\\/\\\/lospoliticosveracruz.com\\\/#organization\"},\"potentialAction\":[{\"@type\":\"SearchAction\",\"target\":{\"@type\":\"EntryPoint\",\"urlTemplate\":\"https:\\\/\\\/lospoliticosveracruz.com\\\/?s={search_term_string}\"},\"query-input\":{\"@type\":\"PropertyValueSpecification\",\"valueRequired\":true,\"valueName\":\"search_term_string\"}}],\"inLanguage\":\"es\"},{\"@type\":\"Organization\",\"@id\":\"https:\\\/\\\/lospoliticosveracruz.com\\\/#organization\",\"name\":\"Los pol\u00edticos Veracruz\",\"url\":\"https:\\\/\\\/lospoliticosveracruz.com\\\/\",\"logo\":{\"@type\":\"ImageObject\",\"inLanguage\":\"es\",\"@id\":\"https:\\\/\\\/lospoliticosveracruz.com\\\/#\\\/schema\\\/logo\\\/image\\\/\",\"url\":\"https:\\\/\\\/lospoliticosveracruz.com\\\/wp-content\\\/uploads\\\/2025\\\/12\\\/Logo-Nuevo-LOS-POLITICOS-1.jpg\",\"contentUrl\":\"https:\\\/\\\/lospoliticosveracruz.com\\\/wp-content\\\/uploads\\\/2025\\\/12\\\/Logo-Nuevo-LOS-POLITICOS-1.jpg\",\"width\":260,\"height\":70,\"caption\":\"Los pol\u00edticos Veracruz\"},\"image\":{\"@id\":\"https:\\\/\\\/lospoliticosveracruz.com\\\/#\\\/schema\\\/logo\\\/image\\\/\"},\"sameAs\":[\"https:\\\/\\\/www.facebook.com\\\/people\\\/Notimemes-de-los-Polticos\\\/61565672886568\\\/\",\"https:\\\/\\\/x.com\\\/LosPoliticosVer\"]},{\"@type\":\"Person\",\"@id\":\"https:\\\/\\\/lospoliticosveracruz.com\\\/#\\\/schema\\\/person\\\/b8702bb0e538456e6efd07080bf2a4a2\",\"name\":\"Lo viste en Los Pol\u00edticos\",\"image\":{\"@type\":\"ImageObject\",\"inLanguage\":\"es\",\"@id\":\"https:\\\/\\\/secure.gravatar.com\\\/avatar\\\/3a8de04a2656d44082be478bd6c086daa447c4651605818287b9532d3d0bd435?s=96&d=mm&r=g\",\"url\":\"https:\\\/\\\/secure.gravatar.com\\\/avatar\\\/3a8de04a2656d44082be478bd6c086daa447c4651605818287b9532d3d0bd435?s=96&d=mm&r=g\",\"contentUrl\":\"https:\\\/\\\/secure.gravatar.com\\\/avatar\\\/3a8de04a2656d44082be478bd6c086daa447c4651605818287b9532d3d0bd435?s=96&d=mm&r=g\",\"caption\":\"Lo viste en Los Pol\u00edticos\"},\"url\":\"https:\\\/\\\/lospoliticosveracruz.com\\\/?author=2\"}]}<\/script>\n<!-- \/ Yoast SEO plugin. -->","yoast_head_json":{"title":"EL D\u00cdA QUE CRECIERON LOS CHAPARROS - Los pol\u00edticos Veracruz","robots":{"index":"index","follow":"follow","max-snippet":"max-snippet:-1","max-image-preview":"max-image-preview:large","max-video-preview":"max-video-preview:-1"},"canonical":"https:\/\/lospoliticosveracruz.com\/?p=166050","og_locale":"es_ES","og_type":"article","og_title":"EL D\u00cdA QUE CRECIERON LOS CHAPARROS - Los pol\u00edticos Veracruz","og_description":"Bernardo Guti\u00e9rrez Parra Desde el Caf\u00e9 Si te fijas en la historia de los partidos chicos lector, su vida ha sido de genuflexi\u00f3n y obediencia a los partidos grandes que les han hecho el favor de aventarles las migajas necesarias para que conserven su registro. Acaso la excepci\u00f3n sea Movimiento Ciudadano que si en un [&hellip;]","og_url":"https:\/\/lospoliticosveracruz.com\/?p=166050","og_site_name":"Los pol\u00edticos Veracruz","article_publisher":"https:\/\/www.facebook.com\/people\/Notimemes-de-los-Polticos\/61565672886568\/","article_published_time":"2026-03-13T16:37:47+00:00","article_modified_time":"2026-03-13T16:37:48+00:00","og_image":[{"width":1250,"height":667,"url":"https:\/\/lospoliticosveracruz.com\/wp-content\/uploads\/2025\/04\/Bernardo-Gutierrez-Parra.jpg","type":"image\/jpeg"}],"author":"Lo viste en Los Pol\u00edticos","twitter_card":"summary_large_image","twitter_creator":"@LosPoliticosVer","twitter_site":"@LosPoliticosVer","twitter_misc":{"Escrito por":"Lo viste en Los Pol\u00edticos","Tiempo de lectura":"4 minutos"},"schema":{"@context":"https:\/\/schema.org","@graph":[{"@type":"Article","@id":"https:\/\/lospoliticosveracruz.com\/?p=166050#article","isPartOf":{"@id":"https:\/\/lospoliticosveracruz.com\/?p=166050"},"author":{"name":"Lo viste en Los Pol\u00edticos","@id":"https:\/\/lospoliticosveracruz.com\/#\/schema\/person\/b8702bb0e538456e6efd07080bf2a4a2"},"headline":"EL D\u00cdA QUE CRECIERON LOS CHAPARROS","datePublished":"2026-03-13T16:37:47+00:00","dateModified":"2026-03-13T16:37:48+00:00","mainEntityOfPage":{"@id":"https:\/\/lospoliticosveracruz.com\/?p=166050"},"wordCount":763,"publisher":{"@id":"https:\/\/lospoliticosveracruz.com\/#organization"},"image":{"@id":"https:\/\/lospoliticosveracruz.com\/?p=166050#primaryimage"},"thumbnailUrl":"https:\/\/lospoliticosveracruz.com\/wp-content\/uploads\/2025\/04\/Bernardo-Gutierrez-Parra.jpg","keywords":["Bernardo Guti\u00e9rrez Parra Desde el Caf\u00e9","coalici\u00f3n Morena PVEM PT Veracruz","crecimiento partidos chicos M\u00e9xico","elecciones 2027 Veracruz Congreso local","Elecciones municipales Veracruz 2025 resultados","reforma electoral Claudia Sheinbaum rechazo"],"articleSection":["De Opini\u00f3n"],"inLanguage":"es"},{"@type":"WebPage","@id":"https:\/\/lospoliticosveracruz.com\/?p=166050","url":"https:\/\/lospoliticosveracruz.com\/?p=166050","name":"EL D\u00cdA QUE CRECIERON LOS CHAPARROS - Los pol\u00edticos Veracruz","isPartOf":{"@id":"https:\/\/lospoliticosveracruz.com\/#website"},"primaryImageOfPage":{"@id":"https:\/\/lospoliticosveracruz.com\/?p=166050#primaryimage"},"image":{"@id":"https:\/\/lospoliticosveracruz.com\/?p=166050#primaryimage"},"thumbnailUrl":"https:\/\/lospoliticosveracruz.com\/wp-content\/uploads\/2025\/04\/Bernardo-Gutierrez-Parra.jpg","datePublished":"2026-03-13T16:37:47+00:00","dateModified":"2026-03-13T16:37:48+00:00","breadcrumb":{"@id":"https:\/\/lospoliticosveracruz.com\/?p=166050#breadcrumb"},"inLanguage":"es","potentialAction":[{"@type":"ReadAction","target":["https:\/\/lospoliticosveracruz.com\/?p=166050"]}]},{"@type":"ImageObject","inLanguage":"es","@id":"https:\/\/lospoliticosveracruz.com\/?p=166050#primaryimage","url":"https:\/\/lospoliticosveracruz.com\/wp-content\/uploads\/2025\/04\/Bernardo-Gutierrez-Parra.jpg","contentUrl":"https:\/\/lospoliticosveracruz.com\/wp-content\/uploads\/2025\/04\/Bernardo-Gutierrez-Parra.jpg","width":1250,"height":667},{"@type":"BreadcrumbList","@id":"https:\/\/lospoliticosveracruz.com\/?p=166050#breadcrumb","itemListElement":[{"@type":"ListItem","position":1,"name":"Portada","item":"https:\/\/lospoliticosveracruz.com\/"},{"@type":"ListItem","position":2,"name":"EL D\u00cdA QUE CRECIERON LOS CHAPARROS"}]},{"@type":"WebSite","@id":"https:\/\/lospoliticosveracruz.com\/#website","url":"https:\/\/lospoliticosveracruz.com\/","name":"Los pol\u00edticos Veracruz","description":"","publisher":{"@id":"https:\/\/lospoliticosveracruz.com\/#organization"},"potentialAction":[{"@type":"SearchAction","target":{"@type":"EntryPoint","urlTemplate":"https:\/\/lospoliticosveracruz.com\/?s={search_term_string}"},"query-input":{"@type":"PropertyValueSpecification","valueRequired":true,"valueName":"search_term_string"}}],"inLanguage":"es"},{"@type":"Organization","@id":"https:\/\/lospoliticosveracruz.com\/#organization","name":"Los pol\u00edticos Veracruz","url":"https:\/\/lospoliticosveracruz.com\/","logo":{"@type":"ImageObject","inLanguage":"es","@id":"https:\/\/lospoliticosveracruz.com\/#\/schema\/logo\/image\/","url":"https:\/\/lospoliticosveracruz.com\/wp-content\/uploads\/2025\/12\/Logo-Nuevo-LOS-POLITICOS-1.jpg","contentUrl":"https:\/\/lospoliticosveracruz.com\/wp-content\/uploads\/2025\/12\/Logo-Nuevo-LOS-POLITICOS-1.jpg","width":260,"height":70,"caption":"Los pol\u00edticos Veracruz"},"image":{"@id":"https:\/\/lospoliticosveracruz.com\/#\/schema\/logo\/image\/"},"sameAs":["https:\/\/www.facebook.com\/people\/Notimemes-de-los-Polticos\/61565672886568\/","https:\/\/x.com\/LosPoliticosVer"]},{"@type":"Person","@id":"https:\/\/lospoliticosveracruz.com\/#\/schema\/person\/b8702bb0e538456e6efd07080bf2a4a2","name":"Lo viste en Los Pol\u00edticos","image":{"@type":"ImageObject","inLanguage":"es","@id":"https:\/\/secure.gravatar.com\/avatar\/3a8de04a2656d44082be478bd6c086daa447c4651605818287b9532d3d0bd435?s=96&d=mm&r=g","url":"https:\/\/secure.gravatar.com\/avatar\/3a8de04a2656d44082be478bd6c086daa447c4651605818287b9532d3d0bd435?s=96&d=mm&r=g","contentUrl":"https:\/\/secure.gravatar.com\/avatar\/3a8de04a2656d44082be478bd6c086daa447c4651605818287b9532d3d0bd435?s=96&d=mm&r=g","caption":"Lo viste en Los Pol\u00edticos"},"url":"https:\/\/lospoliticosveracruz.com\/?author=2"}]}},"_links":{"self":[{"href":"https:\/\/lospoliticosveracruz.com\/index.php?rest_route=\/wp\/v2\/posts\/166050","targetHints":{"allow":["GET"]}}],"collection":[{"href":"https:\/\/lospoliticosveracruz.com\/index.php?rest_route=\/wp\/v2\/posts"}],"about":[{"href":"https:\/\/lospoliticosveracruz.com\/index.php?rest_route=\/wp\/v2\/types\/post"}],"author":[{"embeddable":true,"href":"https:\/\/lospoliticosveracruz.com\/index.php?rest_route=\/wp\/v2\/users\/2"}],"replies":[{"embeddable":true,"href":"https:\/\/lospoliticosveracruz.com\/index.php?rest_route=%2Fwp%2Fv2%2Fcomments&post=166050"}],"version-history":[{"count":1,"href":"https:\/\/lospoliticosveracruz.com\/index.php?rest_route=\/wp\/v2\/posts\/166050\/revisions"}],"predecessor-version":[{"id":166051,"href":"https:\/\/lospoliticosveracruz.com\/index.php?rest_route=\/wp\/v2\/posts\/166050\/revisions\/166051"}],"wp:featuredmedia":[{"embeddable":true,"href":"https:\/\/lospoliticosveracruz.com\/index.php?rest_route=\/wp\/v2\/media\/141479"}],"wp:attachment":[{"href":"https:\/\/lospoliticosveracruz.com\/index.php?rest_route=%2Fwp%2Fv2%2Fmedia&parent=166050"}],"wp:term":[{"taxonomy":"category","embeddable":true,"href":"https:\/\/lospoliticosveracruz.com\/index.php?rest_route=%2Fwp%2Fv2%2Fcategories&post=166050"},{"taxonomy":"post_tag","embeddable":true,"href":"https:\/\/lospoliticosveracruz.com\/index.php?rest_route=%2Fwp%2Fv2%2Ftags&post=166050"}],"curies":[{"name":"wp","href":"https:\/\/api.w.org\/{rel}","templated":true}]}}