{"id":166052,"date":"2026-03-13T11:14:11","date_gmt":"2026-03-13T17:14:11","guid":{"rendered":"https:\/\/lospoliticosveracruz.com\/?p=166052"},"modified":"2026-03-13T11:14:13","modified_gmt":"2026-03-13T17:14:13","slug":"entran-a-morena-a-producto-de-gallina","status":"publish","type":"post","link":"https:\/\/lospoliticosveracruz.com\/?p=166052","title":{"rendered":"ENTRAN A MORENA A PRODUCTO DE GALLINA!"},"content":{"rendered":"\n<p><\/p>\n\n\n\n<p>La falta de apertura y el estancamiento de proyectos en la Secretar\u00eda de Infraestructura y Obras P\u00fablicas (SIOP) se han convertido en el principal detonante para que alcaldes de la Sierra de Zongolica abandonen la oposici\u00f3n y se sumen a las filas de Morena.<br>Los ediles de Atlahuilco y Tequila denunciaron que, a pesar de contar con expedientes t\u00e9cnicos validados para caminos de concreto hidr\u00e1ulico, han enfrentado serias dificultades para que sus planteamientos sean atendidos en las ventanillas de dicha dependencia estatal.<br>Ante este bloqueo institucional, Marcelino Tlaxcala Tlaxcala, presidente municipal de Atlahuilco (electo por Movimiento Ciudadano), y Misael Garc\u00eda Zepahua, alcalde de Tequila (electo por el Partido del Trabajo), anunciaron su decisi\u00f3n de integrarse al proyecto pol\u00edtico de la gobernadora Roc\u00edo Nahle Garc\u00eda.<br>Los mun\u00edcipes se\u00f1alaron que buscan establecer un di\u00e1logo directo con la mandataria para destrabar las obras que sus comunidades requieren con urgencia, tras no obtener respuestas satisfactorias en las instancias operativas del Gobierno del Estado.<br>Ambos alcaldes subrayaron que su adhesi\u00f3n a Morena es un acto de convicci\u00f3n y una estrategia necesaria para gestionar mayores apoyos en beneficio de sus municipios, los cuales enfrentan altos \u00edndices de marginaci\u00f3n.<br>Marcelino Tlaxcala record\u00f3 su trayectoria vinculada a la izquierda y su apoyo previo a las figuras de la 4T, mientras que Garc\u00eda Zepahua enfatiz\u00f3 que el trabajo coordinado con los gobiernos estatal y federal es la v\u00eda correcta para el desarrollo de la regi\u00f3n serrana.<br>Finalmente, los ediles rechazaron haber recibido presiones pol\u00edticas para cambiar de siglas, argumentando que su prioridad es responder a las demandas de infraestructura de sus habitantes por encima de cualquier inter\u00e9s partidista.<br>Con este movimiento, los alcaldes de Atlahuilco y Tequila esperan que los proyectos de conectividad que han sido ignorados en la SIOP finalmente reciban el respaldo presupuestal y la atenci\u00f3n t\u00e9cnica que la Sierra de Zongolica ha demandado hist\u00f3ricamente.<\/p>\n","protected":false},"excerpt":{"rendered":"<p>La falta de apertura y el estancamiento de proyectos en la Secretar\u00eda de Infraestructura y Obras P\u00fablicas (SIOP) se han convertido en el principal detonante para que alcaldes de la Sierra de Zongolica abandonen la oposici\u00f3n y se sumen a las filas de Morena.Los ediles de Atlahuilco y Tequila denunciaron que, a pesar de contar [&hellip;]<\/p>\n","protected":false},"author":2,"featured_media":166053,"comment_status":"closed","ping_status":"closed","sticky":false,"template":"","format":"standard","meta":{"tdm_status":"","tdm_grid_status":"","footnotes":""},"categories":[72],"tags":[57366,57369,57365,57367,57368,57370],"class_list":{"0":"post-166052","1":"post","2":"type-post","3":"status-publish","4":"format-standard","5":"has-post-thumbnail","7":"category-palomazos","8":"tag-alcaldes-de-zongolica-se-unen-a-morena","9":"tag-bloqueo-de-obras-siop-veracruz","10":"tag-marcelino-tlaxcala-atlahuilco-morena","11":"tag-misael-garcia-tequila-morena","12":"tag-proyectos-infraestructura-sierra-de-zongolica","13":"tag-rocio-nahle-gestion-municipal-2026"},"yoast_head":"<!-- This site is optimized with the Yoast SEO plugin v27.4 - https:\/\/yoast.com\/product\/yoast-seo-wordpress\/ -->\n<title>ENTRAN A MORENA A PRODUCTO DE GALLINA! - Los pol\u00edticos Veracruz<\/title>\n<meta name=\"robots\" content=\"index, follow, max-snippet:-1, max-image-preview:large, max-video-preview:-1\" \/>\n<link rel=\"canonical\" href=\"https:\/\/lospoliticosveracruz.com\/?p=166052\" \/>\n<meta property=\"og:locale\" content=\"es_ES\" \/>\n<meta property=\"og:type\" content=\"article\" \/>\n<meta property=\"og:title\" content=\"ENTRAN A MORENA A PRODUCTO DE GALLINA! - Los pol\u00edticos Veracruz\" \/>\n<meta property=\"og:description\" content=\"La falta de apertura y el estancamiento de proyectos en la Secretar\u00eda de Infraestructura y Obras P\u00fablicas (SIOP) se han convertido en el principal detonante para que alcaldes de la Sierra de Zongolica abandonen la oposici\u00f3n y se sumen a las filas de Morena.Los ediles de Atlahuilco y Tequila denunciaron que, a pesar de contar [&hellip;]\" \/>\n<meta property=\"og:url\" content=\"https:\/\/lospoliticosveracruz.com\/?p=166052\" \/>\n<meta property=\"og:site_name\" content=\"Los pol\u00edticos Veracruz\" \/>\n<meta property=\"article:publisher\" content=\"https:\/\/www.facebook.com\/people\/Notimemes-de-los-Polticos\/61565672886568\/\" \/>\n<meta property=\"article:published_time\" content=\"2026-03-13T17:14:11+00:00\" \/>\n<meta property=\"article:modified_time\" content=\"2026-03-13T17:14:13+00:00\" \/>\n<meta property=\"og:image\" content=\"https:\/\/lospoliticosveracruz.com\/wp-content\/uploads\/2026\/03\/Marcelino-Tlaxcala-Tlaxcala-Misael-Garcia-Zepahua.jpg\" \/>\n\t<meta property=\"og:image:width\" content=\"600\" \/>\n\t<meta property=\"og:image:height\" content=\"320\" \/>\n\t<meta property=\"og:image:type\" content=\"image\/jpeg\" \/>\n<meta name=\"author\" content=\"Lo viste en Los Pol\u00edticos\" \/>\n<meta name=\"twitter:card\" content=\"summary_large_image\" \/>\n<meta name=\"twitter:creator\" content=\"@LosPoliticosVer\" \/>\n<meta name=\"twitter:site\" content=\"@LosPoliticosVer\" \/>\n<meta name=\"twitter:label1\" content=\"Escrito por\" \/>\n\t<meta name=\"twitter:data1\" content=\"Lo viste en Los Pol\u00edticos\" \/>\n\t<meta name=\"twitter:label2\" content=\"Tiempo de lectura\" \/>\n\t<meta name=\"twitter:data2\" content=\"2 minutos\" \/>\n<script type=\"application\/ld+json\" class=\"yoast-schema-graph\">{\"@context\":\"https:\\\/\\\/schema.org\",\"@graph\":[{\"@type\":\"Article\",\"@id\":\"https:\\\/\\\/lospoliticosveracruz.com\\\/?p=166052#article\",\"isPartOf\":{\"@id\":\"https:\\\/\\\/lospoliticosveracruz.com\\\/?p=166052\"},\"author\":{\"name\":\"Lo viste en Los Pol\u00edticos\",\"@id\":\"https:\\\/\\\/lospoliticosveracruz.com\\\/#\\\/schema\\\/person\\\/b8702bb0e538456e6efd07080bf2a4a2\"},\"headline\":\"ENTRAN A MORENA A PRODUCTO DE GALLINA!\",\"datePublished\":\"2026-03-13T17:14:11+00:00\",\"dateModified\":\"2026-03-13T17:14:13+00:00\",\"mainEntityOfPage\":{\"@id\":\"https:\\\/\\\/lospoliticosveracruz.com\\\/?p=166052\"},\"wordCount\":339,\"publisher\":{\"@id\":\"https:\\\/\\\/lospoliticosveracruz.com\\\/#organization\"},\"image\":{\"@id\":\"https:\\\/\\\/lospoliticosveracruz.com\\\/?p=166052#primaryimage\"},\"thumbnailUrl\":\"https:\\\/\\\/lospoliticosveracruz.com\\\/wp-content\\\/uploads\\\/2026\\\/03\\\/Marcelino-Tlaxcala-Tlaxcala-Misael-Garcia-Zepahua.jpg\",\"keywords\":[\"Alcaldes de Zongolica se unen a Morena\",\"bloqueo de obras SIOP Veracruz\",\"Marcelino Tlaxcala Atlahuilco Morena\",\"Misael Garc\u00eda Tequila Morena\",\"proyectos infraestructura Sierra de Zongolica\",\"Roc\u00edo Nahle gesti\u00f3n municipal 2026\"],\"articleSection\":[\"Palomazos\"],\"inLanguage\":\"es\"},{\"@type\":\"WebPage\",\"@id\":\"https:\\\/\\\/lospoliticosveracruz.com\\\/?p=166052\",\"url\":\"https:\\\/\\\/lospoliticosveracruz.com\\\/?p=166052\",\"name\":\"ENTRAN A MORENA A PRODUCTO DE GALLINA! - Los pol\u00edticos Veracruz\",\"isPartOf\":{\"@id\":\"https:\\\/\\\/lospoliticosveracruz.com\\\/#website\"},\"primaryImageOfPage\":{\"@id\":\"https:\\\/\\\/lospoliticosveracruz.com\\\/?p=166052#primaryimage\"},\"image\":{\"@id\":\"https:\\\/\\\/lospoliticosveracruz.com\\\/?p=166052#primaryimage\"},\"thumbnailUrl\":\"https:\\\/\\\/lospoliticosveracruz.com\\\/wp-content\\\/uploads\\\/2026\\\/03\\\/Marcelino-Tlaxcala-Tlaxcala-Misael-Garcia-Zepahua.jpg\",\"datePublished\":\"2026-03-13T17:14:11+00:00\",\"dateModified\":\"2026-03-13T17:14:13+00:00\",\"breadcrumb\":{\"@id\":\"https:\\\/\\\/lospoliticosveracruz.com\\\/?p=166052#breadcrumb\"},\"inLanguage\":\"es\",\"potentialAction\":[{\"@type\":\"ReadAction\",\"target\":[\"https:\\\/\\\/lospoliticosveracruz.com\\\/?p=166052\"]}]},{\"@type\":\"ImageObject\",\"inLanguage\":\"es\",\"@id\":\"https:\\\/\\\/lospoliticosveracruz.com\\\/?p=166052#primaryimage\",\"url\":\"https:\\\/\\\/lospoliticosveracruz.com\\\/wp-content\\\/uploads\\\/2026\\\/03\\\/Marcelino-Tlaxcala-Tlaxcala-Misael-Garcia-Zepahua.jpg\",\"contentUrl\":\"https:\\\/\\\/lospoliticosveracruz.com\\\/wp-content\\\/uploads\\\/2026\\\/03\\\/Marcelino-Tlaxcala-Tlaxcala-Misael-Garcia-Zepahua.jpg\",\"width\":600,\"height\":320},{\"@type\":\"BreadcrumbList\",\"@id\":\"https:\\\/\\\/lospoliticosveracruz.com\\\/?p=166052#breadcrumb\",\"itemListElement\":[{\"@type\":\"ListItem\",\"position\":1,\"name\":\"Portada\",\"item\":\"https:\\\/\\\/lospoliticosveracruz.com\\\/\"},{\"@type\":\"ListItem\",\"position\":2,\"name\":\"ENTRAN A MORENA A PRODUCTO DE GALLINA!\"}]},{\"@type\":\"WebSite\",\"@id\":\"https:\\\/\\\/lospoliticosveracruz.com\\\/#website\",\"url\":\"https:\\\/\\\/lospoliticosveracruz.com\\\/\",\"name\":\"Los pol\u00edticos Veracruz\",\"description\":\"\",\"publisher\":{\"@id\":\"https:\\\/\\\/lospoliticosveracruz.com\\\/#organization\"},\"potentialAction\":[{\"@type\":\"SearchAction\",\"target\":{\"@type\":\"EntryPoint\",\"urlTemplate\":\"https:\\\/\\\/lospoliticosveracruz.com\\\/?s={search_term_string}\"},\"query-input\":{\"@type\":\"PropertyValueSpecification\",\"valueRequired\":true,\"valueName\":\"search_term_string\"}}],\"inLanguage\":\"es\"},{\"@type\":\"Organization\",\"@id\":\"https:\\\/\\\/lospoliticosveracruz.com\\\/#organization\",\"name\":\"Los pol\u00edticos Veracruz\",\"url\":\"https:\\\/\\\/lospoliticosveracruz.com\\\/\",\"logo\":{\"@type\":\"ImageObject\",\"inLanguage\":\"es\",\"@id\":\"https:\\\/\\\/lospoliticosveracruz.com\\\/#\\\/schema\\\/logo\\\/image\\\/\",\"url\":\"https:\\\/\\\/lospoliticosveracruz.com\\\/wp-content\\\/uploads\\\/2025\\\/12\\\/Logo-Nuevo-LOS-POLITICOS-1.jpg\",\"contentUrl\":\"https:\\\/\\\/lospoliticosveracruz.com\\\/wp-content\\\/uploads\\\/2025\\\/12\\\/Logo-Nuevo-LOS-POLITICOS-1.jpg\",\"width\":260,\"height\":70,\"caption\":\"Los pol\u00edticos Veracruz\"},\"image\":{\"@id\":\"https:\\\/\\\/lospoliticosveracruz.com\\\/#\\\/schema\\\/logo\\\/image\\\/\"},\"sameAs\":[\"https:\\\/\\\/www.facebook.com\\\/people\\\/Notimemes-de-los-Polticos\\\/61565672886568\\\/\",\"https:\\\/\\\/x.com\\\/LosPoliticosVer\"]},{\"@type\":\"Person\",\"@id\":\"https:\\\/\\\/lospoliticosveracruz.com\\\/#\\\/schema\\\/person\\\/b8702bb0e538456e6efd07080bf2a4a2\",\"name\":\"Lo viste en Los Pol\u00edticos\",\"image\":{\"@type\":\"ImageObject\",\"inLanguage\":\"es\",\"@id\":\"https:\\\/\\\/secure.gravatar.com\\\/avatar\\\/3a8de04a2656d44082be478bd6c086daa447c4651605818287b9532d3d0bd435?s=96&d=mm&r=g\",\"url\":\"https:\\\/\\\/secure.gravatar.com\\\/avatar\\\/3a8de04a2656d44082be478bd6c086daa447c4651605818287b9532d3d0bd435?s=96&d=mm&r=g\",\"contentUrl\":\"https:\\\/\\\/secure.gravatar.com\\\/avatar\\\/3a8de04a2656d44082be478bd6c086daa447c4651605818287b9532d3d0bd435?s=96&d=mm&r=g\",\"caption\":\"Lo viste en Los Pol\u00edticos\"},\"url\":\"https:\\\/\\\/lospoliticosveracruz.com\\\/?author=2\"}]}<\/script>\n<!-- \/ Yoast SEO plugin. -->","yoast_head_json":{"title":"ENTRAN A MORENA A PRODUCTO DE GALLINA! - Los pol\u00edticos Veracruz","robots":{"index":"index","follow":"follow","max-snippet":"max-snippet:-1","max-image-preview":"max-image-preview:large","max-video-preview":"max-video-preview:-1"},"canonical":"https:\/\/lospoliticosveracruz.com\/?p=166052","og_locale":"es_ES","og_type":"article","og_title":"ENTRAN A MORENA A PRODUCTO DE GALLINA! - Los pol\u00edticos Veracruz","og_description":"La falta de apertura y el estancamiento de proyectos en la Secretar\u00eda de Infraestructura y Obras P\u00fablicas (SIOP) se han convertido en el principal detonante para que alcaldes de la Sierra de Zongolica abandonen la oposici\u00f3n y se sumen a las filas de Morena.Los ediles de Atlahuilco y Tequila denunciaron que, a pesar de contar [&hellip;]","og_url":"https:\/\/lospoliticosveracruz.com\/?p=166052","og_site_name":"Los pol\u00edticos Veracruz","article_publisher":"https:\/\/www.facebook.com\/people\/Notimemes-de-los-Polticos\/61565672886568\/","article_published_time":"2026-03-13T17:14:11+00:00","article_modified_time":"2026-03-13T17:14:13+00:00","og_image":[{"width":600,"height":320,"url":"https:\/\/lospoliticosveracruz.com\/wp-content\/uploads\/2026\/03\/Marcelino-Tlaxcala-Tlaxcala-Misael-Garcia-Zepahua.jpg","type":"image\/jpeg"}],"author":"Lo viste en Los Pol\u00edticos","twitter_card":"summary_large_image","twitter_creator":"@LosPoliticosVer","twitter_site":"@LosPoliticosVer","twitter_misc":{"Escrito por":"Lo viste en Los Pol\u00edticos","Tiempo de lectura":"2 minutos"},"schema":{"@context":"https:\/\/schema.org","@graph":[{"@type":"Article","@id":"https:\/\/lospoliticosveracruz.com\/?p=166052#article","isPartOf":{"@id":"https:\/\/lospoliticosveracruz.com\/?p=166052"},"author":{"name":"Lo viste en Los Pol\u00edticos","@id":"https:\/\/lospoliticosveracruz.com\/#\/schema\/person\/b8702bb0e538456e6efd07080bf2a4a2"},"headline":"ENTRAN A MORENA A PRODUCTO DE GALLINA!","datePublished":"2026-03-13T17:14:11+00:00","dateModified":"2026-03-13T17:14:13+00:00","mainEntityOfPage":{"@id":"https:\/\/lospoliticosveracruz.com\/?p=166052"},"wordCount":339,"publisher":{"@id":"https:\/\/lospoliticosveracruz.com\/#organization"},"image":{"@id":"https:\/\/lospoliticosveracruz.com\/?p=166052#primaryimage"},"thumbnailUrl":"https:\/\/lospoliticosveracruz.com\/wp-content\/uploads\/2026\/03\/Marcelino-Tlaxcala-Tlaxcala-Misael-Garcia-Zepahua.jpg","keywords":["Alcaldes de Zongolica se unen a Morena","bloqueo de obras SIOP Veracruz","Marcelino Tlaxcala Atlahuilco Morena","Misael Garc\u00eda Tequila Morena","proyectos infraestructura Sierra de Zongolica","Roc\u00edo Nahle gesti\u00f3n municipal 2026"],"articleSection":["Palomazos"],"inLanguage":"es"},{"@type":"WebPage","@id":"https:\/\/lospoliticosveracruz.com\/?p=166052","url":"https:\/\/lospoliticosveracruz.com\/?p=166052","name":"ENTRAN A MORENA A PRODUCTO DE GALLINA! - Los pol\u00edticos Veracruz","isPartOf":{"@id":"https:\/\/lospoliticosveracruz.com\/#website"},"primaryImageOfPage":{"@id":"https:\/\/lospoliticosveracruz.com\/?p=166052#primaryimage"},"image":{"@id":"https:\/\/lospoliticosveracruz.com\/?p=166052#primaryimage"},"thumbnailUrl":"https:\/\/lospoliticosveracruz.com\/wp-content\/uploads\/2026\/03\/Marcelino-Tlaxcala-Tlaxcala-Misael-Garcia-Zepahua.jpg","datePublished":"2026-03-13T17:14:11+00:00","dateModified":"2026-03-13T17:14:13+00:00","breadcrumb":{"@id":"https:\/\/lospoliticosveracruz.com\/?p=166052#breadcrumb"},"inLanguage":"es","potentialAction":[{"@type":"ReadAction","target":["https:\/\/lospoliticosveracruz.com\/?p=166052"]}]},{"@type":"ImageObject","inLanguage":"es","@id":"https:\/\/lospoliticosveracruz.com\/?p=166052#primaryimage","url":"https:\/\/lospoliticosveracruz.com\/wp-content\/uploads\/2026\/03\/Marcelino-Tlaxcala-Tlaxcala-Misael-Garcia-Zepahua.jpg","contentUrl":"https:\/\/lospoliticosveracruz.com\/wp-content\/uploads\/2026\/03\/Marcelino-Tlaxcala-Tlaxcala-Misael-Garcia-Zepahua.jpg","width":600,"height":320},{"@type":"BreadcrumbList","@id":"https:\/\/lospoliticosveracruz.com\/?p=166052#breadcrumb","itemListElement":[{"@type":"ListItem","position":1,"name":"Portada","item":"https:\/\/lospoliticosveracruz.com\/"},{"@type":"ListItem","position":2,"name":"ENTRAN A MORENA A PRODUCTO DE GALLINA!"}]},{"@type":"WebSite","@id":"https:\/\/lospoliticosveracruz.com\/#website","url":"https:\/\/lospoliticosveracruz.com\/","name":"Los pol\u00edticos Veracruz","description":"","publisher":{"@id":"https:\/\/lospoliticosveracruz.com\/#organization"},"potentialAction":[{"@type":"SearchAction","target":{"@type":"EntryPoint","urlTemplate":"https:\/\/lospoliticosveracruz.com\/?s={search_term_string}"},"query-input":{"@type":"PropertyValueSpecification","valueRequired":true,"valueName":"search_term_string"}}],"inLanguage":"es"},{"@type":"Organization","@id":"https:\/\/lospoliticosveracruz.com\/#organization","name":"Los pol\u00edticos Veracruz","url":"https:\/\/lospoliticosveracruz.com\/","logo":{"@type":"ImageObject","inLanguage":"es","@id":"https:\/\/lospoliticosveracruz.com\/#\/schema\/logo\/image\/","url":"https:\/\/lospoliticosveracruz.com\/wp-content\/uploads\/2025\/12\/Logo-Nuevo-LOS-POLITICOS-1.jpg","contentUrl":"https:\/\/lospoliticosveracruz.com\/wp-content\/uploads\/2025\/12\/Logo-Nuevo-LOS-POLITICOS-1.jpg","width":260,"height":70,"caption":"Los pol\u00edticos Veracruz"},"image":{"@id":"https:\/\/lospoliticosveracruz.com\/#\/schema\/logo\/image\/"},"sameAs":["https:\/\/www.facebook.com\/people\/Notimemes-de-los-Polticos\/61565672886568\/","https:\/\/x.com\/LosPoliticosVer"]},{"@type":"Person","@id":"https:\/\/lospoliticosveracruz.com\/#\/schema\/person\/b8702bb0e538456e6efd07080bf2a4a2","name":"Lo viste en Los Pol\u00edticos","image":{"@type":"ImageObject","inLanguage":"es","@id":"https:\/\/secure.gravatar.com\/avatar\/3a8de04a2656d44082be478bd6c086daa447c4651605818287b9532d3d0bd435?s=96&d=mm&r=g","url":"https:\/\/secure.gravatar.com\/avatar\/3a8de04a2656d44082be478bd6c086daa447c4651605818287b9532d3d0bd435?s=96&d=mm&r=g","contentUrl":"https:\/\/secure.gravatar.com\/avatar\/3a8de04a2656d44082be478bd6c086daa447c4651605818287b9532d3d0bd435?s=96&d=mm&r=g","caption":"Lo viste en Los Pol\u00edticos"},"url":"https:\/\/lospoliticosveracruz.com\/?author=2"}]}},"_links":{"self":[{"href":"https:\/\/lospoliticosveracruz.com\/index.php?rest_route=\/wp\/v2\/posts\/166052","targetHints":{"allow":["GET"]}}],"collection":[{"href":"https:\/\/lospoliticosveracruz.com\/index.php?rest_route=\/wp\/v2\/posts"}],"about":[{"href":"https:\/\/lospoliticosveracruz.com\/index.php?rest_route=\/wp\/v2\/types\/post"}],"author":[{"embeddable":true,"href":"https:\/\/lospoliticosveracruz.com\/index.php?rest_route=\/wp\/v2\/users\/2"}],"replies":[{"embeddable":true,"href":"https:\/\/lospoliticosveracruz.com\/index.php?rest_route=%2Fwp%2Fv2%2Fcomments&post=166052"}],"version-history":[{"count":1,"href":"https:\/\/lospoliticosveracruz.com\/index.php?rest_route=\/wp\/v2\/posts\/166052\/revisions"}],"predecessor-version":[{"id":166054,"href":"https:\/\/lospoliticosveracruz.com\/index.php?rest_route=\/wp\/v2\/posts\/166052\/revisions\/166054"}],"wp:featuredmedia":[{"embeddable":true,"href":"https:\/\/lospoliticosveracruz.com\/index.php?rest_route=\/wp\/v2\/media\/166053"}],"wp:attachment":[{"href":"https:\/\/lospoliticosveracruz.com\/index.php?rest_route=%2Fwp%2Fv2%2Fmedia&parent=166052"}],"wp:term":[{"taxonomy":"category","embeddable":true,"href":"https:\/\/lospoliticosveracruz.com\/index.php?rest_route=%2Fwp%2Fv2%2Fcategories&post=166052"},{"taxonomy":"post_tag","embeddable":true,"href":"https:\/\/lospoliticosveracruz.com\/index.php?rest_route=%2Fwp%2Fv2%2Ftags&post=166052"}],"curies":[{"name":"wp","href":"https:\/\/api.w.org\/{rel}","templated":true}]}}