{"id":166057,"date":"2026-03-13T11:43:28","date_gmt":"2026-03-13T17:43:28","guid":{"rendered":"https:\/\/lospoliticosveracruz.com\/?p=166057"},"modified":"2026-03-13T11:43:29","modified_gmt":"2026-03-13T17:43:29","slug":"cuitlahuistas-no-solventaron","status":"publish","type":"post","link":"https:\/\/lospoliticosveracruz.com\/?p=166057","title":{"rendered":"CUITLAHUISTAS NO SOLVENTARON!"},"content":{"rendered":"\n<p><strong>\u00c1ngeles Gonz\u00e1lez Ceballos<\/strong><\/p>\n\n\n\n<p>La auditora general del \u00d3rgano de Fiscalizaci\u00f3n Superior (ORFIS), Delia Gonz\u00e1lez Cobos, defini\u00f3 que las observaciones por el presunto da\u00f1o patrimonial por m\u00e1s de 241 millones de pesos por las tres obras emblem\u00e1ticas de la administraci\u00f3n de Cuitl\u00e1huac Garc\u00eda Jim\u00e9nez, no fueron solventadas, por lo que una vez que concluyan el expediente determinar\u00e1n si ha lugar a presentar las denuncias penales correspondientes.<\/p>\n\n\n\n<p>Entrevista en el puerto de Veracruz, al continuar este viernes la capacitaci\u00f3n para los alcaldes sobre la elaboraci\u00f3n del Programa General de Inversi\u00f3n 2026; dijo que persisten las observaciones, \u00abno fueron aclaradas en su momento\u00bb.<\/p>\n\n\n\n<p>\u00ab(Las denuncias penales) depender\u00e1 de lo que se integre al expediente, una vez que hayamos concluido la revisi\u00f3n, una vez que tengamos el expediente completo, determinaremos si se presentan denuncias o no.<\/p>\n\n\n\n<p>Yo m\u00e1s bien dir\u00eda que los servidores p\u00fablicos que hayan estado involucrados, tendr\u00e1n que hacer las aclaraciones y, en su caso, atender las responsabilidades que haya\u00bb, manifest\u00f3.<\/p>\n\n\n\n<p>Por otra parte, la titular del ORFIS, estim\u00f3 que de los 212 ayuntamientos, un 30 por ciento han presentado quejas por la entrega-recepci\u00f3n.<\/p>\n\n\n\n<p>Destac\u00f3 que les dar\u00e1n el tr\u00e1mite correspondiente a esas quejas, porque est\u00e1n iniciando ya los procedimientos de fiscalizaci\u00f3n.<\/p>\n\n\n\n<p>\u00abY esas quejas forman parte tambi\u00e9n de nuestras revisiones\u2026los municipios, hay grandes, peque\u00f1os, hay de todos, pero en particular no les puedo decir de alguno, porque estar\u00eda haciendo se\u00f1alamientos que todav\u00eda no puedo verificar.<\/p>\n\n\n\n<p>Hemos recibido quiz\u00e1 un 30 por ciento de quejas, las denuncias las deben de presentar los \u00d3rganos Internos de Control (OIC), nosotros todav\u00eda no estamos en la posibilidad porque no hemos revisado, pero lo vamos a hacer y en su momento determinaremos lo que proceda\u00bb, expuso.<\/p>\n\n\n\n<p>Mencion\u00f3 que las quejas van desde que no encontraron los camiones de la basura, les falt\u00f3 mobiliario y equipo, entre muchos otros.<\/p>\n\n\n\n<p>Por lo cual los ediles deben iniciar un procedimiento en el cual se pueda determinar si efectivamente hay faltantes, si hay omisiones, irregularidades que en su caso pueden llegar a ser constitutivos de delitos y deben de presentarse las denuncias correspondientes.<\/p>\n\n\n\n<p>Se\u00f1al\u00f3 que en este momento el ente fiscalizador del Estado ya est\u00e1 recibiendo los dict\u00e1menes de entrega-recepci\u00f3n y las quejas, independientemente de que haya dict\u00e1menes.<\/p>\n\n\n\n<p>La Auditora coment\u00f3 que los alcaldes y alcaldesas deben presentar lo m\u00e1s pronto posible sus dict\u00e1menes porque el ORFIS ya est\u00e1 iniciando la revisi\u00f3n de la cuenta p\u00fablica 2025 y, en la medida en la que tengas esas quejas, podr\u00e1n incorporarlas a la revisi\u00f3n que har\u00e1n del \u00faltimo a\u00f1o de gesti\u00f3n de los ediles que salieron de funciones.<\/p>\n\n\n\n<p>\u00abLo ideal ser\u00eda que fuera antes de abril para que podamos incorporarlas, porque ya en abril estamos arrancando y ya los procedimientos se van desarrollando y c\u00f3mo hay etapas de definitividad que se\u00f1ala la Ley, es decir, se van cerrando las etapas\u00bb, asever\u00f3.<\/p>\n\n\n\n<p>En otro tema, luego de la designaci\u00f3n de Aureliano Hern\u00e1ndez Palacios Cardel como titular de la Auditor\u00eda Superior de la Federaci\u00f3n (ASF), proceso en el que ella tambi\u00e9n particip\u00f3, asegur\u00f3 que en todo el proceso hubo mucha transparencia.<\/p>\n\n\n\n<p>\u00abHubo mucha transparencia, fue un proceso interesante, a m\u00ed me parece que la Comisi\u00f3n (de Vigilancia de la C\u00e1mara de Diputados), determin\u00f3, con los elementos que ten\u00eda, que deb\u00eda hacerse as\u00ed.<\/p>\n\n\n\n<p>No cuestiono yo esos procedimientos, pero lo que puedo decir es que en lo que a m\u00ed corresponde, a m\u00ed me result\u00f3 muy interesante\u00bb, manifest\u00f3.<\/p>\n\n\n\n<p>Delia Gonz\u00e1lez Cobos manifest\u00f3 que en dicho proceso interno de selecci\u00f3n participaron seis veracruzanos, \u00abpero quer\u00edamos una mujer\u00bb.<\/p>\n","protected":false},"excerpt":{"rendered":"<p>\u00c1ngeles Gonz\u00e1lez Ceballos La auditora general del \u00d3rgano de Fiscalizaci\u00f3n Superior (ORFIS), Delia Gonz\u00e1lez Cobos, defini\u00f3 que las observaciones por el presunto da\u00f1o patrimonial por m\u00e1s de 241 millones de pesos por las tres obras emblem\u00e1ticas de la administraci\u00f3n de Cuitl\u00e1huac Garc\u00eda Jim\u00e9nez, no fueron solventadas, por lo que una vez que concluyan el expediente [&hellip;]<\/p>\n","protected":false},"author":2,"featured_media":166058,"comment_status":"closed","ping_status":"closed","sticky":false,"template":"","format":"standard","meta":{"tdm_status":"","tdm_grid_status":"","footnotes":""},"categories":[6446],"tags":[57382,57381,57380,57378,57377,57379],"class_list":{"0":"post-166057","1":"post","2":"type-post","3":"status-publish","4":"format-standard","5":"has-post-thumbnail","7":"category-la-nota","8":"tag-aureliano-hernandez-palacios-asf-designacion","9":"tag-dano-patrimonial-acuarium-veracruz-2026","10":"tag-delia-gonzalez-cobos-denuncias-penales","11":"tag-irregularidades-nido-del-halcon-estadio-pirata","12":"tag-observaciones-orfis-cuitlahuac-garcia","13":"tag-quejas-entrega-recepcion-municipios-veracruz"},"yoast_head":"<!-- This site is optimized with the Yoast SEO plugin v27.4 - https:\/\/yoast.com\/product\/yoast-seo-wordpress\/ -->\n<title>CUITLAHUISTAS NO SOLVENTARON! - Los pol\u00edticos Veracruz<\/title>\n<meta name=\"robots\" content=\"index, follow, max-snippet:-1, max-image-preview:large, max-video-preview:-1\" \/>\n<link rel=\"canonical\" href=\"https:\/\/lospoliticosveracruz.com\/?p=166057\" \/>\n<meta property=\"og:locale\" content=\"es_ES\" \/>\n<meta property=\"og:type\" content=\"article\" \/>\n<meta property=\"og:title\" content=\"CUITLAHUISTAS NO SOLVENTARON! - Los pol\u00edticos Veracruz\" \/>\n<meta property=\"og:description\" content=\"\u00c1ngeles Gonz\u00e1lez Ceballos La auditora general del \u00d3rgano de Fiscalizaci\u00f3n Superior (ORFIS), Delia Gonz\u00e1lez Cobos, defini\u00f3 que las observaciones por el presunto da\u00f1o patrimonial por m\u00e1s de 241 millones de pesos por las tres obras emblem\u00e1ticas de la administraci\u00f3n de Cuitl\u00e1huac Garc\u00eda Jim\u00e9nez, no fueron solventadas, por lo que una vez que concluyan el expediente [&hellip;]\" \/>\n<meta property=\"og:url\" content=\"https:\/\/lospoliticosveracruz.com\/?p=166057\" \/>\n<meta property=\"og:site_name\" content=\"Los pol\u00edticos Veracruz\" \/>\n<meta property=\"article:publisher\" content=\"https:\/\/www.facebook.com\/people\/Notimemes-de-los-Polticos\/61565672886568\/\" \/>\n<meta property=\"article:published_time\" content=\"2026-03-13T17:43:28+00:00\" \/>\n<meta property=\"article:modified_time\" content=\"2026-03-13T17:43:29+00:00\" \/>\n<meta property=\"og:image\" content=\"https:\/\/lospoliticosveracruz.com\/wp-content\/uploads\/2026\/03\/Delia-1.jpg\" \/>\n\t<meta property=\"og:image:width\" content=\"600\" \/>\n\t<meta property=\"og:image:height\" content=\"320\" \/>\n\t<meta property=\"og:image:type\" content=\"image\/jpeg\" \/>\n<meta name=\"author\" content=\"Lo viste en Los Pol\u00edticos\" \/>\n<meta name=\"twitter:card\" content=\"summary_large_image\" \/>\n<meta name=\"twitter:creator\" content=\"@LosPoliticosVer\" \/>\n<meta name=\"twitter:site\" content=\"@LosPoliticosVer\" \/>\n<meta name=\"twitter:label1\" content=\"Escrito por\" \/>\n\t<meta name=\"twitter:data1\" content=\"Lo viste en Los Pol\u00edticos\" \/>\n\t<meta name=\"twitter:label2\" content=\"Tiempo de lectura\" \/>\n\t<meta name=\"twitter:data2\" content=\"3 minutos\" \/>\n<script type=\"application\/ld+json\" class=\"yoast-schema-graph\">{\"@context\":\"https:\\\/\\\/schema.org\",\"@graph\":[{\"@type\":\"Article\",\"@id\":\"https:\\\/\\\/lospoliticosveracruz.com\\\/?p=166057#article\",\"isPartOf\":{\"@id\":\"https:\\\/\\\/lospoliticosveracruz.com\\\/?p=166057\"},\"author\":{\"name\":\"Lo viste en Los Pol\u00edticos\",\"@id\":\"https:\\\/\\\/lospoliticosveracruz.com\\\/#\\\/schema\\\/person\\\/b8702bb0e538456e6efd07080bf2a4a2\"},\"headline\":\"CUITLAHUISTAS NO SOLVENTARON!\",\"datePublished\":\"2026-03-13T17:43:28+00:00\",\"dateModified\":\"2026-03-13T17:43:29+00:00\",\"mainEntityOfPage\":{\"@id\":\"https:\\\/\\\/lospoliticosveracruz.com\\\/?p=166057\"},\"wordCount\":637,\"publisher\":{\"@id\":\"https:\\\/\\\/lospoliticosveracruz.com\\\/#organization\"},\"image\":{\"@id\":\"https:\\\/\\\/lospoliticosveracruz.com\\\/?p=166057#primaryimage\"},\"thumbnailUrl\":\"https:\\\/\\\/lospoliticosveracruz.com\\\/wp-content\\\/uploads\\\/2026\\\/03\\\/Delia-1.jpg\",\"keywords\":[\"Aureliano Hern\u00e1ndez Palacios ASF designaci\u00f3n\",\"da\u00f1o patrimonial Acu\u00e1rium Veracruz 2026\",\"Delia Gonz\u00e1lez Cobos denuncias penales\",\"irregularidades Nido del Halc\u00f3n Estadio Pirata\",\"Observaciones ORFIS Cuitl\u00e1huac Garc\u00eda\",\"quejas entrega-recepci\u00f3n municipios Veracruz\"],\"articleSection\":[\"La Nota\"],\"inLanguage\":\"es\"},{\"@type\":\"WebPage\",\"@id\":\"https:\\\/\\\/lospoliticosveracruz.com\\\/?p=166057\",\"url\":\"https:\\\/\\\/lospoliticosveracruz.com\\\/?p=166057\",\"name\":\"CUITLAHUISTAS NO SOLVENTARON! - Los pol\u00edticos Veracruz\",\"isPartOf\":{\"@id\":\"https:\\\/\\\/lospoliticosveracruz.com\\\/#website\"},\"primaryImageOfPage\":{\"@id\":\"https:\\\/\\\/lospoliticosveracruz.com\\\/?p=166057#primaryimage\"},\"image\":{\"@id\":\"https:\\\/\\\/lospoliticosveracruz.com\\\/?p=166057#primaryimage\"},\"thumbnailUrl\":\"https:\\\/\\\/lospoliticosveracruz.com\\\/wp-content\\\/uploads\\\/2026\\\/03\\\/Delia-1.jpg\",\"datePublished\":\"2026-03-13T17:43:28+00:00\",\"dateModified\":\"2026-03-13T17:43:29+00:00\",\"breadcrumb\":{\"@id\":\"https:\\\/\\\/lospoliticosveracruz.com\\\/?p=166057#breadcrumb\"},\"inLanguage\":\"es\",\"potentialAction\":[{\"@type\":\"ReadAction\",\"target\":[\"https:\\\/\\\/lospoliticosveracruz.com\\\/?p=166057\"]}]},{\"@type\":\"ImageObject\",\"inLanguage\":\"es\",\"@id\":\"https:\\\/\\\/lospoliticosveracruz.com\\\/?p=166057#primaryimage\",\"url\":\"https:\\\/\\\/lospoliticosveracruz.com\\\/wp-content\\\/uploads\\\/2026\\\/03\\\/Delia-1.jpg\",\"contentUrl\":\"https:\\\/\\\/lospoliticosveracruz.com\\\/wp-content\\\/uploads\\\/2026\\\/03\\\/Delia-1.jpg\",\"width\":600,\"height\":320},{\"@type\":\"BreadcrumbList\",\"@id\":\"https:\\\/\\\/lospoliticosveracruz.com\\\/?p=166057#breadcrumb\",\"itemListElement\":[{\"@type\":\"ListItem\",\"position\":1,\"name\":\"Portada\",\"item\":\"https:\\\/\\\/lospoliticosveracruz.com\\\/\"},{\"@type\":\"ListItem\",\"position\":2,\"name\":\"CUITLAHUISTAS NO SOLVENTARON!\"}]},{\"@type\":\"WebSite\",\"@id\":\"https:\\\/\\\/lospoliticosveracruz.com\\\/#website\",\"url\":\"https:\\\/\\\/lospoliticosveracruz.com\\\/\",\"name\":\"Los pol\u00edticos Veracruz\",\"description\":\"\",\"publisher\":{\"@id\":\"https:\\\/\\\/lospoliticosveracruz.com\\\/#organization\"},\"potentialAction\":[{\"@type\":\"SearchAction\",\"target\":{\"@type\":\"EntryPoint\",\"urlTemplate\":\"https:\\\/\\\/lospoliticosveracruz.com\\\/?s={search_term_string}\"},\"query-input\":{\"@type\":\"PropertyValueSpecification\",\"valueRequired\":true,\"valueName\":\"search_term_string\"}}],\"inLanguage\":\"es\"},{\"@type\":\"Organization\",\"@id\":\"https:\\\/\\\/lospoliticosveracruz.com\\\/#organization\",\"name\":\"Los pol\u00edticos Veracruz\",\"url\":\"https:\\\/\\\/lospoliticosveracruz.com\\\/\",\"logo\":{\"@type\":\"ImageObject\",\"inLanguage\":\"es\",\"@id\":\"https:\\\/\\\/lospoliticosveracruz.com\\\/#\\\/schema\\\/logo\\\/image\\\/\",\"url\":\"https:\\\/\\\/lospoliticosveracruz.com\\\/wp-content\\\/uploads\\\/2025\\\/12\\\/Logo-Nuevo-LOS-POLITICOS-1.jpg\",\"contentUrl\":\"https:\\\/\\\/lospoliticosveracruz.com\\\/wp-content\\\/uploads\\\/2025\\\/12\\\/Logo-Nuevo-LOS-POLITICOS-1.jpg\",\"width\":260,\"height\":70,\"caption\":\"Los pol\u00edticos Veracruz\"},\"image\":{\"@id\":\"https:\\\/\\\/lospoliticosveracruz.com\\\/#\\\/schema\\\/logo\\\/image\\\/\"},\"sameAs\":[\"https:\\\/\\\/www.facebook.com\\\/people\\\/Notimemes-de-los-Polticos\\\/61565672886568\\\/\",\"https:\\\/\\\/x.com\\\/LosPoliticosVer\"]},{\"@type\":\"Person\",\"@id\":\"https:\\\/\\\/lospoliticosveracruz.com\\\/#\\\/schema\\\/person\\\/b8702bb0e538456e6efd07080bf2a4a2\",\"name\":\"Lo viste en Los Pol\u00edticos\",\"image\":{\"@type\":\"ImageObject\",\"inLanguage\":\"es\",\"@id\":\"https:\\\/\\\/secure.gravatar.com\\\/avatar\\\/3a8de04a2656d44082be478bd6c086daa447c4651605818287b9532d3d0bd435?s=96&d=mm&r=g\",\"url\":\"https:\\\/\\\/secure.gravatar.com\\\/avatar\\\/3a8de04a2656d44082be478bd6c086daa447c4651605818287b9532d3d0bd435?s=96&d=mm&r=g\",\"contentUrl\":\"https:\\\/\\\/secure.gravatar.com\\\/avatar\\\/3a8de04a2656d44082be478bd6c086daa447c4651605818287b9532d3d0bd435?s=96&d=mm&r=g\",\"caption\":\"Lo viste en Los Pol\u00edticos\"},\"url\":\"https:\\\/\\\/lospoliticosveracruz.com\\\/?author=2\"}]}<\/script>\n<!-- \/ Yoast SEO plugin. -->","yoast_head_json":{"title":"CUITLAHUISTAS NO SOLVENTARON! - Los pol\u00edticos Veracruz","robots":{"index":"index","follow":"follow","max-snippet":"max-snippet:-1","max-image-preview":"max-image-preview:large","max-video-preview":"max-video-preview:-1"},"canonical":"https:\/\/lospoliticosveracruz.com\/?p=166057","og_locale":"es_ES","og_type":"article","og_title":"CUITLAHUISTAS NO SOLVENTARON! - Los pol\u00edticos Veracruz","og_description":"\u00c1ngeles Gonz\u00e1lez Ceballos La auditora general del \u00d3rgano de Fiscalizaci\u00f3n Superior (ORFIS), Delia Gonz\u00e1lez Cobos, defini\u00f3 que las observaciones por el presunto da\u00f1o patrimonial por m\u00e1s de 241 millones de pesos por las tres obras emblem\u00e1ticas de la administraci\u00f3n de Cuitl\u00e1huac Garc\u00eda Jim\u00e9nez, no fueron solventadas, por lo que una vez que concluyan el expediente [&hellip;]","og_url":"https:\/\/lospoliticosveracruz.com\/?p=166057","og_site_name":"Los pol\u00edticos Veracruz","article_publisher":"https:\/\/www.facebook.com\/people\/Notimemes-de-los-Polticos\/61565672886568\/","article_published_time":"2026-03-13T17:43:28+00:00","article_modified_time":"2026-03-13T17:43:29+00:00","og_image":[{"width":600,"height":320,"url":"https:\/\/lospoliticosveracruz.com\/wp-content\/uploads\/2026\/03\/Delia-1.jpg","type":"image\/jpeg"}],"author":"Lo viste en Los Pol\u00edticos","twitter_card":"summary_large_image","twitter_creator":"@LosPoliticosVer","twitter_site":"@LosPoliticosVer","twitter_misc":{"Escrito por":"Lo viste en Los Pol\u00edticos","Tiempo de lectura":"3 minutos"},"schema":{"@context":"https:\/\/schema.org","@graph":[{"@type":"Article","@id":"https:\/\/lospoliticosveracruz.com\/?p=166057#article","isPartOf":{"@id":"https:\/\/lospoliticosveracruz.com\/?p=166057"},"author":{"name":"Lo viste en Los Pol\u00edticos","@id":"https:\/\/lospoliticosveracruz.com\/#\/schema\/person\/b8702bb0e538456e6efd07080bf2a4a2"},"headline":"CUITLAHUISTAS NO SOLVENTARON!","datePublished":"2026-03-13T17:43:28+00:00","dateModified":"2026-03-13T17:43:29+00:00","mainEntityOfPage":{"@id":"https:\/\/lospoliticosveracruz.com\/?p=166057"},"wordCount":637,"publisher":{"@id":"https:\/\/lospoliticosveracruz.com\/#organization"},"image":{"@id":"https:\/\/lospoliticosveracruz.com\/?p=166057#primaryimage"},"thumbnailUrl":"https:\/\/lospoliticosveracruz.com\/wp-content\/uploads\/2026\/03\/Delia-1.jpg","keywords":["Aureliano Hern\u00e1ndez Palacios ASF designaci\u00f3n","da\u00f1o patrimonial Acu\u00e1rium Veracruz 2026","Delia Gonz\u00e1lez Cobos denuncias penales","irregularidades Nido del Halc\u00f3n Estadio Pirata","Observaciones ORFIS Cuitl\u00e1huac Garc\u00eda","quejas entrega-recepci\u00f3n municipios Veracruz"],"articleSection":["La Nota"],"inLanguage":"es"},{"@type":"WebPage","@id":"https:\/\/lospoliticosveracruz.com\/?p=166057","url":"https:\/\/lospoliticosveracruz.com\/?p=166057","name":"CUITLAHUISTAS NO SOLVENTARON! - Los pol\u00edticos Veracruz","isPartOf":{"@id":"https:\/\/lospoliticosveracruz.com\/#website"},"primaryImageOfPage":{"@id":"https:\/\/lospoliticosveracruz.com\/?p=166057#primaryimage"},"image":{"@id":"https:\/\/lospoliticosveracruz.com\/?p=166057#primaryimage"},"thumbnailUrl":"https:\/\/lospoliticosveracruz.com\/wp-content\/uploads\/2026\/03\/Delia-1.jpg","datePublished":"2026-03-13T17:43:28+00:00","dateModified":"2026-03-13T17:43:29+00:00","breadcrumb":{"@id":"https:\/\/lospoliticosveracruz.com\/?p=166057#breadcrumb"},"inLanguage":"es","potentialAction":[{"@type":"ReadAction","target":["https:\/\/lospoliticosveracruz.com\/?p=166057"]}]},{"@type":"ImageObject","inLanguage":"es","@id":"https:\/\/lospoliticosveracruz.com\/?p=166057#primaryimage","url":"https:\/\/lospoliticosveracruz.com\/wp-content\/uploads\/2026\/03\/Delia-1.jpg","contentUrl":"https:\/\/lospoliticosveracruz.com\/wp-content\/uploads\/2026\/03\/Delia-1.jpg","width":600,"height":320},{"@type":"BreadcrumbList","@id":"https:\/\/lospoliticosveracruz.com\/?p=166057#breadcrumb","itemListElement":[{"@type":"ListItem","position":1,"name":"Portada","item":"https:\/\/lospoliticosveracruz.com\/"},{"@type":"ListItem","position":2,"name":"CUITLAHUISTAS NO SOLVENTARON!"}]},{"@type":"WebSite","@id":"https:\/\/lospoliticosveracruz.com\/#website","url":"https:\/\/lospoliticosveracruz.com\/","name":"Los pol\u00edticos Veracruz","description":"","publisher":{"@id":"https:\/\/lospoliticosveracruz.com\/#organization"},"potentialAction":[{"@type":"SearchAction","target":{"@type":"EntryPoint","urlTemplate":"https:\/\/lospoliticosveracruz.com\/?s={search_term_string}"},"query-input":{"@type":"PropertyValueSpecification","valueRequired":true,"valueName":"search_term_string"}}],"inLanguage":"es"},{"@type":"Organization","@id":"https:\/\/lospoliticosveracruz.com\/#organization","name":"Los pol\u00edticos Veracruz","url":"https:\/\/lospoliticosveracruz.com\/","logo":{"@type":"ImageObject","inLanguage":"es","@id":"https:\/\/lospoliticosveracruz.com\/#\/schema\/logo\/image\/","url":"https:\/\/lospoliticosveracruz.com\/wp-content\/uploads\/2025\/12\/Logo-Nuevo-LOS-POLITICOS-1.jpg","contentUrl":"https:\/\/lospoliticosveracruz.com\/wp-content\/uploads\/2025\/12\/Logo-Nuevo-LOS-POLITICOS-1.jpg","width":260,"height":70,"caption":"Los pol\u00edticos Veracruz"},"image":{"@id":"https:\/\/lospoliticosveracruz.com\/#\/schema\/logo\/image\/"},"sameAs":["https:\/\/www.facebook.com\/people\/Notimemes-de-los-Polticos\/61565672886568\/","https:\/\/x.com\/LosPoliticosVer"]},{"@type":"Person","@id":"https:\/\/lospoliticosveracruz.com\/#\/schema\/person\/b8702bb0e538456e6efd07080bf2a4a2","name":"Lo viste en Los Pol\u00edticos","image":{"@type":"ImageObject","inLanguage":"es","@id":"https:\/\/secure.gravatar.com\/avatar\/3a8de04a2656d44082be478bd6c086daa447c4651605818287b9532d3d0bd435?s=96&d=mm&r=g","url":"https:\/\/secure.gravatar.com\/avatar\/3a8de04a2656d44082be478bd6c086daa447c4651605818287b9532d3d0bd435?s=96&d=mm&r=g","contentUrl":"https:\/\/secure.gravatar.com\/avatar\/3a8de04a2656d44082be478bd6c086daa447c4651605818287b9532d3d0bd435?s=96&d=mm&r=g","caption":"Lo viste en Los Pol\u00edticos"},"url":"https:\/\/lospoliticosveracruz.com\/?author=2"}]}},"_links":{"self":[{"href":"https:\/\/lospoliticosveracruz.com\/index.php?rest_route=\/wp\/v2\/posts\/166057","targetHints":{"allow":["GET"]}}],"collection":[{"href":"https:\/\/lospoliticosveracruz.com\/index.php?rest_route=\/wp\/v2\/posts"}],"about":[{"href":"https:\/\/lospoliticosveracruz.com\/index.php?rest_route=\/wp\/v2\/types\/post"}],"author":[{"embeddable":true,"href":"https:\/\/lospoliticosveracruz.com\/index.php?rest_route=\/wp\/v2\/users\/2"}],"replies":[{"embeddable":true,"href":"https:\/\/lospoliticosveracruz.com\/index.php?rest_route=%2Fwp%2Fv2%2Fcomments&post=166057"}],"version-history":[{"count":1,"href":"https:\/\/lospoliticosveracruz.com\/index.php?rest_route=\/wp\/v2\/posts\/166057\/revisions"}],"predecessor-version":[{"id":166059,"href":"https:\/\/lospoliticosveracruz.com\/index.php?rest_route=\/wp\/v2\/posts\/166057\/revisions\/166059"}],"wp:featuredmedia":[{"embeddable":true,"href":"https:\/\/lospoliticosveracruz.com\/index.php?rest_route=\/wp\/v2\/media\/166058"}],"wp:attachment":[{"href":"https:\/\/lospoliticosveracruz.com\/index.php?rest_route=%2Fwp%2Fv2%2Fmedia&parent=166057"}],"wp:term":[{"taxonomy":"category","embeddable":true,"href":"https:\/\/lospoliticosveracruz.com\/index.php?rest_route=%2Fwp%2Fv2%2Fcategories&post=166057"},{"taxonomy":"post_tag","embeddable":true,"href":"https:\/\/lospoliticosveracruz.com\/index.php?rest_route=%2Fwp%2Fv2%2Ftags&post=166057"}],"curies":[{"name":"wp","href":"https:\/\/api.w.org\/{rel}","templated":true}]}}