{"id":166070,"date":"2026-03-13T12:51:37","date_gmt":"2026-03-13T18:51:37","guid":{"rendered":"https:\/\/lospoliticosveracruz.com\/?p=166070"},"modified":"2026-03-13T12:52:43","modified_gmt":"2026-03-13T18:52:43","slug":"saltan-dos-mas-a-morena","status":"publish","type":"post","link":"https:\/\/lospoliticosveracruz.com\/?p=166070","title":{"rendered":"SALTAN DOS M\u00c1S A MORENA!"},"content":{"rendered":"\n<p><strong>\u00c1ngeles Gonz\u00e1lez Ceballos&nbsp;<\/strong><\/p>\n\n\n\n<p>Los alcaldes de los municipios de Atlahuilco y Tequila anunciaron su renuncia a sus partidos pol\u00edticos de Movimiento Ciudadano y Partido del Trabajo, para pasarse a Morena.<\/p>\n\n\n\n<p>El alcalde de Atlahuilco, Marcelino Tlaxcala Tlaxcala (MC), junto con el de Tequila, Misael Garc\u00eda Zepahua (PT); dijeron que buscan trabajar de la mano con el gobierno de Roc\u00edo Nahle Garc\u00eda.<\/p>\n\n\n\n<p>\u00abNuestros municipios son pueblos originarios y marginados, por eso estamos acerc\u00e1ndonos con Tequila, queremos trabajar de la mano, ojal\u00e1 nos aceptara trabajar con ella\u00bb dijo Tlaxcala Tlaxcala.<\/p>\n\n\n\n<p>Record\u00f3 que antes ya hab\u00edan trabajado para el Movimiento de Regeneraci\u00f3n Nacional, con el expresidente Andr\u00e9s Manuel L\u00f3pez y otros momentos pol\u00edticos.<\/p>\n\n\n\n<p>Por lo que ahora quieren que la Gobernadora les eche la mano, porque en las comunidades hace falta trabajo.<\/p>\n\n\n\n<p>Por su parte, el alcalde del municipio de Tequila, Misael Garc\u00eda Zepahua, defini\u00f3 que tomaron esta decisi\u00f3n por voluntad propia, de sumarse al Morena.<\/p>\n\n\n\n<p>Dijo que est\u00e1n convencidos de que el trabajo que est\u00e1n llevado a cabo tanto la presidenta Claudia Sheinbaum como la gobernadora Roc\u00edo Nahle Garc\u00eda, es el correcto.<\/p>\n\n\n\n<p>Al renunciar al Partido del Trabajo dijo que no ten\u00eda m\u00e1s que agradecimiento por haberle dado la oportunidad, pero su renuncia es porque \u00abes lo mejor para el municipio\u00bb.<\/p>\n\n\n\n<p>Ambos ediles coincidieron en que la decisi\u00f3n de abandonar a sus partidos es porque son de pueblos con muy alta marginaci\u00f3n y necesitan de los apoyos.<\/p>\n\n\n\n<p>Aclar\u00f3 que no por el hecho de haber sido de otros partidos diferentes al Morena no les hubieran estado dando los apoyos necesarios, pero lo que quieren es sumarse al trabajo de Sheinbaum y de Nahle.<\/p>\n\n\n\n<p>Garc\u00eda Zepahua sostuvo que ya tuvo comunicaci\u00f3n con el dirigente estatal de Morena, Esteban Ram\u00edrez Zepeta, para poder afiliarse al Movimiento.<\/p>\n\n\n\n<p>\u00abNos han acercado mucho a las dependencias a\u00fan siendo oposici\u00f3n, eso quiero dejarlo claro, no se trata de un tema de ser oposici\u00f3n\u00bb, sostuvo.<\/p>\n\n\n\n<p>Al ser cuestionados sobre las supuestas presiones que se ejerce sobre los ediles, tal como lo dijo la diputada de MC, Elena C\u00f3rdova, el alcalde de Atlahuilco asegur\u00f3 que no tom\u00f3 su decisi\u00f3n solo, sino que viene respaldada de la gente del pueblo.<\/p>\n\n\n\n<p>\u00abSiempre he sido izquierdista, no me mand\u00f3 solo, yo voy con la gente, porque si yo lo hago solo, no puedo con las cosas\u00bb, indic\u00f3.<\/p>\n","protected":false},"excerpt":{"rendered":"<p>\u00c1ngeles Gonz\u00e1lez Ceballos&nbsp; Los alcaldes de los municipios de Atlahuilco y Tequila anunciaron su renuncia a sus partidos pol\u00edticos de Movimiento Ciudadano y Partido del Trabajo, para pasarse a Morena. El alcalde de Atlahuilco, Marcelino Tlaxcala Tlaxcala (MC), junto con el de Tequila, Misael Garc\u00eda Zepahua (PT); dijeron que buscan trabajar de la mano con [&hellip;]<\/p>\n","protected":false},"author":2,"featured_media":166071,"comment_status":"closed","ping_status":"closed","sticky":false,"template":"","format":"standard","meta":{"tdm_status":"","tdm_grid_status":"","footnotes":""},"categories":[6446],"tags":[57399,57402,57398,57401,57400],"class_list":{"0":"post-166070","1":"post","2":"type-post","3":"status-publish","4":"format-standard","5":"has-post-thumbnail","7":"category-la-nota","8":"tag-alcaldes-atlahuilco-tequila-renuncian-mc-pt","9":"tag-esteban-ramirez-zepeta-dirigente-morena-veracruz","10":"tag-marcelino-tlaxcala-tlaxcala-morena","11":"tag-misael-garcia-zepahua-afiliacion-morena","12":"tag-rocio-nahle-claudia-sheinbaum-respaldo"},"yoast_head":"<!-- This site is optimized with the Yoast SEO plugin v27.4 - https:\/\/yoast.com\/product\/yoast-seo-wordpress\/ -->\n<title>SALTAN DOS M\u00c1S A MORENA! - Los pol\u00edticos Veracruz<\/title>\n<meta name=\"robots\" content=\"index, follow, max-snippet:-1, max-image-preview:large, max-video-preview:-1\" \/>\n<link rel=\"canonical\" href=\"https:\/\/lospoliticosveracruz.com\/?p=166070\" \/>\n<meta property=\"og:locale\" content=\"es_ES\" \/>\n<meta property=\"og:type\" content=\"article\" \/>\n<meta property=\"og:title\" content=\"SALTAN DOS M\u00c1S A MORENA! - Los pol\u00edticos Veracruz\" \/>\n<meta property=\"og:description\" content=\"\u00c1ngeles Gonz\u00e1lez Ceballos&nbsp; Los alcaldes de los municipios de Atlahuilco y Tequila anunciaron su renuncia a sus partidos pol\u00edticos de Movimiento Ciudadano y Partido del Trabajo, para pasarse a Morena. El alcalde de Atlahuilco, Marcelino Tlaxcala Tlaxcala (MC), junto con el de Tequila, Misael Garc\u00eda Zepahua (PT); dijeron que buscan trabajar de la mano con [&hellip;]\" \/>\n<meta property=\"og:url\" content=\"https:\/\/lospoliticosveracruz.com\/?p=166070\" \/>\n<meta property=\"og:site_name\" content=\"Los pol\u00edticos Veracruz\" \/>\n<meta property=\"article:publisher\" content=\"https:\/\/www.facebook.com\/people\/Notimemes-de-los-Polticos\/61565672886568\/\" \/>\n<meta property=\"article:published_time\" content=\"2026-03-13T18:51:37+00:00\" \/>\n<meta property=\"article:modified_time\" content=\"2026-03-13T18:52:43+00:00\" \/>\n<meta property=\"og:image\" content=\"https:\/\/lospoliticosveracruz.com\/wp-content\/uploads\/2026\/03\/IMG_2482.jpeg\" \/>\n\t<meta property=\"og:image:width\" content=\"600\" \/>\n\t<meta property=\"og:image:height\" content=\"320\" \/>\n\t<meta property=\"og:image:type\" content=\"image\/jpeg\" \/>\n<meta name=\"author\" content=\"Lo viste en Los Pol\u00edticos\" \/>\n<meta name=\"twitter:card\" content=\"summary_large_image\" \/>\n<meta name=\"twitter:creator\" content=\"@LosPoliticosVer\" \/>\n<meta name=\"twitter:site\" content=\"@LosPoliticosVer\" \/>\n<meta name=\"twitter:label1\" content=\"Escrito por\" \/>\n\t<meta name=\"twitter:data1\" content=\"Lo viste en Los Pol\u00edticos\" \/>\n\t<meta name=\"twitter:label2\" content=\"Tiempo de lectura\" \/>\n\t<meta name=\"twitter:data2\" content=\"2 minutos\" \/>\n<script type=\"application\/ld+json\" class=\"yoast-schema-graph\">{\"@context\":\"https:\\\/\\\/schema.org\",\"@graph\":[{\"@type\":\"Article\",\"@id\":\"https:\\\/\\\/lospoliticosveracruz.com\\\/?p=166070#article\",\"isPartOf\":{\"@id\":\"https:\\\/\\\/lospoliticosveracruz.com\\\/?p=166070\"},\"author\":{\"name\":\"Lo viste en Los Pol\u00edticos\",\"@id\":\"https:\\\/\\\/lospoliticosveracruz.com\\\/#\\\/schema\\\/person\\\/b8702bb0e538456e6efd07080bf2a4a2\"},\"headline\":\"SALTAN DOS M\u00c1S A MORENA!\",\"datePublished\":\"2026-03-13T18:51:37+00:00\",\"dateModified\":\"2026-03-13T18:52:43+00:00\",\"mainEntityOfPage\":{\"@id\":\"https:\\\/\\\/lospoliticosveracruz.com\\\/?p=166070\"},\"wordCount\":420,\"publisher\":{\"@id\":\"https:\\\/\\\/lospoliticosveracruz.com\\\/#organization\"},\"image\":{\"@id\":\"https:\\\/\\\/lospoliticosveracruz.com\\\/?p=166070#primaryimage\"},\"thumbnailUrl\":\"https:\\\/\\\/lospoliticosveracruz.com\\\/wp-content\\\/uploads\\\/2026\\\/03\\\/IMG_2482.jpeg\",\"keywords\":[\"alcaldes Atlahuilco Tequila renuncian MC PT\",\"Esteban Ram\u00edrez Zepeta dirigente Morena Veracruz\",\"Marcelino Tlaxcala Tlaxcala Morena\",\"Misael Garc\u00eda Zepahua afiliaci\u00f3n Morena\",\"Roc\u00edo Nahle Claudia Sheinbaum respaldo\"],\"articleSection\":[\"La Nota\"],\"inLanguage\":\"es\"},{\"@type\":\"WebPage\",\"@id\":\"https:\\\/\\\/lospoliticosveracruz.com\\\/?p=166070\",\"url\":\"https:\\\/\\\/lospoliticosveracruz.com\\\/?p=166070\",\"name\":\"SALTAN DOS M\u00c1S A MORENA! - Los pol\u00edticos Veracruz\",\"isPartOf\":{\"@id\":\"https:\\\/\\\/lospoliticosveracruz.com\\\/#website\"},\"primaryImageOfPage\":{\"@id\":\"https:\\\/\\\/lospoliticosveracruz.com\\\/?p=166070#primaryimage\"},\"image\":{\"@id\":\"https:\\\/\\\/lospoliticosveracruz.com\\\/?p=166070#primaryimage\"},\"thumbnailUrl\":\"https:\\\/\\\/lospoliticosveracruz.com\\\/wp-content\\\/uploads\\\/2026\\\/03\\\/IMG_2482.jpeg\",\"datePublished\":\"2026-03-13T18:51:37+00:00\",\"dateModified\":\"2026-03-13T18:52:43+00:00\",\"breadcrumb\":{\"@id\":\"https:\\\/\\\/lospoliticosveracruz.com\\\/?p=166070#breadcrumb\"},\"inLanguage\":\"es\",\"potentialAction\":[{\"@type\":\"ReadAction\",\"target\":[\"https:\\\/\\\/lospoliticosveracruz.com\\\/?p=166070\"]}]},{\"@type\":\"ImageObject\",\"inLanguage\":\"es\",\"@id\":\"https:\\\/\\\/lospoliticosveracruz.com\\\/?p=166070#primaryimage\",\"url\":\"https:\\\/\\\/lospoliticosveracruz.com\\\/wp-content\\\/uploads\\\/2026\\\/03\\\/IMG_2482.jpeg\",\"contentUrl\":\"https:\\\/\\\/lospoliticosveracruz.com\\\/wp-content\\\/uploads\\\/2026\\\/03\\\/IMG_2482.jpeg\",\"width\":600,\"height\":320},{\"@type\":\"BreadcrumbList\",\"@id\":\"https:\\\/\\\/lospoliticosveracruz.com\\\/?p=166070#breadcrumb\",\"itemListElement\":[{\"@type\":\"ListItem\",\"position\":1,\"name\":\"Portada\",\"item\":\"https:\\\/\\\/lospoliticosveracruz.com\\\/\"},{\"@type\":\"ListItem\",\"position\":2,\"name\":\"SALTAN DOS M\u00c1S A MORENA!\"}]},{\"@type\":\"WebSite\",\"@id\":\"https:\\\/\\\/lospoliticosveracruz.com\\\/#website\",\"url\":\"https:\\\/\\\/lospoliticosveracruz.com\\\/\",\"name\":\"Los pol\u00edticos Veracruz\",\"description\":\"\",\"publisher\":{\"@id\":\"https:\\\/\\\/lospoliticosveracruz.com\\\/#organization\"},\"potentialAction\":[{\"@type\":\"SearchAction\",\"target\":{\"@type\":\"EntryPoint\",\"urlTemplate\":\"https:\\\/\\\/lospoliticosveracruz.com\\\/?s={search_term_string}\"},\"query-input\":{\"@type\":\"PropertyValueSpecification\",\"valueRequired\":true,\"valueName\":\"search_term_string\"}}],\"inLanguage\":\"es\"},{\"@type\":\"Organization\",\"@id\":\"https:\\\/\\\/lospoliticosveracruz.com\\\/#organization\",\"name\":\"Los pol\u00edticos Veracruz\",\"url\":\"https:\\\/\\\/lospoliticosveracruz.com\\\/\",\"logo\":{\"@type\":\"ImageObject\",\"inLanguage\":\"es\",\"@id\":\"https:\\\/\\\/lospoliticosveracruz.com\\\/#\\\/schema\\\/logo\\\/image\\\/\",\"url\":\"https:\\\/\\\/lospoliticosveracruz.com\\\/wp-content\\\/uploads\\\/2025\\\/12\\\/Logo-Nuevo-LOS-POLITICOS-1.jpg\",\"contentUrl\":\"https:\\\/\\\/lospoliticosveracruz.com\\\/wp-content\\\/uploads\\\/2025\\\/12\\\/Logo-Nuevo-LOS-POLITICOS-1.jpg\",\"width\":260,\"height\":70,\"caption\":\"Los pol\u00edticos Veracruz\"},\"image\":{\"@id\":\"https:\\\/\\\/lospoliticosveracruz.com\\\/#\\\/schema\\\/logo\\\/image\\\/\"},\"sameAs\":[\"https:\\\/\\\/www.facebook.com\\\/people\\\/Notimemes-de-los-Polticos\\\/61565672886568\\\/\",\"https:\\\/\\\/x.com\\\/LosPoliticosVer\"]},{\"@type\":\"Person\",\"@id\":\"https:\\\/\\\/lospoliticosveracruz.com\\\/#\\\/schema\\\/person\\\/b8702bb0e538456e6efd07080bf2a4a2\",\"name\":\"Lo viste en Los Pol\u00edticos\",\"image\":{\"@type\":\"ImageObject\",\"inLanguage\":\"es\",\"@id\":\"https:\\\/\\\/secure.gravatar.com\\\/avatar\\\/3a8de04a2656d44082be478bd6c086daa447c4651605818287b9532d3d0bd435?s=96&d=mm&r=g\",\"url\":\"https:\\\/\\\/secure.gravatar.com\\\/avatar\\\/3a8de04a2656d44082be478bd6c086daa447c4651605818287b9532d3d0bd435?s=96&d=mm&r=g\",\"contentUrl\":\"https:\\\/\\\/secure.gravatar.com\\\/avatar\\\/3a8de04a2656d44082be478bd6c086daa447c4651605818287b9532d3d0bd435?s=96&d=mm&r=g\",\"caption\":\"Lo viste en Los Pol\u00edticos\"},\"url\":\"https:\\\/\\\/lospoliticosveracruz.com\\\/?author=2\"}]}<\/script>\n<!-- \/ Yoast SEO plugin. -->","yoast_head_json":{"title":"SALTAN DOS M\u00c1S A MORENA! - Los pol\u00edticos Veracruz","robots":{"index":"index","follow":"follow","max-snippet":"max-snippet:-1","max-image-preview":"max-image-preview:large","max-video-preview":"max-video-preview:-1"},"canonical":"https:\/\/lospoliticosveracruz.com\/?p=166070","og_locale":"es_ES","og_type":"article","og_title":"SALTAN DOS M\u00c1S A MORENA! - Los pol\u00edticos Veracruz","og_description":"\u00c1ngeles Gonz\u00e1lez Ceballos&nbsp; Los alcaldes de los municipios de Atlahuilco y Tequila anunciaron su renuncia a sus partidos pol\u00edticos de Movimiento Ciudadano y Partido del Trabajo, para pasarse a Morena. El alcalde de Atlahuilco, Marcelino Tlaxcala Tlaxcala (MC), junto con el de Tequila, Misael Garc\u00eda Zepahua (PT); dijeron que buscan trabajar de la mano con [&hellip;]","og_url":"https:\/\/lospoliticosveracruz.com\/?p=166070","og_site_name":"Los pol\u00edticos Veracruz","article_publisher":"https:\/\/www.facebook.com\/people\/Notimemes-de-los-Polticos\/61565672886568\/","article_published_time":"2026-03-13T18:51:37+00:00","article_modified_time":"2026-03-13T18:52:43+00:00","og_image":[{"width":600,"height":320,"url":"https:\/\/lospoliticosveracruz.com\/wp-content\/uploads\/2026\/03\/IMG_2482.jpeg","type":"image\/jpeg"}],"author":"Lo viste en Los Pol\u00edticos","twitter_card":"summary_large_image","twitter_creator":"@LosPoliticosVer","twitter_site":"@LosPoliticosVer","twitter_misc":{"Escrito por":"Lo viste en Los Pol\u00edticos","Tiempo de lectura":"2 minutos"},"schema":{"@context":"https:\/\/schema.org","@graph":[{"@type":"Article","@id":"https:\/\/lospoliticosveracruz.com\/?p=166070#article","isPartOf":{"@id":"https:\/\/lospoliticosveracruz.com\/?p=166070"},"author":{"name":"Lo viste en Los Pol\u00edticos","@id":"https:\/\/lospoliticosveracruz.com\/#\/schema\/person\/b8702bb0e538456e6efd07080bf2a4a2"},"headline":"SALTAN DOS M\u00c1S A MORENA!","datePublished":"2026-03-13T18:51:37+00:00","dateModified":"2026-03-13T18:52:43+00:00","mainEntityOfPage":{"@id":"https:\/\/lospoliticosveracruz.com\/?p=166070"},"wordCount":420,"publisher":{"@id":"https:\/\/lospoliticosveracruz.com\/#organization"},"image":{"@id":"https:\/\/lospoliticosveracruz.com\/?p=166070#primaryimage"},"thumbnailUrl":"https:\/\/lospoliticosveracruz.com\/wp-content\/uploads\/2026\/03\/IMG_2482.jpeg","keywords":["alcaldes Atlahuilco Tequila renuncian MC PT","Esteban Ram\u00edrez Zepeta dirigente Morena Veracruz","Marcelino Tlaxcala Tlaxcala Morena","Misael Garc\u00eda Zepahua afiliaci\u00f3n Morena","Roc\u00edo Nahle Claudia Sheinbaum respaldo"],"articleSection":["La Nota"],"inLanguage":"es"},{"@type":"WebPage","@id":"https:\/\/lospoliticosveracruz.com\/?p=166070","url":"https:\/\/lospoliticosveracruz.com\/?p=166070","name":"SALTAN DOS M\u00c1S A MORENA! - Los pol\u00edticos Veracruz","isPartOf":{"@id":"https:\/\/lospoliticosveracruz.com\/#website"},"primaryImageOfPage":{"@id":"https:\/\/lospoliticosveracruz.com\/?p=166070#primaryimage"},"image":{"@id":"https:\/\/lospoliticosveracruz.com\/?p=166070#primaryimage"},"thumbnailUrl":"https:\/\/lospoliticosveracruz.com\/wp-content\/uploads\/2026\/03\/IMG_2482.jpeg","datePublished":"2026-03-13T18:51:37+00:00","dateModified":"2026-03-13T18:52:43+00:00","breadcrumb":{"@id":"https:\/\/lospoliticosveracruz.com\/?p=166070#breadcrumb"},"inLanguage":"es","potentialAction":[{"@type":"ReadAction","target":["https:\/\/lospoliticosveracruz.com\/?p=166070"]}]},{"@type":"ImageObject","inLanguage":"es","@id":"https:\/\/lospoliticosveracruz.com\/?p=166070#primaryimage","url":"https:\/\/lospoliticosveracruz.com\/wp-content\/uploads\/2026\/03\/IMG_2482.jpeg","contentUrl":"https:\/\/lospoliticosveracruz.com\/wp-content\/uploads\/2026\/03\/IMG_2482.jpeg","width":600,"height":320},{"@type":"BreadcrumbList","@id":"https:\/\/lospoliticosveracruz.com\/?p=166070#breadcrumb","itemListElement":[{"@type":"ListItem","position":1,"name":"Portada","item":"https:\/\/lospoliticosveracruz.com\/"},{"@type":"ListItem","position":2,"name":"SALTAN DOS M\u00c1S A MORENA!"}]},{"@type":"WebSite","@id":"https:\/\/lospoliticosveracruz.com\/#website","url":"https:\/\/lospoliticosveracruz.com\/","name":"Los pol\u00edticos Veracruz","description":"","publisher":{"@id":"https:\/\/lospoliticosveracruz.com\/#organization"},"potentialAction":[{"@type":"SearchAction","target":{"@type":"EntryPoint","urlTemplate":"https:\/\/lospoliticosveracruz.com\/?s={search_term_string}"},"query-input":{"@type":"PropertyValueSpecification","valueRequired":true,"valueName":"search_term_string"}}],"inLanguage":"es"},{"@type":"Organization","@id":"https:\/\/lospoliticosveracruz.com\/#organization","name":"Los pol\u00edticos Veracruz","url":"https:\/\/lospoliticosveracruz.com\/","logo":{"@type":"ImageObject","inLanguage":"es","@id":"https:\/\/lospoliticosveracruz.com\/#\/schema\/logo\/image\/","url":"https:\/\/lospoliticosveracruz.com\/wp-content\/uploads\/2025\/12\/Logo-Nuevo-LOS-POLITICOS-1.jpg","contentUrl":"https:\/\/lospoliticosveracruz.com\/wp-content\/uploads\/2025\/12\/Logo-Nuevo-LOS-POLITICOS-1.jpg","width":260,"height":70,"caption":"Los pol\u00edticos Veracruz"},"image":{"@id":"https:\/\/lospoliticosveracruz.com\/#\/schema\/logo\/image\/"},"sameAs":["https:\/\/www.facebook.com\/people\/Notimemes-de-los-Polticos\/61565672886568\/","https:\/\/x.com\/LosPoliticosVer"]},{"@type":"Person","@id":"https:\/\/lospoliticosveracruz.com\/#\/schema\/person\/b8702bb0e538456e6efd07080bf2a4a2","name":"Lo viste en Los Pol\u00edticos","image":{"@type":"ImageObject","inLanguage":"es","@id":"https:\/\/secure.gravatar.com\/avatar\/3a8de04a2656d44082be478bd6c086daa447c4651605818287b9532d3d0bd435?s=96&d=mm&r=g","url":"https:\/\/secure.gravatar.com\/avatar\/3a8de04a2656d44082be478bd6c086daa447c4651605818287b9532d3d0bd435?s=96&d=mm&r=g","contentUrl":"https:\/\/secure.gravatar.com\/avatar\/3a8de04a2656d44082be478bd6c086daa447c4651605818287b9532d3d0bd435?s=96&d=mm&r=g","caption":"Lo viste en Los Pol\u00edticos"},"url":"https:\/\/lospoliticosveracruz.com\/?author=2"}]}},"_links":{"self":[{"href":"https:\/\/lospoliticosveracruz.com\/index.php?rest_route=\/wp\/v2\/posts\/166070","targetHints":{"allow":["GET"]}}],"collection":[{"href":"https:\/\/lospoliticosveracruz.com\/index.php?rest_route=\/wp\/v2\/posts"}],"about":[{"href":"https:\/\/lospoliticosveracruz.com\/index.php?rest_route=\/wp\/v2\/types\/post"}],"author":[{"embeddable":true,"href":"https:\/\/lospoliticosveracruz.com\/index.php?rest_route=\/wp\/v2\/users\/2"}],"replies":[{"embeddable":true,"href":"https:\/\/lospoliticosveracruz.com\/index.php?rest_route=%2Fwp%2Fv2%2Fcomments&post=166070"}],"version-history":[{"count":1,"href":"https:\/\/lospoliticosveracruz.com\/index.php?rest_route=\/wp\/v2\/posts\/166070\/revisions"}],"predecessor-version":[{"id":166072,"href":"https:\/\/lospoliticosveracruz.com\/index.php?rest_route=\/wp\/v2\/posts\/166070\/revisions\/166072"}],"wp:featuredmedia":[{"embeddable":true,"href":"https:\/\/lospoliticosveracruz.com\/index.php?rest_route=\/wp\/v2\/media\/166071"}],"wp:attachment":[{"href":"https:\/\/lospoliticosveracruz.com\/index.php?rest_route=%2Fwp%2Fv2%2Fmedia&parent=166070"}],"wp:term":[{"taxonomy":"category","embeddable":true,"href":"https:\/\/lospoliticosveracruz.com\/index.php?rest_route=%2Fwp%2Fv2%2Fcategories&post=166070"},{"taxonomy":"post_tag","embeddable":true,"href":"https:\/\/lospoliticosveracruz.com\/index.php?rest_route=%2Fwp%2Fv2%2Ftags&post=166070"}],"curies":[{"name":"wp","href":"https:\/\/api.w.org\/{rel}","templated":true}]}}