{"id":166082,"date":"2026-03-13T15:03:53","date_gmt":"2026-03-13T21:03:53","guid":{"rendered":"https:\/\/lospoliticosveracruz.com\/?p=166082"},"modified":"2026-03-13T15:03:56","modified_gmt":"2026-03-13T21:03:56","slug":"ahi-viene-el-crudo","status":"publish","type":"post","link":"https:\/\/lospoliticosveracruz.com\/?p=166082","title":{"rendered":"AH\u00cd VIENE EL CRUDO!"},"content":{"rendered":"\n<p><strong>\u00c1ngeles Gonz\u00e1lez Ceballos&nbsp;<\/strong><\/p>\n\n\n\n<p>La gobernadora de Veracruz, Roc\u00edo Nahle Garc\u00eda, indic\u00f3 que si bien es cierto ya trabajan en la limpieza de las playas luego de que detectaran y contuvieran el derrame de hidrocarburo, este fin de semana se espera otro evento de norte y tienen que ver qu\u00e9 tanto m\u00e1s de crudo podr\u00eda llegar a las costas del Estado.<\/p>\n\n\n\n<p>Sin embargo, enfatiz\u00f3 que ya se comprometi\u00f3 con diversas dependencias federales y del Estado, para que las playas esten limpias para el periodo vacacional de Semana Santa.<\/p>\n\n\n\n<p>En su mensaje, durante la entrega de tarjetas del programa Bienpesca a pescadoras, pescadores y acuicultores de Minatitl\u00e1n; se\u00f1al\u00f3 que al registrarse el derrame muchos empezaron a especular, por ello, decidi\u00f3 hablar con los directivos de Pemex, quienes tampoco sab\u00edan de d\u00f3nde ven\u00eda.<\/p>\n\n\n\n<p>\u00abAqu\u00ed en Pajapan fue donde lleg\u00f3 un poco m\u00e1s de hidrocarburo, la corriente mar\u00edtima avent\u00f3 residuos hacia Catemaco, otro m\u00e1s hacia Alvarado.<\/p>\n\n\n\n<p>En Alvarado son como gotas gruesas que est\u00e1n en la playa que se est\u00e1n levantando muy f\u00e1cilmente\u00bb, asegur\u00f3.<\/p>\n\n\n\n<p>Asimismo, indic\u00f3 que este jueves le informaron que llegaron peque\u00f1as \u00abtrasas\u00bb a Boca del R\u00edo, que ya se est\u00e1 levantando.<\/p>\n\n\n\n<p>Reiter\u00f3 que Pemex busc\u00f3, a trav\u00e9s de im\u00e1genes de sat\u00e9lite, de d\u00f3nde ven\u00eda el origen del derrame, fue as\u00ed que detectaron que fue de un barco privado en las costas de S\u00e1nchez Magallanes.<\/p>\n\n\n\n<p>\u00abSe contuvo, pero ese derrame con la corriente mar\u00edtima baj\u00f3 a nuestro estado, porque es en Veracruz en donde hemos tenido el residuo.<\/p>\n\n\n\n<p>Pemex, aunque no es de Pemex (el derrame), est\u00e1 trabajando, la Secretar\u00eda de Marina, el gobierno del Estado, a trav\u00e9s de la Procuradur\u00eda de Medio Ambiente, est\u00e1 trabajando, pero sobre todo ustedes\u00bb, dijo a los pescadores de Minatitl\u00e1n.<\/p>\n\n\n\n<p>La titular del Ejecutivo resalt\u00f3 que este fin de semana se espera que haya un evento de norte, por lo que ver\u00e1n qu\u00e9 tanto m\u00e1s alcanza a llegar a las costas de nuestro estado y poder levantarlo.<\/p>\n\n\n\n<p>Manifest\u00f3 que se han comprometido con la Semar, con Pemex y la PMA para que en Semana Santa esten limpias todas las playas y no haya riesgos para la poblaci\u00f3n, pero tambi\u00e9n para que no corran riesgos los pescadores.<\/p>\n\n\n\n<p>El otro tema, la mandataria de Veracruz expres\u00f3 que tras la reuni\u00f3n con los directivos del Telet\u00f3n, acordaron que el gobierno de Veracruz pondr\u00e1 la mitad de los recursos para la construcci\u00f3n de un CRIT en el municipio de Minatitl\u00e1n, \u00abde que se hace, se hace\u00bb.<\/p>\n\n\n\n<p>&nbsp;\u00abVeracruz aporta la mitad, nosotros aportamos la mitad de la construcci\u00f3n del CRIT para que lo hagan ac\u00e1 en Minatitl\u00e1n.<\/p>\n\n\n\n<p>Ellos tienen un comit\u00e9 van a tener una reuni\u00f3n en la primera semana de mayo, yo se los voy a hacer llegar por escrito porque s\u00f3lo lo hablamos, les gust\u00f3 la idea\u00bb, destac\u00f3.<\/p>\n\n\n\n<p>De manera que el Telet\u00f3n iniciar\u00eda la&nbsp;&nbsp;construcci\u00f3n en el 2027, pero destac\u00f3 que esta ser\u00eda la primera vez que el Telet\u00f3n estar\u00eda construyendo dos CRTIs al mismo tiempo, porque hay otras entidades en donde les hace falta.<\/p>\n\n\n\n<p>\u00abYo dije est\u00e1 bien, pero vamos haciendo dos, el otro que se haga ac\u00e1 y el gobierno del Estado pone la mitad del costo de la construcci\u00f3n, para eso son nuestros impuestos, yo quiero que ellos se hagan cargo porque tienen el expert\u00eds\u00bb, manifest\u00f3.<\/p>\n","protected":false},"excerpt":{"rendered":"<p>\u00c1ngeles Gonz\u00e1lez Ceballos&nbsp; La gobernadora de Veracruz, Roc\u00edo Nahle Garc\u00eda, indic\u00f3 que si bien es cierto ya trabajan en la limpieza de las playas luego de que detectaran y contuvieran el derrame de hidrocarburo, este fin de semana se espera otro evento de norte y tienen que ver qu\u00e9 tanto m\u00e1s de crudo podr\u00eda llegar [&hellip;]<\/p>\n","protected":false},"author":2,"featured_media":166083,"comment_status":"closed","ping_status":"closed","sticky":false,"template":"","format":"standard","meta":{"tdm_status":"","tdm_grid_status":"","footnotes":""},"categories":[6446],"tags":[57421,57418,57419,57420,57422],"class_list":{"0":"post-166082","1":"post","2":"type-post","3":"status-publish","4":"format-standard","5":"has-post-thumbnail","7":"category-la-nota","8":"tag-barco-privado-sanchez-magallanes-derrame","9":"tag-evento-de-norte-costas-veracruz","10":"tag-limpieza-playas-semana-santa-2026","11":"tag-pemex-semar-pma-coordinacion-ambiental","12":"tag-rocio-nahle-derrame-crudo-veracruz"},"yoast_head":"<!-- This site is optimized with the Yoast SEO plugin v27.4 - https:\/\/yoast.com\/product\/yoast-seo-wordpress\/ -->\n<title>AH\u00cd VIENE EL CRUDO! - Los pol\u00edticos Veracruz<\/title>\n<meta name=\"robots\" content=\"index, follow, max-snippet:-1, max-image-preview:large, max-video-preview:-1\" \/>\n<link rel=\"canonical\" href=\"https:\/\/lospoliticosveracruz.com\/?p=166082\" \/>\n<meta property=\"og:locale\" content=\"es_ES\" \/>\n<meta property=\"og:type\" content=\"article\" \/>\n<meta property=\"og:title\" content=\"AH\u00cd VIENE EL CRUDO! - Los pol\u00edticos Veracruz\" \/>\n<meta property=\"og:description\" content=\"\u00c1ngeles Gonz\u00e1lez Ceballos&nbsp; La gobernadora de Veracruz, Roc\u00edo Nahle Garc\u00eda, indic\u00f3 que si bien es cierto ya trabajan en la limpieza de las playas luego de que detectaran y contuvieran el derrame de hidrocarburo, este fin de semana se espera otro evento de norte y tienen que ver qu\u00e9 tanto m\u00e1s de crudo podr\u00eda llegar [&hellip;]\" \/>\n<meta property=\"og:url\" content=\"https:\/\/lospoliticosveracruz.com\/?p=166082\" \/>\n<meta property=\"og:site_name\" content=\"Los pol\u00edticos Veracruz\" \/>\n<meta property=\"article:publisher\" content=\"https:\/\/www.facebook.com\/people\/Notimemes-de-los-Polticos\/61565672886568\/\" \/>\n<meta property=\"article:published_time\" content=\"2026-03-13T21:03:53+00:00\" \/>\n<meta property=\"article:modified_time\" content=\"2026-03-13T21:03:56+00:00\" \/>\n<meta property=\"og:image\" content=\"https:\/\/lospoliticosveracruz.com\/wp-content\/uploads\/2026\/03\/Nahle-9.jpg\" \/>\n\t<meta property=\"og:image:width\" content=\"600\" \/>\n\t<meta property=\"og:image:height\" content=\"320\" \/>\n\t<meta property=\"og:image:type\" content=\"image\/jpeg\" \/>\n<meta name=\"author\" content=\"Lo viste en Los Pol\u00edticos\" \/>\n<meta name=\"twitter:card\" content=\"summary_large_image\" \/>\n<meta name=\"twitter:creator\" content=\"@LosPoliticosVer\" \/>\n<meta name=\"twitter:site\" content=\"@LosPoliticosVer\" \/>\n<meta name=\"twitter:label1\" content=\"Escrito por\" \/>\n\t<meta name=\"twitter:data1\" content=\"Lo viste en Los Pol\u00edticos\" \/>\n\t<meta name=\"twitter:label2\" content=\"Tiempo de lectura\" \/>\n\t<meta name=\"twitter:data2\" content=\"3 minutos\" \/>\n<script type=\"application\/ld+json\" class=\"yoast-schema-graph\">{\"@context\":\"https:\\\/\\\/schema.org\",\"@graph\":[{\"@type\":\"Article\",\"@id\":\"https:\\\/\\\/lospoliticosveracruz.com\\\/?p=166082#article\",\"isPartOf\":{\"@id\":\"https:\\\/\\\/lospoliticosveracruz.com\\\/?p=166082\"},\"author\":{\"name\":\"Lo viste en Los Pol\u00edticos\",\"@id\":\"https:\\\/\\\/lospoliticosveracruz.com\\\/#\\\/schema\\\/person\\\/b8702bb0e538456e6efd07080bf2a4a2\"},\"headline\":\"AH\u00cd VIENE EL CRUDO!\",\"datePublished\":\"2026-03-13T21:03:53+00:00\",\"dateModified\":\"2026-03-13T21:03:56+00:00\",\"mainEntityOfPage\":{\"@id\":\"https:\\\/\\\/lospoliticosveracruz.com\\\/?p=166082\"},\"wordCount\":597,\"publisher\":{\"@id\":\"https:\\\/\\\/lospoliticosveracruz.com\\\/#organization\"},\"image\":{\"@id\":\"https:\\\/\\\/lospoliticosveracruz.com\\\/?p=166082#primaryimage\"},\"thumbnailUrl\":\"https:\\\/\\\/lospoliticosveracruz.com\\\/wp-content\\\/uploads\\\/2026\\\/03\\\/Nahle-9.jpg\",\"keywords\":[\"barco privado S\u00e1nchez Magallanes derrame\",\"evento de norte costas Veracruz\",\"limpieza playas Semana Santa 2026\",\"Pemex Semar PMA coordinaci\u00f3n ambiental\",\"Roc\u00edo Nahle derrame crudo Veracruz\"],\"articleSection\":[\"La Nota\"],\"inLanguage\":\"es\"},{\"@type\":\"WebPage\",\"@id\":\"https:\\\/\\\/lospoliticosveracruz.com\\\/?p=166082\",\"url\":\"https:\\\/\\\/lospoliticosveracruz.com\\\/?p=166082\",\"name\":\"AH\u00cd VIENE EL CRUDO! - Los pol\u00edticos Veracruz\",\"isPartOf\":{\"@id\":\"https:\\\/\\\/lospoliticosveracruz.com\\\/#website\"},\"primaryImageOfPage\":{\"@id\":\"https:\\\/\\\/lospoliticosveracruz.com\\\/?p=166082#primaryimage\"},\"image\":{\"@id\":\"https:\\\/\\\/lospoliticosveracruz.com\\\/?p=166082#primaryimage\"},\"thumbnailUrl\":\"https:\\\/\\\/lospoliticosveracruz.com\\\/wp-content\\\/uploads\\\/2026\\\/03\\\/Nahle-9.jpg\",\"datePublished\":\"2026-03-13T21:03:53+00:00\",\"dateModified\":\"2026-03-13T21:03:56+00:00\",\"breadcrumb\":{\"@id\":\"https:\\\/\\\/lospoliticosveracruz.com\\\/?p=166082#breadcrumb\"},\"inLanguage\":\"es\",\"potentialAction\":[{\"@type\":\"ReadAction\",\"target\":[\"https:\\\/\\\/lospoliticosveracruz.com\\\/?p=166082\"]}]},{\"@type\":\"ImageObject\",\"inLanguage\":\"es\",\"@id\":\"https:\\\/\\\/lospoliticosveracruz.com\\\/?p=166082#primaryimage\",\"url\":\"https:\\\/\\\/lospoliticosveracruz.com\\\/wp-content\\\/uploads\\\/2026\\\/03\\\/Nahle-9.jpg\",\"contentUrl\":\"https:\\\/\\\/lospoliticosveracruz.com\\\/wp-content\\\/uploads\\\/2026\\\/03\\\/Nahle-9.jpg\",\"width\":600,\"height\":320},{\"@type\":\"BreadcrumbList\",\"@id\":\"https:\\\/\\\/lospoliticosveracruz.com\\\/?p=166082#breadcrumb\",\"itemListElement\":[{\"@type\":\"ListItem\",\"position\":1,\"name\":\"Portada\",\"item\":\"https:\\\/\\\/lospoliticosveracruz.com\\\/\"},{\"@type\":\"ListItem\",\"position\":2,\"name\":\"AH\u00cd VIENE EL CRUDO!\"}]},{\"@type\":\"WebSite\",\"@id\":\"https:\\\/\\\/lospoliticosveracruz.com\\\/#website\",\"url\":\"https:\\\/\\\/lospoliticosveracruz.com\\\/\",\"name\":\"Los pol\u00edticos Veracruz\",\"description\":\"\",\"publisher\":{\"@id\":\"https:\\\/\\\/lospoliticosveracruz.com\\\/#organization\"},\"potentialAction\":[{\"@type\":\"SearchAction\",\"target\":{\"@type\":\"EntryPoint\",\"urlTemplate\":\"https:\\\/\\\/lospoliticosveracruz.com\\\/?s={search_term_string}\"},\"query-input\":{\"@type\":\"PropertyValueSpecification\",\"valueRequired\":true,\"valueName\":\"search_term_string\"}}],\"inLanguage\":\"es\"},{\"@type\":\"Organization\",\"@id\":\"https:\\\/\\\/lospoliticosveracruz.com\\\/#organization\",\"name\":\"Los pol\u00edticos Veracruz\",\"url\":\"https:\\\/\\\/lospoliticosveracruz.com\\\/\",\"logo\":{\"@type\":\"ImageObject\",\"inLanguage\":\"es\",\"@id\":\"https:\\\/\\\/lospoliticosveracruz.com\\\/#\\\/schema\\\/logo\\\/image\\\/\",\"url\":\"https:\\\/\\\/lospoliticosveracruz.com\\\/wp-content\\\/uploads\\\/2025\\\/12\\\/Logo-Nuevo-LOS-POLITICOS-1.jpg\",\"contentUrl\":\"https:\\\/\\\/lospoliticosveracruz.com\\\/wp-content\\\/uploads\\\/2025\\\/12\\\/Logo-Nuevo-LOS-POLITICOS-1.jpg\",\"width\":260,\"height\":70,\"caption\":\"Los pol\u00edticos Veracruz\"},\"image\":{\"@id\":\"https:\\\/\\\/lospoliticosveracruz.com\\\/#\\\/schema\\\/logo\\\/image\\\/\"},\"sameAs\":[\"https:\\\/\\\/www.facebook.com\\\/people\\\/Notimemes-de-los-Polticos\\\/61565672886568\\\/\",\"https:\\\/\\\/x.com\\\/LosPoliticosVer\"]},{\"@type\":\"Person\",\"@id\":\"https:\\\/\\\/lospoliticosveracruz.com\\\/#\\\/schema\\\/person\\\/b8702bb0e538456e6efd07080bf2a4a2\",\"name\":\"Lo viste en Los Pol\u00edticos\",\"image\":{\"@type\":\"ImageObject\",\"inLanguage\":\"es\",\"@id\":\"https:\\\/\\\/secure.gravatar.com\\\/avatar\\\/3a8de04a2656d44082be478bd6c086daa447c4651605818287b9532d3d0bd435?s=96&d=mm&r=g\",\"url\":\"https:\\\/\\\/secure.gravatar.com\\\/avatar\\\/3a8de04a2656d44082be478bd6c086daa447c4651605818287b9532d3d0bd435?s=96&d=mm&r=g\",\"contentUrl\":\"https:\\\/\\\/secure.gravatar.com\\\/avatar\\\/3a8de04a2656d44082be478bd6c086daa447c4651605818287b9532d3d0bd435?s=96&d=mm&r=g\",\"caption\":\"Lo viste en Los Pol\u00edticos\"},\"url\":\"https:\\\/\\\/lospoliticosveracruz.com\\\/?author=2\"}]}<\/script>\n<!-- \/ Yoast SEO plugin. -->","yoast_head_json":{"title":"AH\u00cd VIENE EL CRUDO! - Los pol\u00edticos Veracruz","robots":{"index":"index","follow":"follow","max-snippet":"max-snippet:-1","max-image-preview":"max-image-preview:large","max-video-preview":"max-video-preview:-1"},"canonical":"https:\/\/lospoliticosveracruz.com\/?p=166082","og_locale":"es_ES","og_type":"article","og_title":"AH\u00cd VIENE EL CRUDO! - Los pol\u00edticos Veracruz","og_description":"\u00c1ngeles Gonz\u00e1lez Ceballos&nbsp; La gobernadora de Veracruz, Roc\u00edo Nahle Garc\u00eda, indic\u00f3 que si bien es cierto ya trabajan en la limpieza de las playas luego de que detectaran y contuvieran el derrame de hidrocarburo, este fin de semana se espera otro evento de norte y tienen que ver qu\u00e9 tanto m\u00e1s de crudo podr\u00eda llegar [&hellip;]","og_url":"https:\/\/lospoliticosveracruz.com\/?p=166082","og_site_name":"Los pol\u00edticos Veracruz","article_publisher":"https:\/\/www.facebook.com\/people\/Notimemes-de-los-Polticos\/61565672886568\/","article_published_time":"2026-03-13T21:03:53+00:00","article_modified_time":"2026-03-13T21:03:56+00:00","og_image":[{"width":600,"height":320,"url":"https:\/\/lospoliticosveracruz.com\/wp-content\/uploads\/2026\/03\/Nahle-9.jpg","type":"image\/jpeg"}],"author":"Lo viste en Los Pol\u00edticos","twitter_card":"summary_large_image","twitter_creator":"@LosPoliticosVer","twitter_site":"@LosPoliticosVer","twitter_misc":{"Escrito por":"Lo viste en Los Pol\u00edticos","Tiempo de lectura":"3 minutos"},"schema":{"@context":"https:\/\/schema.org","@graph":[{"@type":"Article","@id":"https:\/\/lospoliticosveracruz.com\/?p=166082#article","isPartOf":{"@id":"https:\/\/lospoliticosveracruz.com\/?p=166082"},"author":{"name":"Lo viste en Los Pol\u00edticos","@id":"https:\/\/lospoliticosveracruz.com\/#\/schema\/person\/b8702bb0e538456e6efd07080bf2a4a2"},"headline":"AH\u00cd VIENE EL CRUDO!","datePublished":"2026-03-13T21:03:53+00:00","dateModified":"2026-03-13T21:03:56+00:00","mainEntityOfPage":{"@id":"https:\/\/lospoliticosveracruz.com\/?p=166082"},"wordCount":597,"publisher":{"@id":"https:\/\/lospoliticosveracruz.com\/#organization"},"image":{"@id":"https:\/\/lospoliticosveracruz.com\/?p=166082#primaryimage"},"thumbnailUrl":"https:\/\/lospoliticosveracruz.com\/wp-content\/uploads\/2026\/03\/Nahle-9.jpg","keywords":["barco privado S\u00e1nchez Magallanes derrame","evento de norte costas Veracruz","limpieza playas Semana Santa 2026","Pemex Semar PMA coordinaci\u00f3n ambiental","Roc\u00edo Nahle derrame crudo Veracruz"],"articleSection":["La Nota"],"inLanguage":"es"},{"@type":"WebPage","@id":"https:\/\/lospoliticosveracruz.com\/?p=166082","url":"https:\/\/lospoliticosveracruz.com\/?p=166082","name":"AH\u00cd VIENE EL CRUDO! - Los pol\u00edticos Veracruz","isPartOf":{"@id":"https:\/\/lospoliticosveracruz.com\/#website"},"primaryImageOfPage":{"@id":"https:\/\/lospoliticosveracruz.com\/?p=166082#primaryimage"},"image":{"@id":"https:\/\/lospoliticosveracruz.com\/?p=166082#primaryimage"},"thumbnailUrl":"https:\/\/lospoliticosveracruz.com\/wp-content\/uploads\/2026\/03\/Nahle-9.jpg","datePublished":"2026-03-13T21:03:53+00:00","dateModified":"2026-03-13T21:03:56+00:00","breadcrumb":{"@id":"https:\/\/lospoliticosveracruz.com\/?p=166082#breadcrumb"},"inLanguage":"es","potentialAction":[{"@type":"ReadAction","target":["https:\/\/lospoliticosveracruz.com\/?p=166082"]}]},{"@type":"ImageObject","inLanguage":"es","@id":"https:\/\/lospoliticosveracruz.com\/?p=166082#primaryimage","url":"https:\/\/lospoliticosveracruz.com\/wp-content\/uploads\/2026\/03\/Nahle-9.jpg","contentUrl":"https:\/\/lospoliticosveracruz.com\/wp-content\/uploads\/2026\/03\/Nahle-9.jpg","width":600,"height":320},{"@type":"BreadcrumbList","@id":"https:\/\/lospoliticosveracruz.com\/?p=166082#breadcrumb","itemListElement":[{"@type":"ListItem","position":1,"name":"Portada","item":"https:\/\/lospoliticosveracruz.com\/"},{"@type":"ListItem","position":2,"name":"AH\u00cd VIENE EL CRUDO!"}]},{"@type":"WebSite","@id":"https:\/\/lospoliticosveracruz.com\/#website","url":"https:\/\/lospoliticosveracruz.com\/","name":"Los pol\u00edticos Veracruz","description":"","publisher":{"@id":"https:\/\/lospoliticosveracruz.com\/#organization"},"potentialAction":[{"@type":"SearchAction","target":{"@type":"EntryPoint","urlTemplate":"https:\/\/lospoliticosveracruz.com\/?s={search_term_string}"},"query-input":{"@type":"PropertyValueSpecification","valueRequired":true,"valueName":"search_term_string"}}],"inLanguage":"es"},{"@type":"Organization","@id":"https:\/\/lospoliticosveracruz.com\/#organization","name":"Los pol\u00edticos Veracruz","url":"https:\/\/lospoliticosveracruz.com\/","logo":{"@type":"ImageObject","inLanguage":"es","@id":"https:\/\/lospoliticosveracruz.com\/#\/schema\/logo\/image\/","url":"https:\/\/lospoliticosveracruz.com\/wp-content\/uploads\/2025\/12\/Logo-Nuevo-LOS-POLITICOS-1.jpg","contentUrl":"https:\/\/lospoliticosveracruz.com\/wp-content\/uploads\/2025\/12\/Logo-Nuevo-LOS-POLITICOS-1.jpg","width":260,"height":70,"caption":"Los pol\u00edticos Veracruz"},"image":{"@id":"https:\/\/lospoliticosveracruz.com\/#\/schema\/logo\/image\/"},"sameAs":["https:\/\/www.facebook.com\/people\/Notimemes-de-los-Polticos\/61565672886568\/","https:\/\/x.com\/LosPoliticosVer"]},{"@type":"Person","@id":"https:\/\/lospoliticosveracruz.com\/#\/schema\/person\/b8702bb0e538456e6efd07080bf2a4a2","name":"Lo viste en Los Pol\u00edticos","image":{"@type":"ImageObject","inLanguage":"es","@id":"https:\/\/secure.gravatar.com\/avatar\/3a8de04a2656d44082be478bd6c086daa447c4651605818287b9532d3d0bd435?s=96&d=mm&r=g","url":"https:\/\/secure.gravatar.com\/avatar\/3a8de04a2656d44082be478bd6c086daa447c4651605818287b9532d3d0bd435?s=96&d=mm&r=g","contentUrl":"https:\/\/secure.gravatar.com\/avatar\/3a8de04a2656d44082be478bd6c086daa447c4651605818287b9532d3d0bd435?s=96&d=mm&r=g","caption":"Lo viste en Los Pol\u00edticos"},"url":"https:\/\/lospoliticosveracruz.com\/?author=2"}]}},"_links":{"self":[{"href":"https:\/\/lospoliticosveracruz.com\/index.php?rest_route=\/wp\/v2\/posts\/166082","targetHints":{"allow":["GET"]}}],"collection":[{"href":"https:\/\/lospoliticosveracruz.com\/index.php?rest_route=\/wp\/v2\/posts"}],"about":[{"href":"https:\/\/lospoliticosveracruz.com\/index.php?rest_route=\/wp\/v2\/types\/post"}],"author":[{"embeddable":true,"href":"https:\/\/lospoliticosveracruz.com\/index.php?rest_route=\/wp\/v2\/users\/2"}],"replies":[{"embeddable":true,"href":"https:\/\/lospoliticosveracruz.com\/index.php?rest_route=%2Fwp%2Fv2%2Fcomments&post=166082"}],"version-history":[{"count":1,"href":"https:\/\/lospoliticosveracruz.com\/index.php?rest_route=\/wp\/v2\/posts\/166082\/revisions"}],"predecessor-version":[{"id":166084,"href":"https:\/\/lospoliticosveracruz.com\/index.php?rest_route=\/wp\/v2\/posts\/166082\/revisions\/166084"}],"wp:featuredmedia":[{"embeddable":true,"href":"https:\/\/lospoliticosveracruz.com\/index.php?rest_route=\/wp\/v2\/media\/166083"}],"wp:attachment":[{"href":"https:\/\/lospoliticosveracruz.com\/index.php?rest_route=%2Fwp%2Fv2%2Fmedia&parent=166082"}],"wp:term":[{"taxonomy":"category","embeddable":true,"href":"https:\/\/lospoliticosveracruz.com\/index.php?rest_route=%2Fwp%2Fv2%2Fcategories&post=166082"},{"taxonomy":"post_tag","embeddable":true,"href":"https:\/\/lospoliticosveracruz.com\/index.php?rest_route=%2Fwp%2Fv2%2Ftags&post=166082"}],"curies":[{"name":"wp","href":"https:\/\/api.w.org\/{rel}","templated":true}]}}