{"id":166101,"date":"2026-03-13T17:17:03","date_gmt":"2026-03-13T23:17:03","guid":{"rendered":"https:\/\/lospoliticosveracruz.com\/?p=166101"},"modified":"2026-03-13T17:23:59","modified_gmt":"2026-03-13T23:23:59","slug":"bien-chambeadores","status":"publish","type":"post","link":"https:\/\/lospoliticosveracruz.com\/?p=166101","title":{"rendered":"BIEN CHAMBEADORES!"},"content":{"rendered":"\n<p><strong>Info Analitikfp<br><\/strong>Hoy, Luis Arturo Santiago Mart\u00ednez, Secretario de la Secretar\u00eda del Trabajo, Previsi\u00f3n Social y Productividad de Veracruz, en entrevista dijo que la entidad se encuentra entre los estados con menor desempleo a nivel nacional, al ocupar el cuarto lugar con la tasa m\u00e1s baja de desocupaci\u00f3n.<\/p>\n\n\n\n<p>Santiago Martinez, asegur\u00f3 que mientras que la media nacional de desempleo se ubica en 2.5 por ciento, en Veracruz, el indicador es de 1.9 por ciento, lo que significa que m\u00e1s del 98.1 por ciento de la poblaci\u00f3n econ\u00f3micamente activa cuenta actualmente con un empleo.<\/p>\n\n\n\n<p>El Secretario del Trabajo puntualiz\u00f3 que estos resultados, se deben en gran medida al esfuerzo de la poblaci\u00f3n trabajadora, as\u00ed como a la llegada de inversiones p\u00fablicas y privadas que han permitido la generaci\u00f3n de nuevas fuentes laborales en distintas regiones del estado.<\/p>\n\n\n\n<p>Ah\u00ed destac\u00f3 que programas como las ferias del empleo, organizadas en coordinaci\u00f3n con diversos ayuntamientos, han contribuido a ampliar las oportunidades laborales para la poblaci\u00f3n veracruzana.<\/p>\n\n\n\n<p>En cuanto al tema de la informalidad laboral, reconoci\u00f3 que se trata de un problema hist\u00f3rico que contin\u00faa representando un reto para la entidad. No obstante, asegur\u00f3 que en los \u00faltimos periodos se ha logrado reducir aproximadamente en un dos por ciento.<\/p>\n\n\n\n<p>El secretario agreg\u00f3 que la dependencia mantiene mesas de di\u00e1logo con empresarios en distintas regiones del estado para analizar la implementaci\u00f3n gradual de la jornada laboral de 40 horas.<\/p>\n\n\n\n<p>De manera paralela, indic\u00f3 que la Secretar\u00eda del Trabajo tambi\u00e9n supervisa el cumplimiento de la llamada Ley Silla, normativa que busca garantizar condiciones dignas para los trabajadores.<\/p>\n\n\n\n<p>Para ello, explic\u00f3 que inspectores laborales realizan recorridos en diversos establecimientos con el fin de verificar que se respete esta disposici\u00f3n, cuyas sanciones por incumplimiento pueden ir desde los 5 mil hasta los 500 mil pesos.<\/p>\n","protected":false},"excerpt":{"rendered":"<p>Info AnalitikfpHoy, Luis Arturo Santiago Mart\u00ednez, Secretario de la Secretar\u00eda del Trabajo, Previsi\u00f3n Social y Productividad de Veracruz, en entrevista dijo que la entidad se encuentra entre los estados con menor desempleo a nivel nacional, al ocupar el cuarto lugar con la tasa m\u00e1s baja de desocupaci\u00f3n. Santiago Martinez, asegur\u00f3 que mientras que la media [&hellip;]<\/p>\n","protected":false},"author":2,"featured_media":166102,"comment_status":"closed","ping_status":"closed","sticky":false,"template":"","format":"standard","meta":{"tdm_status":"","tdm_grid_status":"","footnotes":""},"categories":[6446],"tags":[57450,57449,57446,57445,57448,57447],"class_list":{"0":"post-166101","1":"post","2":"type-post","3":"status-publish","4":"format-standard","5":"has-post-thumbnail","7":"category-la-nota","8":"tag-ferias-de-empleo-veracruz-2026-resultados","9":"tag-jornada-laboral-40-horas-veracruz-dialogo","10":"tag-ley-silla-inspecciones-veracruz","11":"tag-luis-arturo-santiago-martinez-stpsp-veracruz","12":"tag-reduccion-informalidad-laboral-veracruz","13":"tag-tasa-de-desempleo-veracruz-2026"},"yoast_head":"<!-- This site is optimized with the Yoast SEO plugin v27.4 - https:\/\/yoast.com\/product\/yoast-seo-wordpress\/ -->\n<title>BIEN CHAMBEADORES! - Los pol\u00edticos Veracruz<\/title>\n<meta name=\"robots\" content=\"index, follow, max-snippet:-1, max-image-preview:large, max-video-preview:-1\" \/>\n<link rel=\"canonical\" href=\"https:\/\/lospoliticosveracruz.com\/?p=166101\" \/>\n<meta property=\"og:locale\" content=\"es_ES\" \/>\n<meta property=\"og:type\" content=\"article\" \/>\n<meta property=\"og:title\" content=\"BIEN CHAMBEADORES! - Los pol\u00edticos Veracruz\" \/>\n<meta property=\"og:description\" content=\"Info AnalitikfpHoy, Luis Arturo Santiago Mart\u00ednez, Secretario de la Secretar\u00eda del Trabajo, Previsi\u00f3n Social y Productividad de Veracruz, en entrevista dijo que la entidad se encuentra entre los estados con menor desempleo a nivel nacional, al ocupar el cuarto lugar con la tasa m\u00e1s baja de desocupaci\u00f3n. Santiago Martinez, asegur\u00f3 que mientras que la media [&hellip;]\" \/>\n<meta property=\"og:url\" content=\"https:\/\/lospoliticosveracruz.com\/?p=166101\" \/>\n<meta property=\"og:site_name\" content=\"Los pol\u00edticos Veracruz\" \/>\n<meta property=\"article:publisher\" content=\"https:\/\/www.facebook.com\/people\/Notimemes-de-los-Polticos\/61565672886568\/\" \/>\n<meta property=\"article:published_time\" content=\"2026-03-13T23:17:03+00:00\" \/>\n<meta property=\"article:modified_time\" content=\"2026-03-13T23:23:59+00:00\" \/>\n<meta property=\"og:image\" content=\"https:\/\/lospoliticosveracruz.com\/wp-content\/uploads\/2026\/03\/Luis-Arturo-Santiago-Martinez.jpg\" \/>\n\t<meta property=\"og:image:width\" content=\"600\" \/>\n\t<meta property=\"og:image:height\" content=\"320\" \/>\n\t<meta property=\"og:image:type\" content=\"image\/jpeg\" \/>\n<meta name=\"author\" content=\"Lo viste en Los Pol\u00edticos\" \/>\n<meta name=\"twitter:card\" content=\"summary_large_image\" \/>\n<meta name=\"twitter:creator\" content=\"@LosPoliticosVer\" \/>\n<meta name=\"twitter:site\" content=\"@LosPoliticosVer\" \/>\n<meta name=\"twitter:label1\" content=\"Escrito por\" \/>\n\t<meta name=\"twitter:data1\" content=\"Lo viste en Los Pol\u00edticos\" \/>\n\t<meta name=\"twitter:label2\" content=\"Tiempo de lectura\" \/>\n\t<meta name=\"twitter:data2\" content=\"2 minutos\" \/>\n<script type=\"application\/ld+json\" class=\"yoast-schema-graph\">{\"@context\":\"https:\\\/\\\/schema.org\",\"@graph\":[{\"@type\":\"Article\",\"@id\":\"https:\\\/\\\/lospoliticosveracruz.com\\\/?p=166101#article\",\"isPartOf\":{\"@id\":\"https:\\\/\\\/lospoliticosveracruz.com\\\/?p=166101\"},\"author\":{\"name\":\"Lo viste en Los Pol\u00edticos\",\"@id\":\"https:\\\/\\\/lospoliticosveracruz.com\\\/#\\\/schema\\\/person\\\/b8702bb0e538456e6efd07080bf2a4a2\"},\"headline\":\"BIEN CHAMBEADORES!\",\"datePublished\":\"2026-03-13T23:17:03+00:00\",\"dateModified\":\"2026-03-13T23:23:59+00:00\",\"mainEntityOfPage\":{\"@id\":\"https:\\\/\\\/lospoliticosveracruz.com\\\/?p=166101\"},\"wordCount\":312,\"publisher\":{\"@id\":\"https:\\\/\\\/lospoliticosveracruz.com\\\/#organization\"},\"image\":{\"@id\":\"https:\\\/\\\/lospoliticosveracruz.com\\\/?p=166101#primaryimage\"},\"thumbnailUrl\":\"https:\\\/\\\/lospoliticosveracruz.com\\\/wp-content\\\/uploads\\\/2026\\\/03\\\/Luis-Arturo-Santiago-Martinez.jpg\",\"keywords\":[\"ferias de empleo Veracruz 2026 resultados\",\"jornada laboral 40 horas Veracruz di\u00e1logo\",\"Ley Silla inspecciones Veracruz\",\"Luis Arturo Santiago Mart\u00ednez STPSP Veracruz\",\"reducci\u00f3n informalidad laboral Veracruz\",\"tasa de desempleo Veracruz 2026\"],\"articleSection\":[\"La Nota\"],\"inLanguage\":\"es\"},{\"@type\":\"WebPage\",\"@id\":\"https:\\\/\\\/lospoliticosveracruz.com\\\/?p=166101\",\"url\":\"https:\\\/\\\/lospoliticosveracruz.com\\\/?p=166101\",\"name\":\"BIEN CHAMBEADORES! - Los pol\u00edticos Veracruz\",\"isPartOf\":{\"@id\":\"https:\\\/\\\/lospoliticosveracruz.com\\\/#website\"},\"primaryImageOfPage\":{\"@id\":\"https:\\\/\\\/lospoliticosveracruz.com\\\/?p=166101#primaryimage\"},\"image\":{\"@id\":\"https:\\\/\\\/lospoliticosveracruz.com\\\/?p=166101#primaryimage\"},\"thumbnailUrl\":\"https:\\\/\\\/lospoliticosveracruz.com\\\/wp-content\\\/uploads\\\/2026\\\/03\\\/Luis-Arturo-Santiago-Martinez.jpg\",\"datePublished\":\"2026-03-13T23:17:03+00:00\",\"dateModified\":\"2026-03-13T23:23:59+00:00\",\"breadcrumb\":{\"@id\":\"https:\\\/\\\/lospoliticosveracruz.com\\\/?p=166101#breadcrumb\"},\"inLanguage\":\"es\",\"potentialAction\":[{\"@type\":\"ReadAction\",\"target\":[\"https:\\\/\\\/lospoliticosveracruz.com\\\/?p=166101\"]}]},{\"@type\":\"ImageObject\",\"inLanguage\":\"es\",\"@id\":\"https:\\\/\\\/lospoliticosveracruz.com\\\/?p=166101#primaryimage\",\"url\":\"https:\\\/\\\/lospoliticosveracruz.com\\\/wp-content\\\/uploads\\\/2026\\\/03\\\/Luis-Arturo-Santiago-Martinez.jpg\",\"contentUrl\":\"https:\\\/\\\/lospoliticosveracruz.com\\\/wp-content\\\/uploads\\\/2026\\\/03\\\/Luis-Arturo-Santiago-Martinez.jpg\",\"width\":600,\"height\":320},{\"@type\":\"BreadcrumbList\",\"@id\":\"https:\\\/\\\/lospoliticosveracruz.com\\\/?p=166101#breadcrumb\",\"itemListElement\":[{\"@type\":\"ListItem\",\"position\":1,\"name\":\"Portada\",\"item\":\"https:\\\/\\\/lospoliticosveracruz.com\\\/\"},{\"@type\":\"ListItem\",\"position\":2,\"name\":\"BIEN CHAMBEADORES!\"}]},{\"@type\":\"WebSite\",\"@id\":\"https:\\\/\\\/lospoliticosveracruz.com\\\/#website\",\"url\":\"https:\\\/\\\/lospoliticosveracruz.com\\\/\",\"name\":\"Los pol\u00edticos Veracruz\",\"description\":\"\",\"publisher\":{\"@id\":\"https:\\\/\\\/lospoliticosveracruz.com\\\/#organization\"},\"potentialAction\":[{\"@type\":\"SearchAction\",\"target\":{\"@type\":\"EntryPoint\",\"urlTemplate\":\"https:\\\/\\\/lospoliticosveracruz.com\\\/?s={search_term_string}\"},\"query-input\":{\"@type\":\"PropertyValueSpecification\",\"valueRequired\":true,\"valueName\":\"search_term_string\"}}],\"inLanguage\":\"es\"},{\"@type\":\"Organization\",\"@id\":\"https:\\\/\\\/lospoliticosveracruz.com\\\/#organization\",\"name\":\"Los pol\u00edticos Veracruz\",\"url\":\"https:\\\/\\\/lospoliticosveracruz.com\\\/\",\"logo\":{\"@type\":\"ImageObject\",\"inLanguage\":\"es\",\"@id\":\"https:\\\/\\\/lospoliticosveracruz.com\\\/#\\\/schema\\\/logo\\\/image\\\/\",\"url\":\"https:\\\/\\\/lospoliticosveracruz.com\\\/wp-content\\\/uploads\\\/2025\\\/12\\\/Logo-Nuevo-LOS-POLITICOS-1.jpg\",\"contentUrl\":\"https:\\\/\\\/lospoliticosveracruz.com\\\/wp-content\\\/uploads\\\/2025\\\/12\\\/Logo-Nuevo-LOS-POLITICOS-1.jpg\",\"width\":260,\"height\":70,\"caption\":\"Los pol\u00edticos Veracruz\"},\"image\":{\"@id\":\"https:\\\/\\\/lospoliticosveracruz.com\\\/#\\\/schema\\\/logo\\\/image\\\/\"},\"sameAs\":[\"https:\\\/\\\/www.facebook.com\\\/people\\\/Notimemes-de-los-Polticos\\\/61565672886568\\\/\",\"https:\\\/\\\/x.com\\\/LosPoliticosVer\"]},{\"@type\":\"Person\",\"@id\":\"https:\\\/\\\/lospoliticosveracruz.com\\\/#\\\/schema\\\/person\\\/b8702bb0e538456e6efd07080bf2a4a2\",\"name\":\"Lo viste en Los Pol\u00edticos\",\"image\":{\"@type\":\"ImageObject\",\"inLanguage\":\"es\",\"@id\":\"https:\\\/\\\/secure.gravatar.com\\\/avatar\\\/3a8de04a2656d44082be478bd6c086daa447c4651605818287b9532d3d0bd435?s=96&d=mm&r=g\",\"url\":\"https:\\\/\\\/secure.gravatar.com\\\/avatar\\\/3a8de04a2656d44082be478bd6c086daa447c4651605818287b9532d3d0bd435?s=96&d=mm&r=g\",\"contentUrl\":\"https:\\\/\\\/secure.gravatar.com\\\/avatar\\\/3a8de04a2656d44082be478bd6c086daa447c4651605818287b9532d3d0bd435?s=96&d=mm&r=g\",\"caption\":\"Lo viste en Los Pol\u00edticos\"},\"url\":\"https:\\\/\\\/lospoliticosveracruz.com\\\/?author=2\"}]}<\/script>\n<!-- \/ Yoast SEO plugin. -->","yoast_head_json":{"title":"BIEN CHAMBEADORES! - Los pol\u00edticos Veracruz","robots":{"index":"index","follow":"follow","max-snippet":"max-snippet:-1","max-image-preview":"max-image-preview:large","max-video-preview":"max-video-preview:-1"},"canonical":"https:\/\/lospoliticosveracruz.com\/?p=166101","og_locale":"es_ES","og_type":"article","og_title":"BIEN CHAMBEADORES! - Los pol\u00edticos Veracruz","og_description":"Info AnalitikfpHoy, Luis Arturo Santiago Mart\u00ednez, Secretario de la Secretar\u00eda del Trabajo, Previsi\u00f3n Social y Productividad de Veracruz, en entrevista dijo que la entidad se encuentra entre los estados con menor desempleo a nivel nacional, al ocupar el cuarto lugar con la tasa m\u00e1s baja de desocupaci\u00f3n. Santiago Martinez, asegur\u00f3 que mientras que la media [&hellip;]","og_url":"https:\/\/lospoliticosveracruz.com\/?p=166101","og_site_name":"Los pol\u00edticos Veracruz","article_publisher":"https:\/\/www.facebook.com\/people\/Notimemes-de-los-Polticos\/61565672886568\/","article_published_time":"2026-03-13T23:17:03+00:00","article_modified_time":"2026-03-13T23:23:59+00:00","og_image":[{"width":600,"height":320,"url":"https:\/\/lospoliticosveracruz.com\/wp-content\/uploads\/2026\/03\/Luis-Arturo-Santiago-Martinez.jpg","type":"image\/jpeg"}],"author":"Lo viste en Los Pol\u00edticos","twitter_card":"summary_large_image","twitter_creator":"@LosPoliticosVer","twitter_site":"@LosPoliticosVer","twitter_misc":{"Escrito por":"Lo viste en Los Pol\u00edticos","Tiempo de lectura":"2 minutos"},"schema":{"@context":"https:\/\/schema.org","@graph":[{"@type":"Article","@id":"https:\/\/lospoliticosveracruz.com\/?p=166101#article","isPartOf":{"@id":"https:\/\/lospoliticosveracruz.com\/?p=166101"},"author":{"name":"Lo viste en Los Pol\u00edticos","@id":"https:\/\/lospoliticosveracruz.com\/#\/schema\/person\/b8702bb0e538456e6efd07080bf2a4a2"},"headline":"BIEN CHAMBEADORES!","datePublished":"2026-03-13T23:17:03+00:00","dateModified":"2026-03-13T23:23:59+00:00","mainEntityOfPage":{"@id":"https:\/\/lospoliticosveracruz.com\/?p=166101"},"wordCount":312,"publisher":{"@id":"https:\/\/lospoliticosveracruz.com\/#organization"},"image":{"@id":"https:\/\/lospoliticosveracruz.com\/?p=166101#primaryimage"},"thumbnailUrl":"https:\/\/lospoliticosveracruz.com\/wp-content\/uploads\/2026\/03\/Luis-Arturo-Santiago-Martinez.jpg","keywords":["ferias de empleo Veracruz 2026 resultados","jornada laboral 40 horas Veracruz di\u00e1logo","Ley Silla inspecciones Veracruz","Luis Arturo Santiago Mart\u00ednez STPSP Veracruz","reducci\u00f3n informalidad laboral Veracruz","tasa de desempleo Veracruz 2026"],"articleSection":["La Nota"],"inLanguage":"es"},{"@type":"WebPage","@id":"https:\/\/lospoliticosveracruz.com\/?p=166101","url":"https:\/\/lospoliticosveracruz.com\/?p=166101","name":"BIEN CHAMBEADORES! - Los pol\u00edticos Veracruz","isPartOf":{"@id":"https:\/\/lospoliticosveracruz.com\/#website"},"primaryImageOfPage":{"@id":"https:\/\/lospoliticosveracruz.com\/?p=166101#primaryimage"},"image":{"@id":"https:\/\/lospoliticosveracruz.com\/?p=166101#primaryimage"},"thumbnailUrl":"https:\/\/lospoliticosveracruz.com\/wp-content\/uploads\/2026\/03\/Luis-Arturo-Santiago-Martinez.jpg","datePublished":"2026-03-13T23:17:03+00:00","dateModified":"2026-03-13T23:23:59+00:00","breadcrumb":{"@id":"https:\/\/lospoliticosveracruz.com\/?p=166101#breadcrumb"},"inLanguage":"es","potentialAction":[{"@type":"ReadAction","target":["https:\/\/lospoliticosveracruz.com\/?p=166101"]}]},{"@type":"ImageObject","inLanguage":"es","@id":"https:\/\/lospoliticosveracruz.com\/?p=166101#primaryimage","url":"https:\/\/lospoliticosveracruz.com\/wp-content\/uploads\/2026\/03\/Luis-Arturo-Santiago-Martinez.jpg","contentUrl":"https:\/\/lospoliticosveracruz.com\/wp-content\/uploads\/2026\/03\/Luis-Arturo-Santiago-Martinez.jpg","width":600,"height":320},{"@type":"BreadcrumbList","@id":"https:\/\/lospoliticosveracruz.com\/?p=166101#breadcrumb","itemListElement":[{"@type":"ListItem","position":1,"name":"Portada","item":"https:\/\/lospoliticosveracruz.com\/"},{"@type":"ListItem","position":2,"name":"BIEN CHAMBEADORES!"}]},{"@type":"WebSite","@id":"https:\/\/lospoliticosveracruz.com\/#website","url":"https:\/\/lospoliticosveracruz.com\/","name":"Los pol\u00edticos Veracruz","description":"","publisher":{"@id":"https:\/\/lospoliticosveracruz.com\/#organization"},"potentialAction":[{"@type":"SearchAction","target":{"@type":"EntryPoint","urlTemplate":"https:\/\/lospoliticosveracruz.com\/?s={search_term_string}"},"query-input":{"@type":"PropertyValueSpecification","valueRequired":true,"valueName":"search_term_string"}}],"inLanguage":"es"},{"@type":"Organization","@id":"https:\/\/lospoliticosveracruz.com\/#organization","name":"Los pol\u00edticos Veracruz","url":"https:\/\/lospoliticosveracruz.com\/","logo":{"@type":"ImageObject","inLanguage":"es","@id":"https:\/\/lospoliticosveracruz.com\/#\/schema\/logo\/image\/","url":"https:\/\/lospoliticosveracruz.com\/wp-content\/uploads\/2025\/12\/Logo-Nuevo-LOS-POLITICOS-1.jpg","contentUrl":"https:\/\/lospoliticosveracruz.com\/wp-content\/uploads\/2025\/12\/Logo-Nuevo-LOS-POLITICOS-1.jpg","width":260,"height":70,"caption":"Los pol\u00edticos Veracruz"},"image":{"@id":"https:\/\/lospoliticosveracruz.com\/#\/schema\/logo\/image\/"},"sameAs":["https:\/\/www.facebook.com\/people\/Notimemes-de-los-Polticos\/61565672886568\/","https:\/\/x.com\/LosPoliticosVer"]},{"@type":"Person","@id":"https:\/\/lospoliticosveracruz.com\/#\/schema\/person\/b8702bb0e538456e6efd07080bf2a4a2","name":"Lo viste en Los Pol\u00edticos","image":{"@type":"ImageObject","inLanguage":"es","@id":"https:\/\/secure.gravatar.com\/avatar\/3a8de04a2656d44082be478bd6c086daa447c4651605818287b9532d3d0bd435?s=96&d=mm&r=g","url":"https:\/\/secure.gravatar.com\/avatar\/3a8de04a2656d44082be478bd6c086daa447c4651605818287b9532d3d0bd435?s=96&d=mm&r=g","contentUrl":"https:\/\/secure.gravatar.com\/avatar\/3a8de04a2656d44082be478bd6c086daa447c4651605818287b9532d3d0bd435?s=96&d=mm&r=g","caption":"Lo viste en Los Pol\u00edticos"},"url":"https:\/\/lospoliticosveracruz.com\/?author=2"}]}},"_links":{"self":[{"href":"https:\/\/lospoliticosveracruz.com\/index.php?rest_route=\/wp\/v2\/posts\/166101","targetHints":{"allow":["GET"]}}],"collection":[{"href":"https:\/\/lospoliticosveracruz.com\/index.php?rest_route=\/wp\/v2\/posts"}],"about":[{"href":"https:\/\/lospoliticosveracruz.com\/index.php?rest_route=\/wp\/v2\/types\/post"}],"author":[{"embeddable":true,"href":"https:\/\/lospoliticosveracruz.com\/index.php?rest_route=\/wp\/v2\/users\/2"}],"replies":[{"embeddable":true,"href":"https:\/\/lospoliticosveracruz.com\/index.php?rest_route=%2Fwp%2Fv2%2Fcomments&post=166101"}],"version-history":[{"count":1,"href":"https:\/\/lospoliticosveracruz.com\/index.php?rest_route=\/wp\/v2\/posts\/166101\/revisions"}],"predecessor-version":[{"id":166103,"href":"https:\/\/lospoliticosveracruz.com\/index.php?rest_route=\/wp\/v2\/posts\/166101\/revisions\/166103"}],"wp:featuredmedia":[{"embeddable":true,"href":"https:\/\/lospoliticosveracruz.com\/index.php?rest_route=\/wp\/v2\/media\/166102"}],"wp:attachment":[{"href":"https:\/\/lospoliticosveracruz.com\/index.php?rest_route=%2Fwp%2Fv2%2Fmedia&parent=166101"}],"wp:term":[{"taxonomy":"category","embeddable":true,"href":"https:\/\/lospoliticosveracruz.com\/index.php?rest_route=%2Fwp%2Fv2%2Fcategories&post=166101"},{"taxonomy":"post_tag","embeddable":true,"href":"https:\/\/lospoliticosveracruz.com\/index.php?rest_route=%2Fwp%2Fv2%2Ftags&post=166101"}],"curies":[{"name":"wp","href":"https:\/\/api.w.org\/{rel}","templated":true}]}}