{"id":166116,"date":"2026-03-13T17:57:57","date_gmt":"2026-03-13T23:57:57","guid":{"rendered":"https:\/\/lospoliticosveracruz.com\/?p=166116"},"modified":"2026-03-13T17:57:58","modified_gmt":"2026-03-13T23:57:58","slug":"denuncia-naranja-por-desastre-ambiental","status":"publish","type":"post","link":"https:\/\/lospoliticosveracruz.com\/?p=166116","title":{"rendered":"DENUNCIA NARANJA POR DESASTRE AMBIENTAL!"},"content":{"rendered":"\n<p>La dirigencia nacional de Movimiento Ciudadano, encabezada por Jorge \u00c1lvarez M\u00e1ynez y respaldada por la coordinaci\u00f3n estatal en Veracruz bajo el liderazgo de Luis Carbonell de la Hoz, present\u00f3 una denuncia formal ante la Agencia de Seguridad, Energ\u00eda y Ambiente (ASEA). Esta acci\u00f3n legal surge como respuesta al grave derrame de hidrocarburos que ha impactado severamente las costas del sur de la entidad, afectando tanto el ecosistema marino como la econom\u00eda de las comunidades costeras.<\/p>\n\n\n\n<p>El partido exige que se identifique a los responsables y se apliquen sanciones contundentes por los da\u00f1os ambientales y econ\u00f3micos generados por esta emergencia.<\/p>\n\n\n\n<p>En el documento presentado, Movimiento Ciudadano demand\u00f3 la reparaci\u00f3n inmediata del ecosistema y una indemnizaci\u00f3n justa para las familias veracruzanas cuya subsistencia depende directamente del mar.&nbsp;<\/p>\n\n\n\n<p>Al respecto, Luis Carbonell de la Hoz enfatiz\u00f3 que no basta con detener la fuga del crudo, sino que es imperativo que los responsables presenten un plan de acci\u00f3n urgente para restaurar zonas cr\u00edticas de anidaci\u00f3n de tortugas marinas y otros h\u00e1bitats vulnerables. Asimismo, se\u00f1al\u00f3 que la negligencia en el manejo de estos litorales ha dejado en estado de indefensi\u00f3n a pescadores que hoy han perdido su fuente de ingresos.<\/p>\n\n\n\n<p>Entre las exigencias planteadas a las autoridades competentes destaca la realizaci\u00f3n de inspecciones t\u00e9cnicas inmediatas en playas y lagunas, como la del Osti\u00f3n, as\u00ed como en arrecifes, para evaluar la mortandad de fauna marina protegida.&nbsp;<\/p>\n\n\n\n<p>Movimiento Ciudadano solicita un dictamen t\u00e9cnico que determine la magnitud de la contaminaci\u00f3n y la aplicaci\u00f3n de la Ley Federal de Responsabilidad Ambiental. La dirigencia subray\u00f3 que el da\u00f1o ya se extiende por casi 250 kil\u00f3metros de litoral y ha persistido por m\u00e1s de 12 d\u00edas sin una respuesta oficial a la altura de la cat\u00e1strofe.<\/p>\n\n\n\n<p>Finalmente, el movimiento naranja exige transparencia absoluta hacia las comunidades afectadas, demandando informes p\u00fablicos sobre el origen del crudo y los riesgos potenciales para la salud humana.&nbsp;<\/p>\n\n\n\n<p>Luis Carbonell insisti\u00f3 en que MC seguir\u00e1 alzando la voz para asegurar que los culpables enfrenten consecuencias legales y que se garantice la limpieza total de las costas veracruzanas, puntualizando que \u00ablas familias no pueden pagar el costo de la negligencia\u00bb.<\/p>\n","protected":false},"excerpt":{"rendered":"<p>La dirigencia nacional de Movimiento Ciudadano, encabezada por Jorge \u00c1lvarez M\u00e1ynez y respaldada por la coordinaci\u00f3n estatal en Veracruz bajo el liderazgo de Luis Carbonell de la Hoz, present\u00f3 una denuncia formal ante la Agencia de Seguridad, Energ\u00eda y Ambiente (ASEA). Esta acci\u00f3n legal surge como respuesta al grave derrame de hidrocarburos que ha impactado [&hellip;]<\/p>\n","protected":false},"author":2,"featured_media":166117,"comment_status":"closed","ping_status":"closed","sticky":false,"template":"","format":"standard","meta":{"tdm_status":"","tdm_grid_status":"","footnotes":""},"categories":[73],"tags":[57463,57462,57460,57461],"class_list":{"0":"post-166116","1":"post","2":"type-post","3":"status-publish","4":"format-standard","5":"has-post-thumbnail","7":"category-de-boleto","8":"tag-asea-investigacion-ambiental","9":"tag-denuncia-movimiento-ciudadano","10":"tag-derrame-de-hidrocarburo-veracruz","11":"tag-indemnizacion-pescadores-veracruz"},"yoast_head":"<!-- This site is optimized with the Yoast SEO plugin v27.4 - https:\/\/yoast.com\/product\/yoast-seo-wordpress\/ -->\n<title>DENUNCIA NARANJA POR DESASTRE AMBIENTAL! - Los pol\u00edticos Veracruz<\/title>\n<meta name=\"robots\" content=\"index, follow, max-snippet:-1, max-image-preview:large, max-video-preview:-1\" \/>\n<link rel=\"canonical\" href=\"https:\/\/lospoliticosveracruz.com\/?p=166116\" \/>\n<meta property=\"og:locale\" content=\"es_ES\" \/>\n<meta property=\"og:type\" content=\"article\" \/>\n<meta property=\"og:title\" content=\"DENUNCIA NARANJA POR DESASTRE AMBIENTAL! - Los pol\u00edticos Veracruz\" \/>\n<meta property=\"og:description\" content=\"La dirigencia nacional de Movimiento Ciudadano, encabezada por Jorge \u00c1lvarez M\u00e1ynez y respaldada por la coordinaci\u00f3n estatal en Veracruz bajo el liderazgo de Luis Carbonell de la Hoz, present\u00f3 una denuncia formal ante la Agencia de Seguridad, Energ\u00eda y Ambiente (ASEA). Esta acci\u00f3n legal surge como respuesta al grave derrame de hidrocarburos que ha impactado [&hellip;]\" \/>\n<meta property=\"og:url\" content=\"https:\/\/lospoliticosveracruz.com\/?p=166116\" \/>\n<meta property=\"og:site_name\" content=\"Los pol\u00edticos Veracruz\" \/>\n<meta property=\"article:publisher\" content=\"https:\/\/www.facebook.com\/people\/Notimemes-de-los-Polticos\/61565672886568\/\" \/>\n<meta property=\"article:published_time\" content=\"2026-03-13T23:57:57+00:00\" \/>\n<meta property=\"article:modified_time\" content=\"2026-03-13T23:57:58+00:00\" \/>\n<meta property=\"og:image\" content=\"https:\/\/lospoliticosveracruz.com\/wp-content\/uploads\/2026\/03\/IMG_2502.jpeg\" \/>\n\t<meta property=\"og:image:width\" content=\"600\" \/>\n\t<meta property=\"og:image:height\" content=\"320\" \/>\n\t<meta property=\"og:image:type\" content=\"image\/jpeg\" \/>\n<meta name=\"author\" content=\"Lo viste en Los Pol\u00edticos\" \/>\n<meta name=\"twitter:card\" content=\"summary_large_image\" \/>\n<meta name=\"twitter:creator\" content=\"@LosPoliticosVer\" \/>\n<meta name=\"twitter:site\" content=\"@LosPoliticosVer\" \/>\n<meta name=\"twitter:label1\" content=\"Escrito por\" \/>\n\t<meta name=\"twitter:data1\" content=\"Lo viste en Los Pol\u00edticos\" \/>\n\t<meta name=\"twitter:label2\" content=\"Tiempo de lectura\" \/>\n\t<meta name=\"twitter:data2\" content=\"2 minutos\" \/>\n<script type=\"application\/ld+json\" class=\"yoast-schema-graph\">{\"@context\":\"https:\\\/\\\/schema.org\",\"@graph\":[{\"@type\":\"Article\",\"@id\":\"https:\\\/\\\/lospoliticosveracruz.com\\\/?p=166116#article\",\"isPartOf\":{\"@id\":\"https:\\\/\\\/lospoliticosveracruz.com\\\/?p=166116\"},\"author\":{\"name\":\"Lo viste en Los Pol\u00edticos\",\"@id\":\"https:\\\/\\\/lospoliticosveracruz.com\\\/#\\\/schema\\\/person\\\/b8702bb0e538456e6efd07080bf2a4a2\"},\"headline\":\"DENUNCIA NARANJA POR DESASTRE AMBIENTAL!\",\"datePublished\":\"2026-03-13T23:57:57+00:00\",\"dateModified\":\"2026-03-13T23:57:58+00:00\",\"mainEntityOfPage\":{\"@id\":\"https:\\\/\\\/lospoliticosveracruz.com\\\/?p=166116\"},\"wordCount\":387,\"publisher\":{\"@id\":\"https:\\\/\\\/lospoliticosveracruz.com\\\/#organization\"},\"image\":{\"@id\":\"https:\\\/\\\/lospoliticosveracruz.com\\\/?p=166116#primaryimage\"},\"thumbnailUrl\":\"https:\\\/\\\/lospoliticosveracruz.com\\\/wp-content\\\/uploads\\\/2026\\\/03\\\/IMG_2502.jpeg\",\"keywords\":[\"ASEA investigaci\u00f3n ambiental\",\"denuncia Movimiento Ciudadano\",\"derrame de hidrocarburo Veracruz\",\"indemnizaci\u00f3n pescadores Veracruz\"],\"articleSection\":[\"De Boleto\"],\"inLanguage\":\"es\"},{\"@type\":\"WebPage\",\"@id\":\"https:\\\/\\\/lospoliticosveracruz.com\\\/?p=166116\",\"url\":\"https:\\\/\\\/lospoliticosveracruz.com\\\/?p=166116\",\"name\":\"DENUNCIA NARANJA POR DESASTRE AMBIENTAL! - Los pol\u00edticos Veracruz\",\"isPartOf\":{\"@id\":\"https:\\\/\\\/lospoliticosveracruz.com\\\/#website\"},\"primaryImageOfPage\":{\"@id\":\"https:\\\/\\\/lospoliticosveracruz.com\\\/?p=166116#primaryimage\"},\"image\":{\"@id\":\"https:\\\/\\\/lospoliticosveracruz.com\\\/?p=166116#primaryimage\"},\"thumbnailUrl\":\"https:\\\/\\\/lospoliticosveracruz.com\\\/wp-content\\\/uploads\\\/2026\\\/03\\\/IMG_2502.jpeg\",\"datePublished\":\"2026-03-13T23:57:57+00:00\",\"dateModified\":\"2026-03-13T23:57:58+00:00\",\"breadcrumb\":{\"@id\":\"https:\\\/\\\/lospoliticosveracruz.com\\\/?p=166116#breadcrumb\"},\"inLanguage\":\"es\",\"potentialAction\":[{\"@type\":\"ReadAction\",\"target\":[\"https:\\\/\\\/lospoliticosveracruz.com\\\/?p=166116\"]}]},{\"@type\":\"ImageObject\",\"inLanguage\":\"es\",\"@id\":\"https:\\\/\\\/lospoliticosveracruz.com\\\/?p=166116#primaryimage\",\"url\":\"https:\\\/\\\/lospoliticosveracruz.com\\\/wp-content\\\/uploads\\\/2026\\\/03\\\/IMG_2502.jpeg\",\"contentUrl\":\"https:\\\/\\\/lospoliticosveracruz.com\\\/wp-content\\\/uploads\\\/2026\\\/03\\\/IMG_2502.jpeg\",\"width\":600,\"height\":320},{\"@type\":\"BreadcrumbList\",\"@id\":\"https:\\\/\\\/lospoliticosveracruz.com\\\/?p=166116#breadcrumb\",\"itemListElement\":[{\"@type\":\"ListItem\",\"position\":1,\"name\":\"Portada\",\"item\":\"https:\\\/\\\/lospoliticosveracruz.com\\\/\"},{\"@type\":\"ListItem\",\"position\":2,\"name\":\"DENUNCIA NARANJA POR DESASTRE AMBIENTAL!\"}]},{\"@type\":\"WebSite\",\"@id\":\"https:\\\/\\\/lospoliticosveracruz.com\\\/#website\",\"url\":\"https:\\\/\\\/lospoliticosveracruz.com\\\/\",\"name\":\"Los pol\u00edticos Veracruz\",\"description\":\"\",\"publisher\":{\"@id\":\"https:\\\/\\\/lospoliticosveracruz.com\\\/#organization\"},\"potentialAction\":[{\"@type\":\"SearchAction\",\"target\":{\"@type\":\"EntryPoint\",\"urlTemplate\":\"https:\\\/\\\/lospoliticosveracruz.com\\\/?s={search_term_string}\"},\"query-input\":{\"@type\":\"PropertyValueSpecification\",\"valueRequired\":true,\"valueName\":\"search_term_string\"}}],\"inLanguage\":\"es\"},{\"@type\":\"Organization\",\"@id\":\"https:\\\/\\\/lospoliticosveracruz.com\\\/#organization\",\"name\":\"Los pol\u00edticos Veracruz\",\"url\":\"https:\\\/\\\/lospoliticosveracruz.com\\\/\",\"logo\":{\"@type\":\"ImageObject\",\"inLanguage\":\"es\",\"@id\":\"https:\\\/\\\/lospoliticosveracruz.com\\\/#\\\/schema\\\/logo\\\/image\\\/\",\"url\":\"https:\\\/\\\/lospoliticosveracruz.com\\\/wp-content\\\/uploads\\\/2025\\\/12\\\/Logo-Nuevo-LOS-POLITICOS-1.jpg\",\"contentUrl\":\"https:\\\/\\\/lospoliticosveracruz.com\\\/wp-content\\\/uploads\\\/2025\\\/12\\\/Logo-Nuevo-LOS-POLITICOS-1.jpg\",\"width\":260,\"height\":70,\"caption\":\"Los pol\u00edticos Veracruz\"},\"image\":{\"@id\":\"https:\\\/\\\/lospoliticosveracruz.com\\\/#\\\/schema\\\/logo\\\/image\\\/\"},\"sameAs\":[\"https:\\\/\\\/www.facebook.com\\\/people\\\/Notimemes-de-los-Polticos\\\/61565672886568\\\/\",\"https:\\\/\\\/x.com\\\/LosPoliticosVer\"]},{\"@type\":\"Person\",\"@id\":\"https:\\\/\\\/lospoliticosveracruz.com\\\/#\\\/schema\\\/person\\\/b8702bb0e538456e6efd07080bf2a4a2\",\"name\":\"Lo viste en Los Pol\u00edticos\",\"image\":{\"@type\":\"ImageObject\",\"inLanguage\":\"es\",\"@id\":\"https:\\\/\\\/secure.gravatar.com\\\/avatar\\\/3a8de04a2656d44082be478bd6c086daa447c4651605818287b9532d3d0bd435?s=96&d=mm&r=g\",\"url\":\"https:\\\/\\\/secure.gravatar.com\\\/avatar\\\/3a8de04a2656d44082be478bd6c086daa447c4651605818287b9532d3d0bd435?s=96&d=mm&r=g\",\"contentUrl\":\"https:\\\/\\\/secure.gravatar.com\\\/avatar\\\/3a8de04a2656d44082be478bd6c086daa447c4651605818287b9532d3d0bd435?s=96&d=mm&r=g\",\"caption\":\"Lo viste en Los Pol\u00edticos\"},\"url\":\"https:\\\/\\\/lospoliticosveracruz.com\\\/?author=2\"}]}<\/script>\n<!-- \/ Yoast SEO plugin. -->","yoast_head_json":{"title":"DENUNCIA NARANJA POR DESASTRE AMBIENTAL! - Los pol\u00edticos Veracruz","robots":{"index":"index","follow":"follow","max-snippet":"max-snippet:-1","max-image-preview":"max-image-preview:large","max-video-preview":"max-video-preview:-1"},"canonical":"https:\/\/lospoliticosveracruz.com\/?p=166116","og_locale":"es_ES","og_type":"article","og_title":"DENUNCIA NARANJA POR DESASTRE AMBIENTAL! - Los pol\u00edticos Veracruz","og_description":"La dirigencia nacional de Movimiento Ciudadano, encabezada por Jorge \u00c1lvarez M\u00e1ynez y respaldada por la coordinaci\u00f3n estatal en Veracruz bajo el liderazgo de Luis Carbonell de la Hoz, present\u00f3 una denuncia formal ante la Agencia de Seguridad, Energ\u00eda y Ambiente (ASEA). Esta acci\u00f3n legal surge como respuesta al grave derrame de hidrocarburos que ha impactado [&hellip;]","og_url":"https:\/\/lospoliticosveracruz.com\/?p=166116","og_site_name":"Los pol\u00edticos Veracruz","article_publisher":"https:\/\/www.facebook.com\/people\/Notimemes-de-los-Polticos\/61565672886568\/","article_published_time":"2026-03-13T23:57:57+00:00","article_modified_time":"2026-03-13T23:57:58+00:00","og_image":[{"width":600,"height":320,"url":"https:\/\/lospoliticosveracruz.com\/wp-content\/uploads\/2026\/03\/IMG_2502.jpeg","type":"image\/jpeg"}],"author":"Lo viste en Los Pol\u00edticos","twitter_card":"summary_large_image","twitter_creator":"@LosPoliticosVer","twitter_site":"@LosPoliticosVer","twitter_misc":{"Escrito por":"Lo viste en Los Pol\u00edticos","Tiempo de lectura":"2 minutos"},"schema":{"@context":"https:\/\/schema.org","@graph":[{"@type":"Article","@id":"https:\/\/lospoliticosveracruz.com\/?p=166116#article","isPartOf":{"@id":"https:\/\/lospoliticosveracruz.com\/?p=166116"},"author":{"name":"Lo viste en Los Pol\u00edticos","@id":"https:\/\/lospoliticosveracruz.com\/#\/schema\/person\/b8702bb0e538456e6efd07080bf2a4a2"},"headline":"DENUNCIA NARANJA POR DESASTRE AMBIENTAL!","datePublished":"2026-03-13T23:57:57+00:00","dateModified":"2026-03-13T23:57:58+00:00","mainEntityOfPage":{"@id":"https:\/\/lospoliticosveracruz.com\/?p=166116"},"wordCount":387,"publisher":{"@id":"https:\/\/lospoliticosveracruz.com\/#organization"},"image":{"@id":"https:\/\/lospoliticosveracruz.com\/?p=166116#primaryimage"},"thumbnailUrl":"https:\/\/lospoliticosveracruz.com\/wp-content\/uploads\/2026\/03\/IMG_2502.jpeg","keywords":["ASEA investigaci\u00f3n ambiental","denuncia Movimiento Ciudadano","derrame de hidrocarburo Veracruz","indemnizaci\u00f3n pescadores Veracruz"],"articleSection":["De Boleto"],"inLanguage":"es"},{"@type":"WebPage","@id":"https:\/\/lospoliticosveracruz.com\/?p=166116","url":"https:\/\/lospoliticosveracruz.com\/?p=166116","name":"DENUNCIA NARANJA POR DESASTRE AMBIENTAL! - Los pol\u00edticos Veracruz","isPartOf":{"@id":"https:\/\/lospoliticosveracruz.com\/#website"},"primaryImageOfPage":{"@id":"https:\/\/lospoliticosveracruz.com\/?p=166116#primaryimage"},"image":{"@id":"https:\/\/lospoliticosveracruz.com\/?p=166116#primaryimage"},"thumbnailUrl":"https:\/\/lospoliticosveracruz.com\/wp-content\/uploads\/2026\/03\/IMG_2502.jpeg","datePublished":"2026-03-13T23:57:57+00:00","dateModified":"2026-03-13T23:57:58+00:00","breadcrumb":{"@id":"https:\/\/lospoliticosveracruz.com\/?p=166116#breadcrumb"},"inLanguage":"es","potentialAction":[{"@type":"ReadAction","target":["https:\/\/lospoliticosveracruz.com\/?p=166116"]}]},{"@type":"ImageObject","inLanguage":"es","@id":"https:\/\/lospoliticosveracruz.com\/?p=166116#primaryimage","url":"https:\/\/lospoliticosveracruz.com\/wp-content\/uploads\/2026\/03\/IMG_2502.jpeg","contentUrl":"https:\/\/lospoliticosveracruz.com\/wp-content\/uploads\/2026\/03\/IMG_2502.jpeg","width":600,"height":320},{"@type":"BreadcrumbList","@id":"https:\/\/lospoliticosveracruz.com\/?p=166116#breadcrumb","itemListElement":[{"@type":"ListItem","position":1,"name":"Portada","item":"https:\/\/lospoliticosveracruz.com\/"},{"@type":"ListItem","position":2,"name":"DENUNCIA NARANJA POR DESASTRE AMBIENTAL!"}]},{"@type":"WebSite","@id":"https:\/\/lospoliticosveracruz.com\/#website","url":"https:\/\/lospoliticosveracruz.com\/","name":"Los pol\u00edticos Veracruz","description":"","publisher":{"@id":"https:\/\/lospoliticosveracruz.com\/#organization"},"potentialAction":[{"@type":"SearchAction","target":{"@type":"EntryPoint","urlTemplate":"https:\/\/lospoliticosveracruz.com\/?s={search_term_string}"},"query-input":{"@type":"PropertyValueSpecification","valueRequired":true,"valueName":"search_term_string"}}],"inLanguage":"es"},{"@type":"Organization","@id":"https:\/\/lospoliticosveracruz.com\/#organization","name":"Los pol\u00edticos Veracruz","url":"https:\/\/lospoliticosveracruz.com\/","logo":{"@type":"ImageObject","inLanguage":"es","@id":"https:\/\/lospoliticosveracruz.com\/#\/schema\/logo\/image\/","url":"https:\/\/lospoliticosveracruz.com\/wp-content\/uploads\/2025\/12\/Logo-Nuevo-LOS-POLITICOS-1.jpg","contentUrl":"https:\/\/lospoliticosveracruz.com\/wp-content\/uploads\/2025\/12\/Logo-Nuevo-LOS-POLITICOS-1.jpg","width":260,"height":70,"caption":"Los pol\u00edticos Veracruz"},"image":{"@id":"https:\/\/lospoliticosveracruz.com\/#\/schema\/logo\/image\/"},"sameAs":["https:\/\/www.facebook.com\/people\/Notimemes-de-los-Polticos\/61565672886568\/","https:\/\/x.com\/LosPoliticosVer"]},{"@type":"Person","@id":"https:\/\/lospoliticosveracruz.com\/#\/schema\/person\/b8702bb0e538456e6efd07080bf2a4a2","name":"Lo viste en Los Pol\u00edticos","image":{"@type":"ImageObject","inLanguage":"es","@id":"https:\/\/secure.gravatar.com\/avatar\/3a8de04a2656d44082be478bd6c086daa447c4651605818287b9532d3d0bd435?s=96&d=mm&r=g","url":"https:\/\/secure.gravatar.com\/avatar\/3a8de04a2656d44082be478bd6c086daa447c4651605818287b9532d3d0bd435?s=96&d=mm&r=g","contentUrl":"https:\/\/secure.gravatar.com\/avatar\/3a8de04a2656d44082be478bd6c086daa447c4651605818287b9532d3d0bd435?s=96&d=mm&r=g","caption":"Lo viste en Los Pol\u00edticos"},"url":"https:\/\/lospoliticosveracruz.com\/?author=2"}]}},"_links":{"self":[{"href":"https:\/\/lospoliticosveracruz.com\/index.php?rest_route=\/wp\/v2\/posts\/166116","targetHints":{"allow":["GET"]}}],"collection":[{"href":"https:\/\/lospoliticosveracruz.com\/index.php?rest_route=\/wp\/v2\/posts"}],"about":[{"href":"https:\/\/lospoliticosveracruz.com\/index.php?rest_route=\/wp\/v2\/types\/post"}],"author":[{"embeddable":true,"href":"https:\/\/lospoliticosveracruz.com\/index.php?rest_route=\/wp\/v2\/users\/2"}],"replies":[{"embeddable":true,"href":"https:\/\/lospoliticosveracruz.com\/index.php?rest_route=%2Fwp%2Fv2%2Fcomments&post=166116"}],"version-history":[{"count":1,"href":"https:\/\/lospoliticosveracruz.com\/index.php?rest_route=\/wp\/v2\/posts\/166116\/revisions"}],"predecessor-version":[{"id":166118,"href":"https:\/\/lospoliticosveracruz.com\/index.php?rest_route=\/wp\/v2\/posts\/166116\/revisions\/166118"}],"wp:featuredmedia":[{"embeddable":true,"href":"https:\/\/lospoliticosveracruz.com\/index.php?rest_route=\/wp\/v2\/media\/166117"}],"wp:attachment":[{"href":"https:\/\/lospoliticosveracruz.com\/index.php?rest_route=%2Fwp%2Fv2%2Fmedia&parent=166116"}],"wp:term":[{"taxonomy":"category","embeddable":true,"href":"https:\/\/lospoliticosveracruz.com\/index.php?rest_route=%2Fwp%2Fv2%2Fcategories&post=166116"},{"taxonomy":"post_tag","embeddable":true,"href":"https:\/\/lospoliticosveracruz.com\/index.php?rest_route=%2Fwp%2Fv2%2Ftags&post=166116"}],"curies":[{"name":"wp","href":"https:\/\/api.w.org\/{rel}","templated":true}]}}