{"id":166134,"date":"2026-03-13T19:55:30","date_gmt":"2026-03-14T01:55:30","guid":{"rendered":"https:\/\/lospoliticosveracruz.com\/?p=166134"},"modified":"2026-03-13T20:42:38","modified_gmt":"2026-03-14T02:42:38","slug":"pisando-suelo-firme","status":"publish","type":"post","link":"https:\/\/lospoliticosveracruz.com\/?p=166134","title":{"rendered":"PISANDO SUELO FIRME!"},"content":{"rendered":"\n<p>En Sesi\u00f3n Ordinaria de Cabildo encabezada por la Alcaldesa, Lic. Daniela Griego Ceballos, se aprob\u00f3 suscribir un Convenio con el Instituto Nacional del Suelo Sustentable (Insus), con el fin de promover programas, proyectos, estrategias y acciones relativas a la gesti\u00f3n y regularizaci\u00f3n del suelo.<\/p>\n\n\n\n<p>Ante el S\u00edndico \u00danico, Dr. Marco Aurelio Mart\u00ednez S\u00e1nchez, y el Secretario del Ayuntamiento, Mtro. V\u00edctor Hugo Meza Cruz, la Presidenta Municipal explic\u00f3 que con ello se fortalecen los procesos de colaboraci\u00f3n y regularizaci\u00f3n de terrenos en diferentes zonas de Xalapa, independientemente de que con el Insus ya se ha avanzado con la entrega de escrituras en algunas colonias que tuvieron un origen ejidal.<\/p>\n\n\n<div class=\"wp-block-image\">\n<figure class=\"alignleft size-large is-resized\"><a href=\"https:\/\/lospoliticosveracruz.com\/wp-content\/uploads\/2026\/03\/DIF-Municipal.jpg\"><img loading=\"lazy\" decoding=\"async\" width=\"1024\" height=\"854\" src=\"https:\/\/lospoliticosveracruz.com\/wp-content\/uploads\/2026\/03\/DIF-Municipal-1024x854.jpg\" alt=\"\" class=\"wp-image-165417\" style=\"width:573px;height:auto\" srcset=\"https:\/\/lospoliticosveracruz.com\/wp-content\/uploads\/2026\/03\/DIF-Municipal-1024x854.jpg 1024w, https:\/\/lospoliticosveracruz.com\/wp-content\/uploads\/2026\/03\/DIF-Municipal-300x250.jpg 300w, https:\/\/lospoliticosveracruz.com\/wp-content\/uploads\/2026\/03\/DIF-Municipal-768x640.jpg 768w, https:\/\/lospoliticosveracruz.com\/wp-content\/uploads\/2026\/03\/DIF-Municipal-504x420.jpg 504w, https:\/\/lospoliticosveracruz.com\/wp-content\/uploads\/2026\/03\/DIF-Municipal-150x125.jpg 150w, https:\/\/lospoliticosveracruz.com\/wp-content\/uploads\/2026\/03\/DIF-Municipal-696x580.jpg 696w, https:\/\/lospoliticosveracruz.com\/wp-content\/uploads\/2026\/03\/DIF-Municipal-1068x890.jpg 1068w, https:\/\/lospoliticosveracruz.com\/wp-content\/uploads\/2026\/03\/DIF-Municipal.jpg 1250w\" sizes=\"auto, (max-width: 1024px) 100vw, 1024px\" \/><\/a><\/figure>\n<\/div>\n\n\n<p>Asimismo, se autoriz\u00f3 fortalecer e impulsar la proyecci\u00f3n comunitaria de las Bibliotecas P\u00fablicas Municipales mediante quince acciones por realizar con la Coordinaci\u00f3n de Bibliotecas y Centros de Informaci\u00f3n Documental.<\/p>\n\n\n\n<p>La Presidenta Municipal expuso que, adem\u00e1s de estas acciones, se est\u00e1n realizando las gestiones para equipar de mejor manera las bibliotecas y brindar mejores servicios a la poblaci\u00f3n, ya que un municipio con educaci\u00f3n y cultura tiene una mejor ciudadan\u00eda y gobiernos.&nbsp;<\/p>\n\n\n\n<p>La Regidora Tercera, Lic. Susan Liliana Morales Segura, destac\u00f3 la relevancia social de este Acuerdo, pues las bibliotecas no s\u00f3lo son centros de estudio, sino tambi\u00e9n de encuentro y desarrollo comunitario, donde la poblaci\u00f3n accede a importantes servicios culturales.<\/p>\n\n\n\n<p>La Regidora Octava, Lic. Clarissa Monserrat L\u00f3pez Morales, agradeci\u00f3 la apertura y respaldo de la Alcaldesa hacia este tipo de proyectos, pues representan un legado social.<\/p>\n\n\n\n<p>A esta sesi\u00f3n tambi\u00e9n asistieron el Regidor Segundo, Lic. Axel Fern\u00e1ndez Cambambia; el Regidor Cuarto, Lic. Alfonso Osegueda Cruz, y la Regidora Quinta, Dra. Raquel Rosal\u00eda Casta\u00f1eda Gonz\u00e1lez.<\/p>\n\n\n\n<p>Tambi\u00e9n, la Regidora Sexta, Lic. Hilda Elvia Aguilar Arroyo; el Regidor S\u00e9ptimo, Lic. Diego Moreno Mart\u00ednez; el Regidor Noveno, Lic. Joaqu\u00edn Alejandro Cano Hern\u00e1ndez; la Regidora D\u00e9cima, Dra. M\u00f3nica Mendoza Madrigal; el Regidor D\u00e9cimo Primero, Lic. Dalos Ulises Rodr\u00edguez Vargas; la Regidora D\u00e9cima Segunda, Dra. Flor de Mar\u00eda Mendoza Mu\u00f1iz, y la Regidora D\u00e9cima Tercera, Lic. Priscila Nataly Labastida Vega.<\/p>\n\n\n\n<p>Asimismo, autorizaron remitir al Congreso del Estado de Veracruz el Acuerdo en v\u00eda de opini\u00f3n referente al Acta Circunstanciada y expediente de la Entrega-Recepci\u00f3n de la Administraci\u00f3n P\u00fablica Municipal 2022-2025, con el fin de que se revise la Cuenta P\u00fablica 2025.<\/p>\n\n\n\n<p>Por otra parte, se aval\u00f3 el Informe del Estado de la Obra P\u00fablica de febrero de 2026 para su remisi\u00f3n a la Legislatura local, as\u00ed como los estados financieros del mismo mes.<\/p>\n\n\n\n<p>Tambi\u00e9n, se aprob\u00f3 suscribir un Convenio con la Asociaci\u00f3n Civil Desarrollo Autogestionario, con el prop\u00f3sito de realizar, en el Laboratorio de Aprendizaje Solar (Solar Lab) del Centro Comunitario El Moral, talleres y cursos de aprendizaje en programaci\u00f3n, rob\u00f3tica y computaci\u00f3n b\u00e1sica para ni\u00f1as, ni\u00f1os, adolescentes y j\u00f3venes, de forma prioritaria.<\/p>\n\n\n\n<p>Adem\u00e1s, se present\u00f3 el Informe de Actividades de la Secretar\u00eda del Ayuntamiento correspondiente a febrero del a\u00f1o en curso.<\/p>\n\n\n\n<p>Aunado a ello, se aprob\u00f3 la modificaci\u00f3n al Acuerdo de Cabildo 6, relativo a la designaci\u00f3n de los representantes de los usuarios que integran el \u00d3rgano de Gobierno de la Comisi\u00f3n Municipal del Agua Potable y Saneamiento de Xalapa (CMAS), para sustituir a X\u00f3chitl S\u00e1nchez Hern\u00e1ndez por Georgina Vidriales Chang.<\/p>\n\n\n\n<p>Finalmente, se aprobaron las Actas de las sesiones de Cabildo Ordinaria, del 25 de febrero, y Abierta, del d\u00eda 27 del mismo mes.<\/p>\n\n\n\n<p>u<\/p>\n\n\n\n<p><\/p>\n","protected":false},"excerpt":{"rendered":"<p>En Sesi\u00f3n Ordinaria de Cabildo encabezada por la Alcaldesa, Lic. Daniela Griego Ceballos, se aprob\u00f3 suscribir un Convenio con el Instituto Nacional del Suelo Sustentable (Insus), con el fin de promover programas, proyectos, estrategias y acciones relativas a la gesti\u00f3n y regularizaci\u00f3n del suelo. Ante el S\u00edndico \u00danico, Dr. Marco Aurelio Mart\u00ednez S\u00e1nchez, y el [&hellip;]<\/p>\n","protected":false},"author":2,"featured_media":166135,"comment_status":"closed","ping_status":"closed","sticky":false,"template":"","format":"standard","meta":{"tdm_status":"","tdm_grid_status":"","footnotes":""},"categories":[52572],"tags":[57490,57487,57488,57491,57489],"class_list":{"0":"post-166134","1":"post","2":"type-post","3":"status-publish","4":"format-standard","5":"has-post-thumbnail","7":"category-desdelaatenas","8":"tag-bibliotecas-publicas-municipales-fortalecimiento","9":"tag-comision-municipal-agua-potable-cmas-xalapa","10":"tag-convenio-insus-xalapa-regularizacion-de-suelo","11":"tag-cuenta-publica-2025-congreso-veracruz","12":"tag-daniela-griego-cabildo-sesion-ordinaria-2026"},"yoast_head":"<!-- This site is optimized with the Yoast SEO plugin v27.4 - https:\/\/yoast.com\/product\/yoast-seo-wordpress\/ -->\n<title>PISANDO SUELO FIRME! - Los pol\u00edticos Veracruz<\/title>\n<meta name=\"robots\" content=\"index, follow, max-snippet:-1, max-image-preview:large, max-video-preview:-1\" \/>\n<link rel=\"canonical\" href=\"https:\/\/lospoliticosveracruz.com\/?p=166134\" \/>\n<meta property=\"og:locale\" content=\"es_ES\" \/>\n<meta property=\"og:type\" content=\"article\" \/>\n<meta property=\"og:title\" content=\"PISANDO SUELO FIRME! - Los pol\u00edticos Veracruz\" \/>\n<meta property=\"og:description\" content=\"En Sesi\u00f3n Ordinaria de Cabildo encabezada por la Alcaldesa, Lic. Daniela Griego Ceballos, se aprob\u00f3 suscribir un Convenio con el Instituto Nacional del Suelo Sustentable (Insus), con el fin de promover programas, proyectos, estrategias y acciones relativas a la gesti\u00f3n y regularizaci\u00f3n del suelo. Ante el S\u00edndico \u00danico, Dr. Marco Aurelio Mart\u00ednez S\u00e1nchez, y el [&hellip;]\" \/>\n<meta property=\"og:url\" content=\"https:\/\/lospoliticosveracruz.com\/?p=166134\" \/>\n<meta property=\"og:site_name\" content=\"Los pol\u00edticos Veracruz\" \/>\n<meta property=\"article:publisher\" content=\"https:\/\/www.facebook.com\/people\/Notimemes-de-los-Polticos\/61565672886568\/\" \/>\n<meta property=\"article:published_time\" content=\"2026-03-14T01:55:30+00:00\" \/>\n<meta property=\"article:modified_time\" content=\"2026-03-14T02:42:38+00:00\" \/>\n<meta property=\"og:image\" content=\"https:\/\/lospoliticosveracruz.com\/wp-content\/uploads\/2026\/03\/IMG_2521.jpeg\" \/>\n\t<meta property=\"og:image:width\" content=\"600\" \/>\n\t<meta property=\"og:image:height\" content=\"320\" \/>\n\t<meta property=\"og:image:type\" content=\"image\/jpeg\" \/>\n<meta name=\"author\" content=\"Lo viste en Los Pol\u00edticos\" \/>\n<meta name=\"twitter:card\" content=\"summary_large_image\" \/>\n<meta name=\"twitter:creator\" content=\"@LosPoliticosVer\" \/>\n<meta name=\"twitter:site\" content=\"@LosPoliticosVer\" \/>\n<meta name=\"twitter:label1\" content=\"Escrito por\" \/>\n\t<meta name=\"twitter:data1\" content=\"Lo viste en Los Pol\u00edticos\" \/>\n\t<meta name=\"twitter:label2\" content=\"Tiempo de lectura\" \/>\n\t<meta name=\"twitter:data2\" content=\"3 minutos\" \/>\n<script type=\"application\/ld+json\" class=\"yoast-schema-graph\">{\"@context\":\"https:\\\/\\\/schema.org\",\"@graph\":[{\"@type\":\"Article\",\"@id\":\"https:\\\/\\\/lospoliticosveracruz.com\\\/?p=166134#article\",\"isPartOf\":{\"@id\":\"https:\\\/\\\/lospoliticosveracruz.com\\\/?p=166134\"},\"author\":{\"name\":\"Lo viste en Los Pol\u00edticos\",\"@id\":\"https:\\\/\\\/lospoliticosveracruz.com\\\/#\\\/schema\\\/person\\\/b8702bb0e538456e6efd07080bf2a4a2\"},\"headline\":\"PISANDO SUELO FIRME!\",\"datePublished\":\"2026-03-14T01:55:30+00:00\",\"dateModified\":\"2026-03-14T02:42:38+00:00\",\"mainEntityOfPage\":{\"@id\":\"https:\\\/\\\/lospoliticosveracruz.com\\\/?p=166134\"},\"wordCount\":616,\"publisher\":{\"@id\":\"https:\\\/\\\/lospoliticosveracruz.com\\\/#organization\"},\"image\":{\"@id\":\"https:\\\/\\\/lospoliticosveracruz.com\\\/?p=166134#primaryimage\"},\"thumbnailUrl\":\"https:\\\/\\\/lospoliticosveracruz.com\\\/wp-content\\\/uploads\\\/2026\\\/03\\\/IMG_2521.jpeg\",\"keywords\":[\"Bibliotecas P\u00fablicas Municipales fortalecimiento\",\"Comisi\u00f3n Municipal Agua Potable CMAS Xalapa\",\"Convenio Insus Xalapa regularizaci\u00f3n de suelo\",\"Cuenta P\u00fablica 2025 Congreso Veracruz\",\"Daniela Griego Cabildo Sesi\u00f3n Ordinaria 2026\"],\"articleSection\":[\"Desde La Atenas\"],\"inLanguage\":\"es\"},{\"@type\":\"WebPage\",\"@id\":\"https:\\\/\\\/lospoliticosveracruz.com\\\/?p=166134\",\"url\":\"https:\\\/\\\/lospoliticosveracruz.com\\\/?p=166134\",\"name\":\"PISANDO SUELO FIRME! - Los pol\u00edticos Veracruz\",\"isPartOf\":{\"@id\":\"https:\\\/\\\/lospoliticosveracruz.com\\\/#website\"},\"primaryImageOfPage\":{\"@id\":\"https:\\\/\\\/lospoliticosveracruz.com\\\/?p=166134#primaryimage\"},\"image\":{\"@id\":\"https:\\\/\\\/lospoliticosveracruz.com\\\/?p=166134#primaryimage\"},\"thumbnailUrl\":\"https:\\\/\\\/lospoliticosveracruz.com\\\/wp-content\\\/uploads\\\/2026\\\/03\\\/IMG_2521.jpeg\",\"datePublished\":\"2026-03-14T01:55:30+00:00\",\"dateModified\":\"2026-03-14T02:42:38+00:00\",\"breadcrumb\":{\"@id\":\"https:\\\/\\\/lospoliticosveracruz.com\\\/?p=166134#breadcrumb\"},\"inLanguage\":\"es\",\"potentialAction\":[{\"@type\":\"ReadAction\",\"target\":[\"https:\\\/\\\/lospoliticosveracruz.com\\\/?p=166134\"]}]},{\"@type\":\"ImageObject\",\"inLanguage\":\"es\",\"@id\":\"https:\\\/\\\/lospoliticosveracruz.com\\\/?p=166134#primaryimage\",\"url\":\"https:\\\/\\\/lospoliticosveracruz.com\\\/wp-content\\\/uploads\\\/2026\\\/03\\\/IMG_2521.jpeg\",\"contentUrl\":\"https:\\\/\\\/lospoliticosveracruz.com\\\/wp-content\\\/uploads\\\/2026\\\/03\\\/IMG_2521.jpeg\",\"width\":600,\"height\":320},{\"@type\":\"BreadcrumbList\",\"@id\":\"https:\\\/\\\/lospoliticosveracruz.com\\\/?p=166134#breadcrumb\",\"itemListElement\":[{\"@type\":\"ListItem\",\"position\":1,\"name\":\"Portada\",\"item\":\"https:\\\/\\\/lospoliticosveracruz.com\\\/\"},{\"@type\":\"ListItem\",\"position\":2,\"name\":\"PISANDO SUELO FIRME!\"}]},{\"@type\":\"WebSite\",\"@id\":\"https:\\\/\\\/lospoliticosveracruz.com\\\/#website\",\"url\":\"https:\\\/\\\/lospoliticosveracruz.com\\\/\",\"name\":\"Los pol\u00edticos Veracruz\",\"description\":\"\",\"publisher\":{\"@id\":\"https:\\\/\\\/lospoliticosveracruz.com\\\/#organization\"},\"potentialAction\":[{\"@type\":\"SearchAction\",\"target\":{\"@type\":\"EntryPoint\",\"urlTemplate\":\"https:\\\/\\\/lospoliticosveracruz.com\\\/?s={search_term_string}\"},\"query-input\":{\"@type\":\"PropertyValueSpecification\",\"valueRequired\":true,\"valueName\":\"search_term_string\"}}],\"inLanguage\":\"es\"},{\"@type\":\"Organization\",\"@id\":\"https:\\\/\\\/lospoliticosveracruz.com\\\/#organization\",\"name\":\"Los pol\u00edticos Veracruz\",\"url\":\"https:\\\/\\\/lospoliticosveracruz.com\\\/\",\"logo\":{\"@type\":\"ImageObject\",\"inLanguage\":\"es\",\"@id\":\"https:\\\/\\\/lospoliticosveracruz.com\\\/#\\\/schema\\\/logo\\\/image\\\/\",\"url\":\"https:\\\/\\\/lospoliticosveracruz.com\\\/wp-content\\\/uploads\\\/2025\\\/12\\\/Logo-Nuevo-LOS-POLITICOS-1.jpg\",\"contentUrl\":\"https:\\\/\\\/lospoliticosveracruz.com\\\/wp-content\\\/uploads\\\/2025\\\/12\\\/Logo-Nuevo-LOS-POLITICOS-1.jpg\",\"width\":260,\"height\":70,\"caption\":\"Los pol\u00edticos Veracruz\"},\"image\":{\"@id\":\"https:\\\/\\\/lospoliticosveracruz.com\\\/#\\\/schema\\\/logo\\\/image\\\/\"},\"sameAs\":[\"https:\\\/\\\/www.facebook.com\\\/people\\\/Notimemes-de-los-Polticos\\\/61565672886568\\\/\",\"https:\\\/\\\/x.com\\\/LosPoliticosVer\"]},{\"@type\":\"Person\",\"@id\":\"https:\\\/\\\/lospoliticosveracruz.com\\\/#\\\/schema\\\/person\\\/b8702bb0e538456e6efd07080bf2a4a2\",\"name\":\"Lo viste en Los Pol\u00edticos\",\"image\":{\"@type\":\"ImageObject\",\"inLanguage\":\"es\",\"@id\":\"https:\\\/\\\/secure.gravatar.com\\\/avatar\\\/3a8de04a2656d44082be478bd6c086daa447c4651605818287b9532d3d0bd435?s=96&d=mm&r=g\",\"url\":\"https:\\\/\\\/secure.gravatar.com\\\/avatar\\\/3a8de04a2656d44082be478bd6c086daa447c4651605818287b9532d3d0bd435?s=96&d=mm&r=g\",\"contentUrl\":\"https:\\\/\\\/secure.gravatar.com\\\/avatar\\\/3a8de04a2656d44082be478bd6c086daa447c4651605818287b9532d3d0bd435?s=96&d=mm&r=g\",\"caption\":\"Lo viste en Los Pol\u00edticos\"},\"url\":\"https:\\\/\\\/lospoliticosveracruz.com\\\/?author=2\"}]}<\/script>\n<!-- \/ Yoast SEO plugin. -->","yoast_head_json":{"title":"PISANDO SUELO FIRME! - Los pol\u00edticos Veracruz","robots":{"index":"index","follow":"follow","max-snippet":"max-snippet:-1","max-image-preview":"max-image-preview:large","max-video-preview":"max-video-preview:-1"},"canonical":"https:\/\/lospoliticosveracruz.com\/?p=166134","og_locale":"es_ES","og_type":"article","og_title":"PISANDO SUELO FIRME! - Los pol\u00edticos Veracruz","og_description":"En Sesi\u00f3n Ordinaria de Cabildo encabezada por la Alcaldesa, Lic. Daniela Griego Ceballos, se aprob\u00f3 suscribir un Convenio con el Instituto Nacional del Suelo Sustentable (Insus), con el fin de promover programas, proyectos, estrategias y acciones relativas a la gesti\u00f3n y regularizaci\u00f3n del suelo. Ante el S\u00edndico \u00danico, Dr. Marco Aurelio Mart\u00ednez S\u00e1nchez, y el [&hellip;]","og_url":"https:\/\/lospoliticosveracruz.com\/?p=166134","og_site_name":"Los pol\u00edticos Veracruz","article_publisher":"https:\/\/www.facebook.com\/people\/Notimemes-de-los-Polticos\/61565672886568\/","article_published_time":"2026-03-14T01:55:30+00:00","article_modified_time":"2026-03-14T02:42:38+00:00","og_image":[{"width":600,"height":320,"url":"https:\/\/lospoliticosveracruz.com\/wp-content\/uploads\/2026\/03\/IMG_2521.jpeg","type":"image\/jpeg"}],"author":"Lo viste en Los Pol\u00edticos","twitter_card":"summary_large_image","twitter_creator":"@LosPoliticosVer","twitter_site":"@LosPoliticosVer","twitter_misc":{"Escrito por":"Lo viste en Los Pol\u00edticos","Tiempo de lectura":"3 minutos"},"schema":{"@context":"https:\/\/schema.org","@graph":[{"@type":"Article","@id":"https:\/\/lospoliticosveracruz.com\/?p=166134#article","isPartOf":{"@id":"https:\/\/lospoliticosveracruz.com\/?p=166134"},"author":{"name":"Lo viste en Los Pol\u00edticos","@id":"https:\/\/lospoliticosveracruz.com\/#\/schema\/person\/b8702bb0e538456e6efd07080bf2a4a2"},"headline":"PISANDO SUELO FIRME!","datePublished":"2026-03-14T01:55:30+00:00","dateModified":"2026-03-14T02:42:38+00:00","mainEntityOfPage":{"@id":"https:\/\/lospoliticosveracruz.com\/?p=166134"},"wordCount":616,"publisher":{"@id":"https:\/\/lospoliticosveracruz.com\/#organization"},"image":{"@id":"https:\/\/lospoliticosveracruz.com\/?p=166134#primaryimage"},"thumbnailUrl":"https:\/\/lospoliticosveracruz.com\/wp-content\/uploads\/2026\/03\/IMG_2521.jpeg","keywords":["Bibliotecas P\u00fablicas Municipales fortalecimiento","Comisi\u00f3n Municipal Agua Potable CMAS Xalapa","Convenio Insus Xalapa regularizaci\u00f3n de suelo","Cuenta P\u00fablica 2025 Congreso Veracruz","Daniela Griego Cabildo Sesi\u00f3n Ordinaria 2026"],"articleSection":["Desde La Atenas"],"inLanguage":"es"},{"@type":"WebPage","@id":"https:\/\/lospoliticosveracruz.com\/?p=166134","url":"https:\/\/lospoliticosveracruz.com\/?p=166134","name":"PISANDO SUELO FIRME! - Los pol\u00edticos Veracruz","isPartOf":{"@id":"https:\/\/lospoliticosveracruz.com\/#website"},"primaryImageOfPage":{"@id":"https:\/\/lospoliticosveracruz.com\/?p=166134#primaryimage"},"image":{"@id":"https:\/\/lospoliticosveracruz.com\/?p=166134#primaryimage"},"thumbnailUrl":"https:\/\/lospoliticosveracruz.com\/wp-content\/uploads\/2026\/03\/IMG_2521.jpeg","datePublished":"2026-03-14T01:55:30+00:00","dateModified":"2026-03-14T02:42:38+00:00","breadcrumb":{"@id":"https:\/\/lospoliticosveracruz.com\/?p=166134#breadcrumb"},"inLanguage":"es","potentialAction":[{"@type":"ReadAction","target":["https:\/\/lospoliticosveracruz.com\/?p=166134"]}]},{"@type":"ImageObject","inLanguage":"es","@id":"https:\/\/lospoliticosveracruz.com\/?p=166134#primaryimage","url":"https:\/\/lospoliticosveracruz.com\/wp-content\/uploads\/2026\/03\/IMG_2521.jpeg","contentUrl":"https:\/\/lospoliticosveracruz.com\/wp-content\/uploads\/2026\/03\/IMG_2521.jpeg","width":600,"height":320},{"@type":"BreadcrumbList","@id":"https:\/\/lospoliticosveracruz.com\/?p=166134#breadcrumb","itemListElement":[{"@type":"ListItem","position":1,"name":"Portada","item":"https:\/\/lospoliticosveracruz.com\/"},{"@type":"ListItem","position":2,"name":"PISANDO SUELO FIRME!"}]},{"@type":"WebSite","@id":"https:\/\/lospoliticosveracruz.com\/#website","url":"https:\/\/lospoliticosveracruz.com\/","name":"Los pol\u00edticos Veracruz","description":"","publisher":{"@id":"https:\/\/lospoliticosveracruz.com\/#organization"},"potentialAction":[{"@type":"SearchAction","target":{"@type":"EntryPoint","urlTemplate":"https:\/\/lospoliticosveracruz.com\/?s={search_term_string}"},"query-input":{"@type":"PropertyValueSpecification","valueRequired":true,"valueName":"search_term_string"}}],"inLanguage":"es"},{"@type":"Organization","@id":"https:\/\/lospoliticosveracruz.com\/#organization","name":"Los pol\u00edticos Veracruz","url":"https:\/\/lospoliticosveracruz.com\/","logo":{"@type":"ImageObject","inLanguage":"es","@id":"https:\/\/lospoliticosveracruz.com\/#\/schema\/logo\/image\/","url":"https:\/\/lospoliticosveracruz.com\/wp-content\/uploads\/2025\/12\/Logo-Nuevo-LOS-POLITICOS-1.jpg","contentUrl":"https:\/\/lospoliticosveracruz.com\/wp-content\/uploads\/2025\/12\/Logo-Nuevo-LOS-POLITICOS-1.jpg","width":260,"height":70,"caption":"Los pol\u00edticos Veracruz"},"image":{"@id":"https:\/\/lospoliticosveracruz.com\/#\/schema\/logo\/image\/"},"sameAs":["https:\/\/www.facebook.com\/people\/Notimemes-de-los-Polticos\/61565672886568\/","https:\/\/x.com\/LosPoliticosVer"]},{"@type":"Person","@id":"https:\/\/lospoliticosveracruz.com\/#\/schema\/person\/b8702bb0e538456e6efd07080bf2a4a2","name":"Lo viste en Los Pol\u00edticos","image":{"@type":"ImageObject","inLanguage":"es","@id":"https:\/\/secure.gravatar.com\/avatar\/3a8de04a2656d44082be478bd6c086daa447c4651605818287b9532d3d0bd435?s=96&d=mm&r=g","url":"https:\/\/secure.gravatar.com\/avatar\/3a8de04a2656d44082be478bd6c086daa447c4651605818287b9532d3d0bd435?s=96&d=mm&r=g","contentUrl":"https:\/\/secure.gravatar.com\/avatar\/3a8de04a2656d44082be478bd6c086daa447c4651605818287b9532d3d0bd435?s=96&d=mm&r=g","caption":"Lo viste en Los Pol\u00edticos"},"url":"https:\/\/lospoliticosveracruz.com\/?author=2"}]}},"_links":{"self":[{"href":"https:\/\/lospoliticosveracruz.com\/index.php?rest_route=\/wp\/v2\/posts\/166134","targetHints":{"allow":["GET"]}}],"collection":[{"href":"https:\/\/lospoliticosveracruz.com\/index.php?rest_route=\/wp\/v2\/posts"}],"about":[{"href":"https:\/\/lospoliticosveracruz.com\/index.php?rest_route=\/wp\/v2\/types\/post"}],"author":[{"embeddable":true,"href":"https:\/\/lospoliticosveracruz.com\/index.php?rest_route=\/wp\/v2\/users\/2"}],"replies":[{"embeddable":true,"href":"https:\/\/lospoliticosveracruz.com\/index.php?rest_route=%2Fwp%2Fv2%2Fcomments&post=166134"}],"version-history":[{"count":2,"href":"https:\/\/lospoliticosveracruz.com\/index.php?rest_route=\/wp\/v2\/posts\/166134\/revisions"}],"predecessor-version":[{"id":166139,"href":"https:\/\/lospoliticosveracruz.com\/index.php?rest_route=\/wp\/v2\/posts\/166134\/revisions\/166139"}],"wp:featuredmedia":[{"embeddable":true,"href":"https:\/\/lospoliticosveracruz.com\/index.php?rest_route=\/wp\/v2\/media\/166135"}],"wp:attachment":[{"href":"https:\/\/lospoliticosveracruz.com\/index.php?rest_route=%2Fwp%2Fv2%2Fmedia&parent=166134"}],"wp:term":[{"taxonomy":"category","embeddable":true,"href":"https:\/\/lospoliticosveracruz.com\/index.php?rest_route=%2Fwp%2Fv2%2Fcategories&post=166134"},{"taxonomy":"post_tag","embeddable":true,"href":"https:\/\/lospoliticosveracruz.com\/index.php?rest_route=%2Fwp%2Fv2%2Ftags&post=166134"}],"curies":[{"name":"wp","href":"https:\/\/api.w.org\/{rel}","templated":true}]}}