{"id":166137,"date":"2026-03-13T20:12:25","date_gmt":"2026-03-14T02:12:25","guid":{"rendered":"https:\/\/lospoliticosveracruz.com\/?p=166137"},"modified":"2026-03-13T20:12:27","modified_gmt":"2026-03-14T02:12:27","slug":"alcaldes-y-salarios","status":"publish","type":"post","link":"https:\/\/lospoliticosveracruz.com\/?p=166137","title":{"rendered":"ALCALDES Y SALARIOS"},"content":{"rendered":"\n<p><strong>Enrique Yasser Pompeyo&nbsp;<\/strong><\/p>\n\n\n\n<p><em>Mesa de Redacci\u00f3n<\/em><\/p>\n\n\n\n<p>En el estado de Veracruz, mientras algunos alcaldes ocultan cu\u00e1nto reciben de salario, hay otros ediles que lo hacen p\u00fablico y hasta se reducen el sueldo en comparaci\u00f3n con sus antecesores.<\/p>\n\n\n\n<p>Es el caso de los alcaldes de Cosamaloapan, Jorge Alberto Villegas C\u00e1zares quien percibe 54 mil pesos mensuales; Gildardo Maldonado Guzm\u00e1n de J\u00e1ltipan quien gana 50 mil pesos; y el de San Andr\u00e9s Tuxtla, Rafael Gustavo Fararoni Maga\u00f1a, quien percibe alrededor de 25 mil pesos a la quincena, mientras que la anterior alcaldesa Mar\u00eda Elena Solana Calzada, mejor conocida como Doctora Remedios, obten\u00eda ingresos mensuales por aproximadamente 65 mil pesos.<\/p>\n\n\n\n<p>En pol\u00edtica no se trata s\u00f3lo de decir las cosas, sino de hacerlas. Se trata de ser congruentes.<\/p>\n\n\n\n<p>Adem\u00e1s, con la reducci\u00f3n de salarios del cuerpo edilicio del Ayuntamiento de San Andr\u00e9s Tuxtla, se ha podido atender diversas demandas ciudadanas, as\u00ed como implementar varias acciones en los diferentes rubros como limpia p\u00fablica, seguridad, educaci\u00f3n, deporte, salud, educaci\u00f3n y muchos m\u00e1s.<\/p>\n\n\n\n<p>As\u00ed, el alcalde Rafa Fararoni pone el ejemplo a muchos de sus hom\u00f3logos que ganan, incluso, m\u00e1s que la propia gobernadora Norma Roc\u00edo Nahle Garc\u00eda.<\/p>\n\n\n\n<p><strong>MORENA SUMA M\u00c1S ALCALDES<\/strong><\/p>\n\n\n\n<p>Morena avanza mientras que otros institutos pol\u00edticos se debilitan cada d\u00eda. Este viernes, por ejemplo, los alcaldes de Atlahuilco y Tequila anunciaron su decisi\u00f3n de dejar los partidos con los que participaron en el proceso electoral de 2025 \u2014Movimiento Ciudadano (MC) y el Partido del Trabajo (PT)\u2014 para sumarse al proyecto pol\u00edtico de Morena, al considerar que es la v\u00eda para gestionar mayores apoyos para sus municipios.<\/p>\n\n\n\n<p>Se trata de Marcelino Tlaxcala Tlaxcala, presidente municipal de Atlahuilco, quien lleg\u00f3 al cargo bajo las siglas de Movimiento Ciudadano, y Misael Garc\u00eda Zepahua, alcalde de Tequila, quien particip\u00f3 con el Partido del Trabajo.&nbsp;<\/p>\n\n\n\n<p>Ambos ediles se\u00f1alaron que su decisi\u00f3n es voluntaria y responde a la necesidad de trabajar coordinadamente con el gobierno estatal y federal.<\/p>\n\n\n\n<p>El alcalde de Atlahuilco record\u00f3 que su trayectoria pol\u00edtica ha estado vinculada a proyectos de izquierda, se\u00f1alando que en 2017 trabaj\u00f3 con el movimiento de Andr\u00e9s Manuel L\u00f3pez Obrador y posteriormente particip\u00f3 en 2024 apoyando a Roc\u00edo Nahle y a Claudia Sheinbaum.<\/p>\n\n\n\n<p>Por su parte, Misael Garc\u00eda Zepahua se\u00f1al\u00f3 que ya ha tenido comunicaci\u00f3n con dirigentes de Morena y con representantes pol\u00edticos de la regi\u00f3n, entre ellos la diputada local Dulce Mar\u00eda Hern\u00e1ndez Tepole, quien ha trabajado en la zona serrana.<\/p>\n\n\n\n<p>Los alcaldes reiteraron que su decisi\u00f3n de sumarse a Morena tiene como objetivo fortalecer la gesti\u00f3n de recursos y obras para la Sierra de Zongolica, una regi\u00f3n que hist\u00f3ricamente ha enfrentado rezagos.<\/p>\n\n\n\n<p>enriquepompeyo@hotmail.com<\/p>\n","protected":false},"excerpt":{"rendered":"<p>Enrique Yasser Pompeyo&nbsp; Mesa de Redacci\u00f3n En el estado de Veracruz, mientras algunos alcaldes ocultan cu\u00e1nto reciben de salario, hay otros ediles que lo hacen p\u00fablico y hasta se reducen el sueldo en comparaci\u00f3n con sus antecesores. Es el caso de los alcaldes de Cosamaloapan, Jorge Alberto Villegas C\u00e1zares quien percibe 54 mil pesos mensuales; [&hellip;]<\/p>\n","protected":false},"author":2,"featured_media":141425,"comment_status":"closed","ping_status":"closed","sticky":false,"template":"","format":"standard","meta":{"tdm_status":"","tdm_grid_status":"","footnotes":""},"categories":[70],"tags":[57496,57495,57493,57494,57492],"class_list":{"0":"post-166137","1":"post","2":"type-post","3":"status-publish","4":"format-standard","5":"has-post-thumbnail","7":"category-de-opinion","8":"tag-alcaldes-atlahuilco-tequila-se-suman-a-morena","9":"tag-reduccion-sueldo-san-andres-tuxtla-rafa-fararoni","10":"tag-salarios-alcaldes-veracruz-2026","11":"tag-sierra-de-zongolica-gestion-de-recursos","12":"tag-transparencia-ingresos-municipales-veracruz"},"yoast_head":"<!-- This site is optimized with the Yoast SEO plugin v27.4 - https:\/\/yoast.com\/product\/yoast-seo-wordpress\/ -->\n<title>ALCALDES Y SALARIOS - Los pol\u00edticos Veracruz<\/title>\n<meta name=\"robots\" content=\"index, follow, max-snippet:-1, max-image-preview:large, max-video-preview:-1\" \/>\n<link rel=\"canonical\" href=\"https:\/\/lospoliticosveracruz.com\/?p=166137\" \/>\n<meta property=\"og:locale\" content=\"es_ES\" \/>\n<meta property=\"og:type\" content=\"article\" \/>\n<meta property=\"og:title\" content=\"ALCALDES Y SALARIOS - Los pol\u00edticos Veracruz\" \/>\n<meta property=\"og:description\" content=\"Enrique Yasser Pompeyo&nbsp; Mesa de Redacci\u00f3n En el estado de Veracruz, mientras algunos alcaldes ocultan cu\u00e1nto reciben de salario, hay otros ediles que lo hacen p\u00fablico y hasta se reducen el sueldo en comparaci\u00f3n con sus antecesores. Es el caso de los alcaldes de Cosamaloapan, Jorge Alberto Villegas C\u00e1zares quien percibe 54 mil pesos mensuales; [&hellip;]\" \/>\n<meta property=\"og:url\" content=\"https:\/\/lospoliticosveracruz.com\/?p=166137\" \/>\n<meta property=\"og:site_name\" content=\"Los pol\u00edticos Veracruz\" \/>\n<meta property=\"article:publisher\" content=\"https:\/\/www.facebook.com\/people\/Notimemes-de-los-Polticos\/61565672886568\/\" \/>\n<meta property=\"article:published_time\" content=\"2026-03-14T02:12:25+00:00\" \/>\n<meta property=\"article:modified_time\" content=\"2026-03-14T02:12:27+00:00\" \/>\n<meta property=\"og:image\" content=\"https:\/\/lospoliticosveracruz.com\/wp-content\/uploads\/2025\/04\/Pompeyo.jpg\" \/>\n\t<meta property=\"og:image:width\" content=\"1250\" \/>\n\t<meta property=\"og:image:height\" content=\"667\" \/>\n\t<meta property=\"og:image:type\" content=\"image\/jpeg\" \/>\n<meta name=\"author\" content=\"Lo viste en Los Pol\u00edticos\" \/>\n<meta name=\"twitter:card\" content=\"summary_large_image\" \/>\n<meta name=\"twitter:creator\" content=\"@LosPoliticosVer\" \/>\n<meta name=\"twitter:site\" content=\"@LosPoliticosVer\" \/>\n<meta name=\"twitter:label1\" content=\"Escrito por\" \/>\n\t<meta name=\"twitter:data1\" content=\"Lo viste en Los Pol\u00edticos\" \/>\n\t<meta name=\"twitter:label2\" content=\"Tiempo de lectura\" \/>\n\t<meta name=\"twitter:data2\" content=\"3 minutos\" \/>\n<script type=\"application\/ld+json\" class=\"yoast-schema-graph\">{\"@context\":\"https:\\\/\\\/schema.org\",\"@graph\":[{\"@type\":\"Article\",\"@id\":\"https:\\\/\\\/lospoliticosveracruz.com\\\/?p=166137#article\",\"isPartOf\":{\"@id\":\"https:\\\/\\\/lospoliticosveracruz.com\\\/?p=166137\"},\"author\":{\"name\":\"Lo viste en Los Pol\u00edticos\",\"@id\":\"https:\\\/\\\/lospoliticosveracruz.com\\\/#\\\/schema\\\/person\\\/b8702bb0e538456e6efd07080bf2a4a2\"},\"headline\":\"ALCALDES Y SALARIOS\",\"datePublished\":\"2026-03-14T02:12:25+00:00\",\"dateModified\":\"2026-03-14T02:12:27+00:00\",\"mainEntityOfPage\":{\"@id\":\"https:\\\/\\\/lospoliticosveracruz.com\\\/?p=166137\"},\"wordCount\":482,\"publisher\":{\"@id\":\"https:\\\/\\\/lospoliticosveracruz.com\\\/#organization\"},\"image\":{\"@id\":\"https:\\\/\\\/lospoliticosveracruz.com\\\/?p=166137#primaryimage\"},\"thumbnailUrl\":\"https:\\\/\\\/lospoliticosveracruz.com\\\/wp-content\\\/uploads\\\/2025\\\/04\\\/Pompeyo-e1776307406459.jpg\",\"keywords\":[\"alcaldes Atlahuilco Tequila se suman a Morena\",\"reducci\u00f3n sueldo San Andr\u00e9s Tuxtla Rafa Fararoni\",\"salarios alcaldes Veracruz 2026\",\"Sierra de Zongolica gesti\u00f3n de recursos\",\"transparencia ingresos municipales Veracruz\"],\"articleSection\":[\"De Opini\u00f3n\"],\"inLanguage\":\"es\"},{\"@type\":\"WebPage\",\"@id\":\"https:\\\/\\\/lospoliticosveracruz.com\\\/?p=166137\",\"url\":\"https:\\\/\\\/lospoliticosveracruz.com\\\/?p=166137\",\"name\":\"ALCALDES Y SALARIOS - Los pol\u00edticos Veracruz\",\"isPartOf\":{\"@id\":\"https:\\\/\\\/lospoliticosveracruz.com\\\/#website\"},\"primaryImageOfPage\":{\"@id\":\"https:\\\/\\\/lospoliticosveracruz.com\\\/?p=166137#primaryimage\"},\"image\":{\"@id\":\"https:\\\/\\\/lospoliticosveracruz.com\\\/?p=166137#primaryimage\"},\"thumbnailUrl\":\"https:\\\/\\\/lospoliticosveracruz.com\\\/wp-content\\\/uploads\\\/2025\\\/04\\\/Pompeyo-e1776307406459.jpg\",\"datePublished\":\"2026-03-14T02:12:25+00:00\",\"dateModified\":\"2026-03-14T02:12:27+00:00\",\"breadcrumb\":{\"@id\":\"https:\\\/\\\/lospoliticosveracruz.com\\\/?p=166137#breadcrumb\"},\"inLanguage\":\"es\",\"potentialAction\":[{\"@type\":\"ReadAction\",\"target\":[\"https:\\\/\\\/lospoliticosveracruz.com\\\/?p=166137\"]}]},{\"@type\":\"ImageObject\",\"inLanguage\":\"es\",\"@id\":\"https:\\\/\\\/lospoliticosveracruz.com\\\/?p=166137#primaryimage\",\"url\":\"https:\\\/\\\/lospoliticosveracruz.com\\\/wp-content\\\/uploads\\\/2025\\\/04\\\/Pompeyo-e1776307406459.jpg\",\"contentUrl\":\"https:\\\/\\\/lospoliticosveracruz.com\\\/wp-content\\\/uploads\\\/2025\\\/04\\\/Pompeyo-e1776307406459.jpg\",\"width\":600,\"height\":320},{\"@type\":\"BreadcrumbList\",\"@id\":\"https:\\\/\\\/lospoliticosveracruz.com\\\/?p=166137#breadcrumb\",\"itemListElement\":[{\"@type\":\"ListItem\",\"position\":1,\"name\":\"Portada\",\"item\":\"https:\\\/\\\/lospoliticosveracruz.com\\\/\"},{\"@type\":\"ListItem\",\"position\":2,\"name\":\"ALCALDES Y SALARIOS\"}]},{\"@type\":\"WebSite\",\"@id\":\"https:\\\/\\\/lospoliticosveracruz.com\\\/#website\",\"url\":\"https:\\\/\\\/lospoliticosveracruz.com\\\/\",\"name\":\"Los pol\u00edticos Veracruz\",\"description\":\"\",\"publisher\":{\"@id\":\"https:\\\/\\\/lospoliticosveracruz.com\\\/#organization\"},\"potentialAction\":[{\"@type\":\"SearchAction\",\"target\":{\"@type\":\"EntryPoint\",\"urlTemplate\":\"https:\\\/\\\/lospoliticosveracruz.com\\\/?s={search_term_string}\"},\"query-input\":{\"@type\":\"PropertyValueSpecification\",\"valueRequired\":true,\"valueName\":\"search_term_string\"}}],\"inLanguage\":\"es\"},{\"@type\":\"Organization\",\"@id\":\"https:\\\/\\\/lospoliticosveracruz.com\\\/#organization\",\"name\":\"Los pol\u00edticos Veracruz\",\"url\":\"https:\\\/\\\/lospoliticosveracruz.com\\\/\",\"logo\":{\"@type\":\"ImageObject\",\"inLanguage\":\"es\",\"@id\":\"https:\\\/\\\/lospoliticosveracruz.com\\\/#\\\/schema\\\/logo\\\/image\\\/\",\"url\":\"https:\\\/\\\/lospoliticosveracruz.com\\\/wp-content\\\/uploads\\\/2025\\\/12\\\/Logo-Nuevo-LOS-POLITICOS-1.jpg\",\"contentUrl\":\"https:\\\/\\\/lospoliticosveracruz.com\\\/wp-content\\\/uploads\\\/2025\\\/12\\\/Logo-Nuevo-LOS-POLITICOS-1.jpg\",\"width\":260,\"height\":70,\"caption\":\"Los pol\u00edticos Veracruz\"},\"image\":{\"@id\":\"https:\\\/\\\/lospoliticosveracruz.com\\\/#\\\/schema\\\/logo\\\/image\\\/\"},\"sameAs\":[\"https:\\\/\\\/www.facebook.com\\\/people\\\/Notimemes-de-los-Polticos\\\/61565672886568\\\/\",\"https:\\\/\\\/x.com\\\/LosPoliticosVer\"]},{\"@type\":\"Person\",\"@id\":\"https:\\\/\\\/lospoliticosveracruz.com\\\/#\\\/schema\\\/person\\\/b8702bb0e538456e6efd07080bf2a4a2\",\"name\":\"Lo viste en Los Pol\u00edticos\",\"image\":{\"@type\":\"ImageObject\",\"inLanguage\":\"es\",\"@id\":\"https:\\\/\\\/secure.gravatar.com\\\/avatar\\\/3a8de04a2656d44082be478bd6c086daa447c4651605818287b9532d3d0bd435?s=96&d=mm&r=g\",\"url\":\"https:\\\/\\\/secure.gravatar.com\\\/avatar\\\/3a8de04a2656d44082be478bd6c086daa447c4651605818287b9532d3d0bd435?s=96&d=mm&r=g\",\"contentUrl\":\"https:\\\/\\\/secure.gravatar.com\\\/avatar\\\/3a8de04a2656d44082be478bd6c086daa447c4651605818287b9532d3d0bd435?s=96&d=mm&r=g\",\"caption\":\"Lo viste en Los Pol\u00edticos\"},\"url\":\"https:\\\/\\\/lospoliticosveracruz.com\\\/?author=2\"}]}<\/script>\n<!-- \/ Yoast SEO plugin. -->","yoast_head_json":{"title":"ALCALDES Y SALARIOS - Los pol\u00edticos Veracruz","robots":{"index":"index","follow":"follow","max-snippet":"max-snippet:-1","max-image-preview":"max-image-preview:large","max-video-preview":"max-video-preview:-1"},"canonical":"https:\/\/lospoliticosveracruz.com\/?p=166137","og_locale":"es_ES","og_type":"article","og_title":"ALCALDES Y SALARIOS - Los pol\u00edticos Veracruz","og_description":"Enrique Yasser Pompeyo&nbsp; Mesa de Redacci\u00f3n En el estado de Veracruz, mientras algunos alcaldes ocultan cu\u00e1nto reciben de salario, hay otros ediles que lo hacen p\u00fablico y hasta se reducen el sueldo en comparaci\u00f3n con sus antecesores. Es el caso de los alcaldes de Cosamaloapan, Jorge Alberto Villegas C\u00e1zares quien percibe 54 mil pesos mensuales; [&hellip;]","og_url":"https:\/\/lospoliticosveracruz.com\/?p=166137","og_site_name":"Los pol\u00edticos Veracruz","article_publisher":"https:\/\/www.facebook.com\/people\/Notimemes-de-los-Polticos\/61565672886568\/","article_published_time":"2026-03-14T02:12:25+00:00","article_modified_time":"2026-03-14T02:12:27+00:00","og_image":[{"width":1250,"height":667,"url":"https:\/\/lospoliticosveracruz.com\/wp-content\/uploads\/2025\/04\/Pompeyo.jpg","type":"image\/jpeg"}],"author":"Lo viste en Los Pol\u00edticos","twitter_card":"summary_large_image","twitter_creator":"@LosPoliticosVer","twitter_site":"@LosPoliticosVer","twitter_misc":{"Escrito por":"Lo viste en Los Pol\u00edticos","Tiempo de lectura":"3 minutos"},"schema":{"@context":"https:\/\/schema.org","@graph":[{"@type":"Article","@id":"https:\/\/lospoliticosveracruz.com\/?p=166137#article","isPartOf":{"@id":"https:\/\/lospoliticosveracruz.com\/?p=166137"},"author":{"name":"Lo viste en Los Pol\u00edticos","@id":"https:\/\/lospoliticosveracruz.com\/#\/schema\/person\/b8702bb0e538456e6efd07080bf2a4a2"},"headline":"ALCALDES Y SALARIOS","datePublished":"2026-03-14T02:12:25+00:00","dateModified":"2026-03-14T02:12:27+00:00","mainEntityOfPage":{"@id":"https:\/\/lospoliticosveracruz.com\/?p=166137"},"wordCount":482,"publisher":{"@id":"https:\/\/lospoliticosveracruz.com\/#organization"},"image":{"@id":"https:\/\/lospoliticosveracruz.com\/?p=166137#primaryimage"},"thumbnailUrl":"https:\/\/lospoliticosveracruz.com\/wp-content\/uploads\/2025\/04\/Pompeyo-e1776307406459.jpg","keywords":["alcaldes Atlahuilco Tequila se suman a Morena","reducci\u00f3n sueldo San Andr\u00e9s Tuxtla Rafa Fararoni","salarios alcaldes Veracruz 2026","Sierra de Zongolica gesti\u00f3n de recursos","transparencia ingresos municipales Veracruz"],"articleSection":["De Opini\u00f3n"],"inLanguage":"es"},{"@type":"WebPage","@id":"https:\/\/lospoliticosveracruz.com\/?p=166137","url":"https:\/\/lospoliticosveracruz.com\/?p=166137","name":"ALCALDES Y SALARIOS - Los pol\u00edticos Veracruz","isPartOf":{"@id":"https:\/\/lospoliticosveracruz.com\/#website"},"primaryImageOfPage":{"@id":"https:\/\/lospoliticosveracruz.com\/?p=166137#primaryimage"},"image":{"@id":"https:\/\/lospoliticosveracruz.com\/?p=166137#primaryimage"},"thumbnailUrl":"https:\/\/lospoliticosveracruz.com\/wp-content\/uploads\/2025\/04\/Pompeyo-e1776307406459.jpg","datePublished":"2026-03-14T02:12:25+00:00","dateModified":"2026-03-14T02:12:27+00:00","breadcrumb":{"@id":"https:\/\/lospoliticosveracruz.com\/?p=166137#breadcrumb"},"inLanguage":"es","potentialAction":[{"@type":"ReadAction","target":["https:\/\/lospoliticosveracruz.com\/?p=166137"]}]},{"@type":"ImageObject","inLanguage":"es","@id":"https:\/\/lospoliticosveracruz.com\/?p=166137#primaryimage","url":"https:\/\/lospoliticosveracruz.com\/wp-content\/uploads\/2025\/04\/Pompeyo-e1776307406459.jpg","contentUrl":"https:\/\/lospoliticosveracruz.com\/wp-content\/uploads\/2025\/04\/Pompeyo-e1776307406459.jpg","width":600,"height":320},{"@type":"BreadcrumbList","@id":"https:\/\/lospoliticosveracruz.com\/?p=166137#breadcrumb","itemListElement":[{"@type":"ListItem","position":1,"name":"Portada","item":"https:\/\/lospoliticosveracruz.com\/"},{"@type":"ListItem","position":2,"name":"ALCALDES Y SALARIOS"}]},{"@type":"WebSite","@id":"https:\/\/lospoliticosveracruz.com\/#website","url":"https:\/\/lospoliticosveracruz.com\/","name":"Los pol\u00edticos Veracruz","description":"","publisher":{"@id":"https:\/\/lospoliticosveracruz.com\/#organization"},"potentialAction":[{"@type":"SearchAction","target":{"@type":"EntryPoint","urlTemplate":"https:\/\/lospoliticosveracruz.com\/?s={search_term_string}"},"query-input":{"@type":"PropertyValueSpecification","valueRequired":true,"valueName":"search_term_string"}}],"inLanguage":"es"},{"@type":"Organization","@id":"https:\/\/lospoliticosveracruz.com\/#organization","name":"Los pol\u00edticos Veracruz","url":"https:\/\/lospoliticosveracruz.com\/","logo":{"@type":"ImageObject","inLanguage":"es","@id":"https:\/\/lospoliticosveracruz.com\/#\/schema\/logo\/image\/","url":"https:\/\/lospoliticosveracruz.com\/wp-content\/uploads\/2025\/12\/Logo-Nuevo-LOS-POLITICOS-1.jpg","contentUrl":"https:\/\/lospoliticosveracruz.com\/wp-content\/uploads\/2025\/12\/Logo-Nuevo-LOS-POLITICOS-1.jpg","width":260,"height":70,"caption":"Los pol\u00edticos Veracruz"},"image":{"@id":"https:\/\/lospoliticosveracruz.com\/#\/schema\/logo\/image\/"},"sameAs":["https:\/\/www.facebook.com\/people\/Notimemes-de-los-Polticos\/61565672886568\/","https:\/\/x.com\/LosPoliticosVer"]},{"@type":"Person","@id":"https:\/\/lospoliticosveracruz.com\/#\/schema\/person\/b8702bb0e538456e6efd07080bf2a4a2","name":"Lo viste en Los Pol\u00edticos","image":{"@type":"ImageObject","inLanguage":"es","@id":"https:\/\/secure.gravatar.com\/avatar\/3a8de04a2656d44082be478bd6c086daa447c4651605818287b9532d3d0bd435?s=96&d=mm&r=g","url":"https:\/\/secure.gravatar.com\/avatar\/3a8de04a2656d44082be478bd6c086daa447c4651605818287b9532d3d0bd435?s=96&d=mm&r=g","contentUrl":"https:\/\/secure.gravatar.com\/avatar\/3a8de04a2656d44082be478bd6c086daa447c4651605818287b9532d3d0bd435?s=96&d=mm&r=g","caption":"Lo viste en Los Pol\u00edticos"},"url":"https:\/\/lospoliticosveracruz.com\/?author=2"}]}},"_links":{"self":[{"href":"https:\/\/lospoliticosveracruz.com\/index.php?rest_route=\/wp\/v2\/posts\/166137","targetHints":{"allow":["GET"]}}],"collection":[{"href":"https:\/\/lospoliticosveracruz.com\/index.php?rest_route=\/wp\/v2\/posts"}],"about":[{"href":"https:\/\/lospoliticosveracruz.com\/index.php?rest_route=\/wp\/v2\/types\/post"}],"author":[{"embeddable":true,"href":"https:\/\/lospoliticosveracruz.com\/index.php?rest_route=\/wp\/v2\/users\/2"}],"replies":[{"embeddable":true,"href":"https:\/\/lospoliticosveracruz.com\/index.php?rest_route=%2Fwp%2Fv2%2Fcomments&post=166137"}],"version-history":[{"count":1,"href":"https:\/\/lospoliticosveracruz.com\/index.php?rest_route=\/wp\/v2\/posts\/166137\/revisions"}],"predecessor-version":[{"id":166138,"href":"https:\/\/lospoliticosveracruz.com\/index.php?rest_route=\/wp\/v2\/posts\/166137\/revisions\/166138"}],"wp:featuredmedia":[{"embeddable":true,"href":"https:\/\/lospoliticosveracruz.com\/index.php?rest_route=\/wp\/v2\/media\/141425"}],"wp:attachment":[{"href":"https:\/\/lospoliticosveracruz.com\/index.php?rest_route=%2Fwp%2Fv2%2Fmedia&parent=166137"}],"wp:term":[{"taxonomy":"category","embeddable":true,"href":"https:\/\/lospoliticosveracruz.com\/index.php?rest_route=%2Fwp%2Fv2%2Fcategories&post=166137"},{"taxonomy":"post_tag","embeddable":true,"href":"https:\/\/lospoliticosveracruz.com\/index.php?rest_route=%2Fwp%2Fv2%2Ftags&post=166137"}],"curies":[{"name":"wp","href":"https:\/\/api.w.org\/{rel}","templated":true}]}}