{"id":166150,"date":"2026-03-14T00:12:24","date_gmt":"2026-03-14T06:12:24","guid":{"rendered":"https:\/\/lospoliticosveracruz.com\/?p=166150"},"modified":"2026-03-14T00:12:25","modified_gmt":"2026-03-14T06:12:25","slug":"niega-candidato-del-pt-ser-deudor-alimentario","status":"publish","type":"post","link":"https:\/\/lospoliticosveracruz.com\/?p=166150","title":{"rendered":"NIEGA CANDIDATO DEL PT SER DEUDOR ALIMENTARIO"},"content":{"rendered":"\n<p><strong>Bernardo Guti\u00e9rrez Parra<\/strong><br>Este viernes apareci\u00f3 en portales del norte de la entidad, la noticia de que Jorge Antonio Lara Cruz, candidato del PT a la alcald\u00eda de Tamiahua, es \u201cdeudor alimentario\u201d, por lo que estar\u00eda impedido para competir en la elecci\u00f3n extraordinaria ordenada por el OPLE.<\/p>\n\n\n\n<p>Tamiahua es el \u00fanico de los 212 municipios veracruzanos donde se anul\u00f3 la elecci\u00f3n al comprobarse que la candidata del Partido Verde, Citlalli Medell\u00edn Careaga, rebas\u00f3 el tope de gastos de campa\u00f1a, por lo que se orden\u00f3 una elecci\u00f3n extraordinaria que culminar\u00e1 en las urnas el pr\u00f3ximo 29 de marzo.<\/p>\n\n\n\n<p>Jorge Antonio Lara Cruz, que contendi\u00f3 en la elecci\u00f3n pasada, es uno de los punteros en las encuestas y este viernes, en conferencia de prensa en la ciudad de Xalapa, mostr\u00f3 el Registro Nacional de Obligaciones Alimentarias (RNOA) fechado el 13 de marzo de este a\u00f1o, donde se se\u00f1ala que \u201cno se encuentra registrado a nivel nacional como Deudor Alimentario\u201d.<\/p>\n\n\n\n<p>\u201cQuiero aclarar a la opini\u00f3n p\u00fablica que he cumplido con la pensi\u00f3n de mi hija desde que naci\u00f3. Las noticias que han circulado se\u00f1alando que soy deudor alimentario son falsas. Mi hija vivi\u00f3 cuatro a\u00f1os conmigo y aqu\u00ed tengo la prueba de que no soy deudor alimentario\u201d, indic\u00f3, mientras mostraba el documento del RNOA.<\/p>\n\n\n\n<p>Jorge Antonio asegur\u00f3 que esta falacia es parte de la guerra sucia en su contra porque sigue en la preferencia del electorado desde el pasado 1 de junio. \u201cEn la actualidad vamos ganando terreno, estamos bien posicionados y estas elecciones las vamos a ganar a pesar de la mala fe de algunas personas que se prestan a cualquier cosa para da\u00f1arnos, pero nosotros estamos firmes\u201d, asegur\u00f3.<\/p>\n\n\n\n<p>Presente en la conferencia, el l\u00edder estatal del Partido del Trabajo, Vicente Aguilar Aguilar, dijo: \u201cSe ve la mala fe con la que se conducen algunos personajes, toda vez que descalificar en ese tono cuando Jorge Antonio tiene pruebas contundentes de que no es deudor alimentario, significa que le tienen mucho miedo a nuestro candidato, que est\u00e1n aterrorizados\u201d.<\/p>\n\n\n\n<p>Aguilar agreg\u00f3 que Jorge Antonio Lara es un candidato muy querido por los tamiahuenses. \u201cEn la elecci\u00f3n pasada quedamos en segundo lugar y ahora vamos a ganar con una visi\u00f3n y estrategia diferente. La sociedad de Tamiahua sabe del trabajo y la capacidad que tiene Jorge; es un hombre decente, honrado y va a ser un excelente presidente municipal\u201d.<\/p>\n\n\n\n<p>Por su parte, la abogada ind\u00edgena n\u00e1huatl, Anselma Hern\u00e1ndez, dijo que en las acusaciones de \u201cdeudor alimentario\u201d contra Jorge Antonio Lara, se vio la mano de la jueza Lorena D\u00edaz Rodr\u00edguez, del Juzgado de Primera Instancia de Justicia Familiar en el distrito Judicial de Tuxpan, la cual abus\u00f3 de su poder al exigirle a Lara Cruz una cantidad exorbitante de pensiones retroactivas, de 10 a\u00f1os, (cuando ya ten\u00eda en su poder todos los comprobantes, transferencias, tickets de dep\u00f3sito), aplic\u00e1ndole una condena anticipada, cuando no era lo correcto.<\/p>\n\n\n\n<p>La abogada Anselma, que mostr\u00f3 a los reporteros el altero de comprobantes que prueban que Jorge Antonio Lara jam\u00e1s ha dejado en el desamparo a su hija, agreg\u00f3 que al intentar subir el nombre de Jorge Antonio Lara Cruz a la base de datos de deudores alimentarios, la jueza lo estaba violentando pol\u00edticamente. Por lo que se present\u00f3 una denuncia contra de la togada.<\/p>\n\n\n\n<p>Por \u00faltimo, Jorge Antonio Luna Cruz que es pescador, hijo de pescadores, afrodescendiente y conoce las 72 comunidades de Tamiahua, dijo que lo m\u00e1s importante para \u00e9l es que \u201cla gente me conoce, saben qui\u00e9n soy y por eso me siento seguro de ganar. Mi compromiso es con el pueblo y en esta elecci\u00f3n va a ganar el pueblo y el pueblo va a gobernar\u201d.<\/p>\n\n\n\n<p>bernagup28@gmail.com<\/p>\n","protected":false},"excerpt":{"rendered":"<p>Bernardo Guti\u00e9rrez ParraEste viernes apareci\u00f3 en portales del norte de la entidad, la noticia de que Jorge Antonio Lara Cruz, candidato del PT a la alcald\u00eda de Tamiahua, es \u201cdeudor alimentario\u201d, por lo que estar\u00eda impedido para competir en la elecci\u00f3n extraordinaria ordenada por el OPLE. Tamiahua es el \u00fanico de los 212 municipios veracruzanos [&hellip;]<\/p>\n","protected":false},"author":2,"featured_media":166151,"comment_status":"closed","ping_status":"closed","sticky":false,"template":"","format":"standard","meta":{"tdm_status":"","tdm_grid_status":"","footnotes":""},"categories":[6446],"tags":[57514,37806,57513,57515,2289,2837,20254],"class_list":{"0":"post-166150","1":"post","2":"type-post","3":"status-publish","4":"format-standard","5":"has-post-thumbnail","7":"category-la-nota","8":"tag-anselma-hernandez","9":"tag-deudor-alimentario","10":"tag-jorge-antonio-lara-cruz","11":"tag-lorena-diaz-rodriguez","12":"tag-pt","13":"tag-tamiahua","14":"tag-vicente-aguilar-aguilar"},"yoast_head":"<!-- This site is optimized with the Yoast SEO plugin v27.4 - https:\/\/yoast.com\/product\/yoast-seo-wordpress\/ -->\n<title>NIEGA CANDIDATO DEL PT SER DEUDOR ALIMENTARIO - Los pol\u00edticos Veracruz<\/title>\n<meta name=\"robots\" content=\"index, follow, max-snippet:-1, max-image-preview:large, max-video-preview:-1\" \/>\n<link rel=\"canonical\" href=\"https:\/\/lospoliticosveracruz.com\/?p=166150\" \/>\n<meta property=\"og:locale\" content=\"es_ES\" \/>\n<meta property=\"og:type\" content=\"article\" \/>\n<meta property=\"og:title\" content=\"NIEGA CANDIDATO DEL PT SER DEUDOR ALIMENTARIO - Los pol\u00edticos Veracruz\" \/>\n<meta property=\"og:description\" content=\"Bernardo Guti\u00e9rrez ParraEste viernes apareci\u00f3 en portales del norte de la entidad, la noticia de que Jorge Antonio Lara Cruz, candidato del PT a la alcald\u00eda de Tamiahua, es \u201cdeudor alimentario\u201d, por lo que estar\u00eda impedido para competir en la elecci\u00f3n extraordinaria ordenada por el OPLE. Tamiahua es el \u00fanico de los 212 municipios veracruzanos [&hellip;]\" \/>\n<meta property=\"og:url\" content=\"https:\/\/lospoliticosveracruz.com\/?p=166150\" \/>\n<meta property=\"og:site_name\" content=\"Los pol\u00edticos Veracruz\" \/>\n<meta property=\"article:publisher\" content=\"https:\/\/www.facebook.com\/people\/Notimemes-de-los-Polticos\/61565672886568\/\" \/>\n<meta property=\"article:published_time\" content=\"2026-03-14T06:12:24+00:00\" \/>\n<meta property=\"article:modified_time\" content=\"2026-03-14T06:12:25+00:00\" \/>\n<meta property=\"og:image\" content=\"https:\/\/lospoliticosveracruz.com\/wp-content\/uploads\/2026\/03\/IMG_0649-e1773468634935.jpeg\" \/>\n\t<meta property=\"og:image:width\" content=\"600\" \/>\n\t<meta property=\"og:image:height\" content=\"450\" \/>\n\t<meta property=\"og:image:type\" content=\"image\/jpeg\" \/>\n<meta name=\"author\" content=\"Lo viste en Los Pol\u00edticos\" \/>\n<meta name=\"twitter:card\" content=\"summary_large_image\" \/>\n<meta name=\"twitter:creator\" content=\"@LosPoliticosVer\" \/>\n<meta name=\"twitter:site\" content=\"@LosPoliticosVer\" \/>\n<meta name=\"twitter:label1\" content=\"Escrito por\" \/>\n\t<meta name=\"twitter:data1\" content=\"Lo viste en Los Pol\u00edticos\" \/>\n\t<meta name=\"twitter:label2\" content=\"Tiempo de lectura\" \/>\n\t<meta name=\"twitter:data2\" content=\"4 minutos\" \/>\n<script type=\"application\/ld+json\" class=\"yoast-schema-graph\">{\"@context\":\"https:\\\/\\\/schema.org\",\"@graph\":[{\"@type\":\"Article\",\"@id\":\"https:\\\/\\\/lospoliticosveracruz.com\\\/?p=166150#article\",\"isPartOf\":{\"@id\":\"https:\\\/\\\/lospoliticosveracruz.com\\\/?p=166150\"},\"author\":{\"name\":\"Lo viste en Los Pol\u00edticos\",\"@id\":\"https:\\\/\\\/lospoliticosveracruz.com\\\/#\\\/schema\\\/person\\\/b8702bb0e538456e6efd07080bf2a4a2\"},\"headline\":\"NIEGA CANDIDATO DEL PT SER DEUDOR ALIMENTARIO\",\"datePublished\":\"2026-03-14T06:12:24+00:00\",\"dateModified\":\"2026-03-14T06:12:25+00:00\",\"mainEntityOfPage\":{\"@id\":\"https:\\\/\\\/lospoliticosveracruz.com\\\/?p=166150\"},\"wordCount\":650,\"publisher\":{\"@id\":\"https:\\\/\\\/lospoliticosveracruz.com\\\/#organization\"},\"image\":{\"@id\":\"https:\\\/\\\/lospoliticosveracruz.com\\\/?p=166150#primaryimage\"},\"thumbnailUrl\":\"https:\\\/\\\/lospoliticosveracruz.com\\\/wp-content\\\/uploads\\\/2026\\\/03\\\/IMG_0649-e1773468634935.jpeg\",\"keywords\":[\"Anselma Hern\u00e1ndez\",\"Deudor alimentario\",\"Jorge Antonio Lara Cruz\",\"Lorena D\u00edaz Rodr\u00edguez\",\"PT\",\"Tamiahua\",\"Vicente Aguilar Aguilar\"],\"articleSection\":[\"La Nota\"],\"inLanguage\":\"es\"},{\"@type\":\"WebPage\",\"@id\":\"https:\\\/\\\/lospoliticosveracruz.com\\\/?p=166150\",\"url\":\"https:\\\/\\\/lospoliticosveracruz.com\\\/?p=166150\",\"name\":\"NIEGA CANDIDATO DEL PT SER DEUDOR ALIMENTARIO - Los pol\u00edticos Veracruz\",\"isPartOf\":{\"@id\":\"https:\\\/\\\/lospoliticosveracruz.com\\\/#website\"},\"primaryImageOfPage\":{\"@id\":\"https:\\\/\\\/lospoliticosveracruz.com\\\/?p=166150#primaryimage\"},\"image\":{\"@id\":\"https:\\\/\\\/lospoliticosveracruz.com\\\/?p=166150#primaryimage\"},\"thumbnailUrl\":\"https:\\\/\\\/lospoliticosveracruz.com\\\/wp-content\\\/uploads\\\/2026\\\/03\\\/IMG_0649-e1773468634935.jpeg\",\"datePublished\":\"2026-03-14T06:12:24+00:00\",\"dateModified\":\"2026-03-14T06:12:25+00:00\",\"breadcrumb\":{\"@id\":\"https:\\\/\\\/lospoliticosveracruz.com\\\/?p=166150#breadcrumb\"},\"inLanguage\":\"es\",\"potentialAction\":[{\"@type\":\"ReadAction\",\"target\":[\"https:\\\/\\\/lospoliticosveracruz.com\\\/?p=166150\"]}]},{\"@type\":\"ImageObject\",\"inLanguage\":\"es\",\"@id\":\"https:\\\/\\\/lospoliticosveracruz.com\\\/?p=166150#primaryimage\",\"url\":\"https:\\\/\\\/lospoliticosveracruz.com\\\/wp-content\\\/uploads\\\/2026\\\/03\\\/IMG_0649-e1773468634935.jpeg\",\"contentUrl\":\"https:\\\/\\\/lospoliticosveracruz.com\\\/wp-content\\\/uploads\\\/2026\\\/03\\\/IMG_0649-e1773468634935.jpeg\",\"width\":600,\"height\":450},{\"@type\":\"BreadcrumbList\",\"@id\":\"https:\\\/\\\/lospoliticosveracruz.com\\\/?p=166150#breadcrumb\",\"itemListElement\":[{\"@type\":\"ListItem\",\"position\":1,\"name\":\"Portada\",\"item\":\"https:\\\/\\\/lospoliticosveracruz.com\\\/\"},{\"@type\":\"ListItem\",\"position\":2,\"name\":\"NIEGA CANDIDATO DEL PT SER DEUDOR ALIMENTARIO\"}]},{\"@type\":\"WebSite\",\"@id\":\"https:\\\/\\\/lospoliticosveracruz.com\\\/#website\",\"url\":\"https:\\\/\\\/lospoliticosveracruz.com\\\/\",\"name\":\"Los pol\u00edticos Veracruz\",\"description\":\"\",\"publisher\":{\"@id\":\"https:\\\/\\\/lospoliticosveracruz.com\\\/#organization\"},\"potentialAction\":[{\"@type\":\"SearchAction\",\"target\":{\"@type\":\"EntryPoint\",\"urlTemplate\":\"https:\\\/\\\/lospoliticosveracruz.com\\\/?s={search_term_string}\"},\"query-input\":{\"@type\":\"PropertyValueSpecification\",\"valueRequired\":true,\"valueName\":\"search_term_string\"}}],\"inLanguage\":\"es\"},{\"@type\":\"Organization\",\"@id\":\"https:\\\/\\\/lospoliticosveracruz.com\\\/#organization\",\"name\":\"Los pol\u00edticos Veracruz\",\"url\":\"https:\\\/\\\/lospoliticosveracruz.com\\\/\",\"logo\":{\"@type\":\"ImageObject\",\"inLanguage\":\"es\",\"@id\":\"https:\\\/\\\/lospoliticosveracruz.com\\\/#\\\/schema\\\/logo\\\/image\\\/\",\"url\":\"https:\\\/\\\/lospoliticosveracruz.com\\\/wp-content\\\/uploads\\\/2025\\\/12\\\/Logo-Nuevo-LOS-POLITICOS-1.jpg\",\"contentUrl\":\"https:\\\/\\\/lospoliticosveracruz.com\\\/wp-content\\\/uploads\\\/2025\\\/12\\\/Logo-Nuevo-LOS-POLITICOS-1.jpg\",\"width\":260,\"height\":70,\"caption\":\"Los pol\u00edticos Veracruz\"},\"image\":{\"@id\":\"https:\\\/\\\/lospoliticosveracruz.com\\\/#\\\/schema\\\/logo\\\/image\\\/\"},\"sameAs\":[\"https:\\\/\\\/www.facebook.com\\\/people\\\/Notimemes-de-los-Polticos\\\/61565672886568\\\/\",\"https:\\\/\\\/x.com\\\/LosPoliticosVer\"]},{\"@type\":\"Person\",\"@id\":\"https:\\\/\\\/lospoliticosveracruz.com\\\/#\\\/schema\\\/person\\\/b8702bb0e538456e6efd07080bf2a4a2\",\"name\":\"Lo viste en Los Pol\u00edticos\",\"image\":{\"@type\":\"ImageObject\",\"inLanguage\":\"es\",\"@id\":\"https:\\\/\\\/secure.gravatar.com\\\/avatar\\\/3a8de04a2656d44082be478bd6c086daa447c4651605818287b9532d3d0bd435?s=96&d=mm&r=g\",\"url\":\"https:\\\/\\\/secure.gravatar.com\\\/avatar\\\/3a8de04a2656d44082be478bd6c086daa447c4651605818287b9532d3d0bd435?s=96&d=mm&r=g\",\"contentUrl\":\"https:\\\/\\\/secure.gravatar.com\\\/avatar\\\/3a8de04a2656d44082be478bd6c086daa447c4651605818287b9532d3d0bd435?s=96&d=mm&r=g\",\"caption\":\"Lo viste en Los Pol\u00edticos\"},\"url\":\"https:\\\/\\\/lospoliticosveracruz.com\\\/?author=2\"}]}<\/script>\n<!-- \/ Yoast SEO plugin. -->","yoast_head_json":{"title":"NIEGA CANDIDATO DEL PT SER DEUDOR ALIMENTARIO - Los pol\u00edticos Veracruz","robots":{"index":"index","follow":"follow","max-snippet":"max-snippet:-1","max-image-preview":"max-image-preview:large","max-video-preview":"max-video-preview:-1"},"canonical":"https:\/\/lospoliticosveracruz.com\/?p=166150","og_locale":"es_ES","og_type":"article","og_title":"NIEGA CANDIDATO DEL PT SER DEUDOR ALIMENTARIO - Los pol\u00edticos Veracruz","og_description":"Bernardo Guti\u00e9rrez ParraEste viernes apareci\u00f3 en portales del norte de la entidad, la noticia de que Jorge Antonio Lara Cruz, candidato del PT a la alcald\u00eda de Tamiahua, es \u201cdeudor alimentario\u201d, por lo que estar\u00eda impedido para competir en la elecci\u00f3n extraordinaria ordenada por el OPLE. Tamiahua es el \u00fanico de los 212 municipios veracruzanos [&hellip;]","og_url":"https:\/\/lospoliticosveracruz.com\/?p=166150","og_site_name":"Los pol\u00edticos Veracruz","article_publisher":"https:\/\/www.facebook.com\/people\/Notimemes-de-los-Polticos\/61565672886568\/","article_published_time":"2026-03-14T06:12:24+00:00","article_modified_time":"2026-03-14T06:12:25+00:00","og_image":[{"width":600,"height":450,"url":"https:\/\/lospoliticosveracruz.com\/wp-content\/uploads\/2026\/03\/IMG_0649-e1773468634935.jpeg","type":"image\/jpeg"}],"author":"Lo viste en Los Pol\u00edticos","twitter_card":"summary_large_image","twitter_creator":"@LosPoliticosVer","twitter_site":"@LosPoliticosVer","twitter_misc":{"Escrito por":"Lo viste en Los Pol\u00edticos","Tiempo de lectura":"4 minutos"},"schema":{"@context":"https:\/\/schema.org","@graph":[{"@type":"Article","@id":"https:\/\/lospoliticosveracruz.com\/?p=166150#article","isPartOf":{"@id":"https:\/\/lospoliticosveracruz.com\/?p=166150"},"author":{"name":"Lo viste en Los Pol\u00edticos","@id":"https:\/\/lospoliticosveracruz.com\/#\/schema\/person\/b8702bb0e538456e6efd07080bf2a4a2"},"headline":"NIEGA CANDIDATO DEL PT SER DEUDOR ALIMENTARIO","datePublished":"2026-03-14T06:12:24+00:00","dateModified":"2026-03-14T06:12:25+00:00","mainEntityOfPage":{"@id":"https:\/\/lospoliticosveracruz.com\/?p=166150"},"wordCount":650,"publisher":{"@id":"https:\/\/lospoliticosveracruz.com\/#organization"},"image":{"@id":"https:\/\/lospoliticosveracruz.com\/?p=166150#primaryimage"},"thumbnailUrl":"https:\/\/lospoliticosveracruz.com\/wp-content\/uploads\/2026\/03\/IMG_0649-e1773468634935.jpeg","keywords":["Anselma Hern\u00e1ndez","Deudor alimentario","Jorge Antonio Lara Cruz","Lorena D\u00edaz Rodr\u00edguez","PT","Tamiahua","Vicente Aguilar Aguilar"],"articleSection":["La Nota"],"inLanguage":"es"},{"@type":"WebPage","@id":"https:\/\/lospoliticosveracruz.com\/?p=166150","url":"https:\/\/lospoliticosveracruz.com\/?p=166150","name":"NIEGA CANDIDATO DEL PT SER DEUDOR ALIMENTARIO - Los pol\u00edticos Veracruz","isPartOf":{"@id":"https:\/\/lospoliticosveracruz.com\/#website"},"primaryImageOfPage":{"@id":"https:\/\/lospoliticosveracruz.com\/?p=166150#primaryimage"},"image":{"@id":"https:\/\/lospoliticosveracruz.com\/?p=166150#primaryimage"},"thumbnailUrl":"https:\/\/lospoliticosveracruz.com\/wp-content\/uploads\/2026\/03\/IMG_0649-e1773468634935.jpeg","datePublished":"2026-03-14T06:12:24+00:00","dateModified":"2026-03-14T06:12:25+00:00","breadcrumb":{"@id":"https:\/\/lospoliticosveracruz.com\/?p=166150#breadcrumb"},"inLanguage":"es","potentialAction":[{"@type":"ReadAction","target":["https:\/\/lospoliticosveracruz.com\/?p=166150"]}]},{"@type":"ImageObject","inLanguage":"es","@id":"https:\/\/lospoliticosveracruz.com\/?p=166150#primaryimage","url":"https:\/\/lospoliticosveracruz.com\/wp-content\/uploads\/2026\/03\/IMG_0649-e1773468634935.jpeg","contentUrl":"https:\/\/lospoliticosveracruz.com\/wp-content\/uploads\/2026\/03\/IMG_0649-e1773468634935.jpeg","width":600,"height":450},{"@type":"BreadcrumbList","@id":"https:\/\/lospoliticosveracruz.com\/?p=166150#breadcrumb","itemListElement":[{"@type":"ListItem","position":1,"name":"Portada","item":"https:\/\/lospoliticosveracruz.com\/"},{"@type":"ListItem","position":2,"name":"NIEGA CANDIDATO DEL PT SER DEUDOR ALIMENTARIO"}]},{"@type":"WebSite","@id":"https:\/\/lospoliticosveracruz.com\/#website","url":"https:\/\/lospoliticosveracruz.com\/","name":"Los pol\u00edticos Veracruz","description":"","publisher":{"@id":"https:\/\/lospoliticosveracruz.com\/#organization"},"potentialAction":[{"@type":"SearchAction","target":{"@type":"EntryPoint","urlTemplate":"https:\/\/lospoliticosveracruz.com\/?s={search_term_string}"},"query-input":{"@type":"PropertyValueSpecification","valueRequired":true,"valueName":"search_term_string"}}],"inLanguage":"es"},{"@type":"Organization","@id":"https:\/\/lospoliticosveracruz.com\/#organization","name":"Los pol\u00edticos Veracruz","url":"https:\/\/lospoliticosveracruz.com\/","logo":{"@type":"ImageObject","inLanguage":"es","@id":"https:\/\/lospoliticosveracruz.com\/#\/schema\/logo\/image\/","url":"https:\/\/lospoliticosveracruz.com\/wp-content\/uploads\/2025\/12\/Logo-Nuevo-LOS-POLITICOS-1.jpg","contentUrl":"https:\/\/lospoliticosveracruz.com\/wp-content\/uploads\/2025\/12\/Logo-Nuevo-LOS-POLITICOS-1.jpg","width":260,"height":70,"caption":"Los pol\u00edticos Veracruz"},"image":{"@id":"https:\/\/lospoliticosveracruz.com\/#\/schema\/logo\/image\/"},"sameAs":["https:\/\/www.facebook.com\/people\/Notimemes-de-los-Polticos\/61565672886568\/","https:\/\/x.com\/LosPoliticosVer"]},{"@type":"Person","@id":"https:\/\/lospoliticosveracruz.com\/#\/schema\/person\/b8702bb0e538456e6efd07080bf2a4a2","name":"Lo viste en Los Pol\u00edticos","image":{"@type":"ImageObject","inLanguage":"es","@id":"https:\/\/secure.gravatar.com\/avatar\/3a8de04a2656d44082be478bd6c086daa447c4651605818287b9532d3d0bd435?s=96&d=mm&r=g","url":"https:\/\/secure.gravatar.com\/avatar\/3a8de04a2656d44082be478bd6c086daa447c4651605818287b9532d3d0bd435?s=96&d=mm&r=g","contentUrl":"https:\/\/secure.gravatar.com\/avatar\/3a8de04a2656d44082be478bd6c086daa447c4651605818287b9532d3d0bd435?s=96&d=mm&r=g","caption":"Lo viste en Los Pol\u00edticos"},"url":"https:\/\/lospoliticosveracruz.com\/?author=2"}]}},"_links":{"self":[{"href":"https:\/\/lospoliticosveracruz.com\/index.php?rest_route=\/wp\/v2\/posts\/166150","targetHints":{"allow":["GET"]}}],"collection":[{"href":"https:\/\/lospoliticosveracruz.com\/index.php?rest_route=\/wp\/v2\/posts"}],"about":[{"href":"https:\/\/lospoliticosveracruz.com\/index.php?rest_route=\/wp\/v2\/types\/post"}],"author":[{"embeddable":true,"href":"https:\/\/lospoliticosveracruz.com\/index.php?rest_route=\/wp\/v2\/users\/2"}],"replies":[{"embeddable":true,"href":"https:\/\/lospoliticosveracruz.com\/index.php?rest_route=%2Fwp%2Fv2%2Fcomments&post=166150"}],"version-history":[{"count":1,"href":"https:\/\/lospoliticosveracruz.com\/index.php?rest_route=\/wp\/v2\/posts\/166150\/revisions"}],"predecessor-version":[{"id":166152,"href":"https:\/\/lospoliticosveracruz.com\/index.php?rest_route=\/wp\/v2\/posts\/166150\/revisions\/166152"}],"wp:featuredmedia":[{"embeddable":true,"href":"https:\/\/lospoliticosveracruz.com\/index.php?rest_route=\/wp\/v2\/media\/166151"}],"wp:attachment":[{"href":"https:\/\/lospoliticosveracruz.com\/index.php?rest_route=%2Fwp%2Fv2%2Fmedia&parent=166150"}],"wp:term":[{"taxonomy":"category","embeddable":true,"href":"https:\/\/lospoliticosveracruz.com\/index.php?rest_route=%2Fwp%2Fv2%2Fcategories&post=166150"},{"taxonomy":"post_tag","embeddable":true,"href":"https:\/\/lospoliticosveracruz.com\/index.php?rest_route=%2Fwp%2Fv2%2Ftags&post=166150"}],"curies":[{"name":"wp","href":"https:\/\/api.w.org\/{rel}","templated":true}]}}