{"id":166155,"date":"2026-03-14T09:59:21","date_gmt":"2026-03-14T15:59:21","guid":{"rendered":"https:\/\/lospoliticosveracruz.com\/?p=166155"},"modified":"2026-03-15T16:38:37","modified_gmt":"2026-03-15T22:38:37","slug":"salieron-magnanimos","status":"publish","type":"post","link":"https:\/\/lospoliticosveracruz.com\/?p=166155","title":{"rendered":"SALIERON MAGN\u00c1NIMOS"},"content":{"rendered":"\n<p><strong>Oved Contreras<\/strong><br><em>Secas Mecas<\/em><\/p>\n\n\n\n<p>QUIEREN MINIMIZAR\u2026 Ayer en entrevista, la mandataria manifest\u00f3 que tras recorridos mar\u00edtimos y monitoreo satelital en un \u00e1rea superior a 500 kil\u00f3metros cuadrados, Petr\u00f3leos Mexicanos determin\u00f3 que el derrame de hidrocarburo que ha contaminado las costas veracruzanas del Golfo de M\u00e9xico se origin\u00f3 por el derrame de una embarcaci\u00f3n privada frente a S\u00e1nchez Magallanes, en Tabasco.<\/p>\n\n\n\n<p>Dijo que aun cuando el derrame fue \u201ccontenido\u201d en altamar, las corrientes marinas desplazaron residuos hacia costas veracruzanas. Los restos se han identificado principalmente en Pajapan, con presencia posterior en Catemaco y Alvarado, donde aparecen como \u201cpeque\u00f1as gotas sobre la arena que pueden retirarse con facilidad. Tambi\u00e9n se han reportado trazas menores en Boca del R\u00edo\u201d.<\/p>\n\n\n\n<p>La t\u00eda Ch\u00edo sostiene que la Secretar\u00eda de Protecci\u00f3n Civil mantiene vigilancia permanente en el litoral veracruzano para evaluar posibles desplazamientos de los residuos de hidrocarburo detectados en d\u00edas recientes en las playas del sur y centro del estado, y que, en coordinaci\u00f3n con autoridades federales y ambientales, el Gobierno de Veracruz trabaja para garantizar playas limpias rumbo al periodo vacacional de Semana Santa, as\u00ed como condiciones seguras para las actividades pesqueras.<\/p>\n\n\n\n<p>SALIERON MAGN\u00c1NIMOS\u2026ahora resulta que salieron magn\u00e1nimos en Pemex frente al desastre provocado por el derrame de hidrocarburos en la zona sur del Estado pero jam\u00e1s reconocen que s\u00ed es su responsabilidad, porque ten\u00edan que haber detectado ese buque desde hace d\u00edas. Los propios pobladores lo detectaron desde el tercer d\u00eda y hasta fotos le tomaron.<\/p>\n\n\n\n<p>Ahora que ya casi transcurren dos semanas desde que inici\u00f3 el derrame, viene Pemex a decir que apoyan en labores de limpieza en playas del sur de Veracruz en coordinaci\u00f3n con comunidades locales\u2026que si bien las recientes evidencias de chapopote detectadas en playas del sur del estado de Veracruz no son atribuibles a operaciones de la empresa p\u00fablica del Estado, se ha decidido tomar acciones responsables y solidarias en apoyo al medio ambiente y a las comunidades costeras.<\/p>\n\n\n\n<p>La paraestatal refiere que contrat\u00f3 a la Compa\u00f1\u00eda Comercializadora y Constructora Maya, a trav\u00e9s de la cual se incorpor\u00f3 a 200 pobladores de la regi\u00f3n para realizar labores de limpieza en las zonas afectadas: 100 personas de la comunidad de Jicacal, 40 de Playa Linda y 60 de la comunidad de Las Barrillas. Las acciones contemplan la recolecci\u00f3n de hidrocarburo en la franja costera y su traslado a una celda de almacenamiento temporal, as\u00ed como el apoyo de una embarcaci\u00f3n Artabaze tipo Oil Recover, especializada en la recuperaci\u00f3n de hidrocarburos en el mar.<\/p>\n\n\n\n<p>YA HAY DENUNCIA NARANJA\u2026La dirigencia nacional de Movimiento Ciudadano, encabezada por Jorge \u00c1lvarez M\u00e1ynez y respaldada por la coordinaci\u00f3n estatal en Veracruz bajo el liderazgo de Luis Carbonell de la Hoz, present\u00f3 una denuncia formal ante la Agencia de Seguridad, Energ\u00eda y Ambiente (ASEA). Esta acci\u00f3n legal surge como respuesta al grave derrame de hidrocarburos que ha impactado severamente las costas del sur de la entidad, afectando tanto el ecosistema marino como la econom\u00eda de las comunidades costeras.<\/p>\n\n\n\n<p>El movimiento naranja exigi\u00f3 que se identifique a los responsables y se apliquen sanciones contundentes por los da\u00f1os ambientales y econ\u00f3micos generados por esta emergencia. En el documento presentado, Movimiento Ciudadano demand\u00f3 la reparaci\u00f3n inmediata del ecosistema y una indemnizaci\u00f3n justa para las familias veracruzanas cuya subsistencia depende directamente del mar.<\/p>\n\n\n\n<p>Al respecto, Luis Carbonell de la Hoz enfatiz\u00f3 que no basta con detener la fuga del crudo, sino que es imperativo que los responsables presenten un plan de acci\u00f3n urgente para restaurar zonas cr\u00edticas de anidaci\u00f3n de tortugas marinas y otros h\u00e1bitats vulnerables. Asimismo, se\u00f1al\u00f3 que la negligencia en el manejo de estos litorales ha dejado en estado de indefensi\u00f3n a pescadores que hoy han perdido su fuente de ingresos.<\/p>\n\n\n\n<p>Entre las exigencias planteadas a las autoridades competentes destaca la realizaci\u00f3n de inspecciones t\u00e9cnicas inmediatas en playas y lagunas, como la del Osti\u00f3n, as\u00ed como en arrecifes, para evaluar la mortandad de fauna marina protegida. Adem\u00e1s solicitan un dictamen t\u00e9cnico que determine la magnitud de la contaminaci\u00f3n y la aplicaci\u00f3n de la Ley Federal de Responsabilidad Ambiental. La dirigencia subray\u00f3 que el da\u00f1o ya se extiende por casi 250 kil\u00f3metros de litoral y ha persistido por m\u00e1s de 12 d\u00edas sin una respuesta oficial a la altura de la cat\u00e1strofe.<\/p>\n","protected":false},"excerpt":{"rendered":"<p>Oved ContrerasSecas Mecas QUIEREN MINIMIZAR\u2026 Ayer en entrevista, la mandataria manifest\u00f3 que tras recorridos mar\u00edtimos y monitoreo satelital en un \u00e1rea superior a 500 kil\u00f3metros cuadrados, Petr\u00f3leos Mexicanos determin\u00f3 que el derrame de hidrocarburo que ha contaminado las costas veracruzanas del Golfo de M\u00e9xico se origin\u00f3 por el derrame de una embarcaci\u00f3n privada frente a [&hellip;]<\/p>\n","protected":false},"author":2,"featured_media":141426,"comment_status":"closed","ping_status":"closed","sticky":false,"template":"","format":"standard","meta":{"tdm_status":"","tdm_grid_status":"","footnotes":""},"categories":[70],"tags":[56522,372,3578,195],"class_list":{"0":"post-166155","1":"post","2":"type-post","3":"status-publish","4":"format-standard","5":"has-post-thumbnail","7":"category-de-opinion","8":"tag-derrame-de-hidrocarburo","9":"tag-pemex","10":"tag-rocio-nahle","11":"tag-veracruz"},"yoast_head":"<!-- This site is optimized with the Yoast SEO plugin v27.4 - https:\/\/yoast.com\/product\/yoast-seo-wordpress\/ -->\n<title>SALIERON MAGN\u00c1NIMOS - Los pol\u00edticos Veracruz<\/title>\n<meta name=\"robots\" content=\"index, follow, max-snippet:-1, max-image-preview:large, max-video-preview:-1\" \/>\n<link rel=\"canonical\" href=\"https:\/\/lospoliticosveracruz.com\/?p=166155\" \/>\n<meta property=\"og:locale\" content=\"es_ES\" \/>\n<meta property=\"og:type\" content=\"article\" \/>\n<meta property=\"og:title\" content=\"SALIERON MAGN\u00c1NIMOS - Los pol\u00edticos Veracruz\" \/>\n<meta property=\"og:description\" content=\"Oved ContrerasSecas Mecas QUIEREN MINIMIZAR\u2026 Ayer en entrevista, la mandataria manifest\u00f3 que tras recorridos mar\u00edtimos y monitoreo satelital en un \u00e1rea superior a 500 kil\u00f3metros cuadrados, Petr\u00f3leos Mexicanos determin\u00f3 que el derrame de hidrocarburo que ha contaminado las costas veracruzanas del Golfo de M\u00e9xico se origin\u00f3 por el derrame de una embarcaci\u00f3n privada frente a [&hellip;]\" \/>\n<meta property=\"og:url\" content=\"https:\/\/lospoliticosveracruz.com\/?p=166155\" \/>\n<meta property=\"og:site_name\" content=\"Los pol\u00edticos Veracruz\" \/>\n<meta property=\"article:publisher\" content=\"https:\/\/www.facebook.com\/people\/Notimemes-de-los-Polticos\/61565672886568\/\" \/>\n<meta property=\"article:published_time\" content=\"2026-03-14T15:59:21+00:00\" \/>\n<meta property=\"article:modified_time\" content=\"2026-03-15T22:38:37+00:00\" \/>\n<meta property=\"og:image\" content=\"https:\/\/lospoliticosveracruz.com\/wp-content\/uploads\/2025\/04\/Oved-Contreras-e1768066319253.jpg\" \/>\n\t<meta property=\"og:image:width\" content=\"600\" \/>\n\t<meta property=\"og:image:height\" content=\"320\" \/>\n\t<meta property=\"og:image:type\" content=\"image\/jpeg\" \/>\n<meta name=\"author\" content=\"Lo viste en Los Pol\u00edticos\" \/>\n<meta name=\"twitter:card\" content=\"summary_large_image\" \/>\n<meta name=\"twitter:creator\" content=\"@LosPoliticosVer\" \/>\n<meta name=\"twitter:site\" content=\"@LosPoliticosVer\" \/>\n<meta name=\"twitter:label1\" content=\"Escrito por\" \/>\n\t<meta name=\"twitter:data1\" content=\"Lo viste en Los Pol\u00edticos\" \/>\n\t<meta name=\"twitter:label2\" content=\"Tiempo de lectura\" \/>\n\t<meta name=\"twitter:data2\" content=\"4 minutos\" \/>\n<script type=\"application\/ld+json\" class=\"yoast-schema-graph\">{\"@context\":\"https:\\\/\\\/schema.org\",\"@graph\":[{\"@type\":\"Article\",\"@id\":\"https:\\\/\\\/lospoliticosveracruz.com\\\/?p=166155#article\",\"isPartOf\":{\"@id\":\"https:\\\/\\\/lospoliticosveracruz.com\\\/?p=166155\"},\"author\":{\"name\":\"Lo viste en Los Pol\u00edticos\",\"@id\":\"https:\\\/\\\/lospoliticosveracruz.com\\\/#\\\/schema\\\/person\\\/b8702bb0e538456e6efd07080bf2a4a2\"},\"headline\":\"SALIERON MAGN\u00c1NIMOS\",\"datePublished\":\"2026-03-14T15:59:21+00:00\",\"dateModified\":\"2026-03-15T22:38:37+00:00\",\"mainEntityOfPage\":{\"@id\":\"https:\\\/\\\/lospoliticosveracruz.com\\\/?p=166155\"},\"wordCount\":758,\"publisher\":{\"@id\":\"https:\\\/\\\/lospoliticosveracruz.com\\\/#organization\"},\"image\":{\"@id\":\"https:\\\/\\\/lospoliticosveracruz.com\\\/?p=166155#primaryimage\"},\"thumbnailUrl\":\"https:\\\/\\\/lospoliticosveracruz.com\\\/wp-content\\\/uploads\\\/2025\\\/04\\\/Oved-Contreras-e1768066319253.jpg\",\"keywords\":[\"derrame de hidrocarburo\",\"Pemex\",\"Roc\u00edo Nahle\",\"Veracruz\"],\"articleSection\":[\"De Opini\u00f3n\"],\"inLanguage\":\"es\"},{\"@type\":\"WebPage\",\"@id\":\"https:\\\/\\\/lospoliticosveracruz.com\\\/?p=166155\",\"url\":\"https:\\\/\\\/lospoliticosveracruz.com\\\/?p=166155\",\"name\":\"SALIERON MAGN\u00c1NIMOS - Los pol\u00edticos Veracruz\",\"isPartOf\":{\"@id\":\"https:\\\/\\\/lospoliticosveracruz.com\\\/#website\"},\"primaryImageOfPage\":{\"@id\":\"https:\\\/\\\/lospoliticosveracruz.com\\\/?p=166155#primaryimage\"},\"image\":{\"@id\":\"https:\\\/\\\/lospoliticosveracruz.com\\\/?p=166155#primaryimage\"},\"thumbnailUrl\":\"https:\\\/\\\/lospoliticosveracruz.com\\\/wp-content\\\/uploads\\\/2025\\\/04\\\/Oved-Contreras-e1768066319253.jpg\",\"datePublished\":\"2026-03-14T15:59:21+00:00\",\"dateModified\":\"2026-03-15T22:38:37+00:00\",\"breadcrumb\":{\"@id\":\"https:\\\/\\\/lospoliticosveracruz.com\\\/?p=166155#breadcrumb\"},\"inLanguage\":\"es\",\"potentialAction\":[{\"@type\":\"ReadAction\",\"target\":[\"https:\\\/\\\/lospoliticosveracruz.com\\\/?p=166155\"]}]},{\"@type\":\"ImageObject\",\"inLanguage\":\"es\",\"@id\":\"https:\\\/\\\/lospoliticosveracruz.com\\\/?p=166155#primaryimage\",\"url\":\"https:\\\/\\\/lospoliticosveracruz.com\\\/wp-content\\\/uploads\\\/2025\\\/04\\\/Oved-Contreras-e1768066319253.jpg\",\"contentUrl\":\"https:\\\/\\\/lospoliticosveracruz.com\\\/wp-content\\\/uploads\\\/2025\\\/04\\\/Oved-Contreras-e1768066319253.jpg\",\"width\":600,\"height\":320},{\"@type\":\"BreadcrumbList\",\"@id\":\"https:\\\/\\\/lospoliticosveracruz.com\\\/?p=166155#breadcrumb\",\"itemListElement\":[{\"@type\":\"ListItem\",\"position\":1,\"name\":\"Portada\",\"item\":\"https:\\\/\\\/lospoliticosveracruz.com\\\/\"},{\"@type\":\"ListItem\",\"position\":2,\"name\":\"SALIERON MAGN\u00c1NIMOS\"}]},{\"@type\":\"WebSite\",\"@id\":\"https:\\\/\\\/lospoliticosveracruz.com\\\/#website\",\"url\":\"https:\\\/\\\/lospoliticosveracruz.com\\\/\",\"name\":\"Los pol\u00edticos Veracruz\",\"description\":\"\",\"publisher\":{\"@id\":\"https:\\\/\\\/lospoliticosveracruz.com\\\/#organization\"},\"potentialAction\":[{\"@type\":\"SearchAction\",\"target\":{\"@type\":\"EntryPoint\",\"urlTemplate\":\"https:\\\/\\\/lospoliticosveracruz.com\\\/?s={search_term_string}\"},\"query-input\":{\"@type\":\"PropertyValueSpecification\",\"valueRequired\":true,\"valueName\":\"search_term_string\"}}],\"inLanguage\":\"es\"},{\"@type\":\"Organization\",\"@id\":\"https:\\\/\\\/lospoliticosveracruz.com\\\/#organization\",\"name\":\"Los pol\u00edticos Veracruz\",\"url\":\"https:\\\/\\\/lospoliticosveracruz.com\\\/\",\"logo\":{\"@type\":\"ImageObject\",\"inLanguage\":\"es\",\"@id\":\"https:\\\/\\\/lospoliticosveracruz.com\\\/#\\\/schema\\\/logo\\\/image\\\/\",\"url\":\"https:\\\/\\\/lospoliticosveracruz.com\\\/wp-content\\\/uploads\\\/2025\\\/12\\\/Logo-Nuevo-LOS-POLITICOS-1.jpg\",\"contentUrl\":\"https:\\\/\\\/lospoliticosveracruz.com\\\/wp-content\\\/uploads\\\/2025\\\/12\\\/Logo-Nuevo-LOS-POLITICOS-1.jpg\",\"width\":260,\"height\":70,\"caption\":\"Los pol\u00edticos Veracruz\"},\"image\":{\"@id\":\"https:\\\/\\\/lospoliticosveracruz.com\\\/#\\\/schema\\\/logo\\\/image\\\/\"},\"sameAs\":[\"https:\\\/\\\/www.facebook.com\\\/people\\\/Notimemes-de-los-Polticos\\\/61565672886568\\\/\",\"https:\\\/\\\/x.com\\\/LosPoliticosVer\"]},{\"@type\":\"Person\",\"@id\":\"https:\\\/\\\/lospoliticosveracruz.com\\\/#\\\/schema\\\/person\\\/b8702bb0e538456e6efd07080bf2a4a2\",\"name\":\"Lo viste en Los Pol\u00edticos\",\"image\":{\"@type\":\"ImageObject\",\"inLanguage\":\"es\",\"@id\":\"https:\\\/\\\/secure.gravatar.com\\\/avatar\\\/3a8de04a2656d44082be478bd6c086daa447c4651605818287b9532d3d0bd435?s=96&d=mm&r=g\",\"url\":\"https:\\\/\\\/secure.gravatar.com\\\/avatar\\\/3a8de04a2656d44082be478bd6c086daa447c4651605818287b9532d3d0bd435?s=96&d=mm&r=g\",\"contentUrl\":\"https:\\\/\\\/secure.gravatar.com\\\/avatar\\\/3a8de04a2656d44082be478bd6c086daa447c4651605818287b9532d3d0bd435?s=96&d=mm&r=g\",\"caption\":\"Lo viste en Los Pol\u00edticos\"},\"url\":\"https:\\\/\\\/lospoliticosveracruz.com\\\/?author=2\"}]}<\/script>\n<!-- \/ Yoast SEO plugin. -->","yoast_head_json":{"title":"SALIERON MAGN\u00c1NIMOS - Los pol\u00edticos Veracruz","robots":{"index":"index","follow":"follow","max-snippet":"max-snippet:-1","max-image-preview":"max-image-preview:large","max-video-preview":"max-video-preview:-1"},"canonical":"https:\/\/lospoliticosveracruz.com\/?p=166155","og_locale":"es_ES","og_type":"article","og_title":"SALIERON MAGN\u00c1NIMOS - Los pol\u00edticos Veracruz","og_description":"Oved ContrerasSecas Mecas QUIEREN MINIMIZAR\u2026 Ayer en entrevista, la mandataria manifest\u00f3 que tras recorridos mar\u00edtimos y monitoreo satelital en un \u00e1rea superior a 500 kil\u00f3metros cuadrados, Petr\u00f3leos Mexicanos determin\u00f3 que el derrame de hidrocarburo que ha contaminado las costas veracruzanas del Golfo de M\u00e9xico se origin\u00f3 por el derrame de una embarcaci\u00f3n privada frente a [&hellip;]","og_url":"https:\/\/lospoliticosveracruz.com\/?p=166155","og_site_name":"Los pol\u00edticos Veracruz","article_publisher":"https:\/\/www.facebook.com\/people\/Notimemes-de-los-Polticos\/61565672886568\/","article_published_time":"2026-03-14T15:59:21+00:00","article_modified_time":"2026-03-15T22:38:37+00:00","og_image":[{"width":600,"height":320,"url":"https:\/\/lospoliticosveracruz.com\/wp-content\/uploads\/2025\/04\/Oved-Contreras-e1768066319253.jpg","type":"image\/jpeg"}],"author":"Lo viste en Los Pol\u00edticos","twitter_card":"summary_large_image","twitter_creator":"@LosPoliticosVer","twitter_site":"@LosPoliticosVer","twitter_misc":{"Escrito por":"Lo viste en Los Pol\u00edticos","Tiempo de lectura":"4 minutos"},"schema":{"@context":"https:\/\/schema.org","@graph":[{"@type":"Article","@id":"https:\/\/lospoliticosveracruz.com\/?p=166155#article","isPartOf":{"@id":"https:\/\/lospoliticosveracruz.com\/?p=166155"},"author":{"name":"Lo viste en Los Pol\u00edticos","@id":"https:\/\/lospoliticosveracruz.com\/#\/schema\/person\/b8702bb0e538456e6efd07080bf2a4a2"},"headline":"SALIERON MAGN\u00c1NIMOS","datePublished":"2026-03-14T15:59:21+00:00","dateModified":"2026-03-15T22:38:37+00:00","mainEntityOfPage":{"@id":"https:\/\/lospoliticosveracruz.com\/?p=166155"},"wordCount":758,"publisher":{"@id":"https:\/\/lospoliticosveracruz.com\/#organization"},"image":{"@id":"https:\/\/lospoliticosveracruz.com\/?p=166155#primaryimage"},"thumbnailUrl":"https:\/\/lospoliticosveracruz.com\/wp-content\/uploads\/2025\/04\/Oved-Contreras-e1768066319253.jpg","keywords":["derrame de hidrocarburo","Pemex","Roc\u00edo Nahle","Veracruz"],"articleSection":["De Opini\u00f3n"],"inLanguage":"es"},{"@type":"WebPage","@id":"https:\/\/lospoliticosveracruz.com\/?p=166155","url":"https:\/\/lospoliticosveracruz.com\/?p=166155","name":"SALIERON MAGN\u00c1NIMOS - Los pol\u00edticos Veracruz","isPartOf":{"@id":"https:\/\/lospoliticosveracruz.com\/#website"},"primaryImageOfPage":{"@id":"https:\/\/lospoliticosveracruz.com\/?p=166155#primaryimage"},"image":{"@id":"https:\/\/lospoliticosveracruz.com\/?p=166155#primaryimage"},"thumbnailUrl":"https:\/\/lospoliticosveracruz.com\/wp-content\/uploads\/2025\/04\/Oved-Contreras-e1768066319253.jpg","datePublished":"2026-03-14T15:59:21+00:00","dateModified":"2026-03-15T22:38:37+00:00","breadcrumb":{"@id":"https:\/\/lospoliticosveracruz.com\/?p=166155#breadcrumb"},"inLanguage":"es","potentialAction":[{"@type":"ReadAction","target":["https:\/\/lospoliticosveracruz.com\/?p=166155"]}]},{"@type":"ImageObject","inLanguage":"es","@id":"https:\/\/lospoliticosveracruz.com\/?p=166155#primaryimage","url":"https:\/\/lospoliticosveracruz.com\/wp-content\/uploads\/2025\/04\/Oved-Contreras-e1768066319253.jpg","contentUrl":"https:\/\/lospoliticosveracruz.com\/wp-content\/uploads\/2025\/04\/Oved-Contreras-e1768066319253.jpg","width":600,"height":320},{"@type":"BreadcrumbList","@id":"https:\/\/lospoliticosveracruz.com\/?p=166155#breadcrumb","itemListElement":[{"@type":"ListItem","position":1,"name":"Portada","item":"https:\/\/lospoliticosveracruz.com\/"},{"@type":"ListItem","position":2,"name":"SALIERON MAGN\u00c1NIMOS"}]},{"@type":"WebSite","@id":"https:\/\/lospoliticosveracruz.com\/#website","url":"https:\/\/lospoliticosveracruz.com\/","name":"Los pol\u00edticos Veracruz","description":"","publisher":{"@id":"https:\/\/lospoliticosveracruz.com\/#organization"},"potentialAction":[{"@type":"SearchAction","target":{"@type":"EntryPoint","urlTemplate":"https:\/\/lospoliticosveracruz.com\/?s={search_term_string}"},"query-input":{"@type":"PropertyValueSpecification","valueRequired":true,"valueName":"search_term_string"}}],"inLanguage":"es"},{"@type":"Organization","@id":"https:\/\/lospoliticosveracruz.com\/#organization","name":"Los pol\u00edticos Veracruz","url":"https:\/\/lospoliticosveracruz.com\/","logo":{"@type":"ImageObject","inLanguage":"es","@id":"https:\/\/lospoliticosveracruz.com\/#\/schema\/logo\/image\/","url":"https:\/\/lospoliticosveracruz.com\/wp-content\/uploads\/2025\/12\/Logo-Nuevo-LOS-POLITICOS-1.jpg","contentUrl":"https:\/\/lospoliticosveracruz.com\/wp-content\/uploads\/2025\/12\/Logo-Nuevo-LOS-POLITICOS-1.jpg","width":260,"height":70,"caption":"Los pol\u00edticos Veracruz"},"image":{"@id":"https:\/\/lospoliticosveracruz.com\/#\/schema\/logo\/image\/"},"sameAs":["https:\/\/www.facebook.com\/people\/Notimemes-de-los-Polticos\/61565672886568\/","https:\/\/x.com\/LosPoliticosVer"]},{"@type":"Person","@id":"https:\/\/lospoliticosveracruz.com\/#\/schema\/person\/b8702bb0e538456e6efd07080bf2a4a2","name":"Lo viste en Los Pol\u00edticos","image":{"@type":"ImageObject","inLanguage":"es","@id":"https:\/\/secure.gravatar.com\/avatar\/3a8de04a2656d44082be478bd6c086daa447c4651605818287b9532d3d0bd435?s=96&d=mm&r=g","url":"https:\/\/secure.gravatar.com\/avatar\/3a8de04a2656d44082be478bd6c086daa447c4651605818287b9532d3d0bd435?s=96&d=mm&r=g","contentUrl":"https:\/\/secure.gravatar.com\/avatar\/3a8de04a2656d44082be478bd6c086daa447c4651605818287b9532d3d0bd435?s=96&d=mm&r=g","caption":"Lo viste en Los Pol\u00edticos"},"url":"https:\/\/lospoliticosveracruz.com\/?author=2"}]}},"_links":{"self":[{"href":"https:\/\/lospoliticosveracruz.com\/index.php?rest_route=\/wp\/v2\/posts\/166155","targetHints":{"allow":["GET"]}}],"collection":[{"href":"https:\/\/lospoliticosveracruz.com\/index.php?rest_route=\/wp\/v2\/posts"}],"about":[{"href":"https:\/\/lospoliticosveracruz.com\/index.php?rest_route=\/wp\/v2\/types\/post"}],"author":[{"embeddable":true,"href":"https:\/\/lospoliticosveracruz.com\/index.php?rest_route=\/wp\/v2\/users\/2"}],"replies":[{"embeddable":true,"href":"https:\/\/lospoliticosveracruz.com\/index.php?rest_route=%2Fwp%2Fv2%2Fcomments&post=166155"}],"version-history":[{"count":1,"href":"https:\/\/lospoliticosveracruz.com\/index.php?rest_route=\/wp\/v2\/posts\/166155\/revisions"}],"predecessor-version":[{"id":166156,"href":"https:\/\/lospoliticosveracruz.com\/index.php?rest_route=\/wp\/v2\/posts\/166155\/revisions\/166156"}],"wp:featuredmedia":[{"embeddable":true,"href":"https:\/\/lospoliticosveracruz.com\/index.php?rest_route=\/wp\/v2\/media\/141426"}],"wp:attachment":[{"href":"https:\/\/lospoliticosveracruz.com\/index.php?rest_route=%2Fwp%2Fv2%2Fmedia&parent=166155"}],"wp:term":[{"taxonomy":"category","embeddable":true,"href":"https:\/\/lospoliticosveracruz.com\/index.php?rest_route=%2Fwp%2Fv2%2Fcategories&post=166155"},{"taxonomy":"post_tag","embeddable":true,"href":"https:\/\/lospoliticosveracruz.com\/index.php?rest_route=%2Fwp%2Fv2%2Ftags&post=166155"}],"curies":[{"name":"wp","href":"https:\/\/api.w.org\/{rel}","templated":true}]}}