{"id":166176,"date":"2026-03-14T16:37:20","date_gmt":"2026-03-14T22:37:20","guid":{"rendered":"https:\/\/lospoliticosveracruz.com\/?p=166176"},"modified":"2026-03-14T16:37:20","modified_gmt":"2026-03-14T22:37:20","slug":"cada-accion-colectiva-un-paso-al-futuro-sostenible","status":"publish","type":"post","link":"https:\/\/lospoliticosveracruz.com\/?p=166176","title":{"rendered":"CADA ACCI\u00d3N COLECTIVA, UN PASO AL FUTURO SOSTENIBLE"},"content":{"rendered":"\n<p>La diputada local Roxana Barrag\u00e1n Hern\u00e1ndez particip\u00f3 con en el Reciclat\u00f3n Ecofest 2026, destacando la importancia de la colaboraci\u00f3n entre la ciudadan\u00eda y las instituciones para fortalecer la conciencia ambiental y contribuir al cuidado de nuestro entorno.<\/p>\n\n\n\n<p>En su intervenci\u00f3n, la legisladora del Partido Verde Ecologista de M\u00e9xico (PVEM), subray\u00f3 que cada acci\u00f3n colectiva es un paso hacia un futuro m\u00e1s sostenible. Asegur\u00f3 que eventos como el Reciclat\u00f3n son un claro ejemplo de c\u00f3mo la participaci\u00f3n activa de la sociedad, junto con la acci\u00f3n institucional, puede generar soluciones efectivas ante los retos ambientales que enfrentamos.<\/p>\n\n\n\n<p>\u201cVeracruz es un Estado afortunado por su biodiversidad. Nuestros r\u00edos, selvas, monta\u00f1as y costas son un patrimonio invaluable que debemos cuidar con responsabilidad y visi\u00f3n de futuro\u201d, expres\u00f3 Barrag\u00e1n Hern\u00e1ndez. Adem\u00e1s, destac\u00f3 el esfuerzo que la Gobernadora de Veracruz ingeniera Roc\u00edo Nahle Garc\u00eda y la Secretar\u00eda de Medio Ambiente est\u00e1n realizando para fortalecer pol\u00edticas p\u00fablicas orientadas al cuidado del medio ambiente, el uso responsable de nuestros recursos naturales y la construcci\u00f3n de un Veracruz m\u00e1s verde y limpio.<\/p>\n\n\n\n<p>En su mensaje, tambi\u00e9n agradeci\u00f3 a la secretaria de Medio Ambiente, Ing. Luz Mariela Zaleta Mendoza, por su invitaci\u00f3n al evento, y expres\u00f3 su reconocimiento por su incansable trabajo en el gobierno estatal.<\/p>\n\n\n\n<p>Record\u00f3 la importancia de promover una cultura de separaci\u00f3n, reciclaje y manejo adecuado de residuos como acciones esenciales para avanzar hacia un desarrollo m\u00e1s sostenible.<\/p>\n\n\n\n<p>La diputada hizo un llamado a seguir trabajando unidos por el bienestar del medio ambiente y el futuro de Veracruz, destacando la importancia de continuar fomentando la conciencia ambiental desde todos los niveles de la sociedad.<\/p>\n\n\n\n<p>Expres\u00f3 igualmente su reconocimiento y agradecimiento a su compa\u00f1era la diputada Imelda Garrido Alvarado, presidenta de la Comisi\u00f3n de Medio Ambiente, Recursos Naturales, Cambio Clim\u00e1tico y de Protecci\u00f3n y Bienestar Animal del Honorable Congreso del Estado de Veracruz, \u00abpor brindarme la oportunidad de dirigir estas palabras, al asistir con mucho gusto en mi calidad de secretaria de dicha comisi\u00f3n legislativa\u00bb.<\/p>\n","protected":false},"excerpt":{"rendered":"<p>La diputada local Roxana Barrag\u00e1n Hern\u00e1ndez particip\u00f3 con en el Reciclat\u00f3n Ecofest 2026, destacando la importancia de la colaboraci\u00f3n entre la ciudadan\u00eda y las instituciones para fortalecer la conciencia ambiental y contribuir al cuidado de nuestro entorno. En su intervenci\u00f3n, la legisladora del Partido Verde Ecologista de M\u00e9xico (PVEM), subray\u00f3 que cada acci\u00f3n colectiva es [&hellip;]<\/p>\n","protected":false},"author":2,"featured_media":166177,"comment_status":"closed","ping_status":"closed","sticky":false,"template":"","format":"standard","meta":{"tdm_status":"","tdm_grid_status":"","footnotes":""},"categories":[73],"tags":[264,57518,43727],"class_list":{"0":"post-166176","1":"post","2":"type-post","3":"status-publish","4":"format-standard","5":"has-post-thumbnail","7":"category-de-boleto","8":"tag-pvem","9":"tag-reciclaton-ecofest-2026","10":"tag-roxana-barragan-hernandez"},"yoast_head":"<!-- This site is optimized with the Yoast SEO plugin v27.4 - https:\/\/yoast.com\/product\/yoast-seo-wordpress\/ -->\n<title>CADA ACCI\u00d3N COLECTIVA, UN PASO AL FUTURO SOSTENIBLE - Los pol\u00edticos Veracruz<\/title>\n<meta name=\"robots\" content=\"index, follow, max-snippet:-1, max-image-preview:large, max-video-preview:-1\" \/>\n<link rel=\"canonical\" href=\"https:\/\/lospoliticosveracruz.com\/?p=166176\" \/>\n<meta property=\"og:locale\" content=\"es_ES\" \/>\n<meta property=\"og:type\" content=\"article\" \/>\n<meta property=\"og:title\" content=\"CADA ACCI\u00d3N COLECTIVA, UN PASO AL FUTURO SOSTENIBLE - Los pol\u00edticos Veracruz\" \/>\n<meta property=\"og:description\" content=\"La diputada local Roxana Barrag\u00e1n Hern\u00e1ndez particip\u00f3 con en el Reciclat\u00f3n Ecofest 2026, destacando la importancia de la colaboraci\u00f3n entre la ciudadan\u00eda y las instituciones para fortalecer la conciencia ambiental y contribuir al cuidado de nuestro entorno. En su intervenci\u00f3n, la legisladora del Partido Verde Ecologista de M\u00e9xico (PVEM), subray\u00f3 que cada acci\u00f3n colectiva es [&hellip;]\" \/>\n<meta property=\"og:url\" content=\"https:\/\/lospoliticosveracruz.com\/?p=166176\" \/>\n<meta property=\"og:site_name\" content=\"Los pol\u00edticos Veracruz\" \/>\n<meta property=\"article:publisher\" content=\"https:\/\/www.facebook.com\/people\/Notimemes-de-los-Polticos\/61565672886568\/\" \/>\n<meta property=\"article:published_time\" content=\"2026-03-14T22:37:20+00:00\" \/>\n<meta property=\"og:image\" content=\"https:\/\/lospoliticosveracruz.com\/wp-content\/uploads\/2026\/03\/5c33c366-80c7-4a5c-a40c-be6cdb1c5f0f-e1773527759377.jpeg\" \/>\n\t<meta property=\"og:image:width\" content=\"600\" \/>\n\t<meta property=\"og:image:height\" content=\"450\" \/>\n\t<meta property=\"og:image:type\" content=\"image\/jpeg\" \/>\n<meta name=\"author\" content=\"Lo viste en Los Pol\u00edticos\" \/>\n<meta name=\"twitter:card\" content=\"summary_large_image\" \/>\n<meta name=\"twitter:creator\" content=\"@LosPoliticosVer\" \/>\n<meta name=\"twitter:site\" content=\"@LosPoliticosVer\" \/>\n<meta name=\"twitter:label1\" content=\"Escrito por\" \/>\n\t<meta name=\"twitter:data1\" content=\"Lo viste en Los Pol\u00edticos\" \/>\n\t<meta name=\"twitter:label2\" content=\"Tiempo de lectura\" \/>\n\t<meta name=\"twitter:data2\" content=\"2 minutos\" \/>\n<script type=\"application\/ld+json\" class=\"yoast-schema-graph\">{\"@context\":\"https:\\\/\\\/schema.org\",\"@graph\":[{\"@type\":\"Article\",\"@id\":\"https:\\\/\\\/lospoliticosveracruz.com\\\/?p=166176#article\",\"isPartOf\":{\"@id\":\"https:\\\/\\\/lospoliticosveracruz.com\\\/?p=166176\"},\"author\":{\"name\":\"Lo viste en Los Pol\u00edticos\",\"@id\":\"https:\\\/\\\/lospoliticosveracruz.com\\\/#\\\/schema\\\/person\\\/b8702bb0e538456e6efd07080bf2a4a2\"},\"headline\":\"CADA ACCI\u00d3N COLECTIVA, UN PASO AL FUTURO SOSTENIBLE\",\"datePublished\":\"2026-03-14T22:37:20+00:00\",\"mainEntityOfPage\":{\"@id\":\"https:\\\/\\\/lospoliticosveracruz.com\\\/?p=166176\"},\"wordCount\":371,\"publisher\":{\"@id\":\"https:\\\/\\\/lospoliticosveracruz.com\\\/#organization\"},\"image\":{\"@id\":\"https:\\\/\\\/lospoliticosveracruz.com\\\/?p=166176#primaryimage\"},\"thumbnailUrl\":\"https:\\\/\\\/lospoliticosveracruz.com\\\/wp-content\\\/uploads\\\/2026\\\/03\\\/5c33c366-80c7-4a5c-a40c-be6cdb1c5f0f-e1773527759377.jpeg\",\"keywords\":[\"PVEM\",\"Reciclat\u00f3n Ecofest 2026\",\"Roxana Barrag\u00e1n Hern\u00e1ndez\"],\"articleSection\":[\"De Boleto\"],\"inLanguage\":\"es\"},{\"@type\":\"WebPage\",\"@id\":\"https:\\\/\\\/lospoliticosveracruz.com\\\/?p=166176\",\"url\":\"https:\\\/\\\/lospoliticosveracruz.com\\\/?p=166176\",\"name\":\"CADA ACCI\u00d3N COLECTIVA, UN PASO AL FUTURO SOSTENIBLE - Los pol\u00edticos Veracruz\",\"isPartOf\":{\"@id\":\"https:\\\/\\\/lospoliticosveracruz.com\\\/#website\"},\"primaryImageOfPage\":{\"@id\":\"https:\\\/\\\/lospoliticosveracruz.com\\\/?p=166176#primaryimage\"},\"image\":{\"@id\":\"https:\\\/\\\/lospoliticosveracruz.com\\\/?p=166176#primaryimage\"},\"thumbnailUrl\":\"https:\\\/\\\/lospoliticosveracruz.com\\\/wp-content\\\/uploads\\\/2026\\\/03\\\/5c33c366-80c7-4a5c-a40c-be6cdb1c5f0f-e1773527759377.jpeg\",\"datePublished\":\"2026-03-14T22:37:20+00:00\",\"breadcrumb\":{\"@id\":\"https:\\\/\\\/lospoliticosveracruz.com\\\/?p=166176#breadcrumb\"},\"inLanguage\":\"es\",\"potentialAction\":[{\"@type\":\"ReadAction\",\"target\":[\"https:\\\/\\\/lospoliticosveracruz.com\\\/?p=166176\"]}]},{\"@type\":\"ImageObject\",\"inLanguage\":\"es\",\"@id\":\"https:\\\/\\\/lospoliticosveracruz.com\\\/?p=166176#primaryimage\",\"url\":\"https:\\\/\\\/lospoliticosveracruz.com\\\/wp-content\\\/uploads\\\/2026\\\/03\\\/5c33c366-80c7-4a5c-a40c-be6cdb1c5f0f-e1773527759377.jpeg\",\"contentUrl\":\"https:\\\/\\\/lospoliticosveracruz.com\\\/wp-content\\\/uploads\\\/2026\\\/03\\\/5c33c366-80c7-4a5c-a40c-be6cdb1c5f0f-e1773527759377.jpeg\",\"width\":600,\"height\":450},{\"@type\":\"BreadcrumbList\",\"@id\":\"https:\\\/\\\/lospoliticosveracruz.com\\\/?p=166176#breadcrumb\",\"itemListElement\":[{\"@type\":\"ListItem\",\"position\":1,\"name\":\"Portada\",\"item\":\"https:\\\/\\\/lospoliticosveracruz.com\\\/\"},{\"@type\":\"ListItem\",\"position\":2,\"name\":\"CADA ACCI\u00d3N COLECTIVA, UN PASO AL FUTURO SOSTENIBLE\"}]},{\"@type\":\"WebSite\",\"@id\":\"https:\\\/\\\/lospoliticosveracruz.com\\\/#website\",\"url\":\"https:\\\/\\\/lospoliticosveracruz.com\\\/\",\"name\":\"Los pol\u00edticos Veracruz\",\"description\":\"\",\"publisher\":{\"@id\":\"https:\\\/\\\/lospoliticosveracruz.com\\\/#organization\"},\"potentialAction\":[{\"@type\":\"SearchAction\",\"target\":{\"@type\":\"EntryPoint\",\"urlTemplate\":\"https:\\\/\\\/lospoliticosveracruz.com\\\/?s={search_term_string}\"},\"query-input\":{\"@type\":\"PropertyValueSpecification\",\"valueRequired\":true,\"valueName\":\"search_term_string\"}}],\"inLanguage\":\"es\"},{\"@type\":\"Organization\",\"@id\":\"https:\\\/\\\/lospoliticosveracruz.com\\\/#organization\",\"name\":\"Los pol\u00edticos Veracruz\",\"url\":\"https:\\\/\\\/lospoliticosveracruz.com\\\/\",\"logo\":{\"@type\":\"ImageObject\",\"inLanguage\":\"es\",\"@id\":\"https:\\\/\\\/lospoliticosveracruz.com\\\/#\\\/schema\\\/logo\\\/image\\\/\",\"url\":\"https:\\\/\\\/lospoliticosveracruz.com\\\/wp-content\\\/uploads\\\/2025\\\/12\\\/Logo-Nuevo-LOS-POLITICOS-1.jpg\",\"contentUrl\":\"https:\\\/\\\/lospoliticosveracruz.com\\\/wp-content\\\/uploads\\\/2025\\\/12\\\/Logo-Nuevo-LOS-POLITICOS-1.jpg\",\"width\":260,\"height\":70,\"caption\":\"Los pol\u00edticos Veracruz\"},\"image\":{\"@id\":\"https:\\\/\\\/lospoliticosveracruz.com\\\/#\\\/schema\\\/logo\\\/image\\\/\"},\"sameAs\":[\"https:\\\/\\\/www.facebook.com\\\/people\\\/Notimemes-de-los-Polticos\\\/61565672886568\\\/\",\"https:\\\/\\\/x.com\\\/LosPoliticosVer\"]},{\"@type\":\"Person\",\"@id\":\"https:\\\/\\\/lospoliticosveracruz.com\\\/#\\\/schema\\\/person\\\/b8702bb0e538456e6efd07080bf2a4a2\",\"name\":\"Lo viste en Los Pol\u00edticos\",\"image\":{\"@type\":\"ImageObject\",\"inLanguage\":\"es\",\"@id\":\"https:\\\/\\\/secure.gravatar.com\\\/avatar\\\/3a8de04a2656d44082be478bd6c086daa447c4651605818287b9532d3d0bd435?s=96&d=mm&r=g\",\"url\":\"https:\\\/\\\/secure.gravatar.com\\\/avatar\\\/3a8de04a2656d44082be478bd6c086daa447c4651605818287b9532d3d0bd435?s=96&d=mm&r=g\",\"contentUrl\":\"https:\\\/\\\/secure.gravatar.com\\\/avatar\\\/3a8de04a2656d44082be478bd6c086daa447c4651605818287b9532d3d0bd435?s=96&d=mm&r=g\",\"caption\":\"Lo viste en Los Pol\u00edticos\"},\"url\":\"https:\\\/\\\/lospoliticosveracruz.com\\\/?author=2\"}]}<\/script>\n<!-- \/ Yoast SEO plugin. -->","yoast_head_json":{"title":"CADA ACCI\u00d3N COLECTIVA, UN PASO AL FUTURO SOSTENIBLE - Los pol\u00edticos Veracruz","robots":{"index":"index","follow":"follow","max-snippet":"max-snippet:-1","max-image-preview":"max-image-preview:large","max-video-preview":"max-video-preview:-1"},"canonical":"https:\/\/lospoliticosveracruz.com\/?p=166176","og_locale":"es_ES","og_type":"article","og_title":"CADA ACCI\u00d3N COLECTIVA, UN PASO AL FUTURO SOSTENIBLE - Los pol\u00edticos Veracruz","og_description":"La diputada local Roxana Barrag\u00e1n Hern\u00e1ndez particip\u00f3 con en el Reciclat\u00f3n Ecofest 2026, destacando la importancia de la colaboraci\u00f3n entre la ciudadan\u00eda y las instituciones para fortalecer la conciencia ambiental y contribuir al cuidado de nuestro entorno. En su intervenci\u00f3n, la legisladora del Partido Verde Ecologista de M\u00e9xico (PVEM), subray\u00f3 que cada acci\u00f3n colectiva es [&hellip;]","og_url":"https:\/\/lospoliticosveracruz.com\/?p=166176","og_site_name":"Los pol\u00edticos Veracruz","article_publisher":"https:\/\/www.facebook.com\/people\/Notimemes-de-los-Polticos\/61565672886568\/","article_published_time":"2026-03-14T22:37:20+00:00","og_image":[{"width":600,"height":450,"url":"https:\/\/lospoliticosveracruz.com\/wp-content\/uploads\/2026\/03\/5c33c366-80c7-4a5c-a40c-be6cdb1c5f0f-e1773527759377.jpeg","type":"image\/jpeg"}],"author":"Lo viste en Los Pol\u00edticos","twitter_card":"summary_large_image","twitter_creator":"@LosPoliticosVer","twitter_site":"@LosPoliticosVer","twitter_misc":{"Escrito por":"Lo viste en Los Pol\u00edticos","Tiempo de lectura":"2 minutos"},"schema":{"@context":"https:\/\/schema.org","@graph":[{"@type":"Article","@id":"https:\/\/lospoliticosveracruz.com\/?p=166176#article","isPartOf":{"@id":"https:\/\/lospoliticosveracruz.com\/?p=166176"},"author":{"name":"Lo viste en Los Pol\u00edticos","@id":"https:\/\/lospoliticosveracruz.com\/#\/schema\/person\/b8702bb0e538456e6efd07080bf2a4a2"},"headline":"CADA ACCI\u00d3N COLECTIVA, UN PASO AL FUTURO SOSTENIBLE","datePublished":"2026-03-14T22:37:20+00:00","mainEntityOfPage":{"@id":"https:\/\/lospoliticosveracruz.com\/?p=166176"},"wordCount":371,"publisher":{"@id":"https:\/\/lospoliticosveracruz.com\/#organization"},"image":{"@id":"https:\/\/lospoliticosveracruz.com\/?p=166176#primaryimage"},"thumbnailUrl":"https:\/\/lospoliticosveracruz.com\/wp-content\/uploads\/2026\/03\/5c33c366-80c7-4a5c-a40c-be6cdb1c5f0f-e1773527759377.jpeg","keywords":["PVEM","Reciclat\u00f3n Ecofest 2026","Roxana Barrag\u00e1n Hern\u00e1ndez"],"articleSection":["De Boleto"],"inLanguage":"es"},{"@type":"WebPage","@id":"https:\/\/lospoliticosveracruz.com\/?p=166176","url":"https:\/\/lospoliticosveracruz.com\/?p=166176","name":"CADA ACCI\u00d3N COLECTIVA, UN PASO AL FUTURO SOSTENIBLE - Los pol\u00edticos Veracruz","isPartOf":{"@id":"https:\/\/lospoliticosveracruz.com\/#website"},"primaryImageOfPage":{"@id":"https:\/\/lospoliticosveracruz.com\/?p=166176#primaryimage"},"image":{"@id":"https:\/\/lospoliticosveracruz.com\/?p=166176#primaryimage"},"thumbnailUrl":"https:\/\/lospoliticosveracruz.com\/wp-content\/uploads\/2026\/03\/5c33c366-80c7-4a5c-a40c-be6cdb1c5f0f-e1773527759377.jpeg","datePublished":"2026-03-14T22:37:20+00:00","breadcrumb":{"@id":"https:\/\/lospoliticosveracruz.com\/?p=166176#breadcrumb"},"inLanguage":"es","potentialAction":[{"@type":"ReadAction","target":["https:\/\/lospoliticosveracruz.com\/?p=166176"]}]},{"@type":"ImageObject","inLanguage":"es","@id":"https:\/\/lospoliticosveracruz.com\/?p=166176#primaryimage","url":"https:\/\/lospoliticosveracruz.com\/wp-content\/uploads\/2026\/03\/5c33c366-80c7-4a5c-a40c-be6cdb1c5f0f-e1773527759377.jpeg","contentUrl":"https:\/\/lospoliticosveracruz.com\/wp-content\/uploads\/2026\/03\/5c33c366-80c7-4a5c-a40c-be6cdb1c5f0f-e1773527759377.jpeg","width":600,"height":450},{"@type":"BreadcrumbList","@id":"https:\/\/lospoliticosveracruz.com\/?p=166176#breadcrumb","itemListElement":[{"@type":"ListItem","position":1,"name":"Portada","item":"https:\/\/lospoliticosveracruz.com\/"},{"@type":"ListItem","position":2,"name":"CADA ACCI\u00d3N COLECTIVA, UN PASO AL FUTURO SOSTENIBLE"}]},{"@type":"WebSite","@id":"https:\/\/lospoliticosveracruz.com\/#website","url":"https:\/\/lospoliticosveracruz.com\/","name":"Los pol\u00edticos Veracruz","description":"","publisher":{"@id":"https:\/\/lospoliticosveracruz.com\/#organization"},"potentialAction":[{"@type":"SearchAction","target":{"@type":"EntryPoint","urlTemplate":"https:\/\/lospoliticosveracruz.com\/?s={search_term_string}"},"query-input":{"@type":"PropertyValueSpecification","valueRequired":true,"valueName":"search_term_string"}}],"inLanguage":"es"},{"@type":"Organization","@id":"https:\/\/lospoliticosveracruz.com\/#organization","name":"Los pol\u00edticos Veracruz","url":"https:\/\/lospoliticosveracruz.com\/","logo":{"@type":"ImageObject","inLanguage":"es","@id":"https:\/\/lospoliticosveracruz.com\/#\/schema\/logo\/image\/","url":"https:\/\/lospoliticosveracruz.com\/wp-content\/uploads\/2025\/12\/Logo-Nuevo-LOS-POLITICOS-1.jpg","contentUrl":"https:\/\/lospoliticosveracruz.com\/wp-content\/uploads\/2025\/12\/Logo-Nuevo-LOS-POLITICOS-1.jpg","width":260,"height":70,"caption":"Los pol\u00edticos Veracruz"},"image":{"@id":"https:\/\/lospoliticosveracruz.com\/#\/schema\/logo\/image\/"},"sameAs":["https:\/\/www.facebook.com\/people\/Notimemes-de-los-Polticos\/61565672886568\/","https:\/\/x.com\/LosPoliticosVer"]},{"@type":"Person","@id":"https:\/\/lospoliticosveracruz.com\/#\/schema\/person\/b8702bb0e538456e6efd07080bf2a4a2","name":"Lo viste en Los Pol\u00edticos","image":{"@type":"ImageObject","inLanguage":"es","@id":"https:\/\/secure.gravatar.com\/avatar\/3a8de04a2656d44082be478bd6c086daa447c4651605818287b9532d3d0bd435?s=96&d=mm&r=g","url":"https:\/\/secure.gravatar.com\/avatar\/3a8de04a2656d44082be478bd6c086daa447c4651605818287b9532d3d0bd435?s=96&d=mm&r=g","contentUrl":"https:\/\/secure.gravatar.com\/avatar\/3a8de04a2656d44082be478bd6c086daa447c4651605818287b9532d3d0bd435?s=96&d=mm&r=g","caption":"Lo viste en Los Pol\u00edticos"},"url":"https:\/\/lospoliticosveracruz.com\/?author=2"}]}},"_links":{"self":[{"href":"https:\/\/lospoliticosveracruz.com\/index.php?rest_route=\/wp\/v2\/posts\/166176","targetHints":{"allow":["GET"]}}],"collection":[{"href":"https:\/\/lospoliticosveracruz.com\/index.php?rest_route=\/wp\/v2\/posts"}],"about":[{"href":"https:\/\/lospoliticosveracruz.com\/index.php?rest_route=\/wp\/v2\/types\/post"}],"author":[{"embeddable":true,"href":"https:\/\/lospoliticosveracruz.com\/index.php?rest_route=\/wp\/v2\/users\/2"}],"replies":[{"embeddable":true,"href":"https:\/\/lospoliticosveracruz.com\/index.php?rest_route=%2Fwp%2Fv2%2Fcomments&post=166176"}],"version-history":[{"count":1,"href":"https:\/\/lospoliticosveracruz.com\/index.php?rest_route=\/wp\/v2\/posts\/166176\/revisions"}],"predecessor-version":[{"id":166178,"href":"https:\/\/lospoliticosveracruz.com\/index.php?rest_route=\/wp\/v2\/posts\/166176\/revisions\/166178"}],"wp:featuredmedia":[{"embeddable":true,"href":"https:\/\/lospoliticosveracruz.com\/index.php?rest_route=\/wp\/v2\/media\/166177"}],"wp:attachment":[{"href":"https:\/\/lospoliticosveracruz.com\/index.php?rest_route=%2Fwp%2Fv2%2Fmedia&parent=166176"}],"wp:term":[{"taxonomy":"category","embeddable":true,"href":"https:\/\/lospoliticosveracruz.com\/index.php?rest_route=%2Fwp%2Fv2%2Fcategories&post=166176"},{"taxonomy":"post_tag","embeddable":true,"href":"https:\/\/lospoliticosveracruz.com\/index.php?rest_route=%2Fwp%2Fv2%2Ftags&post=166176"}],"curies":[{"name":"wp","href":"https:\/\/api.w.org\/{rel}","templated":true}]}}