{"id":166179,"date":"2026-03-14T19:40:54","date_gmt":"2026-03-15T01:40:54","guid":{"rendered":"https:\/\/lospoliticosveracruz.com\/?p=166179"},"modified":"2026-03-14T19:40:55","modified_gmt":"2026-03-15T01:40:55","slug":"boca-del-rio-se-llena-de-atletas","status":"publish","type":"post","link":"https:\/\/lospoliticosveracruz.com\/?p=166179","title":{"rendered":"BOCA DEL R\u00cdO SE LLENA DE ATLETAS!"},"content":{"rendered":"\n<p>La alcaldesa de Boca del R\u00edo, Maryjose Gamboa Torales, dio la bienvenida y encabez\u00f3 la inauguraci\u00f3n del Torneo Intercolegial Deportivo (TID) 2026, en su d\u00e9cima edici\u00f3n, realizado en el Instituto Cumbres Veracruz.<\/p>\n\n\n\n<p>\u201cEn el Gobierno Municipal de Boca del R\u00edo creemos firmemente en la importancia de promover y respaldar este tipo de eventos, no solo porque impulsan el talento deportivo de nuestras ni\u00f1as, ni\u00f1os y j\u00f3venes, sino porque ayudan a construir comunidad, a generar convivencia sana y a fortalecer los valores que hacen mejores a nuestras ciudades\u201d, dijo.<\/p>\n\n\n\n<p>Por otra parte, la edil agradeci\u00f3 la invitaci\u00f3n y bienvenida de Pedro Ram\u00edrez Romero, quien a su vez destac\u00f3 el trabajo de Gamboa Torales al frente de la administraci\u00f3n municipal.<\/p>\n\n\n\n<p>Ante deportistas y padres de familia, la Presidenta Municipal, destac\u00f3 que este tipo de eventos busca impulsar a Boca del R\u00edo; donde el deporte, educaci\u00f3n y la participaci\u00f3n de la comunidad son parte fundamental de su crecimiento.<\/p>\n\n\n\n<p>Este torneo re\u00fane a m\u00e1s de 3,800 atletas. Participan colegios que llegan desde C\u00f3rdoba, Orizaba, Tuxpan, as\u00ed como de los estados de Chiapas, Oaxaca, Puebla, adem\u00e1s de Veracruz y Xalapa, sumando 72 colegios visitantes.<\/p>\n\n\n\n<p>Las competencias se desarrollan en disciplinas como atletismo, golf, f\u00fatbol, p\u00e1del, tenis, taekwondo, voleibol, nataci\u00f3n y basquetbol.<\/p>\n\n\n\n<p>La alcaldesa reconoci\u00f3 el respaldo de directivos, maestros, entrenadores, estudiantes y familias, a quienes agradeci\u00f3 su compromiso y entusiasmo para hacer posible este gran encuentro deportivo.<\/p>\n\n\n\n<p>En su mensaje, dijo que detr\u00e1s de cada atleta hay una familia que anima, que impulsa y que cree en ellos, y ese respaldo es parte esencial de todo deportista.<\/p>\n\n\n\n<p>Finalmente, la presidenta municipal, Maryjose Gamboa Torales, felicit\u00f3 al Instituto Cumbres Veracruz por organizar esta d\u00e9cima edici\u00f3n del torneo y por seguir apostando por la formaci\u00f3n integral de sus estudiantes.<\/p>\n\n\n\n<p>En el evento estuvieron presentes Manuel Ruiz Malpica y Mariola Gil Lastra, Presidentes del Comit\u00e9 TID; Padre Jos\u00e9 Antonio Torres, Director del Movimiento Regnum Christi Veracruz y Ricardo Ulibarri L\u00f3pez, Director de Fomento Deportivo de Boca del R\u00edo.<\/p>\n","protected":false},"excerpt":{"rendered":"<p>La alcaldesa de Boca del R\u00edo, Maryjose Gamboa Torales, dio la bienvenida y encabez\u00f3 la inauguraci\u00f3n del Torneo Intercolegial Deportivo (TID) 2026, en su d\u00e9cima edici\u00f3n, realizado en el Instituto Cumbres Veracruz. \u201cEn el Gobierno Municipal de Boca del R\u00edo creemos firmemente en la importancia de promover y respaldar este tipo de eventos, no solo [&hellip;]<\/p>\n","protected":false},"author":2,"featured_media":166180,"comment_status":"closed","ping_status":"closed","sticky":false,"template":"","format":"standard","meta":{"tdm_status":"","tdm_grid_status":"","footnotes":""},"categories":[73],"tags":[601,2315,1937,57519],"class_list":{"0":"post-166179","1":"post","2":"type-post","3":"status-publish","4":"format-standard","5":"has-post-thumbnail","7":"category-de-boleto","8":"tag-boca-del-rio","9":"tag-instituto-cumbres","10":"tag-maryjose-gamboa","11":"tag-torneo-intercolegial-deportivo"},"yoast_head":"<!-- This site is optimized with the Yoast SEO plugin v27.4 - https:\/\/yoast.com\/product\/yoast-seo-wordpress\/ -->\n<title>BOCA DEL R\u00cdO SE LLENA DE ATLETAS! - Los pol\u00edticos Veracruz<\/title>\n<meta name=\"robots\" content=\"index, follow, max-snippet:-1, max-image-preview:large, max-video-preview:-1\" \/>\n<link rel=\"canonical\" href=\"https:\/\/lospoliticosveracruz.com\/?p=166179\" \/>\n<meta property=\"og:locale\" content=\"es_ES\" \/>\n<meta property=\"og:type\" content=\"article\" \/>\n<meta property=\"og:title\" content=\"BOCA DEL R\u00cdO SE LLENA DE ATLETAS! - Los pol\u00edticos Veracruz\" \/>\n<meta property=\"og:description\" content=\"La alcaldesa de Boca del R\u00edo, Maryjose Gamboa Torales, dio la bienvenida y encabez\u00f3 la inauguraci\u00f3n del Torneo Intercolegial Deportivo (TID) 2026, en su d\u00e9cima edici\u00f3n, realizado en el Instituto Cumbres Veracruz. \u201cEn el Gobierno Municipal de Boca del R\u00edo creemos firmemente en la importancia de promover y respaldar este tipo de eventos, no solo [&hellip;]\" \/>\n<meta property=\"og:url\" content=\"https:\/\/lospoliticosveracruz.com\/?p=166179\" \/>\n<meta property=\"og:site_name\" content=\"Los pol\u00edticos Veracruz\" \/>\n<meta property=\"article:publisher\" content=\"https:\/\/www.facebook.com\/people\/Notimemes-de-los-Polticos\/61565672886568\/\" \/>\n<meta property=\"article:published_time\" content=\"2026-03-15T01:40:54+00:00\" \/>\n<meta property=\"article:modified_time\" content=\"2026-03-15T01:40:55+00:00\" \/>\n<meta property=\"og:image\" content=\"https:\/\/lospoliticosveracruz.com\/wp-content\/uploads\/2026\/03\/fa5c2c2e-0653-4de6-947f-2371007db7e4-e1773538776119.jpeg\" \/>\n\t<meta property=\"og:image:width\" content=\"600\" \/>\n\t<meta property=\"og:image:height\" content=\"368\" \/>\n\t<meta property=\"og:image:type\" content=\"image\/jpeg\" \/>\n<meta name=\"author\" content=\"Lo viste en Los Pol\u00edticos\" \/>\n<meta name=\"twitter:card\" content=\"summary_large_image\" \/>\n<meta name=\"twitter:creator\" content=\"@LosPoliticosVer\" \/>\n<meta name=\"twitter:site\" content=\"@LosPoliticosVer\" \/>\n<meta name=\"twitter:label1\" content=\"Escrito por\" \/>\n\t<meta name=\"twitter:data1\" content=\"Lo viste en Los Pol\u00edticos\" \/>\n\t<meta name=\"twitter:label2\" content=\"Tiempo de lectura\" \/>\n\t<meta name=\"twitter:data2\" content=\"2 minutos\" \/>\n<script type=\"application\/ld+json\" class=\"yoast-schema-graph\">{\"@context\":\"https:\\\/\\\/schema.org\",\"@graph\":[{\"@type\":\"Article\",\"@id\":\"https:\\\/\\\/lospoliticosveracruz.com\\\/?p=166179#article\",\"isPartOf\":{\"@id\":\"https:\\\/\\\/lospoliticosveracruz.com\\\/?p=166179\"},\"author\":{\"name\":\"Lo viste en Los Pol\u00edticos\",\"@id\":\"https:\\\/\\\/lospoliticosveracruz.com\\\/#\\\/schema\\\/person\\\/b8702bb0e538456e6efd07080bf2a4a2\"},\"headline\":\"BOCA DEL R\u00cdO SE LLENA DE ATLETAS!\",\"datePublished\":\"2026-03-15T01:40:54+00:00\",\"dateModified\":\"2026-03-15T01:40:55+00:00\",\"mainEntityOfPage\":{\"@id\":\"https:\\\/\\\/lospoliticosveracruz.com\\\/?p=166179\"},\"wordCount\":362,\"publisher\":{\"@id\":\"https:\\\/\\\/lospoliticosveracruz.com\\\/#organization\"},\"image\":{\"@id\":\"https:\\\/\\\/lospoliticosveracruz.com\\\/?p=166179#primaryimage\"},\"thumbnailUrl\":\"https:\\\/\\\/lospoliticosveracruz.com\\\/wp-content\\\/uploads\\\/2026\\\/03\\\/fa5c2c2e-0653-4de6-947f-2371007db7e4-e1773538776119.jpeg\",\"keywords\":[\"Boca del R\u00edo\",\"Instituto Cumbres\",\"Maryjose Gamboa\",\"Torneo Intercolegial Deportivo\"],\"articleSection\":[\"De Boleto\"],\"inLanguage\":\"es\"},{\"@type\":\"WebPage\",\"@id\":\"https:\\\/\\\/lospoliticosveracruz.com\\\/?p=166179\",\"url\":\"https:\\\/\\\/lospoliticosveracruz.com\\\/?p=166179\",\"name\":\"BOCA DEL R\u00cdO SE LLENA DE ATLETAS! - Los pol\u00edticos Veracruz\",\"isPartOf\":{\"@id\":\"https:\\\/\\\/lospoliticosveracruz.com\\\/#website\"},\"primaryImageOfPage\":{\"@id\":\"https:\\\/\\\/lospoliticosveracruz.com\\\/?p=166179#primaryimage\"},\"image\":{\"@id\":\"https:\\\/\\\/lospoliticosveracruz.com\\\/?p=166179#primaryimage\"},\"thumbnailUrl\":\"https:\\\/\\\/lospoliticosveracruz.com\\\/wp-content\\\/uploads\\\/2026\\\/03\\\/fa5c2c2e-0653-4de6-947f-2371007db7e4-e1773538776119.jpeg\",\"datePublished\":\"2026-03-15T01:40:54+00:00\",\"dateModified\":\"2026-03-15T01:40:55+00:00\",\"breadcrumb\":{\"@id\":\"https:\\\/\\\/lospoliticosveracruz.com\\\/?p=166179#breadcrumb\"},\"inLanguage\":\"es\",\"potentialAction\":[{\"@type\":\"ReadAction\",\"target\":[\"https:\\\/\\\/lospoliticosveracruz.com\\\/?p=166179\"]}]},{\"@type\":\"ImageObject\",\"inLanguage\":\"es\",\"@id\":\"https:\\\/\\\/lospoliticosveracruz.com\\\/?p=166179#primaryimage\",\"url\":\"https:\\\/\\\/lospoliticosveracruz.com\\\/wp-content\\\/uploads\\\/2026\\\/03\\\/fa5c2c2e-0653-4de6-947f-2371007db7e4-e1773538776119.jpeg\",\"contentUrl\":\"https:\\\/\\\/lospoliticosveracruz.com\\\/wp-content\\\/uploads\\\/2026\\\/03\\\/fa5c2c2e-0653-4de6-947f-2371007db7e4-e1773538776119.jpeg\",\"width\":600,\"height\":368},{\"@type\":\"BreadcrumbList\",\"@id\":\"https:\\\/\\\/lospoliticosveracruz.com\\\/?p=166179#breadcrumb\",\"itemListElement\":[{\"@type\":\"ListItem\",\"position\":1,\"name\":\"Portada\",\"item\":\"https:\\\/\\\/lospoliticosveracruz.com\\\/\"},{\"@type\":\"ListItem\",\"position\":2,\"name\":\"BOCA DEL R\u00cdO SE LLENA DE ATLETAS!\"}]},{\"@type\":\"WebSite\",\"@id\":\"https:\\\/\\\/lospoliticosveracruz.com\\\/#website\",\"url\":\"https:\\\/\\\/lospoliticosveracruz.com\\\/\",\"name\":\"Los pol\u00edticos Veracruz\",\"description\":\"\",\"publisher\":{\"@id\":\"https:\\\/\\\/lospoliticosveracruz.com\\\/#organization\"},\"potentialAction\":[{\"@type\":\"SearchAction\",\"target\":{\"@type\":\"EntryPoint\",\"urlTemplate\":\"https:\\\/\\\/lospoliticosveracruz.com\\\/?s={search_term_string}\"},\"query-input\":{\"@type\":\"PropertyValueSpecification\",\"valueRequired\":true,\"valueName\":\"search_term_string\"}}],\"inLanguage\":\"es\"},{\"@type\":\"Organization\",\"@id\":\"https:\\\/\\\/lospoliticosveracruz.com\\\/#organization\",\"name\":\"Los pol\u00edticos Veracruz\",\"url\":\"https:\\\/\\\/lospoliticosveracruz.com\\\/\",\"logo\":{\"@type\":\"ImageObject\",\"inLanguage\":\"es\",\"@id\":\"https:\\\/\\\/lospoliticosveracruz.com\\\/#\\\/schema\\\/logo\\\/image\\\/\",\"url\":\"https:\\\/\\\/lospoliticosveracruz.com\\\/wp-content\\\/uploads\\\/2025\\\/12\\\/Logo-Nuevo-LOS-POLITICOS-1.jpg\",\"contentUrl\":\"https:\\\/\\\/lospoliticosveracruz.com\\\/wp-content\\\/uploads\\\/2025\\\/12\\\/Logo-Nuevo-LOS-POLITICOS-1.jpg\",\"width\":260,\"height\":70,\"caption\":\"Los pol\u00edticos Veracruz\"},\"image\":{\"@id\":\"https:\\\/\\\/lospoliticosveracruz.com\\\/#\\\/schema\\\/logo\\\/image\\\/\"},\"sameAs\":[\"https:\\\/\\\/www.facebook.com\\\/people\\\/Notimemes-de-los-Polticos\\\/61565672886568\\\/\",\"https:\\\/\\\/x.com\\\/LosPoliticosVer\"]},{\"@type\":\"Person\",\"@id\":\"https:\\\/\\\/lospoliticosveracruz.com\\\/#\\\/schema\\\/person\\\/b8702bb0e538456e6efd07080bf2a4a2\",\"name\":\"Lo viste en Los Pol\u00edticos\",\"image\":{\"@type\":\"ImageObject\",\"inLanguage\":\"es\",\"@id\":\"https:\\\/\\\/secure.gravatar.com\\\/avatar\\\/3a8de04a2656d44082be478bd6c086daa447c4651605818287b9532d3d0bd435?s=96&d=mm&r=g\",\"url\":\"https:\\\/\\\/secure.gravatar.com\\\/avatar\\\/3a8de04a2656d44082be478bd6c086daa447c4651605818287b9532d3d0bd435?s=96&d=mm&r=g\",\"contentUrl\":\"https:\\\/\\\/secure.gravatar.com\\\/avatar\\\/3a8de04a2656d44082be478bd6c086daa447c4651605818287b9532d3d0bd435?s=96&d=mm&r=g\",\"caption\":\"Lo viste en Los Pol\u00edticos\"},\"url\":\"https:\\\/\\\/lospoliticosveracruz.com\\\/?author=2\"}]}<\/script>\n<!-- \/ Yoast SEO plugin. -->","yoast_head_json":{"title":"BOCA DEL R\u00cdO SE LLENA DE ATLETAS! - Los pol\u00edticos Veracruz","robots":{"index":"index","follow":"follow","max-snippet":"max-snippet:-1","max-image-preview":"max-image-preview:large","max-video-preview":"max-video-preview:-1"},"canonical":"https:\/\/lospoliticosveracruz.com\/?p=166179","og_locale":"es_ES","og_type":"article","og_title":"BOCA DEL R\u00cdO SE LLENA DE ATLETAS! - Los pol\u00edticos Veracruz","og_description":"La alcaldesa de Boca del R\u00edo, Maryjose Gamboa Torales, dio la bienvenida y encabez\u00f3 la inauguraci\u00f3n del Torneo Intercolegial Deportivo (TID) 2026, en su d\u00e9cima edici\u00f3n, realizado en el Instituto Cumbres Veracruz. \u201cEn el Gobierno Municipal de Boca del R\u00edo creemos firmemente en la importancia de promover y respaldar este tipo de eventos, no solo [&hellip;]","og_url":"https:\/\/lospoliticosveracruz.com\/?p=166179","og_site_name":"Los pol\u00edticos Veracruz","article_publisher":"https:\/\/www.facebook.com\/people\/Notimemes-de-los-Polticos\/61565672886568\/","article_published_time":"2026-03-15T01:40:54+00:00","article_modified_time":"2026-03-15T01:40:55+00:00","og_image":[{"width":600,"height":368,"url":"https:\/\/lospoliticosveracruz.com\/wp-content\/uploads\/2026\/03\/fa5c2c2e-0653-4de6-947f-2371007db7e4-e1773538776119.jpeg","type":"image\/jpeg"}],"author":"Lo viste en Los Pol\u00edticos","twitter_card":"summary_large_image","twitter_creator":"@LosPoliticosVer","twitter_site":"@LosPoliticosVer","twitter_misc":{"Escrito por":"Lo viste en Los Pol\u00edticos","Tiempo de lectura":"2 minutos"},"schema":{"@context":"https:\/\/schema.org","@graph":[{"@type":"Article","@id":"https:\/\/lospoliticosveracruz.com\/?p=166179#article","isPartOf":{"@id":"https:\/\/lospoliticosveracruz.com\/?p=166179"},"author":{"name":"Lo viste en Los Pol\u00edticos","@id":"https:\/\/lospoliticosveracruz.com\/#\/schema\/person\/b8702bb0e538456e6efd07080bf2a4a2"},"headline":"BOCA DEL R\u00cdO SE LLENA DE ATLETAS!","datePublished":"2026-03-15T01:40:54+00:00","dateModified":"2026-03-15T01:40:55+00:00","mainEntityOfPage":{"@id":"https:\/\/lospoliticosveracruz.com\/?p=166179"},"wordCount":362,"publisher":{"@id":"https:\/\/lospoliticosveracruz.com\/#organization"},"image":{"@id":"https:\/\/lospoliticosveracruz.com\/?p=166179#primaryimage"},"thumbnailUrl":"https:\/\/lospoliticosveracruz.com\/wp-content\/uploads\/2026\/03\/fa5c2c2e-0653-4de6-947f-2371007db7e4-e1773538776119.jpeg","keywords":["Boca del R\u00edo","Instituto Cumbres","Maryjose Gamboa","Torneo Intercolegial Deportivo"],"articleSection":["De Boleto"],"inLanguage":"es"},{"@type":"WebPage","@id":"https:\/\/lospoliticosveracruz.com\/?p=166179","url":"https:\/\/lospoliticosveracruz.com\/?p=166179","name":"BOCA DEL R\u00cdO SE LLENA DE ATLETAS! - Los pol\u00edticos Veracruz","isPartOf":{"@id":"https:\/\/lospoliticosveracruz.com\/#website"},"primaryImageOfPage":{"@id":"https:\/\/lospoliticosveracruz.com\/?p=166179#primaryimage"},"image":{"@id":"https:\/\/lospoliticosveracruz.com\/?p=166179#primaryimage"},"thumbnailUrl":"https:\/\/lospoliticosveracruz.com\/wp-content\/uploads\/2026\/03\/fa5c2c2e-0653-4de6-947f-2371007db7e4-e1773538776119.jpeg","datePublished":"2026-03-15T01:40:54+00:00","dateModified":"2026-03-15T01:40:55+00:00","breadcrumb":{"@id":"https:\/\/lospoliticosveracruz.com\/?p=166179#breadcrumb"},"inLanguage":"es","potentialAction":[{"@type":"ReadAction","target":["https:\/\/lospoliticosveracruz.com\/?p=166179"]}]},{"@type":"ImageObject","inLanguage":"es","@id":"https:\/\/lospoliticosveracruz.com\/?p=166179#primaryimage","url":"https:\/\/lospoliticosveracruz.com\/wp-content\/uploads\/2026\/03\/fa5c2c2e-0653-4de6-947f-2371007db7e4-e1773538776119.jpeg","contentUrl":"https:\/\/lospoliticosveracruz.com\/wp-content\/uploads\/2026\/03\/fa5c2c2e-0653-4de6-947f-2371007db7e4-e1773538776119.jpeg","width":600,"height":368},{"@type":"BreadcrumbList","@id":"https:\/\/lospoliticosveracruz.com\/?p=166179#breadcrumb","itemListElement":[{"@type":"ListItem","position":1,"name":"Portada","item":"https:\/\/lospoliticosveracruz.com\/"},{"@type":"ListItem","position":2,"name":"BOCA DEL R\u00cdO SE LLENA DE ATLETAS!"}]},{"@type":"WebSite","@id":"https:\/\/lospoliticosveracruz.com\/#website","url":"https:\/\/lospoliticosveracruz.com\/","name":"Los pol\u00edticos Veracruz","description":"","publisher":{"@id":"https:\/\/lospoliticosveracruz.com\/#organization"},"potentialAction":[{"@type":"SearchAction","target":{"@type":"EntryPoint","urlTemplate":"https:\/\/lospoliticosveracruz.com\/?s={search_term_string}"},"query-input":{"@type":"PropertyValueSpecification","valueRequired":true,"valueName":"search_term_string"}}],"inLanguage":"es"},{"@type":"Organization","@id":"https:\/\/lospoliticosveracruz.com\/#organization","name":"Los pol\u00edticos Veracruz","url":"https:\/\/lospoliticosveracruz.com\/","logo":{"@type":"ImageObject","inLanguage":"es","@id":"https:\/\/lospoliticosveracruz.com\/#\/schema\/logo\/image\/","url":"https:\/\/lospoliticosveracruz.com\/wp-content\/uploads\/2025\/12\/Logo-Nuevo-LOS-POLITICOS-1.jpg","contentUrl":"https:\/\/lospoliticosveracruz.com\/wp-content\/uploads\/2025\/12\/Logo-Nuevo-LOS-POLITICOS-1.jpg","width":260,"height":70,"caption":"Los pol\u00edticos Veracruz"},"image":{"@id":"https:\/\/lospoliticosveracruz.com\/#\/schema\/logo\/image\/"},"sameAs":["https:\/\/www.facebook.com\/people\/Notimemes-de-los-Polticos\/61565672886568\/","https:\/\/x.com\/LosPoliticosVer"]},{"@type":"Person","@id":"https:\/\/lospoliticosveracruz.com\/#\/schema\/person\/b8702bb0e538456e6efd07080bf2a4a2","name":"Lo viste en Los Pol\u00edticos","image":{"@type":"ImageObject","inLanguage":"es","@id":"https:\/\/secure.gravatar.com\/avatar\/3a8de04a2656d44082be478bd6c086daa447c4651605818287b9532d3d0bd435?s=96&d=mm&r=g","url":"https:\/\/secure.gravatar.com\/avatar\/3a8de04a2656d44082be478bd6c086daa447c4651605818287b9532d3d0bd435?s=96&d=mm&r=g","contentUrl":"https:\/\/secure.gravatar.com\/avatar\/3a8de04a2656d44082be478bd6c086daa447c4651605818287b9532d3d0bd435?s=96&d=mm&r=g","caption":"Lo viste en Los Pol\u00edticos"},"url":"https:\/\/lospoliticosveracruz.com\/?author=2"}]}},"_links":{"self":[{"href":"https:\/\/lospoliticosveracruz.com\/index.php?rest_route=\/wp\/v2\/posts\/166179","targetHints":{"allow":["GET"]}}],"collection":[{"href":"https:\/\/lospoliticosveracruz.com\/index.php?rest_route=\/wp\/v2\/posts"}],"about":[{"href":"https:\/\/lospoliticosveracruz.com\/index.php?rest_route=\/wp\/v2\/types\/post"}],"author":[{"embeddable":true,"href":"https:\/\/lospoliticosveracruz.com\/index.php?rest_route=\/wp\/v2\/users\/2"}],"replies":[{"embeddable":true,"href":"https:\/\/lospoliticosveracruz.com\/index.php?rest_route=%2Fwp%2Fv2%2Fcomments&post=166179"}],"version-history":[{"count":1,"href":"https:\/\/lospoliticosveracruz.com\/index.php?rest_route=\/wp\/v2\/posts\/166179\/revisions"}],"predecessor-version":[{"id":166181,"href":"https:\/\/lospoliticosveracruz.com\/index.php?rest_route=\/wp\/v2\/posts\/166179\/revisions\/166181"}],"wp:featuredmedia":[{"embeddable":true,"href":"https:\/\/lospoliticosveracruz.com\/index.php?rest_route=\/wp\/v2\/media\/166180"}],"wp:attachment":[{"href":"https:\/\/lospoliticosveracruz.com\/index.php?rest_route=%2Fwp%2Fv2%2Fmedia&parent=166179"}],"wp:term":[{"taxonomy":"category","embeddable":true,"href":"https:\/\/lospoliticosveracruz.com\/index.php?rest_route=%2Fwp%2Fv2%2Fcategories&post=166179"},{"taxonomy":"post_tag","embeddable":true,"href":"https:\/\/lospoliticosveracruz.com\/index.php?rest_route=%2Fwp%2Fv2%2Ftags&post=166179"}],"curies":[{"name":"wp","href":"https:\/\/api.w.org\/{rel}","templated":true}]}}