{"id":166276,"date":"2026-03-16T12:09:49","date_gmt":"2026-03-16T18:09:49","guid":{"rendered":"https:\/\/lospoliticosveracruz.com\/?p=166276"},"modified":"2026-03-16T12:10:42","modified_gmt":"2026-03-16T18:10:42","slug":"con-cuba-o-con-el-carnicero-yanqui","status":"publish","type":"post","link":"https:\/\/lospoliticosveracruz.com\/?p=166276","title":{"rendered":"CON CUBA O CON EL CARNICERO YANQUI"},"content":{"rendered":"\n<p><strong>Inocencio Y\u00e1\u00f1ez Vicencio<br><\/strong>Por lo visto cada vez est\u00e1 m\u00e1s claro que ser plural no necesariamente significa ser pluralista.<br>Muchos aceptan la diversidad a condici\u00f3n de partir de ella para pretender la unipolaridad. Su raz\u00f3n de ser es combatir lo diferente para hacer poco a poco an\u00e1logos. Yo no puedo compartir est\u00e1 visi\u00f3n simplemente porque es negar la pol\u00edtica, es aniquilarla, ya que la pol\u00edtica surge por la diversidad, justamente para buscar encauzar las diferencias. De ah\u00ed la acertada cr\u00edtica de Carl J. Friedrich, al pacto en lo fundamental como sustento de la naci\u00f3n, v\u00e1lido para el frentismo, pero respecto a la naci\u00f3n debe haber una coordinaci\u00f3n de las diferencias.<br>La uniformidad no es solo una tentaci\u00f3n de los aut\u00f3cratas, los marxistas que sostienen que la pol\u00edtica termina con la desaparici\u00f3n de las clases sociales y la lucha de clases, con el paso de la administraci\u00f3n de las personas a la administraci\u00f3n de las cosas, tambi\u00e9n el gran art\u00edfice liberal de la Revoluci\u00f3n francesa, Emmanuel Sieyes, estaba convencido y luch\u00f3 porque El Tercer Estado, es decir, la clase burguesa, sepulturera de la nobleza feudal, pasara de no ser nada a \u00bb ser todo\u00bb. Por algo aboli\u00f3 en 1791 a los cuerpos intermedios y era contrario a la existencia de los partidos. En nuestro pa\u00eds, el liberal Guillermo Prieto, escribi\u00f3 que los partidos dividen lo que por naturaleza est\u00e1 unido, cuando hoy sabemos que la pluralidad partidista \u00fanicamente expresa la diversidad social, son expresi\u00f3n de la pluralidad social.<br>Fascismo y anticomunismo van de la mano. Qui\u00e9n no recuerda que al terminar la Segunda Guerra Mundial, escenario de la Victoria de las fuerzas comunistas contra las hordas de Adolfo Hitler, no s\u00f3lo se emprendi\u00f3 una profunda para presentar a los ej\u00e9rcitos bajo el mando de los Estados Unidos como los triunfadores sino que los gringos desataron una cacer\u00eda contra todo lo que oliera a Pro Ruso, que se conoci\u00f3 como macartysmo. Recuerdo que no hace mucho todav\u00eda los formatos de visa para cruzar la frontera norte, ped\u00eda que se abstuviera cualquier persona de entrar al vecino pa\u00eds, si militaba en un partido comunista o profesara el marxismo.<br>Napole\u00f3n no \u00fanicamente fue un victorioso militar, fue un visionario que mucho antes que Marx , sab\u00eda que un r\u00e9gimen aislado no puede triunfar. Es por eso que no se confirm\u00f3 con derribar la monarqu\u00eda absolutista de su naci\u00f3n y se lanz\u00f3 contra las monarqu\u00edas absolutas que lo rodeaban. Tambi\u00e9n supo del valor que tiene estar cerca de los juristas ( Sieyes, Constant..) y de los intelectuales, a los que no quer\u00eda ver en los escritorios.<br>Pocas naciones han sufrido las consecuencias de un aislamiento y bloqueo como cuba. Marx nunca estuvo de acuerdo ni con la edificaci\u00f3n del socialismo en un s\u00f3lo pa\u00eds ni con que no se dejaran desarrollar las fuerzas productivas hasta que no cupieran en la camisa de fuerza que representan las relaciones sociales de producci\u00f3n que le corresponen para que se hagan presente las contradicciones inherentes y se abra el proceso de revoluci\u00f3n.<br>Es cierto que es muy grave y pernicioso ver al marxismo de manera dogm\u00e1tica, pero tampoco puede abandonarse su m\u00e9todo para tomarlo como mera propaganda.<br>La encrucijada de Cuba ha servido para que quien hoy ha llegado a la Presidencia de M\u00e9xico, revestido de izquierda se ti\u00f1a de rojo y pueda aparecer de manera consecuente ante los grupos radicales que lo secundan, mientras se llena los bolsillos y reconforma el andamiaje Institucional para no rendir cuentas y pueda evadir ser llevado a tribunales independientes. Los moches que hoy llama AMLO, aportaciones, no lo hace para ayudar a Cuba, lo hace para ayudarse \u00e9l, para aparecer como un revolucionario, cuando la verdad es que AMLO, es el m\u00e1s grande saqueador de la naci\u00f3n. Un marxista no lo es por repartir el gasto. Un marxista busca repartir la riqueza. Un marxista no fomenta la ociosidad. Un marxista fomenta el trabajo. Claudia dice que no negocia. El Estado de Bienestar es negociaci\u00f3n con sindicatos y agrupaciones aut\u00f3nomas. Mientras Morena y sus comparsas viven de anestesiar al pueblo con sus d\u00e1divas, Habermas, siempre denunci\u00f3 esas limosnas porque adormecen a las masas.<br>En la historia de M\u00e9xico, nadie le ha hecho tanto da\u00f1o a la clase trabajadora como Morena, porque , con su corrupci\u00f3n, alianza con el narco y la construcci\u00f3n de un poder unipersonal, ha desacreditado la lucha emancipadora de los sectores desposeidos.<br>Esta situaci\u00f3n delim\u00e1tica que vive Cuba, tambi\u00e9n ha servido para que salgan de su madriguera y sin ning\u00fan rubor, entre Cuba y el carnicero Yanqui, se decanten por el depredador de palestinos e iran\u00edes, todos esos que hasta hace poco presum\u00edan de su hermandad latinoamericana. No , no se trata de que est\u00e9n de acuerdo con \u00e9l regimen cubano, no, de lo que se trata es que con la misma desfachatez que hoy piden que Trump, acabe con la autocracia de la Isla, ma\u00f1ana, bajo el pretexto de que Trump, liquide a los c\u00e1rteles de la droga, derroque a los morenistas, trabajo que es de los mexicanos y que nadie m\u00e1s debe hacer.<br>A las sanguijuelas que hoy piden que Trump, acabe con el r\u00e9gimen cubano, les digo: si ma\u00f1ana alguien quisiera desterrarlos, ser\u00eda el primero en oponerme, porque en M\u00e9xico cabemos todos.<br>Aqu\u00ed cabemos liberales , conservadores, marxistas\u2026y todos tienen derecho a so\u00f1ar con un nuevo orden. Con todo, todav\u00eda podemos escuchar que alguien se atreva a rendir homenaje a Dante o a Duarte, protagonistas de los mayores esc\u00e1ndalos de corrupci\u00f3n en Veracruz, me parecen afirmaciones nauseabundas, pero tienen derecho a halagar a sus capos y hay que defender ese derecho mientras podemos.<br>Dec\u00eda Jorge Plejanov, que los grandes momentos sirven para definirnos. Cuba, hoy nos define: con Cuba o con el Carnicero. No nos sorprendamos que los anticomunistas nos quieran convencer que ellos escogen entre el pueblo y la dictadura. S\u00f3lo les pregunto: en verdad creen que a Trump,le importa el pueblo, cuando hace horas dijo que disfrutaba matando iran\u00edes. Se necesita padecer un desorden mental para secundar al Carnicero.<\/p>\n","protected":false},"excerpt":{"rendered":"<p>Inocencio Y\u00e1\u00f1ez VicencioPor lo visto cada vez est\u00e1 m\u00e1s claro que ser plural no necesariamente significa ser pluralista.Muchos aceptan la diversidad a condici\u00f3n de partir de ella para pretender la unipolaridad. Su raz\u00f3n de ser es combatir lo diferente para hacer poco a poco an\u00e1logos. Yo no puedo compartir est\u00e1 visi\u00f3n simplemente porque es negar [&hellip;]<\/p>\n","protected":false},"author":2,"featured_media":141387,"comment_status":"closed","ping_status":"closed","sticky":false,"template":"","format":"standard","meta":{"tdm_status":"","tdm_grid_status":"","footnotes":""},"categories":[70],"tags":[57636,57637,57635,57634,57639,57638],"class_list":{"0":"post-166276","1":"post","2":"type-post","3":"status-publish","4":"format-standard","5":"has-post-thumbnail","7":"category-de-opinion","8":"tag-bloqueo-economico-cuba-impacto-politico","9":"tag-criticas-morena-politica-social-2026","10":"tag-donald-trump-intervencion-cuba-opinion","11":"tag-inocencio-yanez-vicencio-columna-cuba","12":"tag-marxismo-vs-clientelismo-morena-veracruz","13":"tag-pluralismo-vs-unipolaridad-politica-mexico"},"yoast_head":"<!-- This site is optimized with the Yoast SEO plugin v27.4 - https:\/\/yoast.com\/product\/yoast-seo-wordpress\/ -->\n<title>CON CUBA O CON EL CARNICERO YANQUI - Los pol\u00edticos Veracruz<\/title>\n<meta name=\"robots\" content=\"index, follow, max-snippet:-1, max-image-preview:large, max-video-preview:-1\" \/>\n<link rel=\"canonical\" href=\"https:\/\/lospoliticosveracruz.com\/?p=166276\" \/>\n<meta property=\"og:locale\" content=\"es_ES\" \/>\n<meta property=\"og:type\" content=\"article\" \/>\n<meta property=\"og:title\" content=\"CON CUBA O CON EL CARNICERO YANQUI - Los pol\u00edticos Veracruz\" \/>\n<meta property=\"og:description\" content=\"Inocencio Y\u00e1\u00f1ez VicencioPor lo visto cada vez est\u00e1 m\u00e1s claro que ser plural no necesariamente significa ser pluralista.Muchos aceptan la diversidad a condici\u00f3n de partir de ella para pretender la unipolaridad. Su raz\u00f3n de ser es combatir lo diferente para hacer poco a poco an\u00e1logos. Yo no puedo compartir est\u00e1 visi\u00f3n simplemente porque es negar [&hellip;]\" \/>\n<meta property=\"og:url\" content=\"https:\/\/lospoliticosveracruz.com\/?p=166276\" \/>\n<meta property=\"og:site_name\" content=\"Los pol\u00edticos Veracruz\" \/>\n<meta property=\"article:publisher\" content=\"https:\/\/www.facebook.com\/people\/Notimemes-de-los-Polticos\/61565672886568\/\" \/>\n<meta property=\"article:published_time\" content=\"2026-03-16T18:09:49+00:00\" \/>\n<meta property=\"article:modified_time\" content=\"2026-03-16T18:10:42+00:00\" \/>\n<meta property=\"og:image\" content=\"https:\/\/lospoliticosveracruz.com\/wp-content\/uploads\/2025\/04\/Inocencio-Yanez-Vicencio.jpg\" \/>\n\t<meta property=\"og:image:width\" content=\"1250\" \/>\n\t<meta property=\"og:image:height\" content=\"667\" \/>\n\t<meta property=\"og:image:type\" content=\"image\/jpeg\" \/>\n<meta name=\"author\" content=\"Lo viste en Los Pol\u00edticos\" \/>\n<meta name=\"twitter:card\" content=\"summary_large_image\" \/>\n<meta name=\"twitter:creator\" content=\"@LosPoliticosVer\" \/>\n<meta name=\"twitter:site\" content=\"@LosPoliticosVer\" \/>\n<meta name=\"twitter:label1\" content=\"Escrito por\" \/>\n\t<meta name=\"twitter:data1\" content=\"Lo viste en Los Pol\u00edticos\" \/>\n\t<meta name=\"twitter:label2\" content=\"Tiempo de lectura\" \/>\n\t<meta name=\"twitter:data2\" content=\"5 minutos\" \/>\n<script type=\"application\/ld+json\" class=\"yoast-schema-graph\">{\"@context\":\"https:\\\/\\\/schema.org\",\"@graph\":[{\"@type\":\"Article\",\"@id\":\"https:\\\/\\\/lospoliticosveracruz.com\\\/?p=166276#article\",\"isPartOf\":{\"@id\":\"https:\\\/\\\/lospoliticosveracruz.com\\\/?p=166276\"},\"author\":{\"name\":\"Lo viste en Los Pol\u00edticos\",\"@id\":\"https:\\\/\\\/lospoliticosveracruz.com\\\/#\\\/schema\\\/person\\\/b8702bb0e538456e6efd07080bf2a4a2\"},\"headline\":\"CON CUBA O CON EL CARNICERO YANQUI\",\"datePublished\":\"2026-03-16T18:09:49+00:00\",\"dateModified\":\"2026-03-16T18:10:42+00:00\",\"mainEntityOfPage\":{\"@id\":\"https:\\\/\\\/lospoliticosveracruz.com\\\/?p=166276\"},\"wordCount\":1084,\"publisher\":{\"@id\":\"https:\\\/\\\/lospoliticosveracruz.com\\\/#organization\"},\"image\":{\"@id\":\"https:\\\/\\\/lospoliticosveracruz.com\\\/?p=166276#primaryimage\"},\"thumbnailUrl\":\"https:\\\/\\\/lospoliticosveracruz.com\\\/wp-content\\\/uploads\\\/2025\\\/04\\\/Inocencio-Yanez-Vicencio.jpg\",\"keywords\":[\"bloqueo econ\u00f3mico Cuba impacto pol\u00edtico\",\"cr\u00edticas Morena pol\u00edtica social 2026\",\"Donald Trump intervenci\u00f3n Cuba opini\u00f3n\",\"Inocencio Y\u00e1\u00f1ez Vicencio columna Cuba\",\"marxismo vs clientelismo Morena Veracruz\",\"pluralismo vs unipolaridad pol\u00edtica M\u00e9xico\"],\"articleSection\":[\"De Opini\u00f3n\"],\"inLanguage\":\"es\"},{\"@type\":\"WebPage\",\"@id\":\"https:\\\/\\\/lospoliticosveracruz.com\\\/?p=166276\",\"url\":\"https:\\\/\\\/lospoliticosveracruz.com\\\/?p=166276\",\"name\":\"CON CUBA O CON EL CARNICERO YANQUI - Los pol\u00edticos Veracruz\",\"isPartOf\":{\"@id\":\"https:\\\/\\\/lospoliticosveracruz.com\\\/#website\"},\"primaryImageOfPage\":{\"@id\":\"https:\\\/\\\/lospoliticosveracruz.com\\\/?p=166276#primaryimage\"},\"image\":{\"@id\":\"https:\\\/\\\/lospoliticosveracruz.com\\\/?p=166276#primaryimage\"},\"thumbnailUrl\":\"https:\\\/\\\/lospoliticosveracruz.com\\\/wp-content\\\/uploads\\\/2025\\\/04\\\/Inocencio-Yanez-Vicencio.jpg\",\"datePublished\":\"2026-03-16T18:09:49+00:00\",\"dateModified\":\"2026-03-16T18:10:42+00:00\",\"breadcrumb\":{\"@id\":\"https:\\\/\\\/lospoliticosveracruz.com\\\/?p=166276#breadcrumb\"},\"inLanguage\":\"es\",\"potentialAction\":[{\"@type\":\"ReadAction\",\"target\":[\"https:\\\/\\\/lospoliticosveracruz.com\\\/?p=166276\"]}]},{\"@type\":\"ImageObject\",\"inLanguage\":\"es\",\"@id\":\"https:\\\/\\\/lospoliticosveracruz.com\\\/?p=166276#primaryimage\",\"url\":\"https:\\\/\\\/lospoliticosveracruz.com\\\/wp-content\\\/uploads\\\/2025\\\/04\\\/Inocencio-Yanez-Vicencio.jpg\",\"contentUrl\":\"https:\\\/\\\/lospoliticosveracruz.com\\\/wp-content\\\/uploads\\\/2025\\\/04\\\/Inocencio-Yanez-Vicencio.jpg\",\"width\":1250,\"height\":667},{\"@type\":\"BreadcrumbList\",\"@id\":\"https:\\\/\\\/lospoliticosveracruz.com\\\/?p=166276#breadcrumb\",\"itemListElement\":[{\"@type\":\"ListItem\",\"position\":1,\"name\":\"Portada\",\"item\":\"https:\\\/\\\/lospoliticosveracruz.com\\\/\"},{\"@type\":\"ListItem\",\"position\":2,\"name\":\"CON CUBA O CON EL CARNICERO YANQUI\"}]},{\"@type\":\"WebSite\",\"@id\":\"https:\\\/\\\/lospoliticosveracruz.com\\\/#website\",\"url\":\"https:\\\/\\\/lospoliticosveracruz.com\\\/\",\"name\":\"Los pol\u00edticos Veracruz\",\"description\":\"\",\"publisher\":{\"@id\":\"https:\\\/\\\/lospoliticosveracruz.com\\\/#organization\"},\"potentialAction\":[{\"@type\":\"SearchAction\",\"target\":{\"@type\":\"EntryPoint\",\"urlTemplate\":\"https:\\\/\\\/lospoliticosveracruz.com\\\/?s={search_term_string}\"},\"query-input\":{\"@type\":\"PropertyValueSpecification\",\"valueRequired\":true,\"valueName\":\"search_term_string\"}}],\"inLanguage\":\"es\"},{\"@type\":\"Organization\",\"@id\":\"https:\\\/\\\/lospoliticosveracruz.com\\\/#organization\",\"name\":\"Los pol\u00edticos Veracruz\",\"url\":\"https:\\\/\\\/lospoliticosveracruz.com\\\/\",\"logo\":{\"@type\":\"ImageObject\",\"inLanguage\":\"es\",\"@id\":\"https:\\\/\\\/lospoliticosveracruz.com\\\/#\\\/schema\\\/logo\\\/image\\\/\",\"url\":\"https:\\\/\\\/lospoliticosveracruz.com\\\/wp-content\\\/uploads\\\/2025\\\/12\\\/Logo-Nuevo-LOS-POLITICOS-1.jpg\",\"contentUrl\":\"https:\\\/\\\/lospoliticosveracruz.com\\\/wp-content\\\/uploads\\\/2025\\\/12\\\/Logo-Nuevo-LOS-POLITICOS-1.jpg\",\"width\":260,\"height\":70,\"caption\":\"Los pol\u00edticos Veracruz\"},\"image\":{\"@id\":\"https:\\\/\\\/lospoliticosveracruz.com\\\/#\\\/schema\\\/logo\\\/image\\\/\"},\"sameAs\":[\"https:\\\/\\\/www.facebook.com\\\/people\\\/Notimemes-de-los-Polticos\\\/61565672886568\\\/\",\"https:\\\/\\\/x.com\\\/LosPoliticosVer\"]},{\"@type\":\"Person\",\"@id\":\"https:\\\/\\\/lospoliticosveracruz.com\\\/#\\\/schema\\\/person\\\/b8702bb0e538456e6efd07080bf2a4a2\",\"name\":\"Lo viste en Los Pol\u00edticos\",\"image\":{\"@type\":\"ImageObject\",\"inLanguage\":\"es\",\"@id\":\"https:\\\/\\\/secure.gravatar.com\\\/avatar\\\/3a8de04a2656d44082be478bd6c086daa447c4651605818287b9532d3d0bd435?s=96&d=mm&r=g\",\"url\":\"https:\\\/\\\/secure.gravatar.com\\\/avatar\\\/3a8de04a2656d44082be478bd6c086daa447c4651605818287b9532d3d0bd435?s=96&d=mm&r=g\",\"contentUrl\":\"https:\\\/\\\/secure.gravatar.com\\\/avatar\\\/3a8de04a2656d44082be478bd6c086daa447c4651605818287b9532d3d0bd435?s=96&d=mm&r=g\",\"caption\":\"Lo viste en Los Pol\u00edticos\"},\"url\":\"https:\\\/\\\/lospoliticosveracruz.com\\\/?author=2\"}]}<\/script>\n<!-- \/ Yoast SEO plugin. -->","yoast_head_json":{"title":"CON CUBA O CON EL CARNICERO YANQUI - Los pol\u00edticos Veracruz","robots":{"index":"index","follow":"follow","max-snippet":"max-snippet:-1","max-image-preview":"max-image-preview:large","max-video-preview":"max-video-preview:-1"},"canonical":"https:\/\/lospoliticosveracruz.com\/?p=166276","og_locale":"es_ES","og_type":"article","og_title":"CON CUBA O CON EL CARNICERO YANQUI - Los pol\u00edticos Veracruz","og_description":"Inocencio Y\u00e1\u00f1ez VicencioPor lo visto cada vez est\u00e1 m\u00e1s claro que ser plural no necesariamente significa ser pluralista.Muchos aceptan la diversidad a condici\u00f3n de partir de ella para pretender la unipolaridad. Su raz\u00f3n de ser es combatir lo diferente para hacer poco a poco an\u00e1logos. Yo no puedo compartir est\u00e1 visi\u00f3n simplemente porque es negar [&hellip;]","og_url":"https:\/\/lospoliticosveracruz.com\/?p=166276","og_site_name":"Los pol\u00edticos Veracruz","article_publisher":"https:\/\/www.facebook.com\/people\/Notimemes-de-los-Polticos\/61565672886568\/","article_published_time":"2026-03-16T18:09:49+00:00","article_modified_time":"2026-03-16T18:10:42+00:00","og_image":[{"width":1250,"height":667,"url":"https:\/\/lospoliticosveracruz.com\/wp-content\/uploads\/2025\/04\/Inocencio-Yanez-Vicencio.jpg","type":"image\/jpeg"}],"author":"Lo viste en Los Pol\u00edticos","twitter_card":"summary_large_image","twitter_creator":"@LosPoliticosVer","twitter_site":"@LosPoliticosVer","twitter_misc":{"Escrito por":"Lo viste en Los Pol\u00edticos","Tiempo de lectura":"5 minutos"},"schema":{"@context":"https:\/\/schema.org","@graph":[{"@type":"Article","@id":"https:\/\/lospoliticosveracruz.com\/?p=166276#article","isPartOf":{"@id":"https:\/\/lospoliticosveracruz.com\/?p=166276"},"author":{"name":"Lo viste en Los Pol\u00edticos","@id":"https:\/\/lospoliticosveracruz.com\/#\/schema\/person\/b8702bb0e538456e6efd07080bf2a4a2"},"headline":"CON CUBA O CON EL CARNICERO YANQUI","datePublished":"2026-03-16T18:09:49+00:00","dateModified":"2026-03-16T18:10:42+00:00","mainEntityOfPage":{"@id":"https:\/\/lospoliticosveracruz.com\/?p=166276"},"wordCount":1084,"publisher":{"@id":"https:\/\/lospoliticosveracruz.com\/#organization"},"image":{"@id":"https:\/\/lospoliticosveracruz.com\/?p=166276#primaryimage"},"thumbnailUrl":"https:\/\/lospoliticosveracruz.com\/wp-content\/uploads\/2025\/04\/Inocencio-Yanez-Vicencio.jpg","keywords":["bloqueo econ\u00f3mico Cuba impacto pol\u00edtico","cr\u00edticas Morena pol\u00edtica social 2026","Donald Trump intervenci\u00f3n Cuba opini\u00f3n","Inocencio Y\u00e1\u00f1ez Vicencio columna Cuba","marxismo vs clientelismo Morena Veracruz","pluralismo vs unipolaridad pol\u00edtica M\u00e9xico"],"articleSection":["De Opini\u00f3n"],"inLanguage":"es"},{"@type":"WebPage","@id":"https:\/\/lospoliticosveracruz.com\/?p=166276","url":"https:\/\/lospoliticosveracruz.com\/?p=166276","name":"CON CUBA O CON EL CARNICERO YANQUI - Los pol\u00edticos Veracruz","isPartOf":{"@id":"https:\/\/lospoliticosveracruz.com\/#website"},"primaryImageOfPage":{"@id":"https:\/\/lospoliticosveracruz.com\/?p=166276#primaryimage"},"image":{"@id":"https:\/\/lospoliticosveracruz.com\/?p=166276#primaryimage"},"thumbnailUrl":"https:\/\/lospoliticosveracruz.com\/wp-content\/uploads\/2025\/04\/Inocencio-Yanez-Vicencio.jpg","datePublished":"2026-03-16T18:09:49+00:00","dateModified":"2026-03-16T18:10:42+00:00","breadcrumb":{"@id":"https:\/\/lospoliticosveracruz.com\/?p=166276#breadcrumb"},"inLanguage":"es","potentialAction":[{"@type":"ReadAction","target":["https:\/\/lospoliticosveracruz.com\/?p=166276"]}]},{"@type":"ImageObject","inLanguage":"es","@id":"https:\/\/lospoliticosveracruz.com\/?p=166276#primaryimage","url":"https:\/\/lospoliticosveracruz.com\/wp-content\/uploads\/2025\/04\/Inocencio-Yanez-Vicencio.jpg","contentUrl":"https:\/\/lospoliticosveracruz.com\/wp-content\/uploads\/2025\/04\/Inocencio-Yanez-Vicencio.jpg","width":1250,"height":667},{"@type":"BreadcrumbList","@id":"https:\/\/lospoliticosveracruz.com\/?p=166276#breadcrumb","itemListElement":[{"@type":"ListItem","position":1,"name":"Portada","item":"https:\/\/lospoliticosveracruz.com\/"},{"@type":"ListItem","position":2,"name":"CON CUBA O CON EL CARNICERO YANQUI"}]},{"@type":"WebSite","@id":"https:\/\/lospoliticosveracruz.com\/#website","url":"https:\/\/lospoliticosveracruz.com\/","name":"Los pol\u00edticos Veracruz","description":"","publisher":{"@id":"https:\/\/lospoliticosveracruz.com\/#organization"},"potentialAction":[{"@type":"SearchAction","target":{"@type":"EntryPoint","urlTemplate":"https:\/\/lospoliticosveracruz.com\/?s={search_term_string}"},"query-input":{"@type":"PropertyValueSpecification","valueRequired":true,"valueName":"search_term_string"}}],"inLanguage":"es"},{"@type":"Organization","@id":"https:\/\/lospoliticosveracruz.com\/#organization","name":"Los pol\u00edticos Veracruz","url":"https:\/\/lospoliticosveracruz.com\/","logo":{"@type":"ImageObject","inLanguage":"es","@id":"https:\/\/lospoliticosveracruz.com\/#\/schema\/logo\/image\/","url":"https:\/\/lospoliticosveracruz.com\/wp-content\/uploads\/2025\/12\/Logo-Nuevo-LOS-POLITICOS-1.jpg","contentUrl":"https:\/\/lospoliticosveracruz.com\/wp-content\/uploads\/2025\/12\/Logo-Nuevo-LOS-POLITICOS-1.jpg","width":260,"height":70,"caption":"Los pol\u00edticos Veracruz"},"image":{"@id":"https:\/\/lospoliticosveracruz.com\/#\/schema\/logo\/image\/"},"sameAs":["https:\/\/www.facebook.com\/people\/Notimemes-de-los-Polticos\/61565672886568\/","https:\/\/x.com\/LosPoliticosVer"]},{"@type":"Person","@id":"https:\/\/lospoliticosveracruz.com\/#\/schema\/person\/b8702bb0e538456e6efd07080bf2a4a2","name":"Lo viste en Los Pol\u00edticos","image":{"@type":"ImageObject","inLanguage":"es","@id":"https:\/\/secure.gravatar.com\/avatar\/3a8de04a2656d44082be478bd6c086daa447c4651605818287b9532d3d0bd435?s=96&d=mm&r=g","url":"https:\/\/secure.gravatar.com\/avatar\/3a8de04a2656d44082be478bd6c086daa447c4651605818287b9532d3d0bd435?s=96&d=mm&r=g","contentUrl":"https:\/\/secure.gravatar.com\/avatar\/3a8de04a2656d44082be478bd6c086daa447c4651605818287b9532d3d0bd435?s=96&d=mm&r=g","caption":"Lo viste en Los Pol\u00edticos"},"url":"https:\/\/lospoliticosveracruz.com\/?author=2"}]}},"_links":{"self":[{"href":"https:\/\/lospoliticosveracruz.com\/index.php?rest_route=\/wp\/v2\/posts\/166276","targetHints":{"allow":["GET"]}}],"collection":[{"href":"https:\/\/lospoliticosveracruz.com\/index.php?rest_route=\/wp\/v2\/posts"}],"about":[{"href":"https:\/\/lospoliticosveracruz.com\/index.php?rest_route=\/wp\/v2\/types\/post"}],"author":[{"embeddable":true,"href":"https:\/\/lospoliticosveracruz.com\/index.php?rest_route=\/wp\/v2\/users\/2"}],"replies":[{"embeddable":true,"href":"https:\/\/lospoliticosveracruz.com\/index.php?rest_route=%2Fwp%2Fv2%2Fcomments&post=166276"}],"version-history":[{"count":1,"href":"https:\/\/lospoliticosveracruz.com\/index.php?rest_route=\/wp\/v2\/posts\/166276\/revisions"}],"predecessor-version":[{"id":166277,"href":"https:\/\/lospoliticosveracruz.com\/index.php?rest_route=\/wp\/v2\/posts\/166276\/revisions\/166277"}],"wp:featuredmedia":[{"embeddable":true,"href":"https:\/\/lospoliticosveracruz.com\/index.php?rest_route=\/wp\/v2\/media\/141387"}],"wp:attachment":[{"href":"https:\/\/lospoliticosveracruz.com\/index.php?rest_route=%2Fwp%2Fv2%2Fmedia&parent=166276"}],"wp:term":[{"taxonomy":"category","embeddable":true,"href":"https:\/\/lospoliticosveracruz.com\/index.php?rest_route=%2Fwp%2Fv2%2Fcategories&post=166276"},{"taxonomy":"post_tag","embeddable":true,"href":"https:\/\/lospoliticosveracruz.com\/index.php?rest_route=%2Fwp%2Fv2%2Ftags&post=166276"}],"curies":[{"name":"wp","href":"https:\/\/api.w.org\/{rel}","templated":true}]}}