{"id":166288,"date":"2026-03-16T15:46:35","date_gmt":"2026-03-16T21:46:35","guid":{"rendered":"https:\/\/lospoliticosveracruz.com\/?p=166288"},"modified":"2026-03-16T15:46:36","modified_gmt":"2026-03-16T21:46:36","slug":"con-tal-de-acabar-con-mafia-de-gestores","status":"publish","type":"post","link":"https:\/\/lospoliticosveracruz.com\/?p=166288","title":{"rendered":"CON TAL DE ACABAR CON MAFIA DE GESTORES"},"content":{"rendered":"\n<p><strong>\u00c1ngeles Gonz\u00e1lez Ceballos<\/strong><\/p>\n\n\n\n<p>El secretario de Finanzas y Planeaci\u00f3n, Miguel Reyes, se disculp\u00f3 con los contribuyentes que han tenido que pagar los servicios de notarios p\u00fablicos para lograr el reordenamiento de sus veh\u00edculos.<\/p>\n\n\n\n<p>\u00abMire, vamos muy bien y vamos incrementando la recaudaci\u00f3n 10 por ciento con relaci\u00f3n al a\u00f1o pasado. En temas de ordenamiento vehicular, mucha gente no ten\u00eda en reglas sus papeles, les pedimos disculpas a muchos de los que hayan tenido inconvenientes porque tienen que acudir a un notario p\u00fablico cuando hay una cuesti\u00f3n del endosamiento de facturas\u00bb, extern\u00f3.<\/p>\n\n\n\n<p>El funcionario defini\u00f3 que esto es con la finalidad de evitar pr\u00e1cticas en el que se pudieran usar recursos de procedencia il\u00edcita.<\/p>\n\n\n\n<p>\u00abEvitando lavado de dinero y, al mismo tiempo estamos evitando todo lo que tiene que ver con la mafia de gestores que estaban azotando en gran parte de las oficinas de Hacienda del Estado\u00bb, subray\u00f3.<\/p>\n\n\n\n<p>El Secretario afirm\u00f3 que han presentado las denuncias correspondientes en todas las oficinas en donde hab\u00eda presencia de gestores, en donde tambi\u00e9n estaban aliados con personal de la dependencia.<\/p>\n\n\n\n<p>Agradeci\u00f3 el apoyo de los sindicatos que tienen la representaci\u00f3n de los trabajadores, porque los han apoyado mucho.<\/p>\n\n\n\n<p>Recalc\u00f3 que han estado automatizando gran parte de las oficinas con turnos electr\u00f3nicos, pero tambi\u00e9n est\u00e1n remodelando los espacios en las distintas regiones.<\/p>\n\n\n\n<p>\u00abPintamos 15 oficinas de las 79, vamos a seguir pintando con el apoyo de la Secretar\u00eda de Educaci\u00f3n, con quien estamos trabajando de manera muy fuerte.<\/p>\n\n\n\n<p>Ellos pintaron tecnol\u00f3gicos, pintaron oficinas de Hacienda, se logr\u00f3 de una forma muy exitosa de tekio, porque fue de apoyo comunitario en toda la regi\u00f3n\u00bb, asever\u00f3.<\/p>\n","protected":false},"excerpt":{"rendered":"<p>\u00c1ngeles Gonz\u00e1lez Ceballos El secretario de Finanzas y Planeaci\u00f3n, Miguel Reyes, se disculp\u00f3 con los contribuyentes que han tenido que pagar los servicios de notarios p\u00fablicos para lograr el reordenamiento de sus veh\u00edculos. \u00abMire, vamos muy bien y vamos incrementando la recaudaci\u00f3n 10 por ciento con relaci\u00f3n al a\u00f1o pasado. En temas de ordenamiento vehicular, [&hellip;]<\/p>\n","protected":false},"author":2,"featured_media":166289,"comment_status":"closed","ping_status":"closed","sticky":false,"template":"","format":"standard","meta":{"tdm_status":"","tdm_grid_status":"","footnotes":""},"categories":[6446],"tags":[57657,57655,57654,57653,57658,57656],"class_list":{"0":"post-166288","1":"post","2":"type-post","3":"status-publish","4":"format-standard","5":"has-post-thumbnail","7":"category-la-nota","8":"tag-automatizacion-oficinas-hacienda-del-estado","9":"tag-denuncia-gestores-oficinas-hacienda-veracruz","10":"tag-miguel-reyes-sefiplan-veracruz-2026","11":"tag-recaudacion-sefiplan-veracruz-incremento-10","12":"tag-regularizacion-vehiculos-facturas-endosadas-veracruz","13":"tag-reordenamiento-vehicular-veracruz-requisitos-notario"},"yoast_head":"<!-- This site is optimized with the Yoast SEO plugin v27.4 - https:\/\/yoast.com\/product\/yoast-seo-wordpress\/ -->\n<title>CON TAL DE ACABAR CON MAFIA DE GESTORES - Los pol\u00edticos Veracruz<\/title>\n<meta name=\"robots\" content=\"index, follow, max-snippet:-1, max-image-preview:large, max-video-preview:-1\" \/>\n<link rel=\"canonical\" href=\"https:\/\/lospoliticosveracruz.com\/?p=166288\" \/>\n<meta property=\"og:locale\" content=\"es_ES\" \/>\n<meta property=\"og:type\" content=\"article\" \/>\n<meta property=\"og:title\" content=\"CON TAL DE ACABAR CON MAFIA DE GESTORES - Los pol\u00edticos Veracruz\" \/>\n<meta property=\"og:description\" content=\"\u00c1ngeles Gonz\u00e1lez Ceballos El secretario de Finanzas y Planeaci\u00f3n, Miguel Reyes, se disculp\u00f3 con los contribuyentes que han tenido que pagar los servicios de notarios p\u00fablicos para lograr el reordenamiento de sus veh\u00edculos. \u00abMire, vamos muy bien y vamos incrementando la recaudaci\u00f3n 10 por ciento con relaci\u00f3n al a\u00f1o pasado. En temas de ordenamiento vehicular, [&hellip;]\" \/>\n<meta property=\"og:url\" content=\"https:\/\/lospoliticosveracruz.com\/?p=166288\" \/>\n<meta property=\"og:site_name\" content=\"Los pol\u00edticos Veracruz\" \/>\n<meta property=\"article:publisher\" content=\"https:\/\/www.facebook.com\/people\/Notimemes-de-los-Polticos\/61565672886568\/\" \/>\n<meta property=\"article:published_time\" content=\"2026-03-16T21:46:35+00:00\" \/>\n<meta property=\"article:modified_time\" content=\"2026-03-16T21:46:36+00:00\" \/>\n<meta property=\"og:image\" content=\"https:\/\/lospoliticosveracruz.com\/wp-content\/uploads\/2026\/03\/Miguel-Reyes.jpg\" \/>\n\t<meta property=\"og:image:width\" content=\"600\" \/>\n\t<meta property=\"og:image:height\" content=\"320\" \/>\n\t<meta property=\"og:image:type\" content=\"image\/jpeg\" \/>\n<meta name=\"author\" content=\"Lo viste en Los Pol\u00edticos\" \/>\n<meta name=\"twitter:card\" content=\"summary_large_image\" \/>\n<meta name=\"twitter:creator\" content=\"@LosPoliticosVer\" \/>\n<meta name=\"twitter:site\" content=\"@LosPoliticosVer\" \/>\n<meta name=\"twitter:label1\" content=\"Escrito por\" \/>\n\t<meta name=\"twitter:data1\" content=\"Lo viste en Los Pol\u00edticos\" \/>\n\t<meta name=\"twitter:label2\" content=\"Tiempo de lectura\" \/>\n\t<meta name=\"twitter:data2\" content=\"2 minutos\" \/>\n<script type=\"application\/ld+json\" class=\"yoast-schema-graph\">{\"@context\":\"https:\\\/\\\/schema.org\",\"@graph\":[{\"@type\":\"Article\",\"@id\":\"https:\\\/\\\/lospoliticosveracruz.com\\\/?p=166288#article\",\"isPartOf\":{\"@id\":\"https:\\\/\\\/lospoliticosveracruz.com\\\/?p=166288\"},\"author\":{\"name\":\"Lo viste en Los Pol\u00edticos\",\"@id\":\"https:\\\/\\\/lospoliticosveracruz.com\\\/#\\\/schema\\\/person\\\/b8702bb0e538456e6efd07080bf2a4a2\"},\"headline\":\"CON TAL DE ACABAR CON MAFIA DE GESTORES\",\"datePublished\":\"2026-03-16T21:46:35+00:00\",\"dateModified\":\"2026-03-16T21:46:36+00:00\",\"mainEntityOfPage\":{\"@id\":\"https:\\\/\\\/lospoliticosveracruz.com\\\/?p=166288\"},\"wordCount\":297,\"publisher\":{\"@id\":\"https:\\\/\\\/lospoliticosveracruz.com\\\/#organization\"},\"image\":{\"@id\":\"https:\\\/\\\/lospoliticosveracruz.com\\\/?p=166288#primaryimage\"},\"thumbnailUrl\":\"https:\\\/\\\/lospoliticosveracruz.com\\\/wp-content\\\/uploads\\\/2026\\\/03\\\/Miguel-Reyes.jpg\",\"keywords\":[\"automatizaci\u00f3n oficinas Hacienda del Estado\",\"denuncia gestores oficinas Hacienda Veracruz\",\"Miguel Reyes Sefiplan Veracruz 2026\",\"recaudaci\u00f3n Sefiplan Veracruz incremento 10%\",\"regularizaci\u00f3n veh\u00edculos facturas endosadas Veracruz\",\"reordenamiento vehicular Veracruz requisitos notario\"],\"articleSection\":[\"La Nota\"],\"inLanguage\":\"es\"},{\"@type\":\"WebPage\",\"@id\":\"https:\\\/\\\/lospoliticosveracruz.com\\\/?p=166288\",\"url\":\"https:\\\/\\\/lospoliticosveracruz.com\\\/?p=166288\",\"name\":\"CON TAL DE ACABAR CON MAFIA DE GESTORES - Los pol\u00edticos Veracruz\",\"isPartOf\":{\"@id\":\"https:\\\/\\\/lospoliticosveracruz.com\\\/#website\"},\"primaryImageOfPage\":{\"@id\":\"https:\\\/\\\/lospoliticosveracruz.com\\\/?p=166288#primaryimage\"},\"image\":{\"@id\":\"https:\\\/\\\/lospoliticosveracruz.com\\\/?p=166288#primaryimage\"},\"thumbnailUrl\":\"https:\\\/\\\/lospoliticosveracruz.com\\\/wp-content\\\/uploads\\\/2026\\\/03\\\/Miguel-Reyes.jpg\",\"datePublished\":\"2026-03-16T21:46:35+00:00\",\"dateModified\":\"2026-03-16T21:46:36+00:00\",\"breadcrumb\":{\"@id\":\"https:\\\/\\\/lospoliticosveracruz.com\\\/?p=166288#breadcrumb\"},\"inLanguage\":\"es\",\"potentialAction\":[{\"@type\":\"ReadAction\",\"target\":[\"https:\\\/\\\/lospoliticosveracruz.com\\\/?p=166288\"]}]},{\"@type\":\"ImageObject\",\"inLanguage\":\"es\",\"@id\":\"https:\\\/\\\/lospoliticosveracruz.com\\\/?p=166288#primaryimage\",\"url\":\"https:\\\/\\\/lospoliticosveracruz.com\\\/wp-content\\\/uploads\\\/2026\\\/03\\\/Miguel-Reyes.jpg\",\"contentUrl\":\"https:\\\/\\\/lospoliticosveracruz.com\\\/wp-content\\\/uploads\\\/2026\\\/03\\\/Miguel-Reyes.jpg\",\"width\":600,\"height\":320},{\"@type\":\"BreadcrumbList\",\"@id\":\"https:\\\/\\\/lospoliticosveracruz.com\\\/?p=166288#breadcrumb\",\"itemListElement\":[{\"@type\":\"ListItem\",\"position\":1,\"name\":\"Portada\",\"item\":\"https:\\\/\\\/lospoliticosveracruz.com\\\/\"},{\"@type\":\"ListItem\",\"position\":2,\"name\":\"CON TAL DE ACABAR CON MAFIA DE GESTORES\"}]},{\"@type\":\"WebSite\",\"@id\":\"https:\\\/\\\/lospoliticosveracruz.com\\\/#website\",\"url\":\"https:\\\/\\\/lospoliticosveracruz.com\\\/\",\"name\":\"Los pol\u00edticos Veracruz\",\"description\":\"\",\"publisher\":{\"@id\":\"https:\\\/\\\/lospoliticosveracruz.com\\\/#organization\"},\"potentialAction\":[{\"@type\":\"SearchAction\",\"target\":{\"@type\":\"EntryPoint\",\"urlTemplate\":\"https:\\\/\\\/lospoliticosveracruz.com\\\/?s={search_term_string}\"},\"query-input\":{\"@type\":\"PropertyValueSpecification\",\"valueRequired\":true,\"valueName\":\"search_term_string\"}}],\"inLanguage\":\"es\"},{\"@type\":\"Organization\",\"@id\":\"https:\\\/\\\/lospoliticosveracruz.com\\\/#organization\",\"name\":\"Los pol\u00edticos Veracruz\",\"url\":\"https:\\\/\\\/lospoliticosveracruz.com\\\/\",\"logo\":{\"@type\":\"ImageObject\",\"inLanguage\":\"es\",\"@id\":\"https:\\\/\\\/lospoliticosveracruz.com\\\/#\\\/schema\\\/logo\\\/image\\\/\",\"url\":\"https:\\\/\\\/lospoliticosveracruz.com\\\/wp-content\\\/uploads\\\/2025\\\/12\\\/Logo-Nuevo-LOS-POLITICOS-1.jpg\",\"contentUrl\":\"https:\\\/\\\/lospoliticosveracruz.com\\\/wp-content\\\/uploads\\\/2025\\\/12\\\/Logo-Nuevo-LOS-POLITICOS-1.jpg\",\"width\":260,\"height\":70,\"caption\":\"Los pol\u00edticos Veracruz\"},\"image\":{\"@id\":\"https:\\\/\\\/lospoliticosveracruz.com\\\/#\\\/schema\\\/logo\\\/image\\\/\"},\"sameAs\":[\"https:\\\/\\\/www.facebook.com\\\/people\\\/Notimemes-de-los-Polticos\\\/61565672886568\\\/\",\"https:\\\/\\\/x.com\\\/LosPoliticosVer\"]},{\"@type\":\"Person\",\"@id\":\"https:\\\/\\\/lospoliticosveracruz.com\\\/#\\\/schema\\\/person\\\/b8702bb0e538456e6efd07080bf2a4a2\",\"name\":\"Lo viste en Los Pol\u00edticos\",\"image\":{\"@type\":\"ImageObject\",\"inLanguage\":\"es\",\"@id\":\"https:\\\/\\\/secure.gravatar.com\\\/avatar\\\/3a8de04a2656d44082be478bd6c086daa447c4651605818287b9532d3d0bd435?s=96&d=mm&r=g\",\"url\":\"https:\\\/\\\/secure.gravatar.com\\\/avatar\\\/3a8de04a2656d44082be478bd6c086daa447c4651605818287b9532d3d0bd435?s=96&d=mm&r=g\",\"contentUrl\":\"https:\\\/\\\/secure.gravatar.com\\\/avatar\\\/3a8de04a2656d44082be478bd6c086daa447c4651605818287b9532d3d0bd435?s=96&d=mm&r=g\",\"caption\":\"Lo viste en Los Pol\u00edticos\"},\"url\":\"https:\\\/\\\/lospoliticosveracruz.com\\\/?author=2\"}]}<\/script>\n<!-- \/ Yoast SEO plugin. -->","yoast_head_json":{"title":"CON TAL DE ACABAR CON MAFIA DE GESTORES - Los pol\u00edticos Veracruz","robots":{"index":"index","follow":"follow","max-snippet":"max-snippet:-1","max-image-preview":"max-image-preview:large","max-video-preview":"max-video-preview:-1"},"canonical":"https:\/\/lospoliticosveracruz.com\/?p=166288","og_locale":"es_ES","og_type":"article","og_title":"CON TAL DE ACABAR CON MAFIA DE GESTORES - Los pol\u00edticos Veracruz","og_description":"\u00c1ngeles Gonz\u00e1lez Ceballos El secretario de Finanzas y Planeaci\u00f3n, Miguel Reyes, se disculp\u00f3 con los contribuyentes que han tenido que pagar los servicios de notarios p\u00fablicos para lograr el reordenamiento de sus veh\u00edculos. \u00abMire, vamos muy bien y vamos incrementando la recaudaci\u00f3n 10 por ciento con relaci\u00f3n al a\u00f1o pasado. En temas de ordenamiento vehicular, [&hellip;]","og_url":"https:\/\/lospoliticosveracruz.com\/?p=166288","og_site_name":"Los pol\u00edticos Veracruz","article_publisher":"https:\/\/www.facebook.com\/people\/Notimemes-de-los-Polticos\/61565672886568\/","article_published_time":"2026-03-16T21:46:35+00:00","article_modified_time":"2026-03-16T21:46:36+00:00","og_image":[{"width":600,"height":320,"url":"https:\/\/lospoliticosveracruz.com\/wp-content\/uploads\/2026\/03\/Miguel-Reyes.jpg","type":"image\/jpeg"}],"author":"Lo viste en Los Pol\u00edticos","twitter_card":"summary_large_image","twitter_creator":"@LosPoliticosVer","twitter_site":"@LosPoliticosVer","twitter_misc":{"Escrito por":"Lo viste en Los Pol\u00edticos","Tiempo de lectura":"2 minutos"},"schema":{"@context":"https:\/\/schema.org","@graph":[{"@type":"Article","@id":"https:\/\/lospoliticosveracruz.com\/?p=166288#article","isPartOf":{"@id":"https:\/\/lospoliticosveracruz.com\/?p=166288"},"author":{"name":"Lo viste en Los Pol\u00edticos","@id":"https:\/\/lospoliticosveracruz.com\/#\/schema\/person\/b8702bb0e538456e6efd07080bf2a4a2"},"headline":"CON TAL DE ACABAR CON MAFIA DE GESTORES","datePublished":"2026-03-16T21:46:35+00:00","dateModified":"2026-03-16T21:46:36+00:00","mainEntityOfPage":{"@id":"https:\/\/lospoliticosveracruz.com\/?p=166288"},"wordCount":297,"publisher":{"@id":"https:\/\/lospoliticosveracruz.com\/#organization"},"image":{"@id":"https:\/\/lospoliticosveracruz.com\/?p=166288#primaryimage"},"thumbnailUrl":"https:\/\/lospoliticosveracruz.com\/wp-content\/uploads\/2026\/03\/Miguel-Reyes.jpg","keywords":["automatizaci\u00f3n oficinas Hacienda del Estado","denuncia gestores oficinas Hacienda Veracruz","Miguel Reyes Sefiplan Veracruz 2026","recaudaci\u00f3n Sefiplan Veracruz incremento 10%","regularizaci\u00f3n veh\u00edculos facturas endosadas Veracruz","reordenamiento vehicular Veracruz requisitos notario"],"articleSection":["La Nota"],"inLanguage":"es"},{"@type":"WebPage","@id":"https:\/\/lospoliticosveracruz.com\/?p=166288","url":"https:\/\/lospoliticosveracruz.com\/?p=166288","name":"CON TAL DE ACABAR CON MAFIA DE GESTORES - Los pol\u00edticos Veracruz","isPartOf":{"@id":"https:\/\/lospoliticosveracruz.com\/#website"},"primaryImageOfPage":{"@id":"https:\/\/lospoliticosveracruz.com\/?p=166288#primaryimage"},"image":{"@id":"https:\/\/lospoliticosveracruz.com\/?p=166288#primaryimage"},"thumbnailUrl":"https:\/\/lospoliticosveracruz.com\/wp-content\/uploads\/2026\/03\/Miguel-Reyes.jpg","datePublished":"2026-03-16T21:46:35+00:00","dateModified":"2026-03-16T21:46:36+00:00","breadcrumb":{"@id":"https:\/\/lospoliticosveracruz.com\/?p=166288#breadcrumb"},"inLanguage":"es","potentialAction":[{"@type":"ReadAction","target":["https:\/\/lospoliticosveracruz.com\/?p=166288"]}]},{"@type":"ImageObject","inLanguage":"es","@id":"https:\/\/lospoliticosveracruz.com\/?p=166288#primaryimage","url":"https:\/\/lospoliticosveracruz.com\/wp-content\/uploads\/2026\/03\/Miguel-Reyes.jpg","contentUrl":"https:\/\/lospoliticosveracruz.com\/wp-content\/uploads\/2026\/03\/Miguel-Reyes.jpg","width":600,"height":320},{"@type":"BreadcrumbList","@id":"https:\/\/lospoliticosveracruz.com\/?p=166288#breadcrumb","itemListElement":[{"@type":"ListItem","position":1,"name":"Portada","item":"https:\/\/lospoliticosveracruz.com\/"},{"@type":"ListItem","position":2,"name":"CON TAL DE ACABAR CON MAFIA DE GESTORES"}]},{"@type":"WebSite","@id":"https:\/\/lospoliticosveracruz.com\/#website","url":"https:\/\/lospoliticosveracruz.com\/","name":"Los pol\u00edticos Veracruz","description":"","publisher":{"@id":"https:\/\/lospoliticosveracruz.com\/#organization"},"potentialAction":[{"@type":"SearchAction","target":{"@type":"EntryPoint","urlTemplate":"https:\/\/lospoliticosveracruz.com\/?s={search_term_string}"},"query-input":{"@type":"PropertyValueSpecification","valueRequired":true,"valueName":"search_term_string"}}],"inLanguage":"es"},{"@type":"Organization","@id":"https:\/\/lospoliticosveracruz.com\/#organization","name":"Los pol\u00edticos Veracruz","url":"https:\/\/lospoliticosveracruz.com\/","logo":{"@type":"ImageObject","inLanguage":"es","@id":"https:\/\/lospoliticosveracruz.com\/#\/schema\/logo\/image\/","url":"https:\/\/lospoliticosveracruz.com\/wp-content\/uploads\/2025\/12\/Logo-Nuevo-LOS-POLITICOS-1.jpg","contentUrl":"https:\/\/lospoliticosveracruz.com\/wp-content\/uploads\/2025\/12\/Logo-Nuevo-LOS-POLITICOS-1.jpg","width":260,"height":70,"caption":"Los pol\u00edticos Veracruz"},"image":{"@id":"https:\/\/lospoliticosveracruz.com\/#\/schema\/logo\/image\/"},"sameAs":["https:\/\/www.facebook.com\/people\/Notimemes-de-los-Polticos\/61565672886568\/","https:\/\/x.com\/LosPoliticosVer"]},{"@type":"Person","@id":"https:\/\/lospoliticosveracruz.com\/#\/schema\/person\/b8702bb0e538456e6efd07080bf2a4a2","name":"Lo viste en Los Pol\u00edticos","image":{"@type":"ImageObject","inLanguage":"es","@id":"https:\/\/secure.gravatar.com\/avatar\/3a8de04a2656d44082be478bd6c086daa447c4651605818287b9532d3d0bd435?s=96&d=mm&r=g","url":"https:\/\/secure.gravatar.com\/avatar\/3a8de04a2656d44082be478bd6c086daa447c4651605818287b9532d3d0bd435?s=96&d=mm&r=g","contentUrl":"https:\/\/secure.gravatar.com\/avatar\/3a8de04a2656d44082be478bd6c086daa447c4651605818287b9532d3d0bd435?s=96&d=mm&r=g","caption":"Lo viste en Los Pol\u00edticos"},"url":"https:\/\/lospoliticosveracruz.com\/?author=2"}]}},"_links":{"self":[{"href":"https:\/\/lospoliticosveracruz.com\/index.php?rest_route=\/wp\/v2\/posts\/166288","targetHints":{"allow":["GET"]}}],"collection":[{"href":"https:\/\/lospoliticosveracruz.com\/index.php?rest_route=\/wp\/v2\/posts"}],"about":[{"href":"https:\/\/lospoliticosveracruz.com\/index.php?rest_route=\/wp\/v2\/types\/post"}],"author":[{"embeddable":true,"href":"https:\/\/lospoliticosveracruz.com\/index.php?rest_route=\/wp\/v2\/users\/2"}],"replies":[{"embeddable":true,"href":"https:\/\/lospoliticosveracruz.com\/index.php?rest_route=%2Fwp%2Fv2%2Fcomments&post=166288"}],"version-history":[{"count":1,"href":"https:\/\/lospoliticosveracruz.com\/index.php?rest_route=\/wp\/v2\/posts\/166288\/revisions"}],"predecessor-version":[{"id":166290,"href":"https:\/\/lospoliticosveracruz.com\/index.php?rest_route=\/wp\/v2\/posts\/166288\/revisions\/166290"}],"wp:featuredmedia":[{"embeddable":true,"href":"https:\/\/lospoliticosveracruz.com\/index.php?rest_route=\/wp\/v2\/media\/166289"}],"wp:attachment":[{"href":"https:\/\/lospoliticosveracruz.com\/index.php?rest_route=%2Fwp%2Fv2%2Fmedia&parent=166288"}],"wp:term":[{"taxonomy":"category","embeddable":true,"href":"https:\/\/lospoliticosveracruz.com\/index.php?rest_route=%2Fwp%2Fv2%2Fcategories&post=166288"},{"taxonomy":"post_tag","embeddable":true,"href":"https:\/\/lospoliticosveracruz.com\/index.php?rest_route=%2Fwp%2Fv2%2Ftags&post=166288"}],"curies":[{"name":"wp","href":"https:\/\/api.w.org\/{rel}","templated":true}]}}