{"id":16632,"date":"2015-06-24T21:09:14","date_gmt":"2015-06-25T02:09:14","guid":{"rendered":"http:\/\/www.lospoliticosveracruz.com.mx\/?p=16632"},"modified":"2015-06-24T21:09:14","modified_gmt":"2015-06-25T02:09:14","slug":"la-maldita-corrupcion","status":"publish","type":"post","link":"https:\/\/lospoliticosveracruz.com\/?p=16632","title":{"rendered":"La maldita corrupci\u00f3n"},"content":{"rendered":"<dl id=\"attachment_16633\" class=\"wp-caption alignnone\" style=\"width: 310px;\">\n<dt class=\"wp-caption-dt\"><a href=\"http:\/\/www.lospoliticosveracruz.com.mx\/wp-content\/uploads\/2015\/06\/Papa-Francisco.jpg\"><img loading=\"lazy\" decoding=\"async\" class=\"alignnone wp-image-16633 size-medium\" src=\"http:\/\/www.lospoliticosveracruz.com.mx\/wp-content\/uploads\/2015\/06\/Papa-Francisco-300x150.jpg\" alt=\"\" width=\"300\" height=\"150\" \/><\/a><\/dt>\n<\/dl>\n<p><strong>Jorge Arturo Rodr\u00edguez<\/strong><\/p>\n<p><em>Tierra de Babel<\/em><\/p>\n<p>Aparte de la advertencia sombr\u00eda de que la Tierra se est\u00e1 convirtiendo en un \u201cinmenso dep\u00f3sito de porquer\u00eda\u201d, el Papa Francisco fue contundente: \u201cNo es propio de habitantes de este planeta vivir cada vez m\u00e1s inundados de cemento, asfalto, vidrio y metales, privados del contacto f\u00edsico con la naturaleza\u201d. Pero as\u00ed es, por desgracia, porque muchas veces nosotros mismos somos una porquer\u00eda. \u00bfEntonces? \u00bfPor d\u00f3nde empezar a remediar lo que parece irremediable? Ciertamente que el Papa se refiera en su enc\u00edclica \u201csobre el cuidado de la casa com\u00fan\u201d, a la protecci\u00f3n del ecosistema que a punto est\u00e1 de estallar en pedacitos. Est\u00e1 corrompido, como lo est\u00e1 el hombre mismo.<\/p>\n<p>No recuerdo qui\u00e9n dijo que si t\u00fa est\u00e1s bien, el mundo estar\u00e1 bien. He ah\u00ed el pinche problema, porque cada d\u00eda estamos peor, podridos, descompuestos, alejados de la naturaleza y de nuestro interior. Vertiginosa ida \u2013\u00bfsin vuelta?- hacia el quebranto. \u00bfAlguien lo duda?<\/p>\n<p>Claro, lo que padecemos se lo debemos mucho a la maldita corrupci\u00f3n. En el fondo, lo que nos dice el Papa es eso: estamos sobreviviendo en mierda, todos apestamos a corrupci\u00f3n. Quien est\u00e9 libre de pecado, que tire la primera piedra. Pero hay que hacer algo\u2026 \u00bfQu\u00e9? Cada quien que se conteste y comparta la posible soluci\u00f3n. Por lo pronto empezar a limpiarnos de trivialidades, soser\u00edas y pen\u2026 samientos insustanciales.<\/p>\n<p>Recientemente, un estudio del Instituto Mexicano para la Competitividad (IMCO) y el Centro de Investigaci\u00f3n y Docencia Econ\u00f3mica (CIDE), dio a conocer que el 65 % de la poblaci\u00f3n percibe que la corrupci\u00f3n es mayor en el sector p\u00fablico, particularmente al interior de los partidos pol\u00edticos. (\u201c\u00bfQu\u00e9 hacemos con la corrupci\u00f3n?\u201d, de Ignacio Anaya, en C\u00f3digo Topo No. 82\/junio-15).<\/p>\n<p>La corrupci\u00f3n somos todos. Desde la familia, la escuelita y el trabajo, pasando por los tr\u00e1mites administrativos, los negocios, hasta las monstruosidades financieras y pol\u00edticas por todos conocidas.<\/p>\n<p>Lo dijo el diputado Ricardo Ahued: \u201cA m\u00ed el \u00fanico poder que me llama la atenci\u00f3n de gobernar es que veamos mejor una sociedad, tengamos paz y un estado de derecho, de progreso, de trabajo, de equidad y acabar con la maldita corrupci\u00f3n\u201d. Ojal\u00e1.<\/p>\n<p><strong>Los d\u00edas y los temas<\/strong><\/p>\n<p>Que tu mano derecha no sepa lo que hace tu mano izquierda, pero hay que ayudar: \u201cUna m\u00e9dula para Lalo\u201d, a quien le detectaron leucemia y necesita urgentemente un trasplante. El n\u00famero de cuenta es 60-56873233-8. La Clabe 014799605687323381, del banco Santander, a nombre de Eduardo Antonio Hern\u00e1ndez Morales.<\/p>\n<p>Los invito a dar una \u201cVuelta al mundo\u201d, concierto de Messe Merari (voz), Javier Cabrera (percusiones) y Mateo Aguilar (piano y arreglos), este viernes 26 de junio, a las 21:00 horas, en el Caf\u00e9 Teatro Tierra Luna, ubicada en Ray\u00f3n 18, zona centro.<\/p>\n<p>No se pierdan tampoco el programa \u201cClick al Arte\u201d, todos los viernes a las 19:00 horas por Radio Televisi\u00f3n de Veracruz. Ta guen\u00edsimo.<\/p>\n<p><strong>Cinismo y anexas<\/strong><\/p>\n<p>Vaya, que el gobierno suspender\u00e1 obras carreteras por recorte presupuestal. Dicen que los proyectos que se mochar\u00e1n son los de la red secundaria, libramientos nuevos, obras que no se han comenzado y obras peque\u00f1as, para dar prioridad a los ejes carreteros como estaba previsto en el Plan Nacional de Infraestructura. (Milenio\/20-06-15). O sea, para los ricos, todo; pa\u2019 lo probes, nada. Estos que se jodan entre vados y terracer\u00edas\u2026<\/p>\n<p>Por lo pronto, ah\u00ed se ven.<\/p>\n","protected":false},"excerpt":{"rendered":"<p>Jorge Arturo Rodr\u00edguez Tierra de Babel Aparte de la advertencia sombr\u00eda de que la Tierra se est\u00e1 convirtiendo en un \u201cinmenso dep\u00f3sito de porquer\u00eda\u201d, el Papa Francisco fue contundente: \u201cNo es propio de habitantes de este planeta vivir cada vez m\u00e1s inundados de cemento, asfalto, vidrio y metales, privados del contacto f\u00edsico con la naturaleza\u201d. [&hellip;]<\/p>\n","protected":false},"author":2,"featured_media":0,"comment_status":"open","ping_status":"open","sticky":false,"template":"","format":"standard","meta":{"tdm_status":"","tdm_grid_status":"","footnotes":""},"categories":[70],"tags":[282,2677,671,876],"class_list":{"0":"post-16632","1":"post","2":"type-post","3":"status-publish","4":"format-standard","6":"category-de-opinion","7":"tag-corrupcion","8":"tag-jorge-arturo-rodriguez","9":"tag-papa-francisco","10":"tag-ricardo-ahued"},"yoast_head":"<!-- This site is optimized with the Yoast SEO plugin v27.4 - https:\/\/yoast.com\/product\/yoast-seo-wordpress\/ -->\n<title>La maldita corrupci\u00f3n - Los pol\u00edticos Veracruz<\/title>\n<meta name=\"robots\" content=\"index, follow, max-snippet:-1, max-image-preview:large, max-video-preview:-1\" \/>\n<link rel=\"canonical\" href=\"https:\/\/lospoliticosveracruz.com\/?p=16632\" \/>\n<meta property=\"og:locale\" content=\"es_ES\" \/>\n<meta property=\"og:type\" content=\"article\" \/>\n<meta property=\"og:title\" content=\"La maldita corrupci\u00f3n - Los pol\u00edticos Veracruz\" \/>\n<meta property=\"og:description\" content=\"Jorge Arturo Rodr\u00edguez Tierra de Babel Aparte de la advertencia sombr\u00eda de que la Tierra se est\u00e1 convirtiendo en un \u201cinmenso dep\u00f3sito de porquer\u00eda\u201d, el Papa Francisco fue contundente: \u201cNo es propio de habitantes de este planeta vivir cada vez m\u00e1s inundados de cemento, asfalto, vidrio y metales, privados del contacto f\u00edsico con la naturaleza\u201d. [&hellip;]\" \/>\n<meta property=\"og:url\" content=\"https:\/\/lospoliticosveracruz.com\/?p=16632\" \/>\n<meta property=\"og:site_name\" content=\"Los pol\u00edticos Veracruz\" \/>\n<meta property=\"article:publisher\" content=\"https:\/\/www.facebook.com\/people\/Notimemes-de-los-Polticos\/61565672886568\/\" \/>\n<meta property=\"article:published_time\" content=\"2015-06-25T02:09:14+00:00\" \/>\n<meta property=\"og:image\" content=\"http:\/\/www.lospoliticosveracruz.com.mx\/wp-content\/uploads\/2015\/06\/Papa-Francisco-300x150.jpg\" \/>\n<meta name=\"author\" content=\"Lo viste en Los Pol\u00edticos\" \/>\n<meta name=\"twitter:card\" content=\"summary_large_image\" \/>\n<meta name=\"twitter:creator\" content=\"@LosPoliticosVer\" \/>\n<meta name=\"twitter:site\" content=\"@LosPoliticosVer\" \/>\n<meta name=\"twitter:label1\" content=\"Escrito por\" \/>\n\t<meta name=\"twitter:data1\" content=\"Lo viste en Los Pol\u00edticos\" \/>\n\t<meta name=\"twitter:label2\" content=\"Tiempo de lectura\" \/>\n\t<meta name=\"twitter:data2\" content=\"3 minutos\" \/>\n<script type=\"application\/ld+json\" class=\"yoast-schema-graph\">{\"@context\":\"https:\\\/\\\/schema.org\",\"@graph\":[{\"@type\":\"Article\",\"@id\":\"https:\\\/\\\/lospoliticosveracruz.com\\\/?p=16632#article\",\"isPartOf\":{\"@id\":\"https:\\\/\\\/lospoliticosveracruz.com\\\/?p=16632\"},\"author\":{\"name\":\"Lo viste en Los Pol\u00edticos\",\"@id\":\"https:\\\/\\\/lospoliticosveracruz.com\\\/#\\\/schema\\\/person\\\/b8702bb0e538456e6efd07080bf2a4a2\"},\"headline\":\"La maldita corrupci\u00f3n\",\"datePublished\":\"2015-06-25T02:09:14+00:00\",\"mainEntityOfPage\":{\"@id\":\"https:\\\/\\\/lospoliticosveracruz.com\\\/?p=16632\"},\"wordCount\":599,\"commentCount\":0,\"publisher\":{\"@id\":\"https:\\\/\\\/lospoliticosveracruz.com\\\/#organization\"},\"image\":{\"@id\":\"https:\\\/\\\/lospoliticosveracruz.com\\\/?p=16632#primaryimage\"},\"thumbnailUrl\":\"http:\\\/\\\/www.lospoliticosveracruz.com.mx\\\/wp-content\\\/uploads\\\/2015\\\/06\\\/Papa-Francisco-300x150.jpg\",\"keywords\":[\"corrupci\u00f3n\",\"Jorge Arturo Rodr\u00edguez\",\"Papa Francisco\",\"Ricardo Ahued\"],\"articleSection\":[\"De Opini\u00f3n\"],\"inLanguage\":\"es\",\"potentialAction\":[{\"@type\":\"CommentAction\",\"name\":\"Comment\",\"target\":[\"https:\\\/\\\/lospoliticosveracruz.com\\\/?p=16632#respond\"]}]},{\"@type\":\"WebPage\",\"@id\":\"https:\\\/\\\/lospoliticosveracruz.com\\\/?p=16632\",\"url\":\"https:\\\/\\\/lospoliticosveracruz.com\\\/?p=16632\",\"name\":\"La maldita corrupci\u00f3n - Los pol\u00edticos Veracruz\",\"isPartOf\":{\"@id\":\"https:\\\/\\\/lospoliticosveracruz.com\\\/#website\"},\"primaryImageOfPage\":{\"@id\":\"https:\\\/\\\/lospoliticosveracruz.com\\\/?p=16632#primaryimage\"},\"image\":{\"@id\":\"https:\\\/\\\/lospoliticosveracruz.com\\\/?p=16632#primaryimage\"},\"thumbnailUrl\":\"http:\\\/\\\/www.lospoliticosveracruz.com.mx\\\/wp-content\\\/uploads\\\/2015\\\/06\\\/Papa-Francisco-300x150.jpg\",\"datePublished\":\"2015-06-25T02:09:14+00:00\",\"breadcrumb\":{\"@id\":\"https:\\\/\\\/lospoliticosveracruz.com\\\/?p=16632#breadcrumb\"},\"inLanguage\":\"es\",\"potentialAction\":[{\"@type\":\"ReadAction\",\"target\":[\"https:\\\/\\\/lospoliticosveracruz.com\\\/?p=16632\"]}]},{\"@type\":\"ImageObject\",\"inLanguage\":\"es\",\"@id\":\"https:\\\/\\\/lospoliticosveracruz.com\\\/?p=16632#primaryimage\",\"url\":\"http:\\\/\\\/www.lospoliticosveracruz.com.mx\\\/wp-content\\\/uploads\\\/2015\\\/06\\\/Papa-Francisco-300x150.jpg\",\"contentUrl\":\"http:\\\/\\\/www.lospoliticosveracruz.com.mx\\\/wp-content\\\/uploads\\\/2015\\\/06\\\/Papa-Francisco-300x150.jpg\"},{\"@type\":\"BreadcrumbList\",\"@id\":\"https:\\\/\\\/lospoliticosveracruz.com\\\/?p=16632#breadcrumb\",\"itemListElement\":[{\"@type\":\"ListItem\",\"position\":1,\"name\":\"Portada\",\"item\":\"https:\\\/\\\/lospoliticosveracruz.com\\\/\"},{\"@type\":\"ListItem\",\"position\":2,\"name\":\"La maldita corrupci\u00f3n\"}]},{\"@type\":\"WebSite\",\"@id\":\"https:\\\/\\\/lospoliticosveracruz.com\\\/#website\",\"url\":\"https:\\\/\\\/lospoliticosveracruz.com\\\/\",\"name\":\"Los pol\u00edticos Veracruz\",\"description\":\"\",\"publisher\":{\"@id\":\"https:\\\/\\\/lospoliticosveracruz.com\\\/#organization\"},\"potentialAction\":[{\"@type\":\"SearchAction\",\"target\":{\"@type\":\"EntryPoint\",\"urlTemplate\":\"https:\\\/\\\/lospoliticosveracruz.com\\\/?s={search_term_string}\"},\"query-input\":{\"@type\":\"PropertyValueSpecification\",\"valueRequired\":true,\"valueName\":\"search_term_string\"}}],\"inLanguage\":\"es\"},{\"@type\":\"Organization\",\"@id\":\"https:\\\/\\\/lospoliticosveracruz.com\\\/#organization\",\"name\":\"Los pol\u00edticos Veracruz\",\"url\":\"https:\\\/\\\/lospoliticosveracruz.com\\\/\",\"logo\":{\"@type\":\"ImageObject\",\"inLanguage\":\"es\",\"@id\":\"https:\\\/\\\/lospoliticosveracruz.com\\\/#\\\/schema\\\/logo\\\/image\\\/\",\"url\":\"https:\\\/\\\/lospoliticosveracruz.com\\\/wp-content\\\/uploads\\\/2025\\\/12\\\/Logo-Nuevo-LOS-POLITICOS-1.jpg\",\"contentUrl\":\"https:\\\/\\\/lospoliticosveracruz.com\\\/wp-content\\\/uploads\\\/2025\\\/12\\\/Logo-Nuevo-LOS-POLITICOS-1.jpg\",\"width\":260,\"height\":70,\"caption\":\"Los pol\u00edticos Veracruz\"},\"image\":{\"@id\":\"https:\\\/\\\/lospoliticosveracruz.com\\\/#\\\/schema\\\/logo\\\/image\\\/\"},\"sameAs\":[\"https:\\\/\\\/www.facebook.com\\\/people\\\/Notimemes-de-los-Polticos\\\/61565672886568\\\/\",\"https:\\\/\\\/x.com\\\/LosPoliticosVer\"]},{\"@type\":\"Person\",\"@id\":\"https:\\\/\\\/lospoliticosveracruz.com\\\/#\\\/schema\\\/person\\\/b8702bb0e538456e6efd07080bf2a4a2\",\"name\":\"Lo viste en Los Pol\u00edticos\",\"image\":{\"@type\":\"ImageObject\",\"inLanguage\":\"es\",\"@id\":\"https:\\\/\\\/secure.gravatar.com\\\/avatar\\\/3a8de04a2656d44082be478bd6c086daa447c4651605818287b9532d3d0bd435?s=96&d=mm&r=g\",\"url\":\"https:\\\/\\\/secure.gravatar.com\\\/avatar\\\/3a8de04a2656d44082be478bd6c086daa447c4651605818287b9532d3d0bd435?s=96&d=mm&r=g\",\"contentUrl\":\"https:\\\/\\\/secure.gravatar.com\\\/avatar\\\/3a8de04a2656d44082be478bd6c086daa447c4651605818287b9532d3d0bd435?s=96&d=mm&r=g\",\"caption\":\"Lo viste en Los Pol\u00edticos\"},\"url\":\"https:\\\/\\\/lospoliticosveracruz.com\\\/?author=2\"}]}<\/script>\n<!-- \/ Yoast SEO plugin. -->","yoast_head_json":{"title":"La maldita corrupci\u00f3n - Los pol\u00edticos Veracruz","robots":{"index":"index","follow":"follow","max-snippet":"max-snippet:-1","max-image-preview":"max-image-preview:large","max-video-preview":"max-video-preview:-1"},"canonical":"https:\/\/lospoliticosveracruz.com\/?p=16632","og_locale":"es_ES","og_type":"article","og_title":"La maldita corrupci\u00f3n - Los pol\u00edticos Veracruz","og_description":"Jorge Arturo Rodr\u00edguez Tierra de Babel Aparte de la advertencia sombr\u00eda de que la Tierra se est\u00e1 convirtiendo en un \u201cinmenso dep\u00f3sito de porquer\u00eda\u201d, el Papa Francisco fue contundente: \u201cNo es propio de habitantes de este planeta vivir cada vez m\u00e1s inundados de cemento, asfalto, vidrio y metales, privados del contacto f\u00edsico con la naturaleza\u201d. [&hellip;]","og_url":"https:\/\/lospoliticosveracruz.com\/?p=16632","og_site_name":"Los pol\u00edticos Veracruz","article_publisher":"https:\/\/www.facebook.com\/people\/Notimemes-de-los-Polticos\/61565672886568\/","article_published_time":"2015-06-25T02:09:14+00:00","og_image":[{"url":"http:\/\/www.lospoliticosveracruz.com.mx\/wp-content\/uploads\/2015\/06\/Papa-Francisco-300x150.jpg","type":"","width":"","height":""}],"author":"Lo viste en Los Pol\u00edticos","twitter_card":"summary_large_image","twitter_creator":"@LosPoliticosVer","twitter_site":"@LosPoliticosVer","twitter_misc":{"Escrito por":"Lo viste en Los Pol\u00edticos","Tiempo de lectura":"3 minutos"},"schema":{"@context":"https:\/\/schema.org","@graph":[{"@type":"Article","@id":"https:\/\/lospoliticosveracruz.com\/?p=16632#article","isPartOf":{"@id":"https:\/\/lospoliticosveracruz.com\/?p=16632"},"author":{"name":"Lo viste en Los Pol\u00edticos","@id":"https:\/\/lospoliticosveracruz.com\/#\/schema\/person\/b8702bb0e538456e6efd07080bf2a4a2"},"headline":"La maldita corrupci\u00f3n","datePublished":"2015-06-25T02:09:14+00:00","mainEntityOfPage":{"@id":"https:\/\/lospoliticosveracruz.com\/?p=16632"},"wordCount":599,"commentCount":0,"publisher":{"@id":"https:\/\/lospoliticosveracruz.com\/#organization"},"image":{"@id":"https:\/\/lospoliticosveracruz.com\/?p=16632#primaryimage"},"thumbnailUrl":"http:\/\/www.lospoliticosveracruz.com.mx\/wp-content\/uploads\/2015\/06\/Papa-Francisco-300x150.jpg","keywords":["corrupci\u00f3n","Jorge Arturo Rodr\u00edguez","Papa Francisco","Ricardo Ahued"],"articleSection":["De Opini\u00f3n"],"inLanguage":"es","potentialAction":[{"@type":"CommentAction","name":"Comment","target":["https:\/\/lospoliticosveracruz.com\/?p=16632#respond"]}]},{"@type":"WebPage","@id":"https:\/\/lospoliticosveracruz.com\/?p=16632","url":"https:\/\/lospoliticosveracruz.com\/?p=16632","name":"La maldita corrupci\u00f3n - Los pol\u00edticos Veracruz","isPartOf":{"@id":"https:\/\/lospoliticosveracruz.com\/#website"},"primaryImageOfPage":{"@id":"https:\/\/lospoliticosveracruz.com\/?p=16632#primaryimage"},"image":{"@id":"https:\/\/lospoliticosveracruz.com\/?p=16632#primaryimage"},"thumbnailUrl":"http:\/\/www.lospoliticosveracruz.com.mx\/wp-content\/uploads\/2015\/06\/Papa-Francisco-300x150.jpg","datePublished":"2015-06-25T02:09:14+00:00","breadcrumb":{"@id":"https:\/\/lospoliticosveracruz.com\/?p=16632#breadcrumb"},"inLanguage":"es","potentialAction":[{"@type":"ReadAction","target":["https:\/\/lospoliticosveracruz.com\/?p=16632"]}]},{"@type":"ImageObject","inLanguage":"es","@id":"https:\/\/lospoliticosveracruz.com\/?p=16632#primaryimage","url":"http:\/\/www.lospoliticosveracruz.com.mx\/wp-content\/uploads\/2015\/06\/Papa-Francisco-300x150.jpg","contentUrl":"http:\/\/www.lospoliticosveracruz.com.mx\/wp-content\/uploads\/2015\/06\/Papa-Francisco-300x150.jpg"},{"@type":"BreadcrumbList","@id":"https:\/\/lospoliticosveracruz.com\/?p=16632#breadcrumb","itemListElement":[{"@type":"ListItem","position":1,"name":"Portada","item":"https:\/\/lospoliticosveracruz.com\/"},{"@type":"ListItem","position":2,"name":"La maldita corrupci\u00f3n"}]},{"@type":"WebSite","@id":"https:\/\/lospoliticosveracruz.com\/#website","url":"https:\/\/lospoliticosveracruz.com\/","name":"Los pol\u00edticos Veracruz","description":"","publisher":{"@id":"https:\/\/lospoliticosveracruz.com\/#organization"},"potentialAction":[{"@type":"SearchAction","target":{"@type":"EntryPoint","urlTemplate":"https:\/\/lospoliticosveracruz.com\/?s={search_term_string}"},"query-input":{"@type":"PropertyValueSpecification","valueRequired":true,"valueName":"search_term_string"}}],"inLanguage":"es"},{"@type":"Organization","@id":"https:\/\/lospoliticosveracruz.com\/#organization","name":"Los pol\u00edticos Veracruz","url":"https:\/\/lospoliticosveracruz.com\/","logo":{"@type":"ImageObject","inLanguage":"es","@id":"https:\/\/lospoliticosveracruz.com\/#\/schema\/logo\/image\/","url":"https:\/\/lospoliticosveracruz.com\/wp-content\/uploads\/2025\/12\/Logo-Nuevo-LOS-POLITICOS-1.jpg","contentUrl":"https:\/\/lospoliticosveracruz.com\/wp-content\/uploads\/2025\/12\/Logo-Nuevo-LOS-POLITICOS-1.jpg","width":260,"height":70,"caption":"Los pol\u00edticos Veracruz"},"image":{"@id":"https:\/\/lospoliticosveracruz.com\/#\/schema\/logo\/image\/"},"sameAs":["https:\/\/www.facebook.com\/people\/Notimemes-de-los-Polticos\/61565672886568\/","https:\/\/x.com\/LosPoliticosVer"]},{"@type":"Person","@id":"https:\/\/lospoliticosveracruz.com\/#\/schema\/person\/b8702bb0e538456e6efd07080bf2a4a2","name":"Lo viste en Los Pol\u00edticos","image":{"@type":"ImageObject","inLanguage":"es","@id":"https:\/\/secure.gravatar.com\/avatar\/3a8de04a2656d44082be478bd6c086daa447c4651605818287b9532d3d0bd435?s=96&d=mm&r=g","url":"https:\/\/secure.gravatar.com\/avatar\/3a8de04a2656d44082be478bd6c086daa447c4651605818287b9532d3d0bd435?s=96&d=mm&r=g","contentUrl":"https:\/\/secure.gravatar.com\/avatar\/3a8de04a2656d44082be478bd6c086daa447c4651605818287b9532d3d0bd435?s=96&d=mm&r=g","caption":"Lo viste en Los Pol\u00edticos"},"url":"https:\/\/lospoliticosveracruz.com\/?author=2"}]}},"_links":{"self":[{"href":"https:\/\/lospoliticosveracruz.com\/index.php?rest_route=\/wp\/v2\/posts\/16632","targetHints":{"allow":["GET"]}}],"collection":[{"href":"https:\/\/lospoliticosveracruz.com\/index.php?rest_route=\/wp\/v2\/posts"}],"about":[{"href":"https:\/\/lospoliticosveracruz.com\/index.php?rest_route=\/wp\/v2\/types\/post"}],"author":[{"embeddable":true,"href":"https:\/\/lospoliticosveracruz.com\/index.php?rest_route=\/wp\/v2\/users\/2"}],"replies":[{"embeddable":true,"href":"https:\/\/lospoliticosveracruz.com\/index.php?rest_route=%2Fwp%2Fv2%2Fcomments&post=16632"}],"version-history":[{"count":1,"href":"https:\/\/lospoliticosveracruz.com\/index.php?rest_route=\/wp\/v2\/posts\/16632\/revisions"}],"predecessor-version":[{"id":16634,"href":"https:\/\/lospoliticosveracruz.com\/index.php?rest_route=\/wp\/v2\/posts\/16632\/revisions\/16634"}],"wp:attachment":[{"href":"https:\/\/lospoliticosveracruz.com\/index.php?rest_route=%2Fwp%2Fv2%2Fmedia&parent=16632"}],"wp:term":[{"taxonomy":"category","embeddable":true,"href":"https:\/\/lospoliticosveracruz.com\/index.php?rest_route=%2Fwp%2Fv2%2Fcategories&post=16632"},{"taxonomy":"post_tag","embeddable":true,"href":"https:\/\/lospoliticosveracruz.com\/index.php?rest_route=%2Fwp%2Fv2%2Ftags&post=16632"}],"curies":[{"name":"wp","href":"https:\/\/api.w.org\/{rel}","templated":true}]}}