{"id":166335,"date":"2026-03-17T10:30:40","date_gmt":"2026-03-17T16:30:40","guid":{"rendered":"https:\/\/lospoliticosveracruz.com\/?p=166335"},"modified":"2026-03-17T10:30:41","modified_gmt":"2026-03-17T16:30:41","slug":"saquen-su-rita","status":"publish","type":"post","link":"https:\/\/lospoliticosveracruz.com\/?p=166335","title":{"rendered":"SAQUEN SU RITA!"},"content":{"rendered":"\n<p><strong>Angeles Gonz\u00e1lez Ceballos<\/strong><\/p>\n\n\n\n<p>El coordinador estatal de Becas del Bienestar en Veracruz, Carlos Alberto Villa, dio a conocer que durante los d\u00edas 17, 18 y 19 de marzo habr\u00e1 m\u00f3dulos de registro presenciales en todo el Estado, para que los estudiantes de primaria puedan recibir la beca Rita Zetina.<\/p>\n\n\n\n<p>En conferencia de prensa, el funcionario destac\u00f3 que adem\u00e1s del registro presencial, los padres y madres de familia pueden hacer el registro en l\u00ednea en la p\u00e1gina&nbsp;<a href=\"http:\/\/www.becaritazetina.gob.mx\/\">www.becaritazetina.gob.mx<\/a>&nbsp;pero destac\u00f3 que los m\u00f3dulos estar\u00e1n en todo el estado de las 9 de la ma\u00f1ana a las 6 de la tarde, as\u00ed como los registros que har\u00e1n escuela por escuela.<\/p>\n\n\n\n<p>\u00a8La beca Rita Zetina es una beca para estudiantes de \u00fatiles y uniformes para todas y todos los estudiantes de primero a sexto a\u00f1o de primaria, es una beca de 2 mil 500 pesos por estudiante, pero si una familia tiene dos estudiantes recibe 5 mil y as\u00ed sucesivamente.<\/p>\n\n\n\n<p>El registro va muy bien, a nivel nacional ya van m\u00e1s de 5 millones de personas que han registrado a sus estudiantes a la beca. Nosotros muy contentos de que ahora en esta estrategia por tierra, tambi\u00e9n levantemos registros y ning\u00fan estudiante se quede sin su beca\u00a8, destac\u00f3.<\/p>\n\n\n\n<p>Carlos Alberto Villa detall\u00f3 que en Veracruz, la meta es de 390 mil estudiantes que se deber\u00e1n registrar para recibir esta beca, pero puntualiz\u00f3 que hoy 3 de cada 4 padres y madres de familia, ya se registraron, pero con los m\u00f3dulos presenciales, lo que buscan es cumplir el total de los registros.<\/p>\n\n\n\n<p>\u00a8El registro cierra el jueves 19 de marzo, es muy importante que hagan el registro antes, la entrega de las tarjetas ser\u00e1 en mayo y junio y los dep\u00f3sitos del monto de las becas se va a recibir en los \u00faltimos d\u00edas de agosto, por ser una beca de \u00fatiles y uniformes, ese es el momento en que las familias est\u00e1n en la compra de \u00fatiles y uniformes. Son 2 mil 500 por estudiante\u00a8, subray\u00f3.<\/p>\n\n\n\n<p>Para la b\u00fasqueda de los m\u00f3dulos, el funcionario federal manifest\u00f3 que existe la p\u00e1gina: buscador.becasbenitojuarez.gob.mx\/sedesdeatencion en donde cualquier persona puede entrar al municipio y le aparecer\u00e1 los sitios de los m\u00f3dulos de atenci\u00f3n.<\/p>\n\n\n\n<p>En Xalapa se instalaron este martes 10 m\u00f3dulos, uno en el parque Ju\u00e1rez, en la Benem\u00e9rita Escuela Normal Veracruzana, en la congregaci\u00f3n de El Castillo, la oficina de Becas, en la avenida L\u00e1zaro C\u00e1rdenas, frente a plaza Am\u00e9ricas, entre otros.<\/p>\n\n\n\n<p>Para los m\u00f3dulos itinerantes deber\u00e1n llevar acta de nacimiento del padre, madre o tutor, estudiante o estudiantes, CURPs, de pap\u00e1, mam\u00e1 o tutor, estudiante o estudiantes, comprobante de domicilio, INE de los padres o tutores, as\u00ed como el nombre y clave del plantel escolar.<\/p>\n\n\n\n<p>Finalmente, puntualiz\u00f3 que una vez que se cierre el registro este jueves, no habr\u00e1 manera de ingresar los datos de los estudiantes hasta el siguiente a\u00f1o.<\/p>\n\n\n\n<p><\/p>\n","protected":false},"excerpt":{"rendered":"<p>Angeles Gonz\u00e1lez Ceballos El coordinador estatal de Becas del Bienestar en Veracruz, Carlos Alberto Villa, dio a conocer que durante los d\u00edas 17, 18 y 19 de marzo habr\u00e1 m\u00f3dulos de registro presenciales en todo el Estado, para que los estudiantes de primaria puedan recibir la beca Rita Zetina. En conferencia de prensa, el funcionario [&hellip;]<\/p>\n","protected":false},"author":2,"featured_media":166336,"comment_status":"closed","ping_status":"closed","sticky":false,"template":"","format":"standard","meta":{"tdm_status":"","tdm_grid_status":"","footnotes":""},"categories":[6446],"tags":[57722,57723,57724,57725,57721],"class_list":{"0":"post-166335","1":"post","2":"type-post","3":"status-publish","4":"format-standard","5":"has-post-thumbnail","7":"category-la-nota","8":"tag-beca-rita-zetina-primaria-2026","9":"tag-becas-del-bienestar-estudiantes-primaria","10":"tag-carlos-alberto-villa-coordinador-estatal","11":"tag-monto-2500-pesos-utiles-y-uniformes","12":"tag-registro-modulos-presenciales-veracruz"},"yoast_head":"<!-- This site is optimized with the Yoast SEO plugin v27.4 - https:\/\/yoast.com\/product\/yoast-seo-wordpress\/ -->\n<title>SAQUEN SU RITA! - Los pol\u00edticos Veracruz<\/title>\n<meta name=\"robots\" content=\"index, follow, max-snippet:-1, max-image-preview:large, max-video-preview:-1\" \/>\n<link rel=\"canonical\" href=\"https:\/\/lospoliticosveracruz.com\/?p=166335\" \/>\n<meta property=\"og:locale\" content=\"es_ES\" \/>\n<meta property=\"og:type\" content=\"article\" \/>\n<meta property=\"og:title\" content=\"SAQUEN SU RITA! - Los pol\u00edticos Veracruz\" \/>\n<meta property=\"og:description\" content=\"Angeles Gonz\u00e1lez Ceballos El coordinador estatal de Becas del Bienestar en Veracruz, Carlos Alberto Villa, dio a conocer que durante los d\u00edas 17, 18 y 19 de marzo habr\u00e1 m\u00f3dulos de registro presenciales en todo el Estado, para que los estudiantes de primaria puedan recibir la beca Rita Zetina. En conferencia de prensa, el funcionario [&hellip;]\" \/>\n<meta property=\"og:url\" content=\"https:\/\/lospoliticosveracruz.com\/?p=166335\" \/>\n<meta property=\"og:site_name\" content=\"Los pol\u00edticos Veracruz\" \/>\n<meta property=\"article:publisher\" content=\"https:\/\/www.facebook.com\/people\/Notimemes-de-los-Polticos\/61565672886568\/\" \/>\n<meta property=\"article:published_time\" content=\"2026-03-17T16:30:40+00:00\" \/>\n<meta property=\"article:modified_time\" content=\"2026-03-17T16:30:41+00:00\" \/>\n<meta property=\"og:image\" content=\"https:\/\/lospoliticosveracruz.com\/wp-content\/uploads\/2026\/03\/Beca-Rita.jpg\" \/>\n\t<meta property=\"og:image:width\" content=\"600\" \/>\n\t<meta property=\"og:image:height\" content=\"320\" \/>\n\t<meta property=\"og:image:type\" content=\"image\/jpeg\" \/>\n<meta name=\"author\" content=\"Lo viste en Los Pol\u00edticos\" \/>\n<meta name=\"twitter:card\" content=\"summary_large_image\" \/>\n<meta name=\"twitter:creator\" content=\"@LosPoliticosVer\" \/>\n<meta name=\"twitter:site\" content=\"@LosPoliticosVer\" \/>\n<meta name=\"twitter:label1\" content=\"Escrito por\" \/>\n\t<meta name=\"twitter:data1\" content=\"Lo viste en Los Pol\u00edticos\" \/>\n\t<meta name=\"twitter:label2\" content=\"Tiempo de lectura\" \/>\n\t<meta name=\"twitter:data2\" content=\"3 minutos\" \/>\n<script type=\"application\/ld+json\" class=\"yoast-schema-graph\">{\"@context\":\"https:\\\/\\\/schema.org\",\"@graph\":[{\"@type\":\"Article\",\"@id\":\"https:\\\/\\\/lospoliticosveracruz.com\\\/?p=166335#article\",\"isPartOf\":{\"@id\":\"https:\\\/\\\/lospoliticosveracruz.com\\\/?p=166335\"},\"author\":{\"name\":\"Lo viste en Los Pol\u00edticos\",\"@id\":\"https:\\\/\\\/lospoliticosveracruz.com\\\/#\\\/schema\\\/person\\\/b8702bb0e538456e6efd07080bf2a4a2\"},\"headline\":\"SAQUEN SU RITA!\",\"datePublished\":\"2026-03-17T16:30:40+00:00\",\"dateModified\":\"2026-03-17T16:30:41+00:00\",\"mainEntityOfPage\":{\"@id\":\"https:\\\/\\\/lospoliticosveracruz.com\\\/?p=166335\"},\"wordCount\":506,\"publisher\":{\"@id\":\"https:\\\/\\\/lospoliticosveracruz.com\\\/#organization\"},\"image\":{\"@id\":\"https:\\\/\\\/lospoliticosveracruz.com\\\/?p=166335#primaryimage\"},\"thumbnailUrl\":\"https:\\\/\\\/lospoliticosveracruz.com\\\/wp-content\\\/uploads\\\/2026\\\/03\\\/Beca-Rita.jpg\",\"keywords\":[\"beca Rita Zetina primaria 2026\",\"Becas del Bienestar estudiantes primaria\",\"Carlos Alberto Villa coordinador estatal\",\"monto 2500 pesos \u00fatiles y uniformes\",\"registro m\u00f3dulos presenciales Veracruz\"],\"articleSection\":[\"La Nota\"],\"inLanguage\":\"es\"},{\"@type\":\"WebPage\",\"@id\":\"https:\\\/\\\/lospoliticosveracruz.com\\\/?p=166335\",\"url\":\"https:\\\/\\\/lospoliticosveracruz.com\\\/?p=166335\",\"name\":\"SAQUEN SU RITA! - Los pol\u00edticos Veracruz\",\"isPartOf\":{\"@id\":\"https:\\\/\\\/lospoliticosveracruz.com\\\/#website\"},\"primaryImageOfPage\":{\"@id\":\"https:\\\/\\\/lospoliticosveracruz.com\\\/?p=166335#primaryimage\"},\"image\":{\"@id\":\"https:\\\/\\\/lospoliticosveracruz.com\\\/?p=166335#primaryimage\"},\"thumbnailUrl\":\"https:\\\/\\\/lospoliticosveracruz.com\\\/wp-content\\\/uploads\\\/2026\\\/03\\\/Beca-Rita.jpg\",\"datePublished\":\"2026-03-17T16:30:40+00:00\",\"dateModified\":\"2026-03-17T16:30:41+00:00\",\"breadcrumb\":{\"@id\":\"https:\\\/\\\/lospoliticosveracruz.com\\\/?p=166335#breadcrumb\"},\"inLanguage\":\"es\",\"potentialAction\":[{\"@type\":\"ReadAction\",\"target\":[\"https:\\\/\\\/lospoliticosveracruz.com\\\/?p=166335\"]}]},{\"@type\":\"ImageObject\",\"inLanguage\":\"es\",\"@id\":\"https:\\\/\\\/lospoliticosveracruz.com\\\/?p=166335#primaryimage\",\"url\":\"https:\\\/\\\/lospoliticosveracruz.com\\\/wp-content\\\/uploads\\\/2026\\\/03\\\/Beca-Rita.jpg\",\"contentUrl\":\"https:\\\/\\\/lospoliticosveracruz.com\\\/wp-content\\\/uploads\\\/2026\\\/03\\\/Beca-Rita.jpg\",\"width\":600,\"height\":320},{\"@type\":\"BreadcrumbList\",\"@id\":\"https:\\\/\\\/lospoliticosveracruz.com\\\/?p=166335#breadcrumb\",\"itemListElement\":[{\"@type\":\"ListItem\",\"position\":1,\"name\":\"Portada\",\"item\":\"https:\\\/\\\/lospoliticosveracruz.com\\\/\"},{\"@type\":\"ListItem\",\"position\":2,\"name\":\"SAQUEN SU RITA!\"}]},{\"@type\":\"WebSite\",\"@id\":\"https:\\\/\\\/lospoliticosveracruz.com\\\/#website\",\"url\":\"https:\\\/\\\/lospoliticosveracruz.com\\\/\",\"name\":\"Los pol\u00edticos Veracruz\",\"description\":\"\",\"publisher\":{\"@id\":\"https:\\\/\\\/lospoliticosveracruz.com\\\/#organization\"},\"potentialAction\":[{\"@type\":\"SearchAction\",\"target\":{\"@type\":\"EntryPoint\",\"urlTemplate\":\"https:\\\/\\\/lospoliticosveracruz.com\\\/?s={search_term_string}\"},\"query-input\":{\"@type\":\"PropertyValueSpecification\",\"valueRequired\":true,\"valueName\":\"search_term_string\"}}],\"inLanguage\":\"es\"},{\"@type\":\"Organization\",\"@id\":\"https:\\\/\\\/lospoliticosveracruz.com\\\/#organization\",\"name\":\"Los pol\u00edticos Veracruz\",\"url\":\"https:\\\/\\\/lospoliticosveracruz.com\\\/\",\"logo\":{\"@type\":\"ImageObject\",\"inLanguage\":\"es\",\"@id\":\"https:\\\/\\\/lospoliticosveracruz.com\\\/#\\\/schema\\\/logo\\\/image\\\/\",\"url\":\"https:\\\/\\\/lospoliticosveracruz.com\\\/wp-content\\\/uploads\\\/2025\\\/12\\\/Logo-Nuevo-LOS-POLITICOS-1.jpg\",\"contentUrl\":\"https:\\\/\\\/lospoliticosveracruz.com\\\/wp-content\\\/uploads\\\/2025\\\/12\\\/Logo-Nuevo-LOS-POLITICOS-1.jpg\",\"width\":260,\"height\":70,\"caption\":\"Los pol\u00edticos Veracruz\"},\"image\":{\"@id\":\"https:\\\/\\\/lospoliticosveracruz.com\\\/#\\\/schema\\\/logo\\\/image\\\/\"},\"sameAs\":[\"https:\\\/\\\/www.facebook.com\\\/people\\\/Notimemes-de-los-Polticos\\\/61565672886568\\\/\",\"https:\\\/\\\/x.com\\\/LosPoliticosVer\"]},{\"@type\":\"Person\",\"@id\":\"https:\\\/\\\/lospoliticosveracruz.com\\\/#\\\/schema\\\/person\\\/b8702bb0e538456e6efd07080bf2a4a2\",\"name\":\"Lo viste en Los Pol\u00edticos\",\"image\":{\"@type\":\"ImageObject\",\"inLanguage\":\"es\",\"@id\":\"https:\\\/\\\/secure.gravatar.com\\\/avatar\\\/3a8de04a2656d44082be478bd6c086daa447c4651605818287b9532d3d0bd435?s=96&d=mm&r=g\",\"url\":\"https:\\\/\\\/secure.gravatar.com\\\/avatar\\\/3a8de04a2656d44082be478bd6c086daa447c4651605818287b9532d3d0bd435?s=96&d=mm&r=g\",\"contentUrl\":\"https:\\\/\\\/secure.gravatar.com\\\/avatar\\\/3a8de04a2656d44082be478bd6c086daa447c4651605818287b9532d3d0bd435?s=96&d=mm&r=g\",\"caption\":\"Lo viste en Los Pol\u00edticos\"},\"url\":\"https:\\\/\\\/lospoliticosveracruz.com\\\/?author=2\"}]}<\/script>\n<!-- \/ Yoast SEO plugin. -->","yoast_head_json":{"title":"SAQUEN SU RITA! - Los pol\u00edticos Veracruz","robots":{"index":"index","follow":"follow","max-snippet":"max-snippet:-1","max-image-preview":"max-image-preview:large","max-video-preview":"max-video-preview:-1"},"canonical":"https:\/\/lospoliticosveracruz.com\/?p=166335","og_locale":"es_ES","og_type":"article","og_title":"SAQUEN SU RITA! - Los pol\u00edticos Veracruz","og_description":"Angeles Gonz\u00e1lez Ceballos El coordinador estatal de Becas del Bienestar en Veracruz, Carlos Alberto Villa, dio a conocer que durante los d\u00edas 17, 18 y 19 de marzo habr\u00e1 m\u00f3dulos de registro presenciales en todo el Estado, para que los estudiantes de primaria puedan recibir la beca Rita Zetina. En conferencia de prensa, el funcionario [&hellip;]","og_url":"https:\/\/lospoliticosveracruz.com\/?p=166335","og_site_name":"Los pol\u00edticos Veracruz","article_publisher":"https:\/\/www.facebook.com\/people\/Notimemes-de-los-Polticos\/61565672886568\/","article_published_time":"2026-03-17T16:30:40+00:00","article_modified_time":"2026-03-17T16:30:41+00:00","og_image":[{"width":600,"height":320,"url":"https:\/\/lospoliticosveracruz.com\/wp-content\/uploads\/2026\/03\/Beca-Rita.jpg","type":"image\/jpeg"}],"author":"Lo viste en Los Pol\u00edticos","twitter_card":"summary_large_image","twitter_creator":"@LosPoliticosVer","twitter_site":"@LosPoliticosVer","twitter_misc":{"Escrito por":"Lo viste en Los Pol\u00edticos","Tiempo de lectura":"3 minutos"},"schema":{"@context":"https:\/\/schema.org","@graph":[{"@type":"Article","@id":"https:\/\/lospoliticosveracruz.com\/?p=166335#article","isPartOf":{"@id":"https:\/\/lospoliticosveracruz.com\/?p=166335"},"author":{"name":"Lo viste en Los Pol\u00edticos","@id":"https:\/\/lospoliticosveracruz.com\/#\/schema\/person\/b8702bb0e538456e6efd07080bf2a4a2"},"headline":"SAQUEN SU RITA!","datePublished":"2026-03-17T16:30:40+00:00","dateModified":"2026-03-17T16:30:41+00:00","mainEntityOfPage":{"@id":"https:\/\/lospoliticosveracruz.com\/?p=166335"},"wordCount":506,"publisher":{"@id":"https:\/\/lospoliticosveracruz.com\/#organization"},"image":{"@id":"https:\/\/lospoliticosveracruz.com\/?p=166335#primaryimage"},"thumbnailUrl":"https:\/\/lospoliticosveracruz.com\/wp-content\/uploads\/2026\/03\/Beca-Rita.jpg","keywords":["beca Rita Zetina primaria 2026","Becas del Bienestar estudiantes primaria","Carlos Alberto Villa coordinador estatal","monto 2500 pesos \u00fatiles y uniformes","registro m\u00f3dulos presenciales Veracruz"],"articleSection":["La Nota"],"inLanguage":"es"},{"@type":"WebPage","@id":"https:\/\/lospoliticosveracruz.com\/?p=166335","url":"https:\/\/lospoliticosveracruz.com\/?p=166335","name":"SAQUEN SU RITA! - Los pol\u00edticos Veracruz","isPartOf":{"@id":"https:\/\/lospoliticosveracruz.com\/#website"},"primaryImageOfPage":{"@id":"https:\/\/lospoliticosveracruz.com\/?p=166335#primaryimage"},"image":{"@id":"https:\/\/lospoliticosveracruz.com\/?p=166335#primaryimage"},"thumbnailUrl":"https:\/\/lospoliticosveracruz.com\/wp-content\/uploads\/2026\/03\/Beca-Rita.jpg","datePublished":"2026-03-17T16:30:40+00:00","dateModified":"2026-03-17T16:30:41+00:00","breadcrumb":{"@id":"https:\/\/lospoliticosveracruz.com\/?p=166335#breadcrumb"},"inLanguage":"es","potentialAction":[{"@type":"ReadAction","target":["https:\/\/lospoliticosveracruz.com\/?p=166335"]}]},{"@type":"ImageObject","inLanguage":"es","@id":"https:\/\/lospoliticosveracruz.com\/?p=166335#primaryimage","url":"https:\/\/lospoliticosveracruz.com\/wp-content\/uploads\/2026\/03\/Beca-Rita.jpg","contentUrl":"https:\/\/lospoliticosveracruz.com\/wp-content\/uploads\/2026\/03\/Beca-Rita.jpg","width":600,"height":320},{"@type":"BreadcrumbList","@id":"https:\/\/lospoliticosveracruz.com\/?p=166335#breadcrumb","itemListElement":[{"@type":"ListItem","position":1,"name":"Portada","item":"https:\/\/lospoliticosveracruz.com\/"},{"@type":"ListItem","position":2,"name":"SAQUEN SU RITA!"}]},{"@type":"WebSite","@id":"https:\/\/lospoliticosveracruz.com\/#website","url":"https:\/\/lospoliticosveracruz.com\/","name":"Los pol\u00edticos Veracruz","description":"","publisher":{"@id":"https:\/\/lospoliticosveracruz.com\/#organization"},"potentialAction":[{"@type":"SearchAction","target":{"@type":"EntryPoint","urlTemplate":"https:\/\/lospoliticosveracruz.com\/?s={search_term_string}"},"query-input":{"@type":"PropertyValueSpecification","valueRequired":true,"valueName":"search_term_string"}}],"inLanguage":"es"},{"@type":"Organization","@id":"https:\/\/lospoliticosveracruz.com\/#organization","name":"Los pol\u00edticos Veracruz","url":"https:\/\/lospoliticosveracruz.com\/","logo":{"@type":"ImageObject","inLanguage":"es","@id":"https:\/\/lospoliticosveracruz.com\/#\/schema\/logo\/image\/","url":"https:\/\/lospoliticosveracruz.com\/wp-content\/uploads\/2025\/12\/Logo-Nuevo-LOS-POLITICOS-1.jpg","contentUrl":"https:\/\/lospoliticosveracruz.com\/wp-content\/uploads\/2025\/12\/Logo-Nuevo-LOS-POLITICOS-1.jpg","width":260,"height":70,"caption":"Los pol\u00edticos Veracruz"},"image":{"@id":"https:\/\/lospoliticosveracruz.com\/#\/schema\/logo\/image\/"},"sameAs":["https:\/\/www.facebook.com\/people\/Notimemes-de-los-Polticos\/61565672886568\/","https:\/\/x.com\/LosPoliticosVer"]},{"@type":"Person","@id":"https:\/\/lospoliticosveracruz.com\/#\/schema\/person\/b8702bb0e538456e6efd07080bf2a4a2","name":"Lo viste en Los Pol\u00edticos","image":{"@type":"ImageObject","inLanguage":"es","@id":"https:\/\/secure.gravatar.com\/avatar\/3a8de04a2656d44082be478bd6c086daa447c4651605818287b9532d3d0bd435?s=96&d=mm&r=g","url":"https:\/\/secure.gravatar.com\/avatar\/3a8de04a2656d44082be478bd6c086daa447c4651605818287b9532d3d0bd435?s=96&d=mm&r=g","contentUrl":"https:\/\/secure.gravatar.com\/avatar\/3a8de04a2656d44082be478bd6c086daa447c4651605818287b9532d3d0bd435?s=96&d=mm&r=g","caption":"Lo viste en Los Pol\u00edticos"},"url":"https:\/\/lospoliticosveracruz.com\/?author=2"}]}},"_links":{"self":[{"href":"https:\/\/lospoliticosveracruz.com\/index.php?rest_route=\/wp\/v2\/posts\/166335","targetHints":{"allow":["GET"]}}],"collection":[{"href":"https:\/\/lospoliticosveracruz.com\/index.php?rest_route=\/wp\/v2\/posts"}],"about":[{"href":"https:\/\/lospoliticosveracruz.com\/index.php?rest_route=\/wp\/v2\/types\/post"}],"author":[{"embeddable":true,"href":"https:\/\/lospoliticosveracruz.com\/index.php?rest_route=\/wp\/v2\/users\/2"}],"replies":[{"embeddable":true,"href":"https:\/\/lospoliticosveracruz.com\/index.php?rest_route=%2Fwp%2Fv2%2Fcomments&post=166335"}],"version-history":[{"count":1,"href":"https:\/\/lospoliticosveracruz.com\/index.php?rest_route=\/wp\/v2\/posts\/166335\/revisions"}],"predecessor-version":[{"id":166337,"href":"https:\/\/lospoliticosveracruz.com\/index.php?rest_route=\/wp\/v2\/posts\/166335\/revisions\/166337"}],"wp:featuredmedia":[{"embeddable":true,"href":"https:\/\/lospoliticosveracruz.com\/index.php?rest_route=\/wp\/v2\/media\/166336"}],"wp:attachment":[{"href":"https:\/\/lospoliticosveracruz.com\/index.php?rest_route=%2Fwp%2Fv2%2Fmedia&parent=166335"}],"wp:term":[{"taxonomy":"category","embeddable":true,"href":"https:\/\/lospoliticosveracruz.com\/index.php?rest_route=%2Fwp%2Fv2%2Fcategories&post=166335"},{"taxonomy":"post_tag","embeddable":true,"href":"https:\/\/lospoliticosveracruz.com\/index.php?rest_route=%2Fwp%2Fv2%2Ftags&post=166335"}],"curies":[{"name":"wp","href":"https:\/\/api.w.org\/{rel}","templated":true}]}}