{"id":166359,"date":"2026-03-17T12:00:11","date_gmt":"2026-03-17T18:00:11","guid":{"rendered":"https:\/\/lospoliticosveracruz.com\/?p=166359"},"modified":"2026-03-17T12:00:13","modified_gmt":"2026-03-17T18:00:13","slug":"nortazo-deja-sin-luz-a-19-colonias","status":"publish","type":"post","link":"https:\/\/lospoliticosveracruz.com\/?p=166359","title":{"rendered":"NORTAZO DEJA SIN LUZ A 19 COLONIAS"},"content":{"rendered":"\n<p><strong>Alejandro \u00c1vila<\/strong><\/p>\n\n\n\n<p><em>Boca del R\u00edo<\/em><\/p>\n\n\n\n<p>Un total de 62 afectaciones en 26 colonias del municipio de Boca del R\u00edo se registraron durante este lunes 16 de marzo, tras las fuertes rachas de vientos del norte que dej\u00f3 el Frente Fr\u00edo 41, dio a conocer la alcaldesa Maryjose Gamboa.<\/p>\n\n\n\n<p>La edil panista visit\u00f3 la ma\u00f1ana de este martes 17 de marzo la colonia Miguel Alem\u00e1n, donde cerca de la calle Pino un \u00e1rbol colaps\u00f3 sobre una vivienda; ah\u00ed concedi\u00f3 entrevista a los medios de comunicaci\u00f3n y dio a conocer que 19 colonias sufrieron de falta de energ\u00eda el\u00e9ctrica durante la tarde del lunes, ante lo cual personal de Comisi\u00f3n Federal de Electricidad (CFE) trabaj\u00f3 hasta restablecer el servicio al cien por ciento.<\/p>\n\n\n\n<p>\u00abEl ingeniero Hip\u00f3lito, el Superintendente de Comisi\u00f3n Federal que, como nunca, pendiente de todas las colonias que se quedaron sin luz, R\u00edo Jamapa, Cabecera, Graciano S\u00e1nchez, Tampiquera, Plan de Ayala, Miguel Alem\u00e1n, Paso Colorado, Lindavista, Revoluci\u00f3n, parte de Jardines de Virginia, afortunadamente ya en todas fue regresando la luz, en las que no hab\u00eda podido regresar la luz es porque la verdad tuvimos un Norte violento de m\u00e1s de 120 y en alg\u00fan momento reportaron hasta 130, las rachas sostenidas estaban encima de los 115 kil\u00f3metros por hora, un norte de esa intensidad no se hab\u00eda vivido desde 1970 seg\u00fan los propios registros que nos daban, y es imposible pedirle a alguien de Alumbrado P\u00fablico, del Ayuntamiento o de CFE que se suba con una racha de 115 kil\u00f3metros sostenidos, pues las gr\u00faas son inestables, est\u00e1s hablando de cables de alta tensi\u00f3n, se fue reponiendo la luz y eso s\u00ed, hubo cuadrillas trabajando toda la noche (&#8230;) llegaron a ser 15 hasta 16 colonias que se quedaron sin luz por momentos\u00bb, declar\u00f3.<\/p>\n\n\n\n<p>Entre las atenciones que dieron las \u00e1reas de Gobernaci\u00f3n, Protecci\u00f3n Civil, Parques y Jardines, Alumbrado P\u00fablico y Tr\u00e1nsito, durante este lunes, estuvieron 11 ca\u00eddas de \u00e1rboles, dos parabuses desprendidos, tres ca\u00eddas de barda, 12 fachadas afectadas entre comercios y casas, dos afectaciones en obra en construcci\u00f3n, siete cortos circuitos, ocho familias afectadas por desprendimiento de l\u00e1minas, tres ca\u00eddas de poste, un desprendimiento de lona, ca\u00edda de sem\u00e1foro en Donato Casas y seis luminarias afectadas.<\/p>\n\n\n\n<p><\/p>\n","protected":false},"excerpt":{"rendered":"<p>Alejandro \u00c1vila Boca del R\u00edo Un total de 62 afectaciones en 26 colonias del municipio de Boca del R\u00edo se registraron durante este lunes 16 de marzo, tras las fuertes rachas de vientos del norte que dej\u00f3 el Frente Fr\u00edo 41, dio a conocer la alcaldesa Maryjose Gamboa. La edil panista visit\u00f3 la ma\u00f1ana de [&hellip;]<\/p>\n","protected":false},"author":2,"featured_media":166360,"comment_status":"closed","ping_status":"closed","sticky":false,"template":"","format":"standard","meta":{"tdm_status":"","tdm_grid_status":"","footnotes":""},"categories":[6446],"tags":[57754,57755,57752,57753,57751],"class_list":{"0":"post-166359","1":"post","2":"type-post","3":"status-publish","4":"format-standard","5":"has-post-thumbnail","7":"category-la-nota","8":"tag-caida-de-arboles-postes-semaforos-boca-del-rio","9":"tag-cfe-restablece-energia-electrica-veracruz","10":"tag-frente-frio-41-rachas-130-km-por-hora","11":"tag-maryjose-gamboa-afectaciones-62-reportes","12":"tag-nortazo-boca-del-rio-19-colonias-sin-luz"},"yoast_head":"<!-- This site is optimized with the Yoast SEO plugin v27.4 - https:\/\/yoast.com\/product\/yoast-seo-wordpress\/ -->\n<title>NORTAZO DEJA SIN LUZ A 19 COLONIAS - Los pol\u00edticos Veracruz<\/title>\n<meta name=\"robots\" content=\"index, follow, max-snippet:-1, max-image-preview:large, max-video-preview:-1\" \/>\n<link rel=\"canonical\" href=\"https:\/\/lospoliticosveracruz.com\/?p=166359\" \/>\n<meta property=\"og:locale\" content=\"es_ES\" \/>\n<meta property=\"og:type\" content=\"article\" \/>\n<meta property=\"og:title\" content=\"NORTAZO DEJA SIN LUZ A 19 COLONIAS - Los pol\u00edticos Veracruz\" \/>\n<meta property=\"og:description\" content=\"Alejandro \u00c1vila Boca del R\u00edo Un total de 62 afectaciones en 26 colonias del municipio de Boca del R\u00edo se registraron durante este lunes 16 de marzo, tras las fuertes rachas de vientos del norte que dej\u00f3 el Frente Fr\u00edo 41, dio a conocer la alcaldesa Maryjose Gamboa. La edil panista visit\u00f3 la ma\u00f1ana de [&hellip;]\" \/>\n<meta property=\"og:url\" content=\"https:\/\/lospoliticosveracruz.com\/?p=166359\" \/>\n<meta property=\"og:site_name\" content=\"Los pol\u00edticos Veracruz\" \/>\n<meta property=\"article:publisher\" content=\"https:\/\/www.facebook.com\/people\/Notimemes-de-los-Polticos\/61565672886568\/\" \/>\n<meta property=\"article:published_time\" content=\"2026-03-17T18:00:11+00:00\" \/>\n<meta property=\"article:modified_time\" content=\"2026-03-17T18:00:13+00:00\" \/>\n<meta property=\"og:image\" content=\"https:\/\/lospoliticosveracruz.com\/wp-content\/uploads\/2026\/03\/MaryJose-.jpg\" \/>\n\t<meta property=\"og:image:width\" content=\"600\" \/>\n\t<meta property=\"og:image:height\" content=\"320\" \/>\n\t<meta property=\"og:image:type\" content=\"image\/jpeg\" \/>\n<meta name=\"author\" content=\"Lo viste en Los Pol\u00edticos\" \/>\n<meta name=\"twitter:card\" content=\"summary_large_image\" \/>\n<meta name=\"twitter:creator\" content=\"@LosPoliticosVer\" \/>\n<meta name=\"twitter:site\" content=\"@LosPoliticosVer\" \/>\n<meta name=\"twitter:label1\" content=\"Escrito por\" \/>\n\t<meta name=\"twitter:data1\" content=\"Lo viste en Los Pol\u00edticos\" \/>\n\t<meta name=\"twitter:label2\" content=\"Tiempo de lectura\" \/>\n\t<meta name=\"twitter:data2\" content=\"2 minutos\" \/>\n<script type=\"application\/ld+json\" class=\"yoast-schema-graph\">{\"@context\":\"https:\\\/\\\/schema.org\",\"@graph\":[{\"@type\":\"Article\",\"@id\":\"https:\\\/\\\/lospoliticosveracruz.com\\\/?p=166359#article\",\"isPartOf\":{\"@id\":\"https:\\\/\\\/lospoliticosveracruz.com\\\/?p=166359\"},\"author\":{\"name\":\"Lo viste en Los Pol\u00edticos\",\"@id\":\"https:\\\/\\\/lospoliticosveracruz.com\\\/#\\\/schema\\\/person\\\/b8702bb0e538456e6efd07080bf2a4a2\"},\"headline\":\"NORTAZO DEJA SIN LUZ A 19 COLONIAS\",\"datePublished\":\"2026-03-17T18:00:11+00:00\",\"dateModified\":\"2026-03-17T18:00:13+00:00\",\"mainEntityOfPage\":{\"@id\":\"https:\\\/\\\/lospoliticosveracruz.com\\\/?p=166359\"},\"wordCount\":394,\"publisher\":{\"@id\":\"https:\\\/\\\/lospoliticosveracruz.com\\\/#organization\"},\"image\":{\"@id\":\"https:\\\/\\\/lospoliticosveracruz.com\\\/?p=166359#primaryimage\"},\"thumbnailUrl\":\"https:\\\/\\\/lospoliticosveracruz.com\\\/wp-content\\\/uploads\\\/2026\\\/03\\\/MaryJose-.jpg\",\"keywords\":[\"ca\u00edda de \u00e1rboles postes sem\u00e1foros Boca del R\u00edo\",\"CFE restablece energ\u00eda el\u00e9ctrica Veracruz\",\"Frente Fr\u00edo 41 rachas 130 km por hora\",\"Maryjose Gamboa afectaciones 62 reportes\",\"nortazo Boca del R\u00edo 19 colonias sin luz\"],\"articleSection\":[\"La Nota\"],\"inLanguage\":\"es\"},{\"@type\":\"WebPage\",\"@id\":\"https:\\\/\\\/lospoliticosveracruz.com\\\/?p=166359\",\"url\":\"https:\\\/\\\/lospoliticosveracruz.com\\\/?p=166359\",\"name\":\"NORTAZO DEJA SIN LUZ A 19 COLONIAS - Los pol\u00edticos Veracruz\",\"isPartOf\":{\"@id\":\"https:\\\/\\\/lospoliticosveracruz.com\\\/#website\"},\"primaryImageOfPage\":{\"@id\":\"https:\\\/\\\/lospoliticosveracruz.com\\\/?p=166359#primaryimage\"},\"image\":{\"@id\":\"https:\\\/\\\/lospoliticosveracruz.com\\\/?p=166359#primaryimage\"},\"thumbnailUrl\":\"https:\\\/\\\/lospoliticosveracruz.com\\\/wp-content\\\/uploads\\\/2026\\\/03\\\/MaryJose-.jpg\",\"datePublished\":\"2026-03-17T18:00:11+00:00\",\"dateModified\":\"2026-03-17T18:00:13+00:00\",\"breadcrumb\":{\"@id\":\"https:\\\/\\\/lospoliticosveracruz.com\\\/?p=166359#breadcrumb\"},\"inLanguage\":\"es\",\"potentialAction\":[{\"@type\":\"ReadAction\",\"target\":[\"https:\\\/\\\/lospoliticosveracruz.com\\\/?p=166359\"]}]},{\"@type\":\"ImageObject\",\"inLanguage\":\"es\",\"@id\":\"https:\\\/\\\/lospoliticosveracruz.com\\\/?p=166359#primaryimage\",\"url\":\"https:\\\/\\\/lospoliticosveracruz.com\\\/wp-content\\\/uploads\\\/2026\\\/03\\\/MaryJose-.jpg\",\"contentUrl\":\"https:\\\/\\\/lospoliticosveracruz.com\\\/wp-content\\\/uploads\\\/2026\\\/03\\\/MaryJose-.jpg\",\"width\":600,\"height\":320},{\"@type\":\"BreadcrumbList\",\"@id\":\"https:\\\/\\\/lospoliticosveracruz.com\\\/?p=166359#breadcrumb\",\"itemListElement\":[{\"@type\":\"ListItem\",\"position\":1,\"name\":\"Portada\",\"item\":\"https:\\\/\\\/lospoliticosveracruz.com\\\/\"},{\"@type\":\"ListItem\",\"position\":2,\"name\":\"NORTAZO DEJA SIN LUZ A 19 COLONIAS\"}]},{\"@type\":\"WebSite\",\"@id\":\"https:\\\/\\\/lospoliticosveracruz.com\\\/#website\",\"url\":\"https:\\\/\\\/lospoliticosveracruz.com\\\/\",\"name\":\"Los pol\u00edticos Veracruz\",\"description\":\"\",\"publisher\":{\"@id\":\"https:\\\/\\\/lospoliticosveracruz.com\\\/#organization\"},\"potentialAction\":[{\"@type\":\"SearchAction\",\"target\":{\"@type\":\"EntryPoint\",\"urlTemplate\":\"https:\\\/\\\/lospoliticosveracruz.com\\\/?s={search_term_string}\"},\"query-input\":{\"@type\":\"PropertyValueSpecification\",\"valueRequired\":true,\"valueName\":\"search_term_string\"}}],\"inLanguage\":\"es\"},{\"@type\":\"Organization\",\"@id\":\"https:\\\/\\\/lospoliticosveracruz.com\\\/#organization\",\"name\":\"Los pol\u00edticos Veracruz\",\"url\":\"https:\\\/\\\/lospoliticosveracruz.com\\\/\",\"logo\":{\"@type\":\"ImageObject\",\"inLanguage\":\"es\",\"@id\":\"https:\\\/\\\/lospoliticosveracruz.com\\\/#\\\/schema\\\/logo\\\/image\\\/\",\"url\":\"https:\\\/\\\/lospoliticosveracruz.com\\\/wp-content\\\/uploads\\\/2025\\\/12\\\/Logo-Nuevo-LOS-POLITICOS-1.jpg\",\"contentUrl\":\"https:\\\/\\\/lospoliticosveracruz.com\\\/wp-content\\\/uploads\\\/2025\\\/12\\\/Logo-Nuevo-LOS-POLITICOS-1.jpg\",\"width\":260,\"height\":70,\"caption\":\"Los pol\u00edticos Veracruz\"},\"image\":{\"@id\":\"https:\\\/\\\/lospoliticosveracruz.com\\\/#\\\/schema\\\/logo\\\/image\\\/\"},\"sameAs\":[\"https:\\\/\\\/www.facebook.com\\\/people\\\/Notimemes-de-los-Polticos\\\/61565672886568\\\/\",\"https:\\\/\\\/x.com\\\/LosPoliticosVer\"]},{\"@type\":\"Person\",\"@id\":\"https:\\\/\\\/lospoliticosveracruz.com\\\/#\\\/schema\\\/person\\\/b8702bb0e538456e6efd07080bf2a4a2\",\"name\":\"Lo viste en Los Pol\u00edticos\",\"image\":{\"@type\":\"ImageObject\",\"inLanguage\":\"es\",\"@id\":\"https:\\\/\\\/secure.gravatar.com\\\/avatar\\\/3a8de04a2656d44082be478bd6c086daa447c4651605818287b9532d3d0bd435?s=96&d=mm&r=g\",\"url\":\"https:\\\/\\\/secure.gravatar.com\\\/avatar\\\/3a8de04a2656d44082be478bd6c086daa447c4651605818287b9532d3d0bd435?s=96&d=mm&r=g\",\"contentUrl\":\"https:\\\/\\\/secure.gravatar.com\\\/avatar\\\/3a8de04a2656d44082be478bd6c086daa447c4651605818287b9532d3d0bd435?s=96&d=mm&r=g\",\"caption\":\"Lo viste en Los Pol\u00edticos\"},\"url\":\"https:\\\/\\\/lospoliticosveracruz.com\\\/?author=2\"}]}<\/script>\n<!-- \/ Yoast SEO plugin. -->","yoast_head_json":{"title":"NORTAZO DEJA SIN LUZ A 19 COLONIAS - Los pol\u00edticos Veracruz","robots":{"index":"index","follow":"follow","max-snippet":"max-snippet:-1","max-image-preview":"max-image-preview:large","max-video-preview":"max-video-preview:-1"},"canonical":"https:\/\/lospoliticosveracruz.com\/?p=166359","og_locale":"es_ES","og_type":"article","og_title":"NORTAZO DEJA SIN LUZ A 19 COLONIAS - Los pol\u00edticos Veracruz","og_description":"Alejandro \u00c1vila Boca del R\u00edo Un total de 62 afectaciones en 26 colonias del municipio de Boca del R\u00edo se registraron durante este lunes 16 de marzo, tras las fuertes rachas de vientos del norte que dej\u00f3 el Frente Fr\u00edo 41, dio a conocer la alcaldesa Maryjose Gamboa. La edil panista visit\u00f3 la ma\u00f1ana de [&hellip;]","og_url":"https:\/\/lospoliticosveracruz.com\/?p=166359","og_site_name":"Los pol\u00edticos Veracruz","article_publisher":"https:\/\/www.facebook.com\/people\/Notimemes-de-los-Polticos\/61565672886568\/","article_published_time":"2026-03-17T18:00:11+00:00","article_modified_time":"2026-03-17T18:00:13+00:00","og_image":[{"width":600,"height":320,"url":"https:\/\/lospoliticosveracruz.com\/wp-content\/uploads\/2026\/03\/MaryJose-.jpg","type":"image\/jpeg"}],"author":"Lo viste en Los Pol\u00edticos","twitter_card":"summary_large_image","twitter_creator":"@LosPoliticosVer","twitter_site":"@LosPoliticosVer","twitter_misc":{"Escrito por":"Lo viste en Los Pol\u00edticos","Tiempo de lectura":"2 minutos"},"schema":{"@context":"https:\/\/schema.org","@graph":[{"@type":"Article","@id":"https:\/\/lospoliticosveracruz.com\/?p=166359#article","isPartOf":{"@id":"https:\/\/lospoliticosveracruz.com\/?p=166359"},"author":{"name":"Lo viste en Los Pol\u00edticos","@id":"https:\/\/lospoliticosveracruz.com\/#\/schema\/person\/b8702bb0e538456e6efd07080bf2a4a2"},"headline":"NORTAZO DEJA SIN LUZ A 19 COLONIAS","datePublished":"2026-03-17T18:00:11+00:00","dateModified":"2026-03-17T18:00:13+00:00","mainEntityOfPage":{"@id":"https:\/\/lospoliticosveracruz.com\/?p=166359"},"wordCount":394,"publisher":{"@id":"https:\/\/lospoliticosveracruz.com\/#organization"},"image":{"@id":"https:\/\/lospoliticosveracruz.com\/?p=166359#primaryimage"},"thumbnailUrl":"https:\/\/lospoliticosveracruz.com\/wp-content\/uploads\/2026\/03\/MaryJose-.jpg","keywords":["ca\u00edda de \u00e1rboles postes sem\u00e1foros Boca del R\u00edo","CFE restablece energ\u00eda el\u00e9ctrica Veracruz","Frente Fr\u00edo 41 rachas 130 km por hora","Maryjose Gamboa afectaciones 62 reportes","nortazo Boca del R\u00edo 19 colonias sin luz"],"articleSection":["La Nota"],"inLanguage":"es"},{"@type":"WebPage","@id":"https:\/\/lospoliticosveracruz.com\/?p=166359","url":"https:\/\/lospoliticosveracruz.com\/?p=166359","name":"NORTAZO DEJA SIN LUZ A 19 COLONIAS - Los pol\u00edticos Veracruz","isPartOf":{"@id":"https:\/\/lospoliticosveracruz.com\/#website"},"primaryImageOfPage":{"@id":"https:\/\/lospoliticosveracruz.com\/?p=166359#primaryimage"},"image":{"@id":"https:\/\/lospoliticosveracruz.com\/?p=166359#primaryimage"},"thumbnailUrl":"https:\/\/lospoliticosveracruz.com\/wp-content\/uploads\/2026\/03\/MaryJose-.jpg","datePublished":"2026-03-17T18:00:11+00:00","dateModified":"2026-03-17T18:00:13+00:00","breadcrumb":{"@id":"https:\/\/lospoliticosveracruz.com\/?p=166359#breadcrumb"},"inLanguage":"es","potentialAction":[{"@type":"ReadAction","target":["https:\/\/lospoliticosveracruz.com\/?p=166359"]}]},{"@type":"ImageObject","inLanguage":"es","@id":"https:\/\/lospoliticosveracruz.com\/?p=166359#primaryimage","url":"https:\/\/lospoliticosveracruz.com\/wp-content\/uploads\/2026\/03\/MaryJose-.jpg","contentUrl":"https:\/\/lospoliticosveracruz.com\/wp-content\/uploads\/2026\/03\/MaryJose-.jpg","width":600,"height":320},{"@type":"BreadcrumbList","@id":"https:\/\/lospoliticosveracruz.com\/?p=166359#breadcrumb","itemListElement":[{"@type":"ListItem","position":1,"name":"Portada","item":"https:\/\/lospoliticosveracruz.com\/"},{"@type":"ListItem","position":2,"name":"NORTAZO DEJA SIN LUZ A 19 COLONIAS"}]},{"@type":"WebSite","@id":"https:\/\/lospoliticosveracruz.com\/#website","url":"https:\/\/lospoliticosveracruz.com\/","name":"Los pol\u00edticos Veracruz","description":"","publisher":{"@id":"https:\/\/lospoliticosveracruz.com\/#organization"},"potentialAction":[{"@type":"SearchAction","target":{"@type":"EntryPoint","urlTemplate":"https:\/\/lospoliticosveracruz.com\/?s={search_term_string}"},"query-input":{"@type":"PropertyValueSpecification","valueRequired":true,"valueName":"search_term_string"}}],"inLanguage":"es"},{"@type":"Organization","@id":"https:\/\/lospoliticosveracruz.com\/#organization","name":"Los pol\u00edticos Veracruz","url":"https:\/\/lospoliticosveracruz.com\/","logo":{"@type":"ImageObject","inLanguage":"es","@id":"https:\/\/lospoliticosveracruz.com\/#\/schema\/logo\/image\/","url":"https:\/\/lospoliticosveracruz.com\/wp-content\/uploads\/2025\/12\/Logo-Nuevo-LOS-POLITICOS-1.jpg","contentUrl":"https:\/\/lospoliticosveracruz.com\/wp-content\/uploads\/2025\/12\/Logo-Nuevo-LOS-POLITICOS-1.jpg","width":260,"height":70,"caption":"Los pol\u00edticos Veracruz"},"image":{"@id":"https:\/\/lospoliticosveracruz.com\/#\/schema\/logo\/image\/"},"sameAs":["https:\/\/www.facebook.com\/people\/Notimemes-de-los-Polticos\/61565672886568\/","https:\/\/x.com\/LosPoliticosVer"]},{"@type":"Person","@id":"https:\/\/lospoliticosveracruz.com\/#\/schema\/person\/b8702bb0e538456e6efd07080bf2a4a2","name":"Lo viste en Los Pol\u00edticos","image":{"@type":"ImageObject","inLanguage":"es","@id":"https:\/\/secure.gravatar.com\/avatar\/3a8de04a2656d44082be478bd6c086daa447c4651605818287b9532d3d0bd435?s=96&d=mm&r=g","url":"https:\/\/secure.gravatar.com\/avatar\/3a8de04a2656d44082be478bd6c086daa447c4651605818287b9532d3d0bd435?s=96&d=mm&r=g","contentUrl":"https:\/\/secure.gravatar.com\/avatar\/3a8de04a2656d44082be478bd6c086daa447c4651605818287b9532d3d0bd435?s=96&d=mm&r=g","caption":"Lo viste en Los Pol\u00edticos"},"url":"https:\/\/lospoliticosveracruz.com\/?author=2"}]}},"_links":{"self":[{"href":"https:\/\/lospoliticosveracruz.com\/index.php?rest_route=\/wp\/v2\/posts\/166359","targetHints":{"allow":["GET"]}}],"collection":[{"href":"https:\/\/lospoliticosveracruz.com\/index.php?rest_route=\/wp\/v2\/posts"}],"about":[{"href":"https:\/\/lospoliticosveracruz.com\/index.php?rest_route=\/wp\/v2\/types\/post"}],"author":[{"embeddable":true,"href":"https:\/\/lospoliticosveracruz.com\/index.php?rest_route=\/wp\/v2\/users\/2"}],"replies":[{"embeddable":true,"href":"https:\/\/lospoliticosveracruz.com\/index.php?rest_route=%2Fwp%2Fv2%2Fcomments&post=166359"}],"version-history":[{"count":1,"href":"https:\/\/lospoliticosveracruz.com\/index.php?rest_route=\/wp\/v2\/posts\/166359\/revisions"}],"predecessor-version":[{"id":166361,"href":"https:\/\/lospoliticosveracruz.com\/index.php?rest_route=\/wp\/v2\/posts\/166359\/revisions\/166361"}],"wp:featuredmedia":[{"embeddable":true,"href":"https:\/\/lospoliticosveracruz.com\/index.php?rest_route=\/wp\/v2\/media\/166360"}],"wp:attachment":[{"href":"https:\/\/lospoliticosveracruz.com\/index.php?rest_route=%2Fwp%2Fv2%2Fmedia&parent=166359"}],"wp:term":[{"taxonomy":"category","embeddable":true,"href":"https:\/\/lospoliticosveracruz.com\/index.php?rest_route=%2Fwp%2Fv2%2Fcategories&post=166359"},{"taxonomy":"post_tag","embeddable":true,"href":"https:\/\/lospoliticosveracruz.com\/index.php?rest_route=%2Fwp%2Fv2%2Ftags&post=166359"}],"curies":[{"name":"wp","href":"https:\/\/api.w.org\/{rel}","templated":true}]}}