{"id":16638,"date":"2015-06-24T22:01:02","date_gmt":"2015-06-25T03:01:02","guid":{"rendered":"http:\/\/www.lospoliticosveracruz.com.mx\/?p=16638"},"modified":"2015-06-24T22:01:02","modified_gmt":"2015-06-25T03:01:02","slug":"multas-a-conductores","status":"publish","type":"post","link":"https:\/\/lospoliticosveracruz.com\/?p=16638","title":{"rendered":"Multas a conductores"},"content":{"rendered":"<p><a href=\"http:\/\/www.lospoliticosveracruz.com.mx\/wp-content\/uploads\/2015\/06\/Tr\u00e1nsito1.jpg\"><img loading=\"lazy\" decoding=\"async\" class=\"alignnone size-medium wp-image-16639\" src=\"http:\/\/www.lospoliticosveracruz.com.mx\/wp-content\/uploads\/2015\/06\/Tr\u00e1nsito1-300x199.jpg\" alt=\"Tr\u00e1nsito\" width=\"300\" height=\"199\" \/><\/a><br \/>\n<strong>Brenda Caballero<\/strong><br \/>\n<em>N\u00fameros Rojos<\/em><\/p>\n<p>Me manda mensaje un amigo y me dice: le\u00ed tu columna y tengo una duda: \u201cAbordar un veh\u00edculo del transporte p\u00fablico en estado de ebriedad o drogado es una multa grave de $2,048.40, o sea \u00bfno puedo subir pedo a un taxi?\u201d Es por ello que antes de iniciar con esta tercera parte de multas del Reglamento de la Ley de Tr\u00e1nsito y Seguridad Vial para el Estado de Veracruz, d\u00e9jeme aclarar esta duda que surgi\u00f3 de mi columna publicada el d\u00eda de ayer.<br \/>\nDe acuerdo con el art\u00edculo 144 del Reglamento que habla de las prohibiciones de los pasajeros en su fracci\u00f3n VI, se proh\u00edbe: \u201cAbordar veh\u00edculos del transporte p\u00fablico colectivo de pasajeros en estado de ebriedad o bajo la influencia de estupefacientes o psicotr\u00f3picos\u201d, aunque en el siguiente p\u00e1rrafo afirma: \u201cEsta prohibici\u00f3n no ser\u00e1 aplicable al caso de taxis, siempre que no se trate de ebriedad completa y que el usuario se encuentre consciente y orientado\u201d. Luego entonces, s\u00ed puede abordar ebrio un taxi, aunque me asalta la duda: \u00bfqui\u00e9n determinar\u00e1 el grado de ebriedad completa? \u00bfel chofer del taxi?<br \/>\nOtra pregunta que surgi\u00f3 fue la siguiente: \u00bfc\u00f3mo me infraccionar\u00e1n?<br \/>\nDe acuerdo al reglamento y ley de marras, se notificar\u00e1 en el momento inmediato de la comisi\u00f3n de la infracci\u00f3n al conductor, d\u00e1ndole a conocer los art\u00edculos infringidos. El Polic\u00eda Vial deber\u00e1 identificarse plenamente. Solicitar\u00e1 la entrega de la licencia vigente, tarjeta de circulaci\u00f3n y p\u00f3liza de responsabilidad civil de da\u00f1os a terceros vigente; formular\u00e1 la boleta de infracci\u00f3n emitida especificando los art\u00edculos infringidos y por \u00faltimo, se le pedir\u00e1 al infractor el pago de la multa v\u00eda tarjeta de d\u00e9bito o cr\u00e9dito, nunca en efectivo. Por lo que se supone que el Polic\u00eda Vial andar\u00e1 con terminal bancaria. \u00bfY si no tengo tarjetas? \u00bfc\u00f3mo pago?<br \/>\nSi el infractor se niega a firmar la infracci\u00f3n, se notificar\u00e1 mediante correo electr\u00f3nico o correo certificado en el domicilio de la persona que aparezca como propietario del veh\u00edculo en el padr\u00f3n vehicular, conteniendo para su aplicaci\u00f3n y ejecuci\u00f3n la infracci\u00f3n cometida, la sanci\u00f3n que pretende aplicarse y la indicaci\u00f3n de que a partir de la recepci\u00f3n de la notificaci\u00f3n, cuenta con diez d\u00edas h\u00e1biles improrrogables para formular alegatos y presentar las pruebas que en su defensa juzgue convenientes, lo anterior de conformidad al art\u00edculo 161 de la Ley.<br \/>\nEn caso de que el infractor sea captado por videoc\u00e1maras, dispositivos tecnol\u00f3gicos o electr\u00f3nicos el acta de infracci\u00f3n deber\u00e1 contener la imagen del veh\u00edculo, su n\u00famero de placa, el nombre y domicilio del propietario de la unidad con el que se cometi\u00f3 la infracci\u00f3n, lugar y fecha en que se haya cometido; folio de la boleta de infracci\u00f3n as\u00ed como la fundamentaci\u00f3n y motivaci\u00f3n de la misma, nombre y clave del dispositivo que capt\u00f3 la infracci\u00f3n; fotograf\u00eda, grabaci\u00f3n o registro con el que se demuestre la conducta infractora, as\u00ed como el nombre y firma electr\u00f3nica de la autoridad vial, infracci\u00f3n cometida y la sanci\u00f3n correspondiente.<br \/>\nCuando no sea posible notificar al propietario del veh\u00edculo en el domicilio se\u00f1alado, se realizar\u00e1 por correo certificado; en caso de veh\u00edculos registrados en otro Estado, se podr\u00e1 notificar al conductor infractor cuando \u00e9ste se encuentre circulando dentro de las vialidades del Estado y tambi\u00e9n, seg\u00fan las prevenciones que existan con relaci\u00f3n a la coordinaci\u00f3n fiscal, las infracciones podr\u00e1n ser puestas a disposici\u00f3n y aplicaci\u00f3n de la Entidad Federativa correspondiente.<br \/>\nNo s\u00e9 usted c\u00f3mo vea esta nueva tecnolog\u00eda para infraccionar, sinceramente yo lo veo muy complicado; incluso, no me quiero imaginar si en el padr\u00f3n vehicular a\u00fan est\u00e1 el due\u00f1o anterior del veh\u00edculo \u00bftendr\u00e1 que cargar \u00e9l con las multas e infracciones del due\u00f1o actual? \u00a1Est\u00e1 canijo el asunto!<br \/>\nPero sigamos con las multas contempladas en el tabulador del art\u00edculo 333 del Reglamento. Aclaro son algunas, pues si se remite a dicho art\u00edculo, encontrar\u00e1 otras m\u00e1s.<br \/>\n\u00bfManejas un veh\u00edculo?<br \/>\n* Ser\u00e1 multa Muy Grave equivalente a $4,779.60 el hecho de rebasar en curva, as\u00ed como el hacerlo por la derecha o en el carril de acotamiento.<br \/>\n* Cambiarse imprudentemente de carril. Muy grave. $4096.80.<br \/>\n* Rebasar mientras otro conductor da el paso a los peatones. Muy grave. $3,414.00<br \/>\n* Continuar el movimiento por el verde del sem\u00e1foro aunque los dem\u00e1s se encuentren parados, estorbando a otros veh\u00edculos en una intersecci\u00f3n. Grave. $2,048.40. Si obstruye la fluidez del tr\u00e1fico. Grave. $2,389.80.<br \/>\n* Circular en sentido contrario. Muy grave. $4,779.60.<br \/>\n* Circular en el carril izquierdo impidiendo que los veh\u00edculos puedan rebasar. Leve. $1024.20<br \/>\n* Conducci\u00f3n temeraria. Muy grave. $4,779.60. Conducir con aud\u00edfonos. Muy grave. $3072.60.<br \/>\n* Dar vuelta en \u201cU\u201d en lugar prohibido. Grave. $2048.40. Dar vuelta sin previo aviso (direccional). Leve $1,365.60.<br \/>\n* Detenerse o reducir la velocidad sin previo aviso. Grave. $2,048.40.<br \/>\n* Detenerse a curiosear en un accidente sobre el arroyo vehicular. Grave. $2,048.40.<br \/>\n* No conservar su distancia. Grave. $2,048.40.<br \/>\n* Carreritas y arrancones. Muy grave. $3,072.60.<br \/>\n* Exceder l\u00edmite de velocidad establecido. Leve. $1024.20.<br \/>\n* Invadir isletas, marcas de aproximaci\u00f3n y \u00e1reas de paso peatonal. . Grave.$2048.40.<br \/>\n* No ceder paso a peatones. Muy grave. $3,072.60; no ceder paso a menores de edad en alto total. Muy grave $3,414.<br \/>\n* Pasarse la luz amarilla del sem\u00e1foro. Muy grave. $4,438.20. Y la luz roja. Muy grave $4,779.60.<br \/>\n* No usar cintur\u00f3n de seguridad el conductor y pasajeros. Muy grave $3,414.00<br \/>\n* Usar el tel\u00e9fono celular o cualquier otro dispositivo tecnol\u00f3gico que implique distracci\u00f3n. Muy grave $2,799.48. (Como ver\u00e1, la informaci\u00f3n que circula por whatsapp es err\u00f3nea)<br \/>\n* Darse a la fuga despu\u00e9s de cometer una infracci\u00f3n. Muy grave. $5,121.<br \/>\nPor motivos de espacio ma\u00f1ana continuaremos con la columna final.<\/p>\n<p>Email:caballero_brenda@hotmail.com<\/p>\n","protected":false},"excerpt":{"rendered":"<p>Brenda Caballero N\u00fameros Rojos Me manda mensaje un amigo y me dice: le\u00ed tu columna y tengo una duda: \u201cAbordar un veh\u00edculo del transporte p\u00fablico en estado de ebriedad o drogado es una multa grave de $2,048.40, o sea \u00bfno puedo subir pedo a un taxi?\u201d Es por ello que antes de iniciar con esta [&hellip;]<\/p>\n","protected":false},"author":2,"featured_media":0,"comment_status":"open","ping_status":"open","sticky":false,"template":"","format":"standard","meta":{"tdm_status":"","tdm_grid_status":"","footnotes":""},"categories":[70],"tags":[2687,1311,2903,2902],"class_list":{"0":"post-16638","1":"post","2":"type-post","3":"status-publish","4":"format-standard","6":"category-de-opinion","7":"tag-brenda-caballero","8":"tag-multas","9":"tag-multas-a-conductores","10":"tag-reglamento-de-la-ley-de-transito-y-seguridad-vial"},"yoast_head":"<!-- This site is optimized with the Yoast SEO plugin v27.4 - https:\/\/yoast.com\/product\/yoast-seo-wordpress\/ -->\n<title>Multas a conductores - Los pol\u00edticos Veracruz<\/title>\n<meta name=\"robots\" content=\"index, follow, max-snippet:-1, max-image-preview:large, max-video-preview:-1\" \/>\n<link rel=\"canonical\" href=\"https:\/\/lospoliticosveracruz.com\/?p=16638\" \/>\n<meta property=\"og:locale\" content=\"es_ES\" \/>\n<meta property=\"og:type\" content=\"article\" \/>\n<meta property=\"og:title\" content=\"Multas a conductores - Los pol\u00edticos Veracruz\" \/>\n<meta property=\"og:description\" content=\"Brenda Caballero N\u00fameros Rojos Me manda mensaje un amigo y me dice: le\u00ed tu columna y tengo una duda: \u201cAbordar un veh\u00edculo del transporte p\u00fablico en estado de ebriedad o drogado es una multa grave de $2,048.40, o sea \u00bfno puedo subir pedo a un taxi?\u201d Es por ello que antes de iniciar con esta [&hellip;]\" \/>\n<meta property=\"og:url\" content=\"https:\/\/lospoliticosveracruz.com\/?p=16638\" \/>\n<meta property=\"og:site_name\" content=\"Los pol\u00edticos Veracruz\" \/>\n<meta property=\"article:publisher\" content=\"https:\/\/www.facebook.com\/people\/Notimemes-de-los-Polticos\/61565672886568\/\" \/>\n<meta property=\"article:published_time\" content=\"2015-06-25T03:01:02+00:00\" \/>\n<meta property=\"og:image\" content=\"https:\/\/lospoliticosveracruz.com\/wp-content\/uploads\/2016\/07\/Logo-Dor.jpg\" \/>\n\t<meta property=\"og:image:width\" content=\"200\" \/>\n\t<meta property=\"og:image:height\" content=\"200\" \/>\n\t<meta property=\"og:image:type\" content=\"image\/jpeg\" \/>\n<meta name=\"author\" content=\"Lo viste en Los Pol\u00edticos\" \/>\n<meta name=\"twitter:card\" content=\"summary_large_image\" \/>\n<meta name=\"twitter:creator\" content=\"@LosPoliticosVer\" \/>\n<meta name=\"twitter:site\" content=\"@LosPoliticosVer\" \/>\n<meta name=\"twitter:label1\" content=\"Escrito por\" \/>\n\t<meta name=\"twitter:data1\" content=\"Lo viste en Los Pol\u00edticos\" \/>\n\t<meta name=\"twitter:label2\" content=\"Tiempo de lectura\" \/>\n\t<meta name=\"twitter:data2\" content=\"5 minutos\" \/>\n<script type=\"application\/ld+json\" class=\"yoast-schema-graph\">{\"@context\":\"https:\\\/\\\/schema.org\",\"@graph\":[{\"@type\":\"Article\",\"@id\":\"https:\\\/\\\/lospoliticosveracruz.com\\\/?p=16638#article\",\"isPartOf\":{\"@id\":\"https:\\\/\\\/lospoliticosveracruz.com\\\/?p=16638\"},\"author\":{\"name\":\"Lo viste en Los Pol\u00edticos\",\"@id\":\"https:\\\/\\\/lospoliticosveracruz.com\\\/#\\\/schema\\\/person\\\/b8702bb0e538456e6efd07080bf2a4a2\"},\"headline\":\"Multas a conductores\",\"datePublished\":\"2015-06-25T03:01:02+00:00\",\"mainEntityOfPage\":{\"@id\":\"https:\\\/\\\/lospoliticosveracruz.com\\\/?p=16638\"},\"wordCount\":1002,\"commentCount\":0,\"publisher\":{\"@id\":\"https:\\\/\\\/lospoliticosveracruz.com\\\/#organization\"},\"keywords\":[\"Brenda Caballero\",\"multas\",\"Multas a conductores\",\"Reglamento de la Ley de Tr\u00e1nsito y Seguridad Vial\"],\"articleSection\":[\"De Opini\u00f3n\"],\"inLanguage\":\"es\",\"potentialAction\":[{\"@type\":\"CommentAction\",\"name\":\"Comment\",\"target\":[\"https:\\\/\\\/lospoliticosveracruz.com\\\/?p=16638#respond\"]}]},{\"@type\":\"WebPage\",\"@id\":\"https:\\\/\\\/lospoliticosveracruz.com\\\/?p=16638\",\"url\":\"https:\\\/\\\/lospoliticosveracruz.com\\\/?p=16638\",\"name\":\"Multas a conductores - Los pol\u00edticos Veracruz\",\"isPartOf\":{\"@id\":\"https:\\\/\\\/lospoliticosveracruz.com\\\/#website\"},\"datePublished\":\"2015-06-25T03:01:02+00:00\",\"breadcrumb\":{\"@id\":\"https:\\\/\\\/lospoliticosveracruz.com\\\/?p=16638#breadcrumb\"},\"inLanguage\":\"es\",\"potentialAction\":[{\"@type\":\"ReadAction\",\"target\":[\"https:\\\/\\\/lospoliticosveracruz.com\\\/?p=16638\"]}]},{\"@type\":\"BreadcrumbList\",\"@id\":\"https:\\\/\\\/lospoliticosveracruz.com\\\/?p=16638#breadcrumb\",\"itemListElement\":[{\"@type\":\"ListItem\",\"position\":1,\"name\":\"Portada\",\"item\":\"https:\\\/\\\/lospoliticosveracruz.com\\\/\"},{\"@type\":\"ListItem\",\"position\":2,\"name\":\"Multas a conductores\"}]},{\"@type\":\"WebSite\",\"@id\":\"https:\\\/\\\/lospoliticosveracruz.com\\\/#website\",\"url\":\"https:\\\/\\\/lospoliticosveracruz.com\\\/\",\"name\":\"Los pol\u00edticos Veracruz\",\"description\":\"\",\"publisher\":{\"@id\":\"https:\\\/\\\/lospoliticosveracruz.com\\\/#organization\"},\"potentialAction\":[{\"@type\":\"SearchAction\",\"target\":{\"@type\":\"EntryPoint\",\"urlTemplate\":\"https:\\\/\\\/lospoliticosveracruz.com\\\/?s={search_term_string}\"},\"query-input\":{\"@type\":\"PropertyValueSpecification\",\"valueRequired\":true,\"valueName\":\"search_term_string\"}}],\"inLanguage\":\"es\"},{\"@type\":\"Organization\",\"@id\":\"https:\\\/\\\/lospoliticosveracruz.com\\\/#organization\",\"name\":\"Los pol\u00edticos Veracruz\",\"url\":\"https:\\\/\\\/lospoliticosveracruz.com\\\/\",\"logo\":{\"@type\":\"ImageObject\",\"inLanguage\":\"es\",\"@id\":\"https:\\\/\\\/lospoliticosveracruz.com\\\/#\\\/schema\\\/logo\\\/image\\\/\",\"url\":\"https:\\\/\\\/lospoliticosveracruz.com\\\/wp-content\\\/uploads\\\/2025\\\/12\\\/Logo-Nuevo-LOS-POLITICOS-1.jpg\",\"contentUrl\":\"https:\\\/\\\/lospoliticosveracruz.com\\\/wp-content\\\/uploads\\\/2025\\\/12\\\/Logo-Nuevo-LOS-POLITICOS-1.jpg\",\"width\":260,\"height\":70,\"caption\":\"Los pol\u00edticos Veracruz\"},\"image\":{\"@id\":\"https:\\\/\\\/lospoliticosveracruz.com\\\/#\\\/schema\\\/logo\\\/image\\\/\"},\"sameAs\":[\"https:\\\/\\\/www.facebook.com\\\/people\\\/Notimemes-de-los-Polticos\\\/61565672886568\\\/\",\"https:\\\/\\\/x.com\\\/LosPoliticosVer\"]},{\"@type\":\"Person\",\"@id\":\"https:\\\/\\\/lospoliticosveracruz.com\\\/#\\\/schema\\\/person\\\/b8702bb0e538456e6efd07080bf2a4a2\",\"name\":\"Lo viste en Los Pol\u00edticos\",\"image\":{\"@type\":\"ImageObject\",\"inLanguage\":\"es\",\"@id\":\"https:\\\/\\\/secure.gravatar.com\\\/avatar\\\/3a8de04a2656d44082be478bd6c086daa447c4651605818287b9532d3d0bd435?s=96&d=mm&r=g\",\"url\":\"https:\\\/\\\/secure.gravatar.com\\\/avatar\\\/3a8de04a2656d44082be478bd6c086daa447c4651605818287b9532d3d0bd435?s=96&d=mm&r=g\",\"contentUrl\":\"https:\\\/\\\/secure.gravatar.com\\\/avatar\\\/3a8de04a2656d44082be478bd6c086daa447c4651605818287b9532d3d0bd435?s=96&d=mm&r=g\",\"caption\":\"Lo viste en Los Pol\u00edticos\"},\"url\":\"https:\\\/\\\/lospoliticosveracruz.com\\\/?author=2\"}]}<\/script>\n<!-- \/ Yoast SEO plugin. -->","yoast_head_json":{"title":"Multas a conductores - Los pol\u00edticos Veracruz","robots":{"index":"index","follow":"follow","max-snippet":"max-snippet:-1","max-image-preview":"max-image-preview:large","max-video-preview":"max-video-preview:-1"},"canonical":"https:\/\/lospoliticosveracruz.com\/?p=16638","og_locale":"es_ES","og_type":"article","og_title":"Multas a conductores - Los pol\u00edticos Veracruz","og_description":"Brenda Caballero N\u00fameros Rojos Me manda mensaje un amigo y me dice: le\u00ed tu columna y tengo una duda: \u201cAbordar un veh\u00edculo del transporte p\u00fablico en estado de ebriedad o drogado es una multa grave de $2,048.40, o sea \u00bfno puedo subir pedo a un taxi?\u201d Es por ello que antes de iniciar con esta [&hellip;]","og_url":"https:\/\/lospoliticosveracruz.com\/?p=16638","og_site_name":"Los pol\u00edticos Veracruz","article_publisher":"https:\/\/www.facebook.com\/people\/Notimemes-de-los-Polticos\/61565672886568\/","article_published_time":"2015-06-25T03:01:02+00:00","og_image":[{"width":200,"height":200,"url":"https:\/\/lospoliticosveracruz.com\/wp-content\/uploads\/2016\/07\/Logo-Dor.jpg","type":"image\/jpeg"}],"author":"Lo viste en Los Pol\u00edticos","twitter_card":"summary_large_image","twitter_creator":"@LosPoliticosVer","twitter_site":"@LosPoliticosVer","twitter_misc":{"Escrito por":"Lo viste en Los Pol\u00edticos","Tiempo de lectura":"5 minutos"},"schema":{"@context":"https:\/\/schema.org","@graph":[{"@type":"Article","@id":"https:\/\/lospoliticosveracruz.com\/?p=16638#article","isPartOf":{"@id":"https:\/\/lospoliticosveracruz.com\/?p=16638"},"author":{"name":"Lo viste en Los Pol\u00edticos","@id":"https:\/\/lospoliticosveracruz.com\/#\/schema\/person\/b8702bb0e538456e6efd07080bf2a4a2"},"headline":"Multas a conductores","datePublished":"2015-06-25T03:01:02+00:00","mainEntityOfPage":{"@id":"https:\/\/lospoliticosveracruz.com\/?p=16638"},"wordCount":1002,"commentCount":0,"publisher":{"@id":"https:\/\/lospoliticosveracruz.com\/#organization"},"keywords":["Brenda Caballero","multas","Multas a conductores","Reglamento de la Ley de Tr\u00e1nsito y Seguridad Vial"],"articleSection":["De Opini\u00f3n"],"inLanguage":"es","potentialAction":[{"@type":"CommentAction","name":"Comment","target":["https:\/\/lospoliticosveracruz.com\/?p=16638#respond"]}]},{"@type":"WebPage","@id":"https:\/\/lospoliticosveracruz.com\/?p=16638","url":"https:\/\/lospoliticosveracruz.com\/?p=16638","name":"Multas a conductores - Los pol\u00edticos Veracruz","isPartOf":{"@id":"https:\/\/lospoliticosveracruz.com\/#website"},"datePublished":"2015-06-25T03:01:02+00:00","breadcrumb":{"@id":"https:\/\/lospoliticosveracruz.com\/?p=16638#breadcrumb"},"inLanguage":"es","potentialAction":[{"@type":"ReadAction","target":["https:\/\/lospoliticosveracruz.com\/?p=16638"]}]},{"@type":"BreadcrumbList","@id":"https:\/\/lospoliticosveracruz.com\/?p=16638#breadcrumb","itemListElement":[{"@type":"ListItem","position":1,"name":"Portada","item":"https:\/\/lospoliticosveracruz.com\/"},{"@type":"ListItem","position":2,"name":"Multas a conductores"}]},{"@type":"WebSite","@id":"https:\/\/lospoliticosveracruz.com\/#website","url":"https:\/\/lospoliticosveracruz.com\/","name":"Los pol\u00edticos Veracruz","description":"","publisher":{"@id":"https:\/\/lospoliticosveracruz.com\/#organization"},"potentialAction":[{"@type":"SearchAction","target":{"@type":"EntryPoint","urlTemplate":"https:\/\/lospoliticosveracruz.com\/?s={search_term_string}"},"query-input":{"@type":"PropertyValueSpecification","valueRequired":true,"valueName":"search_term_string"}}],"inLanguage":"es"},{"@type":"Organization","@id":"https:\/\/lospoliticosveracruz.com\/#organization","name":"Los pol\u00edticos Veracruz","url":"https:\/\/lospoliticosveracruz.com\/","logo":{"@type":"ImageObject","inLanguage":"es","@id":"https:\/\/lospoliticosveracruz.com\/#\/schema\/logo\/image\/","url":"https:\/\/lospoliticosveracruz.com\/wp-content\/uploads\/2025\/12\/Logo-Nuevo-LOS-POLITICOS-1.jpg","contentUrl":"https:\/\/lospoliticosveracruz.com\/wp-content\/uploads\/2025\/12\/Logo-Nuevo-LOS-POLITICOS-1.jpg","width":260,"height":70,"caption":"Los pol\u00edticos Veracruz"},"image":{"@id":"https:\/\/lospoliticosveracruz.com\/#\/schema\/logo\/image\/"},"sameAs":["https:\/\/www.facebook.com\/people\/Notimemes-de-los-Polticos\/61565672886568\/","https:\/\/x.com\/LosPoliticosVer"]},{"@type":"Person","@id":"https:\/\/lospoliticosveracruz.com\/#\/schema\/person\/b8702bb0e538456e6efd07080bf2a4a2","name":"Lo viste en Los Pol\u00edticos","image":{"@type":"ImageObject","inLanguage":"es","@id":"https:\/\/secure.gravatar.com\/avatar\/3a8de04a2656d44082be478bd6c086daa447c4651605818287b9532d3d0bd435?s=96&d=mm&r=g","url":"https:\/\/secure.gravatar.com\/avatar\/3a8de04a2656d44082be478bd6c086daa447c4651605818287b9532d3d0bd435?s=96&d=mm&r=g","contentUrl":"https:\/\/secure.gravatar.com\/avatar\/3a8de04a2656d44082be478bd6c086daa447c4651605818287b9532d3d0bd435?s=96&d=mm&r=g","caption":"Lo viste en Los Pol\u00edticos"},"url":"https:\/\/lospoliticosveracruz.com\/?author=2"}]}},"_links":{"self":[{"href":"https:\/\/lospoliticosveracruz.com\/index.php?rest_route=\/wp\/v2\/posts\/16638","targetHints":{"allow":["GET"]}}],"collection":[{"href":"https:\/\/lospoliticosveracruz.com\/index.php?rest_route=\/wp\/v2\/posts"}],"about":[{"href":"https:\/\/lospoliticosveracruz.com\/index.php?rest_route=\/wp\/v2\/types\/post"}],"author":[{"embeddable":true,"href":"https:\/\/lospoliticosveracruz.com\/index.php?rest_route=\/wp\/v2\/users\/2"}],"replies":[{"embeddable":true,"href":"https:\/\/lospoliticosveracruz.com\/index.php?rest_route=%2Fwp%2Fv2%2Fcomments&post=16638"}],"version-history":[{"count":1,"href":"https:\/\/lospoliticosveracruz.com\/index.php?rest_route=\/wp\/v2\/posts\/16638\/revisions"}],"predecessor-version":[{"id":16640,"href":"https:\/\/lospoliticosveracruz.com\/index.php?rest_route=\/wp\/v2\/posts\/16638\/revisions\/16640"}],"wp:attachment":[{"href":"https:\/\/lospoliticosveracruz.com\/index.php?rest_route=%2Fwp%2Fv2%2Fmedia&parent=16638"}],"wp:term":[{"taxonomy":"category","embeddable":true,"href":"https:\/\/lospoliticosveracruz.com\/index.php?rest_route=%2Fwp%2Fv2%2Fcategories&post=16638"},{"taxonomy":"post_tag","embeddable":true,"href":"https:\/\/lospoliticosveracruz.com\/index.php?rest_route=%2Fwp%2Fv2%2Ftags&post=16638"}],"curies":[{"name":"wp","href":"https:\/\/api.w.org\/{rel}","templated":true}]}}