{"id":167082,"date":"2026-03-25T10:13:35","date_gmt":"2026-03-25T16:13:35","guid":{"rendered":"https:\/\/lospoliticosveracruz.com\/?p=167082"},"modified":"2026-03-25T10:13:36","modified_gmt":"2026-03-25T16:13:36","slug":"chapuzon-guinda","status":"publish","type":"post","link":"https:\/\/lospoliticosveracruz.com\/?p=167082","title":{"rendered":"CHAPUZ\u00d3N GUINDA"},"content":{"rendered":"\n<p><strong>Oved Contreras<\/strong><\/p>\n\n\n\n<p><em>Secas Mecas<\/em><\/p>\n\n\n\n<p>Si la t\u00eda Ch\u00edo est\u00e1 preocupada por el impacto que puedan generar las noticias sobre el derrame de hidrocarburos y la llegada del turismo en Semana Santa, deber\u00eda copiarle al Duartocho que en su momento igual se meti\u00f3 a ba\u00f1ar junto con Salvador Manzur y el Pep\u00edn Ruiz para demostrar que las playas en la zona conurbada estaban limpias y listas para el periodo vacacional.<\/p>\n\n\n\n<p>La t\u00eda Corajes podr\u00eda meterse a ba\u00f1ar junto con el Igor Roj\u00ed y la Lupe Osorno incluso con alcaldes morenos como el Rosaldo, el FaraNini y la Adanely Rodr\u00edguez para mostrarle al turismo que no hay ning\u00fan problema con el derrame de hidrocarburo que proviene de la refiner\u00eda de Dos Bocas o el barco fantasma.<\/p>\n\n\n\n<p>El chapuz\u00f3n ser\u00eda un buen pretexto para que la t\u00eda Corajes y su comitiva modelaran un bikinazo Dior, versace o Louis Vuitton\u2026ya ven que estos morenos no son muy fijadas en el precio si de lucir marca se trata, y por all\u00ed ense\u00f1an piern\u00f3n loco y el est\u00f3mago fitness.<\/p>\n\n\n\n<p>Seguro que las im\u00e1genes tendr\u00edan m\u00e1s impacto que las gacetillas ordenadas por el gordo Bouzas o las campa\u00f1as promovidas en redes sociales por la Secretar\u00eda de Turismo\u2026all\u00ed est\u00e1 el consejo por si le sirve a la t\u00eda Corajes ahora que se viene la Semana Santa y los coment\u00f3cratas le siguen dando duro por el derrame.<\/p>\n\n\n\n<p>La Procuradur\u00eda Estatal de Medio Ambiente confirm\u00f3 que el \u00fanico reporte oficial de fauna muerta desde el inicio del derrame de hidrocarburos en las costas de Veracruz es la del delf\u00edn nariz de botella registrado este martes en Alvarado.<\/p>\n\n\n\n<p>El titular de la dependencia, \u00c1ngel Carrizales L\u00f3pez, dijo que ante las instancias federales correspondientes como la Procuradur\u00eda Federal de Protecci\u00f3n al Ambiente o la Comisi\u00f3n Nacional de \u00c1reas Naturales Protegidas, o la misma PMA, no se ha informado a trav\u00e9s de los canales adecuados de especies afectadas. Precis\u00f3 que pese a los reportes a trav\u00e9s de redes sociales de fauna afectada, no se ha realizado el protocolo correspondiente para dar aviso a la autoridad ambiental.<\/p>\n\n\n\n<p>LISTOS PARA SEMANA SANTA\u2026mientras grupos de pescadores reportan que contin\u00faan llegando restos de hidrocarburo a la zona conurbada Veracruz-Boca del R\u00edo, las alcaldesas de la zona conurbada, Rosa Mar\u00eda Hern\u00e1ndez Espejo y Maryjose Gamboa ordenaron redoblar las acciones de vigilancia y saneamiento de las playas para que est\u00e9n en condiciones de recibir al turismo en el periodo vacacional de Semana Santa.<\/p>\n\n\n\n<p>El a\u00f1o pasado, las autoridades reportaron que en Semana Santa, Veracruz recibi\u00f3 cerca de 2.5 millones de visitantes, generando una derrama econ\u00f3mica superior a los tres mil 300 millones de pesos. Los destinos de sol y playa por excelencia son Veracruz, Boca del R\u00edo, Tuxpan y Costa Esmeralda as\u00ed como Pueblos M\u00e1gicos como Orizaba y Coatepec.<\/p>\n\n\n\n<p>La alcaldesa de Veracruz, Rosa Mar\u00eda Hern\u00e1ndez inform\u00f3 que su administraci\u00f3n desplegar\u00e1 un operativo coordinado con los tres niveles de gobierno, implementando acciones preventivas y de auxilio inmediato durante toda la temporada. Se instalar\u00e1n m\u00f3dulos de atenci\u00f3n en zonas de gran afluencia como playas, plazas y sitios tur\u00edsticos, con presencia de personal m\u00e9dico, Bomberos, Protecci\u00f3n Civil, asesores jur\u00eddicos, as\u00ed como de la Procuradur\u00eda de la Defensa del Menor, el DIF, la PROFECO, entre otros.<\/p>\n\n\n\n<p>Asimismo, se reforzar\u00e1n los patrullajes m\u00f3viles y a pie en la zona costera, centros comerciales y puntos estrat\u00e9gicos de la ciudad, a cargo de la Polic\u00eda Municipal, adem\u00e1s de la presencia de elementos de Tr\u00e1nsito que cuidar\u00e1n la movilidad, y a la par se realizan tareas de saneamiento en los puntos donde hay presencia de hidrocarburo aunque en cantidades m\u00ednimas.<\/p>\n","protected":false},"excerpt":{"rendered":"<p>Oved Contreras Secas Mecas Si la t\u00eda Ch\u00edo est\u00e1 preocupada por el impacto que puedan generar las noticias sobre el derrame de hidrocarburos y la llegada del turismo en Semana Santa, deber\u00eda copiarle al Duartocho que en su momento igual se meti\u00f3 a ba\u00f1ar junto con Salvador Manzur y el Pep\u00edn Ruiz para demostrar que [&hellip;]<\/p>\n","protected":false},"author":2,"featured_media":141426,"comment_status":"closed","ping_status":"closed","sticky":false,"template":"","format":"standard","meta":{"tdm_status":"","tdm_grid_status":"","footnotes":""},"categories":[70],"tags":[58720,58718,58719,58722,58721],"class_list":{"0":"post-167082","1":"post","2":"type-post","3":"status-publish","4":"format-standard","5":"has-post-thumbnail","7":"category-de-opinion","8":"tag-angel-carrizales-lopez-fauna-muerta-delfin-alvarado","9":"tag-oved-contreras-derrame-hidrocarburos-veracruz-semana-santa","10":"tag-rocio-nahle-impacto-turismo-playas","11":"tag-rosa-maria-hernandez-espejo-maryjose-gamboa-vigilancia-costera","12":"tag-veracruz-boca-del-rio-saneamiento-playas-operativo-seguridad"},"yoast_head":"<!-- This site is optimized with the Yoast SEO plugin v28.1 - https:\/\/yoast.com\/product\/yoast-seo-wordpress\/ -->\n<title>CHAPUZ\u00d3N GUINDA - Los pol\u00edticos Veracruz<\/title>\n<meta name=\"robots\" content=\"index, follow, max-snippet:-1, max-image-preview:large, max-video-preview:-1\" \/>\n<link rel=\"canonical\" href=\"https:\/\/lospoliticosveracruz.com\/?p=167082\" \/>\n<meta property=\"og:locale\" content=\"es_ES\" \/>\n<meta property=\"og:type\" content=\"article\" \/>\n<meta property=\"og:title\" content=\"CHAPUZ\u00d3N GUINDA - Los pol\u00edticos Veracruz\" \/>\n<meta property=\"og:description\" content=\"Oved Contreras Secas Mecas Si la t\u00eda Ch\u00edo est\u00e1 preocupada por el impacto que puedan generar las noticias sobre el derrame de hidrocarburos y la llegada del turismo en Semana Santa, deber\u00eda copiarle al Duartocho que en su momento igual se meti\u00f3 a ba\u00f1ar junto con Salvador Manzur y el Pep\u00edn Ruiz para demostrar que [&hellip;]\" \/>\n<meta property=\"og:url\" content=\"https:\/\/lospoliticosveracruz.com\/?p=167082\" \/>\n<meta property=\"og:site_name\" content=\"Los pol\u00edticos Veracruz\" \/>\n<meta property=\"article:publisher\" content=\"https:\/\/www.facebook.com\/people\/Notimemes-de-los-Polticos\/61565672886568\/\" \/>\n<meta property=\"article:published_time\" content=\"2026-03-25T16:13:35+00:00\" \/>\n<meta property=\"article:modified_time\" content=\"2026-03-25T16:13:36+00:00\" \/>\n<meta property=\"og:image\" content=\"https:\/\/lospoliticosveracruz.com\/wp-content\/uploads\/2025\/04\/Oved-Contreras-e1768066319253.jpg\" \/>\n\t<meta property=\"og:image:width\" content=\"600\" \/>\n\t<meta property=\"og:image:height\" content=\"320\" \/>\n\t<meta property=\"og:image:type\" content=\"image\/jpeg\" \/>\n<meta name=\"author\" content=\"Lo viste en Los Pol\u00edticos\" \/>\n<meta name=\"twitter:card\" content=\"summary_large_image\" \/>\n<meta name=\"twitter:creator\" content=\"@LosPoliticosVer\" \/>\n<meta name=\"twitter:site\" content=\"@LosPoliticosVer\" \/>\n<meta name=\"twitter:label1\" content=\"Escrito por\" \/>\n\t<meta name=\"twitter:data1\" content=\"Lo viste en Los Pol\u00edticos\" \/>\n\t<meta name=\"twitter:label2\" content=\"Tiempo de lectura\" \/>\n\t<meta name=\"twitter:data2\" content=\"3 minutos\" \/>\n<script type=\"application\/ld+json\" class=\"yoast-schema-graph\">{\"@context\":\"https:\\\/\\\/schema.org\",\"@graph\":[{\"@type\":\"Article\",\"@id\":\"https:\\\/\\\/lospoliticosveracruz.com\\\/?p=167082#article\",\"isPartOf\":{\"@id\":\"https:\\\/\\\/lospoliticosveracruz.com\\\/?p=167082\"},\"author\":{\"name\":\"Lo viste en Los Pol\u00edticos\",\"@id\":\"https:\\\/\\\/lospoliticosveracruz.com\\\/#\\\/schema\\\/person\\\/b8702bb0e538456e6efd07080bf2a4a2\"},\"headline\":\"CHAPUZ\u00d3N GUINDA\",\"datePublished\":\"2026-03-25T16:13:35+00:00\",\"dateModified\":\"2026-03-25T16:13:36+00:00\",\"mainEntityOfPage\":{\"@id\":\"https:\\\/\\\/lospoliticosveracruz.com\\\/?p=167082\"},\"wordCount\":658,\"publisher\":{\"@id\":\"https:\\\/\\\/lospoliticosveracruz.com\\\/#organization\"},\"image\":{\"@id\":\"https:\\\/\\\/lospoliticosveracruz.com\\\/?p=167082#primaryimage\"},\"thumbnailUrl\":\"https:\\\/\\\/lospoliticosveracruz.com\\\/wp-content\\\/uploads\\\/2025\\\/04\\\/Oved-Contreras-e1768066319253.jpg\",\"keywords\":[\"\u00c1ngel Carrizales L\u00f3pez fauna muerta delf\u00edn Alvarado\",\"Oved Contreras derrame hidrocarburos Veracruz Semana Santa\",\"Roc\u00edo Nahle impacto turismo playas\",\"Rosa Mar\u00eda Hern\u00e1ndez Espejo Maryjose Gamboa vigilancia costera\",\"Veracruz Boca del R\u00edo saneamiento playas operativo seguridad\"],\"articleSection\":[\"De Opini\u00f3n\"],\"inLanguage\":\"es\"},{\"@type\":\"WebPage\",\"@id\":\"https:\\\/\\\/lospoliticosveracruz.com\\\/?p=167082\",\"url\":\"https:\\\/\\\/lospoliticosveracruz.com\\\/?p=167082\",\"name\":\"CHAPUZ\u00d3N GUINDA - Los pol\u00edticos Veracruz\",\"isPartOf\":{\"@id\":\"https:\\\/\\\/lospoliticosveracruz.com\\\/#website\"},\"primaryImageOfPage\":{\"@id\":\"https:\\\/\\\/lospoliticosveracruz.com\\\/?p=167082#primaryimage\"},\"image\":{\"@id\":\"https:\\\/\\\/lospoliticosveracruz.com\\\/?p=167082#primaryimage\"},\"thumbnailUrl\":\"https:\\\/\\\/lospoliticosveracruz.com\\\/wp-content\\\/uploads\\\/2025\\\/04\\\/Oved-Contreras-e1768066319253.jpg\",\"datePublished\":\"2026-03-25T16:13:35+00:00\",\"dateModified\":\"2026-03-25T16:13:36+00:00\",\"breadcrumb\":{\"@id\":\"https:\\\/\\\/lospoliticosveracruz.com\\\/?p=167082#breadcrumb\"},\"inLanguage\":\"es\",\"potentialAction\":[{\"@type\":\"ReadAction\",\"target\":[\"https:\\\/\\\/lospoliticosveracruz.com\\\/?p=167082\"]}]},{\"@type\":\"ImageObject\",\"inLanguage\":\"es\",\"@id\":\"https:\\\/\\\/lospoliticosveracruz.com\\\/?p=167082#primaryimage\",\"url\":\"https:\\\/\\\/lospoliticosveracruz.com\\\/wp-content\\\/uploads\\\/2025\\\/04\\\/Oved-Contreras-e1768066319253.jpg\",\"contentUrl\":\"https:\\\/\\\/lospoliticosveracruz.com\\\/wp-content\\\/uploads\\\/2025\\\/04\\\/Oved-Contreras-e1768066319253.jpg\",\"width\":600,\"height\":320},{\"@type\":\"BreadcrumbList\",\"@id\":\"https:\\\/\\\/lospoliticosveracruz.com\\\/?p=167082#breadcrumb\",\"itemListElement\":[{\"@type\":\"ListItem\",\"position\":1,\"name\":\"Portada\",\"item\":\"https:\\\/\\\/lospoliticosveracruz.com\\\/\"},{\"@type\":\"ListItem\",\"position\":2,\"name\":\"CHAPUZ\u00d3N GUINDA\"}]},{\"@type\":\"WebSite\",\"@id\":\"https:\\\/\\\/lospoliticosveracruz.com\\\/#website\",\"url\":\"https:\\\/\\\/lospoliticosveracruz.com\\\/\",\"name\":\"Los pol\u00edticos Veracruz\",\"description\":\"\",\"publisher\":{\"@id\":\"https:\\\/\\\/lospoliticosveracruz.com\\\/#organization\"},\"potentialAction\":[{\"@type\":\"SearchAction\",\"target\":{\"@type\":\"EntryPoint\",\"urlTemplate\":\"https:\\\/\\\/lospoliticosveracruz.com\\\/?s={search_term_string}\"},\"query-input\":{\"@type\":\"PropertyValueSpecification\",\"valueRequired\":true,\"valueName\":\"search_term_string\"}}],\"inLanguage\":\"es\"},{\"@type\":\"Organization\",\"@id\":\"https:\\\/\\\/lospoliticosveracruz.com\\\/#organization\",\"name\":\"Los pol\u00edticos Veracruz\",\"url\":\"https:\\\/\\\/lospoliticosveracruz.com\\\/\",\"logo\":{\"@type\":\"ImageObject\",\"inLanguage\":\"es\",\"@id\":\"https:\\\/\\\/lospoliticosveracruz.com\\\/#\\\/schema\\\/logo\\\/image\\\/\",\"url\":\"https:\\\/\\\/lospoliticosveracruz.com\\\/wp-content\\\/uploads\\\/2025\\\/12\\\/Logo-Nuevo-LOS-POLITICOS-1.jpg\",\"contentUrl\":\"https:\\\/\\\/lospoliticosveracruz.com\\\/wp-content\\\/uploads\\\/2025\\\/12\\\/Logo-Nuevo-LOS-POLITICOS-1.jpg\",\"width\":260,\"height\":70,\"caption\":\"Los pol\u00edticos Veracruz\"},\"image\":{\"@id\":\"https:\\\/\\\/lospoliticosveracruz.com\\\/#\\\/schema\\\/logo\\\/image\\\/\"},\"sameAs\":[\"https:\\\/\\\/www.facebook.com\\\/people\\\/Notimemes-de-los-Polticos\\\/61565672886568\\\/\",\"https:\\\/\\\/x.com\\\/LosPoliticosVer\"]},{\"@type\":\"Person\",\"@id\":\"https:\\\/\\\/lospoliticosveracruz.com\\\/#\\\/schema\\\/person\\\/b8702bb0e538456e6efd07080bf2a4a2\",\"name\":\"Lo viste en Los Pol\u00edticos\",\"image\":{\"@type\":\"ImageObject\",\"inLanguage\":\"es\",\"@id\":\"https:\\\/\\\/secure.gravatar.com\\\/avatar\\\/3a8de04a2656d44082be478bd6c086daa447c4651605818287b9532d3d0bd435?s=96&d=mm&r=g\",\"url\":\"https:\\\/\\\/secure.gravatar.com\\\/avatar\\\/3a8de04a2656d44082be478bd6c086daa447c4651605818287b9532d3d0bd435?s=96&d=mm&r=g\",\"contentUrl\":\"https:\\\/\\\/secure.gravatar.com\\\/avatar\\\/3a8de04a2656d44082be478bd6c086daa447c4651605818287b9532d3d0bd435?s=96&d=mm&r=g\",\"caption\":\"Lo viste en Los Pol\u00edticos\"},\"url\":\"https:\\\/\\\/lospoliticosveracruz.com\\\/?author=2\"}]}<\/script>\n<!-- \/ Yoast SEO plugin. -->","yoast_head_json":{"title":"CHAPUZ\u00d3N GUINDA - Los pol\u00edticos Veracruz","robots":{"index":"index","follow":"follow","max-snippet":"max-snippet:-1","max-image-preview":"max-image-preview:large","max-video-preview":"max-video-preview:-1"},"canonical":"https:\/\/lospoliticosveracruz.com\/?p=167082","og_locale":"es_ES","og_type":"article","og_title":"CHAPUZ\u00d3N GUINDA - Los pol\u00edticos Veracruz","og_description":"Oved Contreras Secas Mecas Si la t\u00eda Ch\u00edo est\u00e1 preocupada por el impacto que puedan generar las noticias sobre el derrame de hidrocarburos y la llegada del turismo en Semana Santa, deber\u00eda copiarle al Duartocho que en su momento igual se meti\u00f3 a ba\u00f1ar junto con Salvador Manzur y el Pep\u00edn Ruiz para demostrar que [&hellip;]","og_url":"https:\/\/lospoliticosveracruz.com\/?p=167082","og_site_name":"Los pol\u00edticos Veracruz","article_publisher":"https:\/\/www.facebook.com\/people\/Notimemes-de-los-Polticos\/61565672886568\/","article_published_time":"2026-03-25T16:13:35+00:00","article_modified_time":"2026-03-25T16:13:36+00:00","og_image":[{"width":600,"height":320,"url":"https:\/\/lospoliticosveracruz.com\/wp-content\/uploads\/2025\/04\/Oved-Contreras-e1768066319253.jpg","type":"image\/jpeg"}],"author":"Lo viste en Los Pol\u00edticos","twitter_card":"summary_large_image","twitter_creator":"@LosPoliticosVer","twitter_site":"@LosPoliticosVer","twitter_misc":{"Escrito por":"Lo viste en Los Pol\u00edticos","Tiempo de lectura":"3 minutos"},"schema":{"@context":"https:\/\/schema.org","@graph":[{"@type":"Article","@id":"https:\/\/lospoliticosveracruz.com\/?p=167082#article","isPartOf":{"@id":"https:\/\/lospoliticosveracruz.com\/?p=167082"},"author":{"name":"Lo viste en Los Pol\u00edticos","@id":"https:\/\/lospoliticosveracruz.com\/#\/schema\/person\/b8702bb0e538456e6efd07080bf2a4a2"},"headline":"CHAPUZ\u00d3N GUINDA","datePublished":"2026-03-25T16:13:35+00:00","dateModified":"2026-03-25T16:13:36+00:00","mainEntityOfPage":{"@id":"https:\/\/lospoliticosveracruz.com\/?p=167082"},"wordCount":658,"publisher":{"@id":"https:\/\/lospoliticosveracruz.com\/#organization"},"image":{"@id":"https:\/\/lospoliticosveracruz.com\/?p=167082#primaryimage"},"thumbnailUrl":"https:\/\/lospoliticosveracruz.com\/wp-content\/uploads\/2025\/04\/Oved-Contreras-e1768066319253.jpg","keywords":["\u00c1ngel Carrizales L\u00f3pez fauna muerta delf\u00edn Alvarado","Oved Contreras derrame hidrocarburos Veracruz Semana Santa","Roc\u00edo Nahle impacto turismo playas","Rosa Mar\u00eda Hern\u00e1ndez Espejo Maryjose Gamboa vigilancia costera","Veracruz Boca del R\u00edo saneamiento playas operativo seguridad"],"articleSection":["De Opini\u00f3n"],"inLanguage":"es"},{"@type":"WebPage","@id":"https:\/\/lospoliticosveracruz.com\/?p=167082","url":"https:\/\/lospoliticosveracruz.com\/?p=167082","name":"CHAPUZ\u00d3N GUINDA - Los pol\u00edticos Veracruz","isPartOf":{"@id":"https:\/\/lospoliticosveracruz.com\/#website"},"primaryImageOfPage":{"@id":"https:\/\/lospoliticosveracruz.com\/?p=167082#primaryimage"},"image":{"@id":"https:\/\/lospoliticosveracruz.com\/?p=167082#primaryimage"},"thumbnailUrl":"https:\/\/lospoliticosveracruz.com\/wp-content\/uploads\/2025\/04\/Oved-Contreras-e1768066319253.jpg","datePublished":"2026-03-25T16:13:35+00:00","dateModified":"2026-03-25T16:13:36+00:00","breadcrumb":{"@id":"https:\/\/lospoliticosveracruz.com\/?p=167082#breadcrumb"},"inLanguage":"es","potentialAction":[{"@type":"ReadAction","target":["https:\/\/lospoliticosveracruz.com\/?p=167082"]}]},{"@type":"ImageObject","inLanguage":"es","@id":"https:\/\/lospoliticosveracruz.com\/?p=167082#primaryimage","url":"https:\/\/lospoliticosveracruz.com\/wp-content\/uploads\/2025\/04\/Oved-Contreras-e1768066319253.jpg","contentUrl":"https:\/\/lospoliticosveracruz.com\/wp-content\/uploads\/2025\/04\/Oved-Contreras-e1768066319253.jpg","width":600,"height":320},{"@type":"BreadcrumbList","@id":"https:\/\/lospoliticosveracruz.com\/?p=167082#breadcrumb","itemListElement":[{"@type":"ListItem","position":1,"name":"Portada","item":"https:\/\/lospoliticosveracruz.com\/"},{"@type":"ListItem","position":2,"name":"CHAPUZ\u00d3N GUINDA"}]},{"@type":"WebSite","@id":"https:\/\/lospoliticosveracruz.com\/#website","url":"https:\/\/lospoliticosveracruz.com\/","name":"Los pol\u00edticos Veracruz","description":"","publisher":{"@id":"https:\/\/lospoliticosveracruz.com\/#organization"},"potentialAction":[{"@type":"SearchAction","target":{"@type":"EntryPoint","urlTemplate":"https:\/\/lospoliticosveracruz.com\/?s={search_term_string}"},"query-input":{"@type":"PropertyValueSpecification","valueRequired":true,"valueName":"search_term_string"}}],"inLanguage":"es"},{"@type":"Organization","@id":"https:\/\/lospoliticosveracruz.com\/#organization","name":"Los pol\u00edticos Veracruz","url":"https:\/\/lospoliticosveracruz.com\/","logo":{"@type":"ImageObject","inLanguage":"es","@id":"https:\/\/lospoliticosveracruz.com\/#\/schema\/logo\/image\/","url":"https:\/\/lospoliticosveracruz.com\/wp-content\/uploads\/2025\/12\/Logo-Nuevo-LOS-POLITICOS-1.jpg","contentUrl":"https:\/\/lospoliticosveracruz.com\/wp-content\/uploads\/2025\/12\/Logo-Nuevo-LOS-POLITICOS-1.jpg","width":260,"height":70,"caption":"Los pol\u00edticos Veracruz"},"image":{"@id":"https:\/\/lospoliticosveracruz.com\/#\/schema\/logo\/image\/"},"sameAs":["https:\/\/www.facebook.com\/people\/Notimemes-de-los-Polticos\/61565672886568\/","https:\/\/x.com\/LosPoliticosVer"]},{"@type":"Person","@id":"https:\/\/lospoliticosveracruz.com\/#\/schema\/person\/b8702bb0e538456e6efd07080bf2a4a2","name":"Lo viste en Los Pol\u00edticos","image":{"@type":"ImageObject","inLanguage":"es","@id":"https:\/\/secure.gravatar.com\/avatar\/3a8de04a2656d44082be478bd6c086daa447c4651605818287b9532d3d0bd435?s=96&d=mm&r=g","url":"https:\/\/secure.gravatar.com\/avatar\/3a8de04a2656d44082be478bd6c086daa447c4651605818287b9532d3d0bd435?s=96&d=mm&r=g","contentUrl":"https:\/\/secure.gravatar.com\/avatar\/3a8de04a2656d44082be478bd6c086daa447c4651605818287b9532d3d0bd435?s=96&d=mm&r=g","caption":"Lo viste en Los Pol\u00edticos"},"url":"https:\/\/lospoliticosveracruz.com\/?author=2"}]}},"_links":{"self":[{"href":"https:\/\/lospoliticosveracruz.com\/index.php?rest_route=\/wp\/v2\/posts\/167082","targetHints":{"allow":["GET"]}}],"collection":[{"href":"https:\/\/lospoliticosveracruz.com\/index.php?rest_route=\/wp\/v2\/posts"}],"about":[{"href":"https:\/\/lospoliticosveracruz.com\/index.php?rest_route=\/wp\/v2\/types\/post"}],"author":[{"embeddable":true,"href":"https:\/\/lospoliticosveracruz.com\/index.php?rest_route=\/wp\/v2\/users\/2"}],"replies":[{"embeddable":true,"href":"https:\/\/lospoliticosveracruz.com\/index.php?rest_route=%2Fwp%2Fv2%2Fcomments&post=167082"}],"version-history":[{"count":1,"href":"https:\/\/lospoliticosveracruz.com\/index.php?rest_route=\/wp\/v2\/posts\/167082\/revisions"}],"predecessor-version":[{"id":167083,"href":"https:\/\/lospoliticosveracruz.com\/index.php?rest_route=\/wp\/v2\/posts\/167082\/revisions\/167083"}],"wp:featuredmedia":[{"embeddable":true,"href":"https:\/\/lospoliticosveracruz.com\/index.php?rest_route=\/wp\/v2\/media\/141426"}],"wp:attachment":[{"href":"https:\/\/lospoliticosveracruz.com\/index.php?rest_route=%2Fwp%2Fv2%2Fmedia&parent=167082"}],"wp:term":[{"taxonomy":"category","embeddable":true,"href":"https:\/\/lospoliticosveracruz.com\/index.php?rest_route=%2Fwp%2Fv2%2Fcategories&post=167082"},{"taxonomy":"post_tag","embeddable":true,"href":"https:\/\/lospoliticosveracruz.com\/index.php?rest_route=%2Fwp%2Fv2%2Ftags&post=167082"}],"curies":[{"name":"wp","href":"https:\/\/api.w.org\/{rel}","templated":true}]}}