{"id":16751,"date":"2015-07-03T23:40:01","date_gmt":"2015-07-04T04:40:01","guid":{"rendered":"http:\/\/www.lospoliticosveracruz.com.mx\/?p=16751"},"modified":"2015-07-03T23:40:01","modified_gmt":"2015-07-04T04:40:01","slug":"el-negocio-de-las-encueradas","status":"publish","type":"post","link":"https:\/\/lospoliticosveracruz.com\/?p=16751","title":{"rendered":"El negocio de las encueradas"},"content":{"rendered":"<p><a href=\"http:\/\/www.lospoliticosveracruz.com.mx\/wp-content\/uploads\/2015\/07\/400-Pueblos1.jpg\"><img loading=\"lazy\" decoding=\"async\" class=\"alignnone size-medium wp-image-16752\" src=\"http:\/\/www.lospoliticosveracruz.com.mx\/wp-content\/uploads\/2015\/07\/400-Pueblos1-300x170.jpg\" alt=\"400 Pueblos\" width=\"300\" height=\"170\" \/><\/a><\/p>\n<p><strong>Brenda Caballero<\/strong><br \/>\n<em>N\u00fameros Rojos<\/em><\/p>\n<p>Abuelita \u00bfpor qu\u00e9 no tienen ropa esas se\u00f1oras? Pregunta la peque\u00f1a al salir de la escuela y ver a las mujeres de los 400 Pueblos totalmente desnudas bailando alrededor de la fuente y a un lado de la v\u00eda p\u00fablica. Muy nerviosa, la abuela le contesta: \u201cEs que tienen calor, hija\u201d.<br \/>\nYa se imaginar\u00e1 mi cara al pensar en los sentimientos encontrados que tendr\u00e1 la peque\u00f1a cuando tenga calor y quiera quitarse la ropa y le digan que no puede hacerlo.<br \/>\nLo m\u00e1s l\u00f3gico ser\u00eda que la abuela le hubiese dicho la verdad, aunque no soy nadie para juzgar la respuesta de una persona de casi sesenta a\u00f1os.<br \/>\nSi de por s\u00ed muchos ciudadanos no conocemos \u201clas distintas y cambiantes\u201d causas de sus manifestaciones, es m\u00e1s complicado explicar el porqu\u00e9 y el c\u00f3mo se manifiestan las mujeres originarias de \u00c1lamo Temapache.<br \/>\nBueno, creo que hay una causa muy poderosa y se llama \u201cnecesidad\u201d. \u00bfAunque tienen que quitarse la ropa y mostrar su cuerpo desnudo a los dem\u00e1s? \u00e9sa es la pregunta que muchos nos hacemos. \u00a1Es para llamar la atenci\u00f3n! dice mi hermana.<br \/>\nRealmente es verdad, llaman la atenci\u00f3n, pero adem\u00e1s llaman al morbo, al repudio y malestar de algunos ciudadanos; la burla, los comentarios obscenos y hasta la compasi\u00f3n y l\u00e1stima de otros.<br \/>\nPor lo que la reciente manifestaci\u00f3n de las mujeres de los 400 Pueblos s\u00f3lo ocasiona opiniones encontradas, desde los que tachan el cuerpo de acuerdo a un est\u00e1ndar de belleza (o sea \u00bfs\u00f3lo deben manifestarse encueradas las que son bellas?) hasta los que afirman que cada quien tiene su forma de manifestarse.<br \/>\nY es correcto, estoy de acuerdo con ello, pero recordemos que no vivimos de manera independiente sino dentro de una sociedad con reglas que hay que acatar, aunque esto como en las relaciones es de dos y falta la otra parte: \u00bfNuestros gobernantes y autoridades en curso qu\u00e9 hacen al respecto?<br \/>\nCreo que \u00e9se es el mayor malestar con la manifestaci\u00f3n de los 400: ver c\u00f3mo se violan leyes y que las autoridades no hagan nada; al contrario, apoyan al l\u00edder con recursos para traerlos desde su pueblo, alimentarlos, pagarles comida, hospedaje, salario, porque d\u00e9jeme comentarle que dicen que les pagaban 500 pesos diarios cuando las mujeres mostraban s\u00f3lo los pechos. Bueno, imagino que ya subieron su cuota, pues ya se desnudan completamente.<br \/>\nAhora, la siguiente pregunta es: \u00bfpor qu\u00e9 los hombres no se desnudan? Aclaro que no pretendo que los varones se quiten la ropa y que ahora se empiece con el morbo del tama\u00f1o de su pene o si se rasuran; si les cuelgan mucho los test\u00edculos o son peludos de las nalgas. \u00a1No! \u00a1No! Mi pregunta es porque eso ser\u00eda lo m\u00e1s justo: \u201ctodos parejos con la causa\u201d, pues si se trata de llamar la atenci\u00f3n, ambos sexos lo conseguir\u00edan.<br \/>\nEn mi opini\u00f3n, no lo hacen porque entonces s\u00ed, no habr\u00eda excusa para que el diputado Marco Antonio del Diablo lo hiciera. \u00a1Eso s\u00ed llamar\u00eda la atenci\u00f3n! ver al dizque diputado en cueros que a mi juicio ha fracasado como representante \u201cpopular\u201d en el Congreso, pues de lo contrario, la gente de los 400 Pueblos no tendr\u00eda la necesidad de encuerarse. \u00a1A menos que tuviese otros interese$$$!<br \/>\nEsto me hace pensar tambi\u00e9n que detr\u00e1s de las mujeres est\u00e1n hombres que les han lavado el cerebro para que bailen desnudas por una dizque necesidad. Recordemos que ellos fueron los primeros en entrarle al negocio, tal como lo manifiesta Alfonsina Sandoval Urbina, primera voz en las mujeres y la cual, cada vez que se expresa, lo hace pidiendo permiso a su \u201cjefe\u201d C\u00e9sar del \u00c1ngel \u2013fundador de la organizaci\u00f3n de los 400 Pueblos. Ella dice: \u201caqu\u00ed es un mundo de varones y son muy celosos\u201d; \u00a1por Dios! si fueran un poco celosos tomar\u00edan sus camisas \u00a1y las tapar\u00edan! Es m\u00e1s \u00a1se manifestar\u00edan s\u00f3lo ellos!<br \/>\nPero la necesidad es grande y creo que seguiremos viendo a unas mujeres que en sus caras se le aprecia confundidas, pues les han vendido la idea que son \u00fanicas en el mundo a pesar de que muchas de ellas, estoy segura, no est\u00e1n a gusto con lo que hacen.<br \/>\nAnte todo esto, la ecuaci\u00f3n final quedar\u00eda as\u00ed: El fundador gana poder; el diputado, dinero y promesas; los hombres de los 400, dinero y tierras; las mujeres de los 400, fama y dinero; una parte de los ciudadanos, gusto por el morbo ante la desnudez; la otra parte, malestar y decepci\u00f3n; las autoridades, opacidad e indiferencia; y el que contrat\u00f3 los servicios de los 400, prebendas pol\u00edticas. Pero all\u00ed no termina el asunto\u2026 nos faltan los ni\u00f1os \u00bfd\u00f3nde quedan? pues como dijeran por all\u00ed: \u201cUno como quiera, \u00bfpero las criaturas?\u201d<br \/>\nLa ni\u00f1a voltea a ver a su abuelita y le dice: \u201cYo no tengo calor porque no sali\u00f3 el sol\u201d.<br \/>\nEmail:caballero_brenda@hotmail.com<\/p>\n","protected":false},"excerpt":{"rendered":"<p>Brenda Caballero N\u00fameros Rojos Abuelita \u00bfpor qu\u00e9 no tienen ropa esas se\u00f1oras? Pregunta la peque\u00f1a al salir de la escuela y ver a las mujeres de los 400 Pueblos totalmente desnudas bailando alrededor de la fuente y a un lado de la v\u00eda p\u00fablica. Muy nerviosa, la abuela le contesta: \u201cEs que tienen calor, hija\u201d. [&hellip;]<\/p>\n","protected":false},"author":2,"featured_media":0,"comment_status":"open","ping_status":"open","sticky":false,"template":"","format":"standard","meta":{"tdm_status":"","tdm_grid_status":"","footnotes":""},"categories":[70],"tags":[2956],"class_list":{"0":"post-16751","1":"post","2":"type-post","3":"status-publish","4":"format-standard","6":"category-de-opinion","7":"tag-cesar-del-angel"},"yoast_head":"<!-- This site is optimized with the Yoast SEO plugin v27.4 - https:\/\/yoast.com\/product\/yoast-seo-wordpress\/ -->\n<title>El negocio de las encueradas - Los pol\u00edticos Veracruz<\/title>\n<meta name=\"robots\" content=\"index, follow, max-snippet:-1, max-image-preview:large, max-video-preview:-1\" \/>\n<link rel=\"canonical\" href=\"https:\/\/lospoliticosveracruz.com\/?p=16751\" \/>\n<meta property=\"og:locale\" content=\"es_ES\" \/>\n<meta property=\"og:type\" content=\"article\" \/>\n<meta property=\"og:title\" content=\"El negocio de las encueradas - Los pol\u00edticos Veracruz\" \/>\n<meta property=\"og:description\" content=\"Brenda Caballero N\u00fameros Rojos Abuelita \u00bfpor qu\u00e9 no tienen ropa esas se\u00f1oras? Pregunta la peque\u00f1a al salir de la escuela y ver a las mujeres de los 400 Pueblos totalmente desnudas bailando alrededor de la fuente y a un lado de la v\u00eda p\u00fablica. Muy nerviosa, la abuela le contesta: \u201cEs que tienen calor, hija\u201d. [&hellip;]\" \/>\n<meta property=\"og:url\" content=\"https:\/\/lospoliticosveracruz.com\/?p=16751\" \/>\n<meta property=\"og:site_name\" content=\"Los pol\u00edticos Veracruz\" \/>\n<meta property=\"article:publisher\" content=\"https:\/\/www.facebook.com\/people\/Notimemes-de-los-Polticos\/61565672886568\/\" \/>\n<meta property=\"article:published_time\" content=\"2015-07-04T04:40:01+00:00\" \/>\n<meta property=\"og:image\" content=\"http:\/\/www.lospoliticosveracruz.com.mx\/wp-content\/uploads\/2015\/07\/400-Pueblos1-300x170.jpg\" \/>\n<meta name=\"author\" content=\"Lo viste en Los Pol\u00edticos\" \/>\n<meta name=\"twitter:card\" content=\"summary_large_image\" \/>\n<meta name=\"twitter:creator\" content=\"@LosPoliticosVer\" \/>\n<meta name=\"twitter:site\" content=\"@LosPoliticosVer\" \/>\n<meta name=\"twitter:label1\" content=\"Escrito por\" \/>\n\t<meta name=\"twitter:data1\" content=\"Lo viste en Los Pol\u00edticos\" \/>\n\t<meta name=\"twitter:label2\" content=\"Tiempo de lectura\" \/>\n\t<meta name=\"twitter:data2\" content=\"4 minutos\" \/>\n<script type=\"application\/ld+json\" class=\"yoast-schema-graph\">{\"@context\":\"https:\\\/\\\/schema.org\",\"@graph\":[{\"@type\":\"Article\",\"@id\":\"https:\\\/\\\/lospoliticosveracruz.com\\\/?p=16751#article\",\"isPartOf\":{\"@id\":\"https:\\\/\\\/lospoliticosveracruz.com\\\/?p=16751\"},\"author\":{\"name\":\"Lo viste en Los Pol\u00edticos\",\"@id\":\"https:\\\/\\\/lospoliticosveracruz.com\\\/#\\\/schema\\\/person\\\/b8702bb0e538456e6efd07080bf2a4a2\"},\"headline\":\"El negocio de las encueradas\",\"datePublished\":\"2015-07-04T04:40:01+00:00\",\"mainEntityOfPage\":{\"@id\":\"https:\\\/\\\/lospoliticosveracruz.com\\\/?p=16751\"},\"wordCount\":862,\"commentCount\":0,\"publisher\":{\"@id\":\"https:\\\/\\\/lospoliticosveracruz.com\\\/#organization\"},\"image\":{\"@id\":\"https:\\\/\\\/lospoliticosveracruz.com\\\/?p=16751#primaryimage\"},\"thumbnailUrl\":\"http:\\\/\\\/www.lospoliticosveracruz.com.mx\\\/wp-content\\\/uploads\\\/2015\\\/07\\\/400-Pueblos1-300x170.jpg\",\"keywords\":[\"C\u00e9sar del Angel\"],\"articleSection\":[\"De Opini\u00f3n\"],\"inLanguage\":\"es\",\"potentialAction\":[{\"@type\":\"CommentAction\",\"name\":\"Comment\",\"target\":[\"https:\\\/\\\/lospoliticosveracruz.com\\\/?p=16751#respond\"]}]},{\"@type\":\"WebPage\",\"@id\":\"https:\\\/\\\/lospoliticosveracruz.com\\\/?p=16751\",\"url\":\"https:\\\/\\\/lospoliticosveracruz.com\\\/?p=16751\",\"name\":\"El negocio de las encueradas - Los pol\u00edticos Veracruz\",\"isPartOf\":{\"@id\":\"https:\\\/\\\/lospoliticosveracruz.com\\\/#website\"},\"primaryImageOfPage\":{\"@id\":\"https:\\\/\\\/lospoliticosveracruz.com\\\/?p=16751#primaryimage\"},\"image\":{\"@id\":\"https:\\\/\\\/lospoliticosveracruz.com\\\/?p=16751#primaryimage\"},\"thumbnailUrl\":\"http:\\\/\\\/www.lospoliticosveracruz.com.mx\\\/wp-content\\\/uploads\\\/2015\\\/07\\\/400-Pueblos1-300x170.jpg\",\"datePublished\":\"2015-07-04T04:40:01+00:00\",\"breadcrumb\":{\"@id\":\"https:\\\/\\\/lospoliticosveracruz.com\\\/?p=16751#breadcrumb\"},\"inLanguage\":\"es\",\"potentialAction\":[{\"@type\":\"ReadAction\",\"target\":[\"https:\\\/\\\/lospoliticosveracruz.com\\\/?p=16751\"]}]},{\"@type\":\"ImageObject\",\"inLanguage\":\"es\",\"@id\":\"https:\\\/\\\/lospoliticosveracruz.com\\\/?p=16751#primaryimage\",\"url\":\"http:\\\/\\\/www.lospoliticosveracruz.com.mx\\\/wp-content\\\/uploads\\\/2015\\\/07\\\/400-Pueblos1-300x170.jpg\",\"contentUrl\":\"http:\\\/\\\/www.lospoliticosveracruz.com.mx\\\/wp-content\\\/uploads\\\/2015\\\/07\\\/400-Pueblos1-300x170.jpg\"},{\"@type\":\"BreadcrumbList\",\"@id\":\"https:\\\/\\\/lospoliticosveracruz.com\\\/?p=16751#breadcrumb\",\"itemListElement\":[{\"@type\":\"ListItem\",\"position\":1,\"name\":\"Portada\",\"item\":\"https:\\\/\\\/lospoliticosveracruz.com\\\/\"},{\"@type\":\"ListItem\",\"position\":2,\"name\":\"El negocio de las encueradas\"}]},{\"@type\":\"WebSite\",\"@id\":\"https:\\\/\\\/lospoliticosveracruz.com\\\/#website\",\"url\":\"https:\\\/\\\/lospoliticosveracruz.com\\\/\",\"name\":\"Los pol\u00edticos Veracruz\",\"description\":\"\",\"publisher\":{\"@id\":\"https:\\\/\\\/lospoliticosveracruz.com\\\/#organization\"},\"potentialAction\":[{\"@type\":\"SearchAction\",\"target\":{\"@type\":\"EntryPoint\",\"urlTemplate\":\"https:\\\/\\\/lospoliticosveracruz.com\\\/?s={search_term_string}\"},\"query-input\":{\"@type\":\"PropertyValueSpecification\",\"valueRequired\":true,\"valueName\":\"search_term_string\"}}],\"inLanguage\":\"es\"},{\"@type\":\"Organization\",\"@id\":\"https:\\\/\\\/lospoliticosveracruz.com\\\/#organization\",\"name\":\"Los pol\u00edticos Veracruz\",\"url\":\"https:\\\/\\\/lospoliticosveracruz.com\\\/\",\"logo\":{\"@type\":\"ImageObject\",\"inLanguage\":\"es\",\"@id\":\"https:\\\/\\\/lospoliticosveracruz.com\\\/#\\\/schema\\\/logo\\\/image\\\/\",\"url\":\"https:\\\/\\\/lospoliticosveracruz.com\\\/wp-content\\\/uploads\\\/2025\\\/12\\\/Logo-Nuevo-LOS-POLITICOS-1.jpg\",\"contentUrl\":\"https:\\\/\\\/lospoliticosveracruz.com\\\/wp-content\\\/uploads\\\/2025\\\/12\\\/Logo-Nuevo-LOS-POLITICOS-1.jpg\",\"width\":260,\"height\":70,\"caption\":\"Los pol\u00edticos Veracruz\"},\"image\":{\"@id\":\"https:\\\/\\\/lospoliticosveracruz.com\\\/#\\\/schema\\\/logo\\\/image\\\/\"},\"sameAs\":[\"https:\\\/\\\/www.facebook.com\\\/people\\\/Notimemes-de-los-Polticos\\\/61565672886568\\\/\",\"https:\\\/\\\/x.com\\\/LosPoliticosVer\"]},{\"@type\":\"Person\",\"@id\":\"https:\\\/\\\/lospoliticosveracruz.com\\\/#\\\/schema\\\/person\\\/b8702bb0e538456e6efd07080bf2a4a2\",\"name\":\"Lo viste en Los Pol\u00edticos\",\"image\":{\"@type\":\"ImageObject\",\"inLanguage\":\"es\",\"@id\":\"https:\\\/\\\/secure.gravatar.com\\\/avatar\\\/3a8de04a2656d44082be478bd6c086daa447c4651605818287b9532d3d0bd435?s=96&d=mm&r=g\",\"url\":\"https:\\\/\\\/secure.gravatar.com\\\/avatar\\\/3a8de04a2656d44082be478bd6c086daa447c4651605818287b9532d3d0bd435?s=96&d=mm&r=g\",\"contentUrl\":\"https:\\\/\\\/secure.gravatar.com\\\/avatar\\\/3a8de04a2656d44082be478bd6c086daa447c4651605818287b9532d3d0bd435?s=96&d=mm&r=g\",\"caption\":\"Lo viste en Los Pol\u00edticos\"},\"url\":\"https:\\\/\\\/lospoliticosveracruz.com\\\/?author=2\"}]}<\/script>\n<!-- \/ Yoast SEO plugin. -->","yoast_head_json":{"title":"El negocio de las encueradas - Los pol\u00edticos Veracruz","robots":{"index":"index","follow":"follow","max-snippet":"max-snippet:-1","max-image-preview":"max-image-preview:large","max-video-preview":"max-video-preview:-1"},"canonical":"https:\/\/lospoliticosveracruz.com\/?p=16751","og_locale":"es_ES","og_type":"article","og_title":"El negocio de las encueradas - Los pol\u00edticos Veracruz","og_description":"Brenda Caballero N\u00fameros Rojos Abuelita \u00bfpor qu\u00e9 no tienen ropa esas se\u00f1oras? Pregunta la peque\u00f1a al salir de la escuela y ver a las mujeres de los 400 Pueblos totalmente desnudas bailando alrededor de la fuente y a un lado de la v\u00eda p\u00fablica. Muy nerviosa, la abuela le contesta: \u201cEs que tienen calor, hija\u201d. [&hellip;]","og_url":"https:\/\/lospoliticosveracruz.com\/?p=16751","og_site_name":"Los pol\u00edticos Veracruz","article_publisher":"https:\/\/www.facebook.com\/people\/Notimemes-de-los-Polticos\/61565672886568\/","article_published_time":"2015-07-04T04:40:01+00:00","og_image":[{"url":"http:\/\/www.lospoliticosveracruz.com.mx\/wp-content\/uploads\/2015\/07\/400-Pueblos1-300x170.jpg","type":"","width":"","height":""}],"author":"Lo viste en Los Pol\u00edticos","twitter_card":"summary_large_image","twitter_creator":"@LosPoliticosVer","twitter_site":"@LosPoliticosVer","twitter_misc":{"Escrito por":"Lo viste en Los Pol\u00edticos","Tiempo de lectura":"4 minutos"},"schema":{"@context":"https:\/\/schema.org","@graph":[{"@type":"Article","@id":"https:\/\/lospoliticosveracruz.com\/?p=16751#article","isPartOf":{"@id":"https:\/\/lospoliticosveracruz.com\/?p=16751"},"author":{"name":"Lo viste en Los Pol\u00edticos","@id":"https:\/\/lospoliticosveracruz.com\/#\/schema\/person\/b8702bb0e538456e6efd07080bf2a4a2"},"headline":"El negocio de las encueradas","datePublished":"2015-07-04T04:40:01+00:00","mainEntityOfPage":{"@id":"https:\/\/lospoliticosveracruz.com\/?p=16751"},"wordCount":862,"commentCount":0,"publisher":{"@id":"https:\/\/lospoliticosveracruz.com\/#organization"},"image":{"@id":"https:\/\/lospoliticosveracruz.com\/?p=16751#primaryimage"},"thumbnailUrl":"http:\/\/www.lospoliticosveracruz.com.mx\/wp-content\/uploads\/2015\/07\/400-Pueblos1-300x170.jpg","keywords":["C\u00e9sar del Angel"],"articleSection":["De Opini\u00f3n"],"inLanguage":"es","potentialAction":[{"@type":"CommentAction","name":"Comment","target":["https:\/\/lospoliticosveracruz.com\/?p=16751#respond"]}]},{"@type":"WebPage","@id":"https:\/\/lospoliticosveracruz.com\/?p=16751","url":"https:\/\/lospoliticosveracruz.com\/?p=16751","name":"El negocio de las encueradas - Los pol\u00edticos Veracruz","isPartOf":{"@id":"https:\/\/lospoliticosveracruz.com\/#website"},"primaryImageOfPage":{"@id":"https:\/\/lospoliticosveracruz.com\/?p=16751#primaryimage"},"image":{"@id":"https:\/\/lospoliticosveracruz.com\/?p=16751#primaryimage"},"thumbnailUrl":"http:\/\/www.lospoliticosveracruz.com.mx\/wp-content\/uploads\/2015\/07\/400-Pueblos1-300x170.jpg","datePublished":"2015-07-04T04:40:01+00:00","breadcrumb":{"@id":"https:\/\/lospoliticosveracruz.com\/?p=16751#breadcrumb"},"inLanguage":"es","potentialAction":[{"@type":"ReadAction","target":["https:\/\/lospoliticosveracruz.com\/?p=16751"]}]},{"@type":"ImageObject","inLanguage":"es","@id":"https:\/\/lospoliticosveracruz.com\/?p=16751#primaryimage","url":"http:\/\/www.lospoliticosveracruz.com.mx\/wp-content\/uploads\/2015\/07\/400-Pueblos1-300x170.jpg","contentUrl":"http:\/\/www.lospoliticosveracruz.com.mx\/wp-content\/uploads\/2015\/07\/400-Pueblos1-300x170.jpg"},{"@type":"BreadcrumbList","@id":"https:\/\/lospoliticosveracruz.com\/?p=16751#breadcrumb","itemListElement":[{"@type":"ListItem","position":1,"name":"Portada","item":"https:\/\/lospoliticosveracruz.com\/"},{"@type":"ListItem","position":2,"name":"El negocio de las encueradas"}]},{"@type":"WebSite","@id":"https:\/\/lospoliticosveracruz.com\/#website","url":"https:\/\/lospoliticosveracruz.com\/","name":"Los pol\u00edticos Veracruz","description":"","publisher":{"@id":"https:\/\/lospoliticosveracruz.com\/#organization"},"potentialAction":[{"@type":"SearchAction","target":{"@type":"EntryPoint","urlTemplate":"https:\/\/lospoliticosveracruz.com\/?s={search_term_string}"},"query-input":{"@type":"PropertyValueSpecification","valueRequired":true,"valueName":"search_term_string"}}],"inLanguage":"es"},{"@type":"Organization","@id":"https:\/\/lospoliticosveracruz.com\/#organization","name":"Los pol\u00edticos Veracruz","url":"https:\/\/lospoliticosveracruz.com\/","logo":{"@type":"ImageObject","inLanguage":"es","@id":"https:\/\/lospoliticosveracruz.com\/#\/schema\/logo\/image\/","url":"https:\/\/lospoliticosveracruz.com\/wp-content\/uploads\/2025\/12\/Logo-Nuevo-LOS-POLITICOS-1.jpg","contentUrl":"https:\/\/lospoliticosveracruz.com\/wp-content\/uploads\/2025\/12\/Logo-Nuevo-LOS-POLITICOS-1.jpg","width":260,"height":70,"caption":"Los pol\u00edticos Veracruz"},"image":{"@id":"https:\/\/lospoliticosveracruz.com\/#\/schema\/logo\/image\/"},"sameAs":["https:\/\/www.facebook.com\/people\/Notimemes-de-los-Polticos\/61565672886568\/","https:\/\/x.com\/LosPoliticosVer"]},{"@type":"Person","@id":"https:\/\/lospoliticosveracruz.com\/#\/schema\/person\/b8702bb0e538456e6efd07080bf2a4a2","name":"Lo viste en Los Pol\u00edticos","image":{"@type":"ImageObject","inLanguage":"es","@id":"https:\/\/secure.gravatar.com\/avatar\/3a8de04a2656d44082be478bd6c086daa447c4651605818287b9532d3d0bd435?s=96&d=mm&r=g","url":"https:\/\/secure.gravatar.com\/avatar\/3a8de04a2656d44082be478bd6c086daa447c4651605818287b9532d3d0bd435?s=96&d=mm&r=g","contentUrl":"https:\/\/secure.gravatar.com\/avatar\/3a8de04a2656d44082be478bd6c086daa447c4651605818287b9532d3d0bd435?s=96&d=mm&r=g","caption":"Lo viste en Los Pol\u00edticos"},"url":"https:\/\/lospoliticosveracruz.com\/?author=2"}]}},"_links":{"self":[{"href":"https:\/\/lospoliticosveracruz.com\/index.php?rest_route=\/wp\/v2\/posts\/16751","targetHints":{"allow":["GET"]}}],"collection":[{"href":"https:\/\/lospoliticosveracruz.com\/index.php?rest_route=\/wp\/v2\/posts"}],"about":[{"href":"https:\/\/lospoliticosveracruz.com\/index.php?rest_route=\/wp\/v2\/types\/post"}],"author":[{"embeddable":true,"href":"https:\/\/lospoliticosveracruz.com\/index.php?rest_route=\/wp\/v2\/users\/2"}],"replies":[{"embeddable":true,"href":"https:\/\/lospoliticosveracruz.com\/index.php?rest_route=%2Fwp%2Fv2%2Fcomments&post=16751"}],"version-history":[{"count":1,"href":"https:\/\/lospoliticosveracruz.com\/index.php?rest_route=\/wp\/v2\/posts\/16751\/revisions"}],"predecessor-version":[{"id":16753,"href":"https:\/\/lospoliticosveracruz.com\/index.php?rest_route=\/wp\/v2\/posts\/16751\/revisions\/16753"}],"wp:attachment":[{"href":"https:\/\/lospoliticosveracruz.com\/index.php?rest_route=%2Fwp%2Fv2%2Fmedia&parent=16751"}],"wp:term":[{"taxonomy":"category","embeddable":true,"href":"https:\/\/lospoliticosveracruz.com\/index.php?rest_route=%2Fwp%2Fv2%2Fcategories&post=16751"},{"taxonomy":"post_tag","embeddable":true,"href":"https:\/\/lospoliticosveracruz.com\/index.php?rest_route=%2Fwp%2Fv2%2Ftags&post=16751"}],"curies":[{"name":"wp","href":"https:\/\/api.w.org\/{rel}","templated":true}]}}