{"id":16790,"date":"2015-07-07T20:41:10","date_gmt":"2015-07-08T01:41:10","guid":{"rendered":"http:\/\/www.lospoliticosveracruz.com.mx\/?p=16790"},"modified":"2015-07-07T20:41:10","modified_gmt":"2015-07-08T01:41:10","slug":"veracruz-endeudamiento-sin-freno","status":"publish","type":"post","link":"https:\/\/lospoliticosveracruz.com\/?p=16790","title":{"rendered":"Veracruz, endeudamiento sin freno"},"content":{"rendered":"<p><a href=\"http:\/\/www.lospoliticosveracruz.com.mx\/wp-content\/uploads\/2015\/07\/Deuda.jpg\"><img loading=\"lazy\" decoding=\"async\" class=\"alignnone size-medium wp-image-16792\" src=\"http:\/\/www.lospoliticosveracruz.com.mx\/wp-content\/uploads\/2015\/07\/Deuda-300x244.jpg\" alt=\"Deuda\" width=\"300\" height=\"244\" \/><\/a><br \/>\n<strong>Luis Alberto Romero<\/strong><\/p>\n<p><em>Hora Cero<\/em><\/p>\n<p>Esta semana, el tema de la enorme deuda p\u00fablica de Veracruz volvi\u00f3 a ser noticia por un nuevo pr\u00e9stamo contratado: mil 338 millones de pesos que el pasado 19 de marzo se inscribi\u00f3 en el Registro de Obligaciones y Empr\u00e9stitos Vigente de Entidades, Municipios y sus Organismos.<br \/>\nDesde el inicio de la presente semana, en diferentes columnas y espacios period\u00edsticos se dio cuenta de la en\u00e9sima deuda contratada por el gobierno veracruzano, ahora con el Grupo Financiero Multiva, fundado en 1980 como Multivalores Casa de Bolsa, y vinculado al Grupo Empresarial \u00c1ngeles, propiedad del empresario Olegario V\u00e1zquez Ra\u00f1a.<br \/>\nPor supuesto, de inmediato comenzaron las reacciones ante ese nuevo cr\u00e9dito del gobierno estatal, que deber\u00e1 pagarse en un plazo no mayor a un a\u00f1o con siete meses: el diputado local panista Julen Rementer\u00eda del Puerto, por ejemplo, lament\u00f3 que no exista certeza sobre el destino de esos recursos. Fidel Robles Guadarrama, del Partido del Trabajo, se\u00f1al\u00f3 que las finanzas estatales est\u00e1n cada vez peor y que no se descarta que ese dinero se haya utilizado para cubrir compromisos con la banca privada.<br \/>\nEl problema no s\u00f3lo se relaciona con la ineficiencia en el manejo de los recursos p\u00fablicos \u2013la deuda casi se ha duplicado en menos de cinco a\u00f1os y pr\u00e1cticamente se multiplic\u00f3 por doce en los \u00faltimos diez\u2013, sino con la falta de transparencia y rendici\u00f3n de cuentas: a nadie, ni siquiera a los propios diputados locales, inform\u00f3 el ejecutivo estatal sobre la contrataci\u00f3n de ese cr\u00e9dito, que se etiquet\u00f3 para una \u201cinversi\u00f3n p\u00fablica productiva\u201d que nadie observa en Veracruz. Por otro lado, no se ve el m\u00ednimo inter\u00e9s del gobierno estatal por aclarar el uso y destino de ese dinero, que corresponde a una deuda contratada en medio del proceso electoral federal de este a\u00f1o.<br \/>\nEl gobierno del estado de Veracruz, de acuerdo con la Secretar\u00eda de Hacienda y Cr\u00e9dito P\u00fablicos, tiene una deuda de 40 millones 962 mil pesos; mientras que los municipios de la entidad deben m\u00e1s de 3 mil 529 millones.<br \/>\nEsa es la deuda registrada y no incluye los compromisos con empresas constructoras ni proveedores. El diputado federal Juan Bueno Torio sostiene que la cifra podr\u00eda alcanzar los 80 mil millones de pesos.<br \/>\nLo peor es el acelerado ritmo de crecimiento de la deuda estatal: en el a\u00f1o 2000, Veracruz registraba una deuda p\u00fablica de risa, 17.8 millones de pesos. Un a\u00f1o despu\u00e9s, en 2001, fueron m\u00e1s de mil 53 millones, mientras en 2002, se lleg\u00f3 a 2 mil 754 millones. El problema vino dos a\u00f1os despu\u00e9s: de 2004 a 2010, durante el pasado sexenio, la deuda veracruzana pas\u00f3 de 3 mil 528 a casi 21 mil 500 millones de pesos; esto es, m\u00e1s del 600 por ciento de aumento en seis a\u00f1os.<br \/>\nPara marzo del presente a\u00f1o, el nivel de endeudamiento de Veracruz casi llega a los 41 mil millones de pesos; el incremento fue del 90 por ciento en menos de 5 a\u00f1os. A ese ritmo de crecimiento, al concluir la administraci\u00f3n Duarte se habr\u00e1 duplicado la deuda heredada.<br \/>\nPara ilustrar la magnitud del problema basta con se\u00f1alar que, tambi\u00e9n de acuerdo con la SHCP, los 41 mil millones que se deben equivalen a m\u00e1s de 114 por ciento de las participaciones del estado; y al 4.4 por ciento del Producto Interno Bruto estatal.<br \/>\nEsos recursos tendr\u00e1n que pagarse en los pr\u00f3ximos 17 a\u00f1os, que es el plazo promedio de vencimiento, a una tasa promedio de inter\u00e9s anual de 8.9 por ciento. Hoy, cada veracruzano tiene una deuda que supera los 5 mil 360 pesos, cifra que resulta de la divisi\u00f3n del monto total de los adeudos del estado entre la poblaci\u00f3n de la entidad.<\/p>\n<p><strong>Xalapa, contra el maltrato animal<\/strong><br \/>\nUn importante paso da el ayuntamiento de Xalapa contra la crueldad y el maltrato animal, que no s\u00f3lo se registra en circos y cosos taurinos; tambi\u00e9n en las peleas de gallos y perros, que son sanguinarias y crueles; en los veh\u00edculos de tracci\u00f3n a sangre; en los zool\u00f3gicos que no brindan atenci\u00f3n y alimentaci\u00f3n a la fauna exhibida; en la peleter\u00eda; y tambi\u00e9n en la matanza cruel que se presenta en la mayor\u00eda de los rastros.<br \/>\nEste martes, el alcalde Am\u00e9rico Z\u00fa\u00f1iga Mart\u00ednez anunci\u00f3 que este a\u00f1o, los carretoneros que todav\u00eda utilizan animales deber\u00e1n cambiarlos por motocicletas. Es una pr\u00e1ctica todav\u00eda com\u00fan en algunas colonias populares.<br \/>\nLa fundaci\u00f3n inglesa Donkey Sanctuary llega a esta capital con un grupo de m\u00e9dicos veterinarios de la UNAM a fin de atender a los equinos que se encuentran en mal estado. Son acciones que forman parte del Programa Piloto Interdisciplinario por el Bienestar Animal de dicha fundaci\u00f3n, que consiste en cl\u00ednicas ambulatorias para ayuda a los \u00e9quidos de trabajo.<br \/>\nEra un tema pendiente en la lucha contra el maltrato animal; sin duda, se trata de una medida acertada de la administraci\u00f3n xalape\u00f1a.<\/p>\n<p><strong>Recursos para Rodr\u00edguez Clara<\/strong><br \/>\nAyer, autoridades de la SIOP y del ayuntamiento de Juan Rodr\u00edguez Clara acordaron invertir 7.8 millones de pesos para la reparaci\u00f3n de 5 de los 22 kil\u00f3metros del tramo que abarca las localidades Los Tigres, 20 de Noviembre, El Mirador y Cerritos.<br \/>\nDe acuerdo con el titular de la dependencia estatal, Tom\u00e1s Ruiz Gonz\u00e1lez, en la reuni\u00f3n con la alcaldesa Amanda Gasper\u00edn se acord\u00f3 pedir el apoyo de la Federaci\u00f3n para concretar el resto de la obra, en virtud de que se trata de un camino que es muy utilizado por Petr\u00f3leos Mexicanos. @luisromero85<\/p>\n","protected":false},"excerpt":{"rendered":"<p>Luis Alberto Romero Hora Cero Esta semana, el tema de la enorme deuda p\u00fablica de Veracruz volvi\u00f3 a ser noticia por un nuevo pr\u00e9stamo contratado: mil 338 millones de pesos que el pasado 19 de marzo se inscribi\u00f3 en el Registro de Obligaciones y Empr\u00e9stitos Vigente de Entidades, Municipios y sus Organismos. Desde el inicio [&hellip;]<\/p>\n","protected":false},"author":2,"featured_media":0,"comment_status":"open","ping_status":"open","sticky":false,"template":"","format":"standard","meta":{"tdm_status":"","tdm_grid_status":"","footnotes":""},"categories":[70],"tags":[1248,927,238,195],"class_list":{"0":"post-16790","1":"post","2":"type-post","3":"status-publish","4":"format-standard","6":"category-de-opinion","7":"tag-deuda-publica","8":"tag-fidel-robles-guadarrama","9":"tag-hacienda","10":"tag-veracruz"},"yoast_head":"<!-- This site is optimized with the Yoast SEO plugin v27.4 - https:\/\/yoast.com\/product\/yoast-seo-wordpress\/ -->\n<title>Veracruz, endeudamiento sin freno - Los pol\u00edticos Veracruz<\/title>\n<meta name=\"robots\" content=\"index, follow, max-snippet:-1, max-image-preview:large, max-video-preview:-1\" \/>\n<link rel=\"canonical\" href=\"https:\/\/lospoliticosveracruz.com\/?p=16790\" \/>\n<meta property=\"og:locale\" content=\"es_ES\" \/>\n<meta property=\"og:type\" content=\"article\" \/>\n<meta property=\"og:title\" content=\"Veracruz, endeudamiento sin freno - Los pol\u00edticos Veracruz\" \/>\n<meta property=\"og:description\" content=\"Luis Alberto Romero Hora Cero Esta semana, el tema de la enorme deuda p\u00fablica de Veracruz volvi\u00f3 a ser noticia por un nuevo pr\u00e9stamo contratado: mil 338 millones de pesos que el pasado 19 de marzo se inscribi\u00f3 en el Registro de Obligaciones y Empr\u00e9stitos Vigente de Entidades, Municipios y sus Organismos. Desde el inicio [&hellip;]\" \/>\n<meta property=\"og:url\" content=\"https:\/\/lospoliticosveracruz.com\/?p=16790\" \/>\n<meta property=\"og:site_name\" content=\"Los pol\u00edticos Veracruz\" \/>\n<meta property=\"article:publisher\" content=\"https:\/\/www.facebook.com\/people\/Notimemes-de-los-Polticos\/61565672886568\/\" \/>\n<meta property=\"article:published_time\" content=\"2015-07-08T01:41:10+00:00\" \/>\n<meta property=\"og:image\" content=\"http:\/\/www.lospoliticosveracruz.com.mx\/wp-content\/uploads\/2015\/07\/Deuda-300x244.jpg\" \/>\n<meta name=\"author\" content=\"Lo viste en Los Pol\u00edticos\" \/>\n<meta name=\"twitter:card\" content=\"summary_large_image\" \/>\n<meta name=\"twitter:creator\" content=\"@LosPoliticosVer\" \/>\n<meta name=\"twitter:site\" content=\"@LosPoliticosVer\" \/>\n<meta name=\"twitter:label1\" content=\"Escrito por\" \/>\n\t<meta name=\"twitter:data1\" content=\"Lo viste en Los Pol\u00edticos\" \/>\n\t<meta name=\"twitter:label2\" content=\"Tiempo de lectura\" \/>\n\t<meta name=\"twitter:data2\" content=\"5 minutos\" \/>\n<script type=\"application\/ld+json\" class=\"yoast-schema-graph\">{\"@context\":\"https:\\\/\\\/schema.org\",\"@graph\":[{\"@type\":\"Article\",\"@id\":\"https:\\\/\\\/lospoliticosveracruz.com\\\/?p=16790#article\",\"isPartOf\":{\"@id\":\"https:\\\/\\\/lospoliticosveracruz.com\\\/?p=16790\"},\"author\":{\"name\":\"Lo viste en Los Pol\u00edticos\",\"@id\":\"https:\\\/\\\/lospoliticosveracruz.com\\\/#\\\/schema\\\/person\\\/b8702bb0e538456e6efd07080bf2a4a2\"},\"headline\":\"Veracruz, endeudamiento sin freno\",\"datePublished\":\"2015-07-08T01:41:10+00:00\",\"mainEntityOfPage\":{\"@id\":\"https:\\\/\\\/lospoliticosveracruz.com\\\/?p=16790\"},\"wordCount\":961,\"commentCount\":0,\"publisher\":{\"@id\":\"https:\\\/\\\/lospoliticosveracruz.com\\\/#organization\"},\"image\":{\"@id\":\"https:\\\/\\\/lospoliticosveracruz.com\\\/?p=16790#primaryimage\"},\"thumbnailUrl\":\"http:\\\/\\\/www.lospoliticosveracruz.com.mx\\\/wp-content\\\/uploads\\\/2015\\\/07\\\/Deuda-300x244.jpg\",\"keywords\":[\"deuda p\u00fablica\",\"Fidel Robles Guadarrama\",\"Hacienda\",\"Veracruz\"],\"articleSection\":[\"De Opini\u00f3n\"],\"inLanguage\":\"es\",\"potentialAction\":[{\"@type\":\"CommentAction\",\"name\":\"Comment\",\"target\":[\"https:\\\/\\\/lospoliticosveracruz.com\\\/?p=16790#respond\"]}]},{\"@type\":\"WebPage\",\"@id\":\"https:\\\/\\\/lospoliticosveracruz.com\\\/?p=16790\",\"url\":\"https:\\\/\\\/lospoliticosveracruz.com\\\/?p=16790\",\"name\":\"Veracruz, endeudamiento sin freno - Los pol\u00edticos Veracruz\",\"isPartOf\":{\"@id\":\"https:\\\/\\\/lospoliticosveracruz.com\\\/#website\"},\"primaryImageOfPage\":{\"@id\":\"https:\\\/\\\/lospoliticosveracruz.com\\\/?p=16790#primaryimage\"},\"image\":{\"@id\":\"https:\\\/\\\/lospoliticosveracruz.com\\\/?p=16790#primaryimage\"},\"thumbnailUrl\":\"http:\\\/\\\/www.lospoliticosveracruz.com.mx\\\/wp-content\\\/uploads\\\/2015\\\/07\\\/Deuda-300x244.jpg\",\"datePublished\":\"2015-07-08T01:41:10+00:00\",\"breadcrumb\":{\"@id\":\"https:\\\/\\\/lospoliticosveracruz.com\\\/?p=16790#breadcrumb\"},\"inLanguage\":\"es\",\"potentialAction\":[{\"@type\":\"ReadAction\",\"target\":[\"https:\\\/\\\/lospoliticosveracruz.com\\\/?p=16790\"]}]},{\"@type\":\"ImageObject\",\"inLanguage\":\"es\",\"@id\":\"https:\\\/\\\/lospoliticosveracruz.com\\\/?p=16790#primaryimage\",\"url\":\"http:\\\/\\\/www.lospoliticosveracruz.com.mx\\\/wp-content\\\/uploads\\\/2015\\\/07\\\/Deuda-300x244.jpg\",\"contentUrl\":\"http:\\\/\\\/www.lospoliticosveracruz.com.mx\\\/wp-content\\\/uploads\\\/2015\\\/07\\\/Deuda-300x244.jpg\"},{\"@type\":\"BreadcrumbList\",\"@id\":\"https:\\\/\\\/lospoliticosveracruz.com\\\/?p=16790#breadcrumb\",\"itemListElement\":[{\"@type\":\"ListItem\",\"position\":1,\"name\":\"Portada\",\"item\":\"https:\\\/\\\/lospoliticosveracruz.com\\\/\"},{\"@type\":\"ListItem\",\"position\":2,\"name\":\"Veracruz, endeudamiento sin freno\"}]},{\"@type\":\"WebSite\",\"@id\":\"https:\\\/\\\/lospoliticosveracruz.com\\\/#website\",\"url\":\"https:\\\/\\\/lospoliticosveracruz.com\\\/\",\"name\":\"Los pol\u00edticos Veracruz\",\"description\":\"\",\"publisher\":{\"@id\":\"https:\\\/\\\/lospoliticosveracruz.com\\\/#organization\"},\"potentialAction\":[{\"@type\":\"SearchAction\",\"target\":{\"@type\":\"EntryPoint\",\"urlTemplate\":\"https:\\\/\\\/lospoliticosveracruz.com\\\/?s={search_term_string}\"},\"query-input\":{\"@type\":\"PropertyValueSpecification\",\"valueRequired\":true,\"valueName\":\"search_term_string\"}}],\"inLanguage\":\"es\"},{\"@type\":\"Organization\",\"@id\":\"https:\\\/\\\/lospoliticosveracruz.com\\\/#organization\",\"name\":\"Los pol\u00edticos Veracruz\",\"url\":\"https:\\\/\\\/lospoliticosveracruz.com\\\/\",\"logo\":{\"@type\":\"ImageObject\",\"inLanguage\":\"es\",\"@id\":\"https:\\\/\\\/lospoliticosveracruz.com\\\/#\\\/schema\\\/logo\\\/image\\\/\",\"url\":\"https:\\\/\\\/lospoliticosveracruz.com\\\/wp-content\\\/uploads\\\/2025\\\/12\\\/Logo-Nuevo-LOS-POLITICOS-1.jpg\",\"contentUrl\":\"https:\\\/\\\/lospoliticosveracruz.com\\\/wp-content\\\/uploads\\\/2025\\\/12\\\/Logo-Nuevo-LOS-POLITICOS-1.jpg\",\"width\":260,\"height\":70,\"caption\":\"Los pol\u00edticos Veracruz\"},\"image\":{\"@id\":\"https:\\\/\\\/lospoliticosveracruz.com\\\/#\\\/schema\\\/logo\\\/image\\\/\"},\"sameAs\":[\"https:\\\/\\\/www.facebook.com\\\/people\\\/Notimemes-de-los-Polticos\\\/61565672886568\\\/\",\"https:\\\/\\\/x.com\\\/LosPoliticosVer\"]},{\"@type\":\"Person\",\"@id\":\"https:\\\/\\\/lospoliticosveracruz.com\\\/#\\\/schema\\\/person\\\/b8702bb0e538456e6efd07080bf2a4a2\",\"name\":\"Lo viste en Los Pol\u00edticos\",\"image\":{\"@type\":\"ImageObject\",\"inLanguage\":\"es\",\"@id\":\"https:\\\/\\\/secure.gravatar.com\\\/avatar\\\/3a8de04a2656d44082be478bd6c086daa447c4651605818287b9532d3d0bd435?s=96&d=mm&r=g\",\"url\":\"https:\\\/\\\/secure.gravatar.com\\\/avatar\\\/3a8de04a2656d44082be478bd6c086daa447c4651605818287b9532d3d0bd435?s=96&d=mm&r=g\",\"contentUrl\":\"https:\\\/\\\/secure.gravatar.com\\\/avatar\\\/3a8de04a2656d44082be478bd6c086daa447c4651605818287b9532d3d0bd435?s=96&d=mm&r=g\",\"caption\":\"Lo viste en Los Pol\u00edticos\"},\"url\":\"https:\\\/\\\/lospoliticosveracruz.com\\\/?author=2\"}]}<\/script>\n<!-- \/ Yoast SEO plugin. -->","yoast_head_json":{"title":"Veracruz, endeudamiento sin freno - Los pol\u00edticos Veracruz","robots":{"index":"index","follow":"follow","max-snippet":"max-snippet:-1","max-image-preview":"max-image-preview:large","max-video-preview":"max-video-preview:-1"},"canonical":"https:\/\/lospoliticosveracruz.com\/?p=16790","og_locale":"es_ES","og_type":"article","og_title":"Veracruz, endeudamiento sin freno - Los pol\u00edticos Veracruz","og_description":"Luis Alberto Romero Hora Cero Esta semana, el tema de la enorme deuda p\u00fablica de Veracruz volvi\u00f3 a ser noticia por un nuevo pr\u00e9stamo contratado: mil 338 millones de pesos que el pasado 19 de marzo se inscribi\u00f3 en el Registro de Obligaciones y Empr\u00e9stitos Vigente de Entidades, Municipios y sus Organismos. Desde el inicio [&hellip;]","og_url":"https:\/\/lospoliticosveracruz.com\/?p=16790","og_site_name":"Los pol\u00edticos Veracruz","article_publisher":"https:\/\/www.facebook.com\/people\/Notimemes-de-los-Polticos\/61565672886568\/","article_published_time":"2015-07-08T01:41:10+00:00","og_image":[{"url":"http:\/\/www.lospoliticosveracruz.com.mx\/wp-content\/uploads\/2015\/07\/Deuda-300x244.jpg","type":"","width":"","height":""}],"author":"Lo viste en Los Pol\u00edticos","twitter_card":"summary_large_image","twitter_creator":"@LosPoliticosVer","twitter_site":"@LosPoliticosVer","twitter_misc":{"Escrito por":"Lo viste en Los Pol\u00edticos","Tiempo de lectura":"5 minutos"},"schema":{"@context":"https:\/\/schema.org","@graph":[{"@type":"Article","@id":"https:\/\/lospoliticosveracruz.com\/?p=16790#article","isPartOf":{"@id":"https:\/\/lospoliticosveracruz.com\/?p=16790"},"author":{"name":"Lo viste en Los Pol\u00edticos","@id":"https:\/\/lospoliticosveracruz.com\/#\/schema\/person\/b8702bb0e538456e6efd07080bf2a4a2"},"headline":"Veracruz, endeudamiento sin freno","datePublished":"2015-07-08T01:41:10+00:00","mainEntityOfPage":{"@id":"https:\/\/lospoliticosveracruz.com\/?p=16790"},"wordCount":961,"commentCount":0,"publisher":{"@id":"https:\/\/lospoliticosveracruz.com\/#organization"},"image":{"@id":"https:\/\/lospoliticosveracruz.com\/?p=16790#primaryimage"},"thumbnailUrl":"http:\/\/www.lospoliticosveracruz.com.mx\/wp-content\/uploads\/2015\/07\/Deuda-300x244.jpg","keywords":["deuda p\u00fablica","Fidel Robles Guadarrama","Hacienda","Veracruz"],"articleSection":["De Opini\u00f3n"],"inLanguage":"es","potentialAction":[{"@type":"CommentAction","name":"Comment","target":["https:\/\/lospoliticosveracruz.com\/?p=16790#respond"]}]},{"@type":"WebPage","@id":"https:\/\/lospoliticosveracruz.com\/?p=16790","url":"https:\/\/lospoliticosveracruz.com\/?p=16790","name":"Veracruz, endeudamiento sin freno - Los pol\u00edticos Veracruz","isPartOf":{"@id":"https:\/\/lospoliticosveracruz.com\/#website"},"primaryImageOfPage":{"@id":"https:\/\/lospoliticosveracruz.com\/?p=16790#primaryimage"},"image":{"@id":"https:\/\/lospoliticosveracruz.com\/?p=16790#primaryimage"},"thumbnailUrl":"http:\/\/www.lospoliticosveracruz.com.mx\/wp-content\/uploads\/2015\/07\/Deuda-300x244.jpg","datePublished":"2015-07-08T01:41:10+00:00","breadcrumb":{"@id":"https:\/\/lospoliticosveracruz.com\/?p=16790#breadcrumb"},"inLanguage":"es","potentialAction":[{"@type":"ReadAction","target":["https:\/\/lospoliticosveracruz.com\/?p=16790"]}]},{"@type":"ImageObject","inLanguage":"es","@id":"https:\/\/lospoliticosveracruz.com\/?p=16790#primaryimage","url":"http:\/\/www.lospoliticosveracruz.com.mx\/wp-content\/uploads\/2015\/07\/Deuda-300x244.jpg","contentUrl":"http:\/\/www.lospoliticosveracruz.com.mx\/wp-content\/uploads\/2015\/07\/Deuda-300x244.jpg"},{"@type":"BreadcrumbList","@id":"https:\/\/lospoliticosveracruz.com\/?p=16790#breadcrumb","itemListElement":[{"@type":"ListItem","position":1,"name":"Portada","item":"https:\/\/lospoliticosveracruz.com\/"},{"@type":"ListItem","position":2,"name":"Veracruz, endeudamiento sin freno"}]},{"@type":"WebSite","@id":"https:\/\/lospoliticosveracruz.com\/#website","url":"https:\/\/lospoliticosveracruz.com\/","name":"Los pol\u00edticos Veracruz","description":"","publisher":{"@id":"https:\/\/lospoliticosveracruz.com\/#organization"},"potentialAction":[{"@type":"SearchAction","target":{"@type":"EntryPoint","urlTemplate":"https:\/\/lospoliticosveracruz.com\/?s={search_term_string}"},"query-input":{"@type":"PropertyValueSpecification","valueRequired":true,"valueName":"search_term_string"}}],"inLanguage":"es"},{"@type":"Organization","@id":"https:\/\/lospoliticosveracruz.com\/#organization","name":"Los pol\u00edticos Veracruz","url":"https:\/\/lospoliticosveracruz.com\/","logo":{"@type":"ImageObject","inLanguage":"es","@id":"https:\/\/lospoliticosveracruz.com\/#\/schema\/logo\/image\/","url":"https:\/\/lospoliticosveracruz.com\/wp-content\/uploads\/2025\/12\/Logo-Nuevo-LOS-POLITICOS-1.jpg","contentUrl":"https:\/\/lospoliticosveracruz.com\/wp-content\/uploads\/2025\/12\/Logo-Nuevo-LOS-POLITICOS-1.jpg","width":260,"height":70,"caption":"Los pol\u00edticos Veracruz"},"image":{"@id":"https:\/\/lospoliticosveracruz.com\/#\/schema\/logo\/image\/"},"sameAs":["https:\/\/www.facebook.com\/people\/Notimemes-de-los-Polticos\/61565672886568\/","https:\/\/x.com\/LosPoliticosVer"]},{"@type":"Person","@id":"https:\/\/lospoliticosveracruz.com\/#\/schema\/person\/b8702bb0e538456e6efd07080bf2a4a2","name":"Lo viste en Los Pol\u00edticos","image":{"@type":"ImageObject","inLanguage":"es","@id":"https:\/\/secure.gravatar.com\/avatar\/3a8de04a2656d44082be478bd6c086daa447c4651605818287b9532d3d0bd435?s=96&d=mm&r=g","url":"https:\/\/secure.gravatar.com\/avatar\/3a8de04a2656d44082be478bd6c086daa447c4651605818287b9532d3d0bd435?s=96&d=mm&r=g","contentUrl":"https:\/\/secure.gravatar.com\/avatar\/3a8de04a2656d44082be478bd6c086daa447c4651605818287b9532d3d0bd435?s=96&d=mm&r=g","caption":"Lo viste en Los Pol\u00edticos"},"url":"https:\/\/lospoliticosveracruz.com\/?author=2"}]}},"_links":{"self":[{"href":"https:\/\/lospoliticosveracruz.com\/index.php?rest_route=\/wp\/v2\/posts\/16790","targetHints":{"allow":["GET"]}}],"collection":[{"href":"https:\/\/lospoliticosveracruz.com\/index.php?rest_route=\/wp\/v2\/posts"}],"about":[{"href":"https:\/\/lospoliticosveracruz.com\/index.php?rest_route=\/wp\/v2\/types\/post"}],"author":[{"embeddable":true,"href":"https:\/\/lospoliticosveracruz.com\/index.php?rest_route=\/wp\/v2\/users\/2"}],"replies":[{"embeddable":true,"href":"https:\/\/lospoliticosveracruz.com\/index.php?rest_route=%2Fwp%2Fv2%2Fcomments&post=16790"}],"version-history":[{"count":2,"href":"https:\/\/lospoliticosveracruz.com\/index.php?rest_route=\/wp\/v2\/posts\/16790\/revisions"}],"predecessor-version":[{"id":16793,"href":"https:\/\/lospoliticosveracruz.com\/index.php?rest_route=\/wp\/v2\/posts\/16790\/revisions\/16793"}],"wp:attachment":[{"href":"https:\/\/lospoliticosveracruz.com\/index.php?rest_route=%2Fwp%2Fv2%2Fmedia&parent=16790"}],"wp:term":[{"taxonomy":"category","embeddable":true,"href":"https:\/\/lospoliticosveracruz.com\/index.php?rest_route=%2Fwp%2Fv2%2Fcategories&post=16790"},{"taxonomy":"post_tag","embeddable":true,"href":"https:\/\/lospoliticosveracruz.com\/index.php?rest_route=%2Fwp%2Fv2%2Ftags&post=16790"}],"curies":[{"name":"wp","href":"https:\/\/api.w.org\/{rel}","templated":true}]}}