{"id":16823,"date":"2015-07-09T22:07:44","date_gmt":"2015-07-10T03:07:44","guid":{"rendered":"http:\/\/www.lospoliticosveracruz.com.mx\/?p=16823"},"modified":"2015-07-09T22:07:44","modified_gmt":"2015-07-10T03:07:44","slug":"verificacion-vehicular-hasta-enero","status":"publish","type":"post","link":"https:\/\/lospoliticosveracruz.com\/?p=16823","title":{"rendered":"Verificaci\u00f3n vehicular \u00a1hasta enero!"},"content":{"rendered":"<p><a href=\"http:\/\/www.lospoliticosveracruz.com.mx\/wp-content\/uploads\/2015\/07\/Verificaci\u00f3n-Vehicular.jpg\"><img loading=\"lazy\" decoding=\"async\" class=\"alignnone size-medium wp-image-16824\" src=\"http:\/\/www.lospoliticosveracruz.com.mx\/wp-content\/uploads\/2015\/07\/Verificaci\u00f3n-Vehicular-300x182.jpg\" alt=\"Verificaci\u00f3n Vehicular\" width=\"300\" height=\"182\" \/><\/a><br \/>\n<strong>Salvador Mu\u00f1oz<\/strong><\/p>\n<p><em>Los Pol\u00edticos\u00a0<\/em><\/p>\n<p>Hasta enero del 2016 podr\u00eda iniciar la verificaci\u00f3n vehicular en su modalidad din\u00e1mica cuando pudo haber iniciado el pasado primero de julio\u2026 mientras, se podr\u00eda hablar de p\u00e9rdida de tiempo\u2026 y de contaminaci\u00f3n.<br \/>\nMe cuenta la mujer que un se\u00f1or se quejaba de que actualmente, sale m\u00e1s caro a una persona que cumple con la verificaci\u00f3n cada seis meses ($200), que alguien que por 750 pesos, acude a uno y resuelve su problema (o su desidia) que viene arrastrando \u00a1hasta por tres a\u00f1os!<br \/>\nNo se generaliza, pero los centros de verificaci\u00f3n en el fidelato fueron convertidos en negocios donde se pueden adquirir actualmente hologramas y nada m\u00e1s.<br \/>\nII<br \/>\nHay quienes piensan que esto de la \u201cnueva\u201d verificaci\u00f3n tiene que ver con una ocurrencia recaudatoria\u2026 el asunto es m\u00e1s alarmante\u2026 tiene que ver con un problema de contaminaci\u00f3n que raya en el incremento de enfermedades bronco-respiratorias y de mortalidad.<br \/>\nHace m\u00e1s de cuatro a\u00f1os, la calidad del aire no era tomada en cuenta\u2026 es m\u00e1s, al inicio de esta administraci\u00f3n estatal, llegaron 40 personas a las que al cierre del fidelismo, les \u201cdieron\u201d la concesi\u00f3n de verificentros\u2026 no se las permitieron.<br \/>\nLa pol\u00edtica implementada en la calidad del aire en Veracruz se basaba en pasar los carros a verificaci\u00f3n y cobrar. No hab\u00eda un diagn\u00f3stico de c\u00f3mo estaba el aire, no hab\u00eda monitoreo ni medidas en nuestra ciudad ni instrumentos de gesti\u00f3n\u2026 es hasta 2011 que inician estudios en la calidad del aire en tres puntos: Xalapa, C\u00f3rdoba y Coatzacoalcos. La primera, por el incre\u00edble n\u00famero de unidades circulando por la ciudad; la segunda, por su cercan\u00eda a los ingenios azucareros; la tercera, por su industria. Los resultados alarmaron a las autoridades.<br \/>\nIII<br \/>\nVeracruz apareci\u00f3 entre los cinco estados que m\u00e1s emana(ba)n contaminantes al aire como part\u00edculas de metales, de hidrocarburos, de azufre, de amoniaco. El 36 por ciento de dicha contaminaci\u00f3n proviene de unidades automotoras; el 28%, de las industrias; 22%, de las quemas como de ca\u00f1a y el resto, en fuentes naturales.<br \/>\nLas zonas bajo observaci\u00f3n son Xalapa y Minatitl\u00e1n, en donde ya se monitorea el aire; en Poza Rica e Ixtaczoquitl\u00e1n ya se calibran las estaciones de monitoreo; en el Puerto jarocho, est\u00e1n en construcci\u00f3n, y en Tuxpan, est\u00e1 en planeaci\u00f3n pero con urgencia, pues es una de las zonas m\u00e1s contaminantes.<br \/>\nIV<br \/>\n\u00bfQui\u00e9n no se ha encontrado con un cami\u00f3n del servicio urbano arrojando enormes humaredas? La Ley no les ped\u00eda verificaci\u00f3n. Cuenta Quirino Moreno que cuando gobernaba Dante Delgado, se orden\u00f3 pasar a todo el servicio urbano a chequeo y los transportistas se rebelaron haciendo un paro de labores durante una visita a Veracruz de la se\u00f1ora Cecilia Occelli de Salinas. Para mediar, se les retir\u00f3 a \u00e9stos la obligaci\u00f3n de verificar sus unidades y s\u00f3lo adaptar\u00edan un equipo al escape que disminuyera las emisiones contaminantes\u2026 s\u00ed, algunos lo hicieron como para taparle el ojo al macho. Hoy, la disposici\u00f3n es que no haya excepci\u00f3n para nadie. Lo esperamos&#8230;<br \/>\nV<br \/>\n\u00bfY por qu\u00e9 hasta enero 2016 esperar? \u00a1Ah! porque algunos concesionarios de los llamados Centros de Verificaci\u00f3n interpusieron un amparo porque consideraban que se atentaba contra sus derechos\u2026 los Juzgados han resuelto un 70 por ciento de \u00e9stos y qu\u00e9 creen\u2026 se los han negado porque las autoridades judiciales consideran que por encima del inter\u00e9s particular de los quejosos, prevalece el bien com\u00fan. Hay que citar que los nuevos verificentros se pusieron a concurso y s\u00f3lo cinco de los concesionarios quejosos participaron y ganaron su nueva concesi\u00f3n\u2026 est\u00e1 de m\u00e1s decir el inter\u00e9s charro del diputado Renato Tronco por mantener a Veracruz, por seis meses m\u00e1s, sin reducir sus emisiones contaminantes\u2026 ya es mucho lo que contamina con sus ocurrencias de querer ser gobernador.<\/p>\n<p>smcainito@gmail.com<\/p>\n","protected":false},"excerpt":{"rendered":"<p>Salvador Mu\u00f1oz Los Pol\u00edticos\u00a0 Hasta enero del 2016 podr\u00eda iniciar la verificaci\u00f3n vehicular en su modalidad din\u00e1mica cuando pudo haber iniciado el pasado primero de julio\u2026 mientras, se podr\u00eda hablar de p\u00e9rdida de tiempo\u2026 y de contaminaci\u00f3n. Me cuenta la mujer que un se\u00f1or se quejaba de que actualmente, sale m\u00e1s caro a una persona [&hellip;]<\/p>\n","protected":false},"author":2,"featured_media":0,"comment_status":"open","ping_status":"open","sticky":false,"template":"","format":"standard","meta":{"tdm_status":"","tdm_grid_status":"","footnotes":""},"categories":[70],"tags":[371,751,2995,195,96],"class_list":{"0":"post-16823","1":"post","2":"type-post","3":"status-publish","4":"format-standard","6":"category-de-opinion","7":"tag-coatzacoalcos","8":"tag-cordoba","9":"tag-quirino-moreno","10":"tag-veracruz","11":"tag-xalapa"},"yoast_head":"<!-- This site is optimized with the Yoast SEO plugin v27.4 - https:\/\/yoast.com\/product\/yoast-seo-wordpress\/ -->\n<title>Verificaci\u00f3n vehicular \u00a1hasta enero! - Los pol\u00edticos Veracruz<\/title>\n<meta name=\"robots\" content=\"index, follow, max-snippet:-1, max-image-preview:large, max-video-preview:-1\" \/>\n<link rel=\"canonical\" href=\"https:\/\/lospoliticosveracruz.com\/?p=16823\" \/>\n<meta property=\"og:locale\" content=\"es_ES\" \/>\n<meta property=\"og:type\" content=\"article\" \/>\n<meta property=\"og:title\" content=\"Verificaci\u00f3n vehicular \u00a1hasta enero! - Los pol\u00edticos Veracruz\" \/>\n<meta property=\"og:description\" content=\"Salvador Mu\u00f1oz Los Pol\u00edticos\u00a0 Hasta enero del 2016 podr\u00eda iniciar la verificaci\u00f3n vehicular en su modalidad din\u00e1mica cuando pudo haber iniciado el pasado primero de julio\u2026 mientras, se podr\u00eda hablar de p\u00e9rdida de tiempo\u2026 y de contaminaci\u00f3n. Me cuenta la mujer que un se\u00f1or se quejaba de que actualmente, sale m\u00e1s caro a una persona [&hellip;]\" \/>\n<meta property=\"og:url\" content=\"https:\/\/lospoliticosveracruz.com\/?p=16823\" \/>\n<meta property=\"og:site_name\" content=\"Los pol\u00edticos Veracruz\" \/>\n<meta property=\"article:publisher\" content=\"https:\/\/www.facebook.com\/people\/Notimemes-de-los-Polticos\/61565672886568\/\" \/>\n<meta property=\"article:published_time\" content=\"2015-07-10T03:07:44+00:00\" \/>\n<meta property=\"og:image\" content=\"https:\/\/lospoliticosveracruz.com\/wp-content\/uploads\/2016\/07\/Logo-Dor.jpg\" \/>\n\t<meta property=\"og:image:width\" content=\"200\" \/>\n\t<meta property=\"og:image:height\" content=\"200\" \/>\n\t<meta property=\"og:image:type\" content=\"image\/jpeg\" \/>\n<meta name=\"author\" content=\"Lo viste en Los Pol\u00edticos\" \/>\n<meta name=\"twitter:card\" content=\"summary_large_image\" \/>\n<meta name=\"twitter:creator\" content=\"@LosPoliticosVer\" \/>\n<meta name=\"twitter:site\" content=\"@LosPoliticosVer\" \/>\n<meta name=\"twitter:label1\" content=\"Escrito por\" \/>\n\t<meta name=\"twitter:data1\" content=\"Lo viste en Los Pol\u00edticos\" \/>\n\t<meta name=\"twitter:label2\" content=\"Tiempo de lectura\" \/>\n\t<meta name=\"twitter:data2\" content=\"3 minutos\" \/>\n<script type=\"application\/ld+json\" class=\"yoast-schema-graph\">{\"@context\":\"https:\\\/\\\/schema.org\",\"@graph\":[{\"@type\":\"Article\",\"@id\":\"https:\\\/\\\/lospoliticosveracruz.com\\\/?p=16823#article\",\"isPartOf\":{\"@id\":\"https:\\\/\\\/lospoliticosveracruz.com\\\/?p=16823\"},\"author\":{\"name\":\"Lo viste en Los Pol\u00edticos\",\"@id\":\"https:\\\/\\\/lospoliticosveracruz.com\\\/#\\\/schema\\\/person\\\/b8702bb0e538456e6efd07080bf2a4a2\"},\"headline\":\"Verificaci\u00f3n vehicular \u00a1hasta enero!\",\"datePublished\":\"2015-07-10T03:07:44+00:00\",\"mainEntityOfPage\":{\"@id\":\"https:\\\/\\\/lospoliticosveracruz.com\\\/?p=16823\"},\"wordCount\":684,\"commentCount\":0,\"publisher\":{\"@id\":\"https:\\\/\\\/lospoliticosveracruz.com\\\/#organization\"},\"keywords\":[\"Coatzacoalcos\",\"C\u00f3rdoba\",\"Quirino Moreno\",\"Veracruz\",\"Xalapa\"],\"articleSection\":[\"De Opini\u00f3n\"],\"inLanguage\":\"es\",\"potentialAction\":[{\"@type\":\"CommentAction\",\"name\":\"Comment\",\"target\":[\"https:\\\/\\\/lospoliticosveracruz.com\\\/?p=16823#respond\"]}]},{\"@type\":\"WebPage\",\"@id\":\"https:\\\/\\\/lospoliticosveracruz.com\\\/?p=16823\",\"url\":\"https:\\\/\\\/lospoliticosveracruz.com\\\/?p=16823\",\"name\":\"Verificaci\u00f3n vehicular \u00a1hasta enero! - Los pol\u00edticos Veracruz\",\"isPartOf\":{\"@id\":\"https:\\\/\\\/lospoliticosveracruz.com\\\/#website\"},\"datePublished\":\"2015-07-10T03:07:44+00:00\",\"breadcrumb\":{\"@id\":\"https:\\\/\\\/lospoliticosveracruz.com\\\/?p=16823#breadcrumb\"},\"inLanguage\":\"es\",\"potentialAction\":[{\"@type\":\"ReadAction\",\"target\":[\"https:\\\/\\\/lospoliticosveracruz.com\\\/?p=16823\"]}]},{\"@type\":\"BreadcrumbList\",\"@id\":\"https:\\\/\\\/lospoliticosveracruz.com\\\/?p=16823#breadcrumb\",\"itemListElement\":[{\"@type\":\"ListItem\",\"position\":1,\"name\":\"Portada\",\"item\":\"https:\\\/\\\/lospoliticosveracruz.com\\\/\"},{\"@type\":\"ListItem\",\"position\":2,\"name\":\"Verificaci\u00f3n vehicular \u00a1hasta enero!\"}]},{\"@type\":\"WebSite\",\"@id\":\"https:\\\/\\\/lospoliticosveracruz.com\\\/#website\",\"url\":\"https:\\\/\\\/lospoliticosveracruz.com\\\/\",\"name\":\"Los pol\u00edticos Veracruz\",\"description\":\"\",\"publisher\":{\"@id\":\"https:\\\/\\\/lospoliticosveracruz.com\\\/#organization\"},\"potentialAction\":[{\"@type\":\"SearchAction\",\"target\":{\"@type\":\"EntryPoint\",\"urlTemplate\":\"https:\\\/\\\/lospoliticosveracruz.com\\\/?s={search_term_string}\"},\"query-input\":{\"@type\":\"PropertyValueSpecification\",\"valueRequired\":true,\"valueName\":\"search_term_string\"}}],\"inLanguage\":\"es\"},{\"@type\":\"Organization\",\"@id\":\"https:\\\/\\\/lospoliticosveracruz.com\\\/#organization\",\"name\":\"Los pol\u00edticos Veracruz\",\"url\":\"https:\\\/\\\/lospoliticosveracruz.com\\\/\",\"logo\":{\"@type\":\"ImageObject\",\"inLanguage\":\"es\",\"@id\":\"https:\\\/\\\/lospoliticosveracruz.com\\\/#\\\/schema\\\/logo\\\/image\\\/\",\"url\":\"https:\\\/\\\/lospoliticosveracruz.com\\\/wp-content\\\/uploads\\\/2025\\\/12\\\/Logo-Nuevo-LOS-POLITICOS-1.jpg\",\"contentUrl\":\"https:\\\/\\\/lospoliticosveracruz.com\\\/wp-content\\\/uploads\\\/2025\\\/12\\\/Logo-Nuevo-LOS-POLITICOS-1.jpg\",\"width\":260,\"height\":70,\"caption\":\"Los pol\u00edticos Veracruz\"},\"image\":{\"@id\":\"https:\\\/\\\/lospoliticosveracruz.com\\\/#\\\/schema\\\/logo\\\/image\\\/\"},\"sameAs\":[\"https:\\\/\\\/www.facebook.com\\\/people\\\/Notimemes-de-los-Polticos\\\/61565672886568\\\/\",\"https:\\\/\\\/x.com\\\/LosPoliticosVer\"]},{\"@type\":\"Person\",\"@id\":\"https:\\\/\\\/lospoliticosveracruz.com\\\/#\\\/schema\\\/person\\\/b8702bb0e538456e6efd07080bf2a4a2\",\"name\":\"Lo viste en Los Pol\u00edticos\",\"image\":{\"@type\":\"ImageObject\",\"inLanguage\":\"es\",\"@id\":\"https:\\\/\\\/secure.gravatar.com\\\/avatar\\\/3a8de04a2656d44082be478bd6c086daa447c4651605818287b9532d3d0bd435?s=96&d=mm&r=g\",\"url\":\"https:\\\/\\\/secure.gravatar.com\\\/avatar\\\/3a8de04a2656d44082be478bd6c086daa447c4651605818287b9532d3d0bd435?s=96&d=mm&r=g\",\"contentUrl\":\"https:\\\/\\\/secure.gravatar.com\\\/avatar\\\/3a8de04a2656d44082be478bd6c086daa447c4651605818287b9532d3d0bd435?s=96&d=mm&r=g\",\"caption\":\"Lo viste en Los Pol\u00edticos\"},\"url\":\"https:\\\/\\\/lospoliticosveracruz.com\\\/?author=2\"}]}<\/script>\n<!-- \/ Yoast SEO plugin. -->","yoast_head_json":{"title":"Verificaci\u00f3n vehicular \u00a1hasta enero! - Los pol\u00edticos Veracruz","robots":{"index":"index","follow":"follow","max-snippet":"max-snippet:-1","max-image-preview":"max-image-preview:large","max-video-preview":"max-video-preview:-1"},"canonical":"https:\/\/lospoliticosveracruz.com\/?p=16823","og_locale":"es_ES","og_type":"article","og_title":"Verificaci\u00f3n vehicular \u00a1hasta enero! - Los pol\u00edticos Veracruz","og_description":"Salvador Mu\u00f1oz Los Pol\u00edticos\u00a0 Hasta enero del 2016 podr\u00eda iniciar la verificaci\u00f3n vehicular en su modalidad din\u00e1mica cuando pudo haber iniciado el pasado primero de julio\u2026 mientras, se podr\u00eda hablar de p\u00e9rdida de tiempo\u2026 y de contaminaci\u00f3n. Me cuenta la mujer que un se\u00f1or se quejaba de que actualmente, sale m\u00e1s caro a una persona [&hellip;]","og_url":"https:\/\/lospoliticosveracruz.com\/?p=16823","og_site_name":"Los pol\u00edticos Veracruz","article_publisher":"https:\/\/www.facebook.com\/people\/Notimemes-de-los-Polticos\/61565672886568\/","article_published_time":"2015-07-10T03:07:44+00:00","og_image":[{"width":200,"height":200,"url":"https:\/\/lospoliticosveracruz.com\/wp-content\/uploads\/2016\/07\/Logo-Dor.jpg","type":"image\/jpeg"}],"author":"Lo viste en Los Pol\u00edticos","twitter_card":"summary_large_image","twitter_creator":"@LosPoliticosVer","twitter_site":"@LosPoliticosVer","twitter_misc":{"Escrito por":"Lo viste en Los Pol\u00edticos","Tiempo de lectura":"3 minutos"},"schema":{"@context":"https:\/\/schema.org","@graph":[{"@type":"Article","@id":"https:\/\/lospoliticosveracruz.com\/?p=16823#article","isPartOf":{"@id":"https:\/\/lospoliticosveracruz.com\/?p=16823"},"author":{"name":"Lo viste en Los Pol\u00edticos","@id":"https:\/\/lospoliticosveracruz.com\/#\/schema\/person\/b8702bb0e538456e6efd07080bf2a4a2"},"headline":"Verificaci\u00f3n vehicular \u00a1hasta enero!","datePublished":"2015-07-10T03:07:44+00:00","mainEntityOfPage":{"@id":"https:\/\/lospoliticosveracruz.com\/?p=16823"},"wordCount":684,"commentCount":0,"publisher":{"@id":"https:\/\/lospoliticosveracruz.com\/#organization"},"keywords":["Coatzacoalcos","C\u00f3rdoba","Quirino Moreno","Veracruz","Xalapa"],"articleSection":["De Opini\u00f3n"],"inLanguage":"es","potentialAction":[{"@type":"CommentAction","name":"Comment","target":["https:\/\/lospoliticosveracruz.com\/?p=16823#respond"]}]},{"@type":"WebPage","@id":"https:\/\/lospoliticosveracruz.com\/?p=16823","url":"https:\/\/lospoliticosveracruz.com\/?p=16823","name":"Verificaci\u00f3n vehicular \u00a1hasta enero! - Los pol\u00edticos Veracruz","isPartOf":{"@id":"https:\/\/lospoliticosveracruz.com\/#website"},"datePublished":"2015-07-10T03:07:44+00:00","breadcrumb":{"@id":"https:\/\/lospoliticosveracruz.com\/?p=16823#breadcrumb"},"inLanguage":"es","potentialAction":[{"@type":"ReadAction","target":["https:\/\/lospoliticosveracruz.com\/?p=16823"]}]},{"@type":"BreadcrumbList","@id":"https:\/\/lospoliticosveracruz.com\/?p=16823#breadcrumb","itemListElement":[{"@type":"ListItem","position":1,"name":"Portada","item":"https:\/\/lospoliticosveracruz.com\/"},{"@type":"ListItem","position":2,"name":"Verificaci\u00f3n vehicular \u00a1hasta enero!"}]},{"@type":"WebSite","@id":"https:\/\/lospoliticosveracruz.com\/#website","url":"https:\/\/lospoliticosveracruz.com\/","name":"Los pol\u00edticos Veracruz","description":"","publisher":{"@id":"https:\/\/lospoliticosveracruz.com\/#organization"},"potentialAction":[{"@type":"SearchAction","target":{"@type":"EntryPoint","urlTemplate":"https:\/\/lospoliticosveracruz.com\/?s={search_term_string}"},"query-input":{"@type":"PropertyValueSpecification","valueRequired":true,"valueName":"search_term_string"}}],"inLanguage":"es"},{"@type":"Organization","@id":"https:\/\/lospoliticosveracruz.com\/#organization","name":"Los pol\u00edticos Veracruz","url":"https:\/\/lospoliticosveracruz.com\/","logo":{"@type":"ImageObject","inLanguage":"es","@id":"https:\/\/lospoliticosveracruz.com\/#\/schema\/logo\/image\/","url":"https:\/\/lospoliticosveracruz.com\/wp-content\/uploads\/2025\/12\/Logo-Nuevo-LOS-POLITICOS-1.jpg","contentUrl":"https:\/\/lospoliticosveracruz.com\/wp-content\/uploads\/2025\/12\/Logo-Nuevo-LOS-POLITICOS-1.jpg","width":260,"height":70,"caption":"Los pol\u00edticos Veracruz"},"image":{"@id":"https:\/\/lospoliticosveracruz.com\/#\/schema\/logo\/image\/"},"sameAs":["https:\/\/www.facebook.com\/people\/Notimemes-de-los-Polticos\/61565672886568\/","https:\/\/x.com\/LosPoliticosVer"]},{"@type":"Person","@id":"https:\/\/lospoliticosveracruz.com\/#\/schema\/person\/b8702bb0e538456e6efd07080bf2a4a2","name":"Lo viste en Los Pol\u00edticos","image":{"@type":"ImageObject","inLanguage":"es","@id":"https:\/\/secure.gravatar.com\/avatar\/3a8de04a2656d44082be478bd6c086daa447c4651605818287b9532d3d0bd435?s=96&d=mm&r=g","url":"https:\/\/secure.gravatar.com\/avatar\/3a8de04a2656d44082be478bd6c086daa447c4651605818287b9532d3d0bd435?s=96&d=mm&r=g","contentUrl":"https:\/\/secure.gravatar.com\/avatar\/3a8de04a2656d44082be478bd6c086daa447c4651605818287b9532d3d0bd435?s=96&d=mm&r=g","caption":"Lo viste en Los Pol\u00edticos"},"url":"https:\/\/lospoliticosveracruz.com\/?author=2"}]}},"_links":{"self":[{"href":"https:\/\/lospoliticosveracruz.com\/index.php?rest_route=\/wp\/v2\/posts\/16823","targetHints":{"allow":["GET"]}}],"collection":[{"href":"https:\/\/lospoliticosveracruz.com\/index.php?rest_route=\/wp\/v2\/posts"}],"about":[{"href":"https:\/\/lospoliticosveracruz.com\/index.php?rest_route=\/wp\/v2\/types\/post"}],"author":[{"embeddable":true,"href":"https:\/\/lospoliticosveracruz.com\/index.php?rest_route=\/wp\/v2\/users\/2"}],"replies":[{"embeddable":true,"href":"https:\/\/lospoliticosveracruz.com\/index.php?rest_route=%2Fwp%2Fv2%2Fcomments&post=16823"}],"version-history":[{"count":1,"href":"https:\/\/lospoliticosveracruz.com\/index.php?rest_route=\/wp\/v2\/posts\/16823\/revisions"}],"predecessor-version":[{"id":16825,"href":"https:\/\/lospoliticosveracruz.com\/index.php?rest_route=\/wp\/v2\/posts\/16823\/revisions\/16825"}],"wp:attachment":[{"href":"https:\/\/lospoliticosveracruz.com\/index.php?rest_route=%2Fwp%2Fv2%2Fmedia&parent=16823"}],"wp:term":[{"taxonomy":"category","embeddable":true,"href":"https:\/\/lospoliticosveracruz.com\/index.php?rest_route=%2Fwp%2Fv2%2Fcategories&post=16823"},{"taxonomy":"post_tag","embeddable":true,"href":"https:\/\/lospoliticosveracruz.com\/index.php?rest_route=%2Fwp%2Fv2%2Ftags&post=16823"}],"curies":[{"name":"wp","href":"https:\/\/api.w.org\/{rel}","templated":true}]}}