{"id":16826,"date":"2015-07-10T21:42:31","date_gmt":"2015-07-11T02:42:31","guid":{"rendered":"http:\/\/www.lospoliticosveracruz.com.mx\/?p=16826"},"modified":"2015-07-10T21:42:31","modified_gmt":"2015-07-11T02:42:31","slug":"repuver-la-misma-gata","status":"publish","type":"post","link":"https:\/\/lospoliticosveracruz.com\/?p=16826","title":{"rendered":"Repuver, la misma gata\u2026"},"content":{"rendered":"<p><a href=\"http:\/\/www.lospoliticosveracruz.com.mx\/wp-content\/uploads\/2015\/07\/Nemi-Dib.jpg\"><img loading=\"lazy\" decoding=\"async\" class=\"alignnone size-medium wp-image-16827\" src=\"http:\/\/www.lospoliticosveracruz.com.mx\/wp-content\/uploads\/2015\/07\/Nemi-Dib-300x199.jpg\" alt=\"Nemi Dib\" width=\"300\" height=\"199\" \/><\/a><\/p>\n<p><strong>Brenda Caballero<\/strong><br \/>\n<em>N\u00fameros Rojos<\/em><\/p>\n<p>A principios del a\u00f1o platicaba con el se\u00f1or Miguel, que hac\u00eda en la casa de ustedes trabajos de alba\u00f1iler\u00eda y me comentaba que le hab\u00edan robado su moto hac\u00eda apenas dos meses atr\u00e1s. Desde luego que mi primera pregunta fue saber si hab\u00eda levantado acta por robo en el MP y si la dio de baja en el padr\u00f3n vehicular del estado de Veracruz. Miguel me dec\u00eda que ya ten\u00eda su acta por robo, pero que desconoc\u00eda si ten\u00eda que hacer otro tr\u00e1mite.<br \/>\nCreo que su comentario me dej\u00f3 pensando, pues Miguel es una persona de muy escasos recursos y me preocup\u00f3 que le siguieran cobrando derechos vehiculares ante su situaci\u00f3n econ\u00f3mica, por lo que le ped\u00ed me diera el n\u00famero de placa de su moto para verificar sus adeudos en la p\u00e1gina de internet del gobierno del estado de Veracruz.<br \/>\nDesde luego que me salieron los adeudos del a\u00f1o pasado y de \u00e9ste, aunque lo que me sorprendi\u00f3 m\u00e1s fue ver que no estuviera bloqueado el veh\u00edculo por robo.<br \/>\nLa curiosidad que mat\u00f3 al gato hizo presa de m\u00ed. De inmediato lo chequ\u00e9 en el Registro P\u00fablico Vehicular (Repuve) en la p\u00e1gina www.repuve.gob.mx, donde se conoce la situaci\u00f3n actual de cualquier veh\u00edculo emplacado en M\u00e9xico. Triste noticia: su moto aparec\u00eda sin reporte de robo.<br \/>\nII<br \/>\n\u00bfC\u00f3mo puede ser? Si ya Miguel hab\u00eda levantado su acta ante el MP. Desgraciadamente, las autoridades correspondientes a veces no hacen el reporte de manera oportuna para que se actualice la informaci\u00f3n del Repuve y en otras ocasiones, la misma p\u00e1gina tarda en actualizar los datos m\u00e1s de un mes, por lo que durante todos esos meses alguien pudo vender la moto m\u00e1s barata (pues no ten\u00eda factura) jact\u00e1ndose que no era \u201ccaliente\u201d.<br \/>\nEsta historia vino a mi mente porque ayer el titular del Consejo de Seguridad P\u00fablica, Juan Antonio Nemi Dib, present\u00f3 con bombo y platillo una aplicaci\u00f3n llamada \u201cRepuver. No compres problemas. Conoce la situaci\u00f3n legal de tu veh\u00edculo\u201d.<br \/>\nDe inmediato acced\u00ed al portal www.repuver.cespver.gob.mx para ver c\u00f3mo operaba dicha aplicaci\u00f3n web.<br \/>\n\u00a1Oh por Dios! es la misma gata, pero revolcada. Le explico: la \u00fanica diferencia que se puede ver en la consulta vehicular con la p\u00e1gina nacional del Repuve es que separa la consulta de los veh\u00edculos por placa nacional y del estado.<br \/>\nAl dar click en Nacional o bajar la barra de la derecha, aparece el mismo men\u00fa que el del Repuve, poner la placa o N\u00famero de Identificaci\u00f3n Vehicular (NIV); es decir, es s\u00f3lo un enlace con la p\u00e1gina nacional, que se corrobora con la leyenda citada en la parte inferior de la consulta en un marco naranja: La consulta ser\u00e1 realizada a trav\u00e9s del portal web Repuve Consulta Ciudadana. Este servicio de consulta es gratuito de acuerdo al art\u00edculo 6 de la Ley de Registro P\u00fablico Vehicular.<br \/>\nAhora que si nos vamos a la pesta\u00f1a estatal, la cosa se vuelve m\u00e1s burocr\u00e1tica porque para que nos proporcione la informaci\u00f3n de un veh\u00edculo del estado, es necesario, adem\u00e1s de los campos de la placa o el NIV, agregar el nombre, apellido materno, apellido paterno y un correo electr\u00f3nico, pues la respuesta s\u00f3lo se dar\u00e1 por este medio. \u00a1No me chin\u2026! s\u00e9 que la tecnolog\u00eda est\u00e1 a la orden del d\u00eda, pero contestar a trav\u00e9s de un correo electr\u00f3nico cuando muchas personas no cuentan con correo electr\u00f3nico o no recuerdan su contrase\u00f1a \u00a1es absurdo! Ah y aparte, la aplicaci\u00f3n estar\u00e1 condicionada ya que nadie puede preguntar dos veces por el mismo veh\u00edculo en un lapso de 15 minutos, si no, se emite una alerta. \u00a1\u00d3igame! \u00bfy d\u00f3nde queda el supuesto de que si venden un veh\u00edculo y m\u00e1s de dos personas quieran comprarlo, coincidan con la solicitud en Repuver?<br \/>\nNo s\u00e9 usted, pero definitivamente me quedo con el Repuve, all\u00ed no preguntan tanto y dan la informaci\u00f3n al momento, sin que caiga yo como sospechosa por la emisi\u00f3n de una alerta.<br \/>\nIII<br \/>\nAlgo que me dej\u00f3 at\u00f3nita, pues no sab\u00eda si llorar o re\u00edr, fue una cifra que dio a conocer Nemi Dib, al decir que gracias a sensores y c\u00e1maras se hab\u00edan recuperado 19 veh\u00edculos en lo que va del a\u00f1o. Es decir, un promedio de tres por mes, cantidad que en lo particular se me hace irrelevante ante el robo diario de veh\u00edculos en el estado\u2026 Bueno, habr\u00eda que preguntarle \u00bfcu\u00e1ntos de esos veh\u00edculos pertenecen a Veracruz? Porque estar\u00eda canijo que de los 19 recuperados en Veracruz fueran de otros estados.<\/p>\n<p>Email:caballero_brenda@hotmail.com<\/p>\n","protected":false},"excerpt":{"rendered":"<p>Brenda Caballero N\u00fameros Rojos A principios del a\u00f1o platicaba con el se\u00f1or Miguel, que hac\u00eda en la casa de ustedes trabajos de alba\u00f1iler\u00eda y me comentaba que le hab\u00edan robado su moto hac\u00eda apenas dos meses atr\u00e1s. Desde luego que mi primera pregunta fue saber si hab\u00eda levantado acta por robo en el MP y [&hellip;]<\/p>\n","protected":false},"author":2,"featured_media":0,"comment_status":"open","ping_status":"open","sticky":false,"template":"","format":"standard","meta":{"tdm_status":"","tdm_grid_status":"","footnotes":""},"categories":[70],"tags":[2687,996,2996,2997,2998,195],"class_list":{"0":"post-16826","1":"post","2":"type-post","3":"status-publish","4":"format-standard","6":"category-de-opinion","7":"tag-brenda-caballero","8":"tag-juan-antonio-nemi-dib","9":"tag-padron-vehicular","10":"tag-repuve","11":"tag-repuver","12":"tag-veracruz"},"yoast_head":"<!-- This site is optimized with the Yoast SEO plugin v27.4 - https:\/\/yoast.com\/product\/yoast-seo-wordpress\/ -->\n<title>Repuver, la misma gata\u2026 - Los pol\u00edticos Veracruz<\/title>\n<meta name=\"robots\" content=\"index, follow, max-snippet:-1, max-image-preview:large, max-video-preview:-1\" \/>\n<link rel=\"canonical\" href=\"https:\/\/lospoliticosveracruz.com\/?p=16826\" \/>\n<meta property=\"og:locale\" content=\"es_ES\" \/>\n<meta property=\"og:type\" content=\"article\" \/>\n<meta property=\"og:title\" content=\"Repuver, la misma gata\u2026 - Los pol\u00edticos Veracruz\" \/>\n<meta property=\"og:description\" content=\"Brenda Caballero N\u00fameros Rojos A principios del a\u00f1o platicaba con el se\u00f1or Miguel, que hac\u00eda en la casa de ustedes trabajos de alba\u00f1iler\u00eda y me comentaba que le hab\u00edan robado su moto hac\u00eda apenas dos meses atr\u00e1s. Desde luego que mi primera pregunta fue saber si hab\u00eda levantado acta por robo en el MP y [&hellip;]\" \/>\n<meta property=\"og:url\" content=\"https:\/\/lospoliticosveracruz.com\/?p=16826\" \/>\n<meta property=\"og:site_name\" content=\"Los pol\u00edticos Veracruz\" \/>\n<meta property=\"article:publisher\" content=\"https:\/\/www.facebook.com\/people\/Notimemes-de-los-Polticos\/61565672886568\/\" \/>\n<meta property=\"article:published_time\" content=\"2015-07-11T02:42:31+00:00\" \/>\n<meta property=\"og:image\" content=\"http:\/\/www.lospoliticosveracruz.com.mx\/wp-content\/uploads\/2015\/07\/Nemi-Dib-300x199.jpg\" \/>\n<meta name=\"author\" content=\"Lo viste en Los Pol\u00edticos\" \/>\n<meta name=\"twitter:card\" content=\"summary_large_image\" \/>\n<meta name=\"twitter:creator\" content=\"@LosPoliticosVer\" \/>\n<meta name=\"twitter:site\" content=\"@LosPoliticosVer\" \/>\n<meta name=\"twitter:label1\" content=\"Escrito por\" \/>\n\t<meta name=\"twitter:data1\" content=\"Lo viste en Los Pol\u00edticos\" \/>\n\t<meta name=\"twitter:label2\" content=\"Tiempo de lectura\" \/>\n\t<meta name=\"twitter:data2\" content=\"4 minutos\" \/>\n<script type=\"application\/ld+json\" class=\"yoast-schema-graph\">{\"@context\":\"https:\\\/\\\/schema.org\",\"@graph\":[{\"@type\":\"Article\",\"@id\":\"https:\\\/\\\/lospoliticosveracruz.com\\\/?p=16826#article\",\"isPartOf\":{\"@id\":\"https:\\\/\\\/lospoliticosveracruz.com\\\/?p=16826\"},\"author\":{\"name\":\"Lo viste en Los Pol\u00edticos\",\"@id\":\"https:\\\/\\\/lospoliticosveracruz.com\\\/#\\\/schema\\\/person\\\/b8702bb0e538456e6efd07080bf2a4a2\"},\"headline\":\"Repuver, la misma gata\u2026\",\"datePublished\":\"2015-07-11T02:42:31+00:00\",\"mainEntityOfPage\":{\"@id\":\"https:\\\/\\\/lospoliticosveracruz.com\\\/?p=16826\"},\"wordCount\":844,\"commentCount\":2,\"publisher\":{\"@id\":\"https:\\\/\\\/lospoliticosveracruz.com\\\/#organization\"},\"image\":{\"@id\":\"https:\\\/\\\/lospoliticosveracruz.com\\\/?p=16826#primaryimage\"},\"thumbnailUrl\":\"http:\\\/\\\/www.lospoliticosveracruz.com.mx\\\/wp-content\\\/uploads\\\/2015\\\/07\\\/Nemi-Dib-300x199.jpg\",\"keywords\":[\"Brenda Caballero\",\"Juan Antonio Nemi Dib\",\"padr\u00f3n vehicular\",\"Repuve\",\"Repuver\",\"Veracruz\"],\"articleSection\":[\"De Opini\u00f3n\"],\"inLanguage\":\"es\",\"potentialAction\":[{\"@type\":\"CommentAction\",\"name\":\"Comment\",\"target\":[\"https:\\\/\\\/lospoliticosveracruz.com\\\/?p=16826#respond\"]}]},{\"@type\":\"WebPage\",\"@id\":\"https:\\\/\\\/lospoliticosveracruz.com\\\/?p=16826\",\"url\":\"https:\\\/\\\/lospoliticosveracruz.com\\\/?p=16826\",\"name\":\"Repuver, la misma gata\u2026 - Los pol\u00edticos Veracruz\",\"isPartOf\":{\"@id\":\"https:\\\/\\\/lospoliticosveracruz.com\\\/#website\"},\"primaryImageOfPage\":{\"@id\":\"https:\\\/\\\/lospoliticosveracruz.com\\\/?p=16826#primaryimage\"},\"image\":{\"@id\":\"https:\\\/\\\/lospoliticosveracruz.com\\\/?p=16826#primaryimage\"},\"thumbnailUrl\":\"http:\\\/\\\/www.lospoliticosveracruz.com.mx\\\/wp-content\\\/uploads\\\/2015\\\/07\\\/Nemi-Dib-300x199.jpg\",\"datePublished\":\"2015-07-11T02:42:31+00:00\",\"breadcrumb\":{\"@id\":\"https:\\\/\\\/lospoliticosveracruz.com\\\/?p=16826#breadcrumb\"},\"inLanguage\":\"es\",\"potentialAction\":[{\"@type\":\"ReadAction\",\"target\":[\"https:\\\/\\\/lospoliticosveracruz.com\\\/?p=16826\"]}]},{\"@type\":\"ImageObject\",\"inLanguage\":\"es\",\"@id\":\"https:\\\/\\\/lospoliticosveracruz.com\\\/?p=16826#primaryimage\",\"url\":\"http:\\\/\\\/www.lospoliticosveracruz.com.mx\\\/wp-content\\\/uploads\\\/2015\\\/07\\\/Nemi-Dib-300x199.jpg\",\"contentUrl\":\"http:\\\/\\\/www.lospoliticosveracruz.com.mx\\\/wp-content\\\/uploads\\\/2015\\\/07\\\/Nemi-Dib-300x199.jpg\"},{\"@type\":\"BreadcrumbList\",\"@id\":\"https:\\\/\\\/lospoliticosveracruz.com\\\/?p=16826#breadcrumb\",\"itemListElement\":[{\"@type\":\"ListItem\",\"position\":1,\"name\":\"Portada\",\"item\":\"https:\\\/\\\/lospoliticosveracruz.com\\\/\"},{\"@type\":\"ListItem\",\"position\":2,\"name\":\"Repuver, la misma gata\u2026\"}]},{\"@type\":\"WebSite\",\"@id\":\"https:\\\/\\\/lospoliticosveracruz.com\\\/#website\",\"url\":\"https:\\\/\\\/lospoliticosveracruz.com\\\/\",\"name\":\"Los pol\u00edticos Veracruz\",\"description\":\"\",\"publisher\":{\"@id\":\"https:\\\/\\\/lospoliticosveracruz.com\\\/#organization\"},\"potentialAction\":[{\"@type\":\"SearchAction\",\"target\":{\"@type\":\"EntryPoint\",\"urlTemplate\":\"https:\\\/\\\/lospoliticosveracruz.com\\\/?s={search_term_string}\"},\"query-input\":{\"@type\":\"PropertyValueSpecification\",\"valueRequired\":true,\"valueName\":\"search_term_string\"}}],\"inLanguage\":\"es\"},{\"@type\":\"Organization\",\"@id\":\"https:\\\/\\\/lospoliticosveracruz.com\\\/#organization\",\"name\":\"Los pol\u00edticos Veracruz\",\"url\":\"https:\\\/\\\/lospoliticosveracruz.com\\\/\",\"logo\":{\"@type\":\"ImageObject\",\"inLanguage\":\"es\",\"@id\":\"https:\\\/\\\/lospoliticosveracruz.com\\\/#\\\/schema\\\/logo\\\/image\\\/\",\"url\":\"https:\\\/\\\/lospoliticosveracruz.com\\\/wp-content\\\/uploads\\\/2025\\\/12\\\/Logo-Nuevo-LOS-POLITICOS-1.jpg\",\"contentUrl\":\"https:\\\/\\\/lospoliticosveracruz.com\\\/wp-content\\\/uploads\\\/2025\\\/12\\\/Logo-Nuevo-LOS-POLITICOS-1.jpg\",\"width\":260,\"height\":70,\"caption\":\"Los pol\u00edticos Veracruz\"},\"image\":{\"@id\":\"https:\\\/\\\/lospoliticosveracruz.com\\\/#\\\/schema\\\/logo\\\/image\\\/\"},\"sameAs\":[\"https:\\\/\\\/www.facebook.com\\\/people\\\/Notimemes-de-los-Polticos\\\/61565672886568\\\/\",\"https:\\\/\\\/x.com\\\/LosPoliticosVer\"]},{\"@type\":\"Person\",\"@id\":\"https:\\\/\\\/lospoliticosveracruz.com\\\/#\\\/schema\\\/person\\\/b8702bb0e538456e6efd07080bf2a4a2\",\"name\":\"Lo viste en Los Pol\u00edticos\",\"image\":{\"@type\":\"ImageObject\",\"inLanguage\":\"es\",\"@id\":\"https:\\\/\\\/secure.gravatar.com\\\/avatar\\\/3a8de04a2656d44082be478bd6c086daa447c4651605818287b9532d3d0bd435?s=96&d=mm&r=g\",\"url\":\"https:\\\/\\\/secure.gravatar.com\\\/avatar\\\/3a8de04a2656d44082be478bd6c086daa447c4651605818287b9532d3d0bd435?s=96&d=mm&r=g\",\"contentUrl\":\"https:\\\/\\\/secure.gravatar.com\\\/avatar\\\/3a8de04a2656d44082be478bd6c086daa447c4651605818287b9532d3d0bd435?s=96&d=mm&r=g\",\"caption\":\"Lo viste en Los Pol\u00edticos\"},\"url\":\"https:\\\/\\\/lospoliticosveracruz.com\\\/?author=2\"}]}<\/script>\n<!-- \/ Yoast SEO plugin. -->","yoast_head_json":{"title":"Repuver, la misma gata\u2026 - Los pol\u00edticos Veracruz","robots":{"index":"index","follow":"follow","max-snippet":"max-snippet:-1","max-image-preview":"max-image-preview:large","max-video-preview":"max-video-preview:-1"},"canonical":"https:\/\/lospoliticosveracruz.com\/?p=16826","og_locale":"es_ES","og_type":"article","og_title":"Repuver, la misma gata\u2026 - Los pol\u00edticos Veracruz","og_description":"Brenda Caballero N\u00fameros Rojos A principios del a\u00f1o platicaba con el se\u00f1or Miguel, que hac\u00eda en la casa de ustedes trabajos de alba\u00f1iler\u00eda y me comentaba que le hab\u00edan robado su moto hac\u00eda apenas dos meses atr\u00e1s. Desde luego que mi primera pregunta fue saber si hab\u00eda levantado acta por robo en el MP y [&hellip;]","og_url":"https:\/\/lospoliticosveracruz.com\/?p=16826","og_site_name":"Los pol\u00edticos Veracruz","article_publisher":"https:\/\/www.facebook.com\/people\/Notimemes-de-los-Polticos\/61565672886568\/","article_published_time":"2015-07-11T02:42:31+00:00","og_image":[{"url":"http:\/\/www.lospoliticosveracruz.com.mx\/wp-content\/uploads\/2015\/07\/Nemi-Dib-300x199.jpg","type":"","width":"","height":""}],"author":"Lo viste en Los Pol\u00edticos","twitter_card":"summary_large_image","twitter_creator":"@LosPoliticosVer","twitter_site":"@LosPoliticosVer","twitter_misc":{"Escrito por":"Lo viste en Los Pol\u00edticos","Tiempo de lectura":"4 minutos"},"schema":{"@context":"https:\/\/schema.org","@graph":[{"@type":"Article","@id":"https:\/\/lospoliticosveracruz.com\/?p=16826#article","isPartOf":{"@id":"https:\/\/lospoliticosveracruz.com\/?p=16826"},"author":{"name":"Lo viste en Los Pol\u00edticos","@id":"https:\/\/lospoliticosveracruz.com\/#\/schema\/person\/b8702bb0e538456e6efd07080bf2a4a2"},"headline":"Repuver, la misma gata\u2026","datePublished":"2015-07-11T02:42:31+00:00","mainEntityOfPage":{"@id":"https:\/\/lospoliticosveracruz.com\/?p=16826"},"wordCount":844,"commentCount":2,"publisher":{"@id":"https:\/\/lospoliticosveracruz.com\/#organization"},"image":{"@id":"https:\/\/lospoliticosveracruz.com\/?p=16826#primaryimage"},"thumbnailUrl":"http:\/\/www.lospoliticosveracruz.com.mx\/wp-content\/uploads\/2015\/07\/Nemi-Dib-300x199.jpg","keywords":["Brenda Caballero","Juan Antonio Nemi Dib","padr\u00f3n vehicular","Repuve","Repuver","Veracruz"],"articleSection":["De Opini\u00f3n"],"inLanguage":"es","potentialAction":[{"@type":"CommentAction","name":"Comment","target":["https:\/\/lospoliticosveracruz.com\/?p=16826#respond"]}]},{"@type":"WebPage","@id":"https:\/\/lospoliticosveracruz.com\/?p=16826","url":"https:\/\/lospoliticosveracruz.com\/?p=16826","name":"Repuver, la misma gata\u2026 - Los pol\u00edticos Veracruz","isPartOf":{"@id":"https:\/\/lospoliticosveracruz.com\/#website"},"primaryImageOfPage":{"@id":"https:\/\/lospoliticosveracruz.com\/?p=16826#primaryimage"},"image":{"@id":"https:\/\/lospoliticosveracruz.com\/?p=16826#primaryimage"},"thumbnailUrl":"http:\/\/www.lospoliticosveracruz.com.mx\/wp-content\/uploads\/2015\/07\/Nemi-Dib-300x199.jpg","datePublished":"2015-07-11T02:42:31+00:00","breadcrumb":{"@id":"https:\/\/lospoliticosveracruz.com\/?p=16826#breadcrumb"},"inLanguage":"es","potentialAction":[{"@type":"ReadAction","target":["https:\/\/lospoliticosveracruz.com\/?p=16826"]}]},{"@type":"ImageObject","inLanguage":"es","@id":"https:\/\/lospoliticosveracruz.com\/?p=16826#primaryimage","url":"http:\/\/www.lospoliticosveracruz.com.mx\/wp-content\/uploads\/2015\/07\/Nemi-Dib-300x199.jpg","contentUrl":"http:\/\/www.lospoliticosveracruz.com.mx\/wp-content\/uploads\/2015\/07\/Nemi-Dib-300x199.jpg"},{"@type":"BreadcrumbList","@id":"https:\/\/lospoliticosveracruz.com\/?p=16826#breadcrumb","itemListElement":[{"@type":"ListItem","position":1,"name":"Portada","item":"https:\/\/lospoliticosveracruz.com\/"},{"@type":"ListItem","position":2,"name":"Repuver, la misma gata\u2026"}]},{"@type":"WebSite","@id":"https:\/\/lospoliticosveracruz.com\/#website","url":"https:\/\/lospoliticosveracruz.com\/","name":"Los pol\u00edticos Veracruz","description":"","publisher":{"@id":"https:\/\/lospoliticosveracruz.com\/#organization"},"potentialAction":[{"@type":"SearchAction","target":{"@type":"EntryPoint","urlTemplate":"https:\/\/lospoliticosveracruz.com\/?s={search_term_string}"},"query-input":{"@type":"PropertyValueSpecification","valueRequired":true,"valueName":"search_term_string"}}],"inLanguage":"es"},{"@type":"Organization","@id":"https:\/\/lospoliticosveracruz.com\/#organization","name":"Los pol\u00edticos Veracruz","url":"https:\/\/lospoliticosveracruz.com\/","logo":{"@type":"ImageObject","inLanguage":"es","@id":"https:\/\/lospoliticosveracruz.com\/#\/schema\/logo\/image\/","url":"https:\/\/lospoliticosveracruz.com\/wp-content\/uploads\/2025\/12\/Logo-Nuevo-LOS-POLITICOS-1.jpg","contentUrl":"https:\/\/lospoliticosveracruz.com\/wp-content\/uploads\/2025\/12\/Logo-Nuevo-LOS-POLITICOS-1.jpg","width":260,"height":70,"caption":"Los pol\u00edticos Veracruz"},"image":{"@id":"https:\/\/lospoliticosveracruz.com\/#\/schema\/logo\/image\/"},"sameAs":["https:\/\/www.facebook.com\/people\/Notimemes-de-los-Polticos\/61565672886568\/","https:\/\/x.com\/LosPoliticosVer"]},{"@type":"Person","@id":"https:\/\/lospoliticosveracruz.com\/#\/schema\/person\/b8702bb0e538456e6efd07080bf2a4a2","name":"Lo viste en Los Pol\u00edticos","image":{"@type":"ImageObject","inLanguage":"es","@id":"https:\/\/secure.gravatar.com\/avatar\/3a8de04a2656d44082be478bd6c086daa447c4651605818287b9532d3d0bd435?s=96&d=mm&r=g","url":"https:\/\/secure.gravatar.com\/avatar\/3a8de04a2656d44082be478bd6c086daa447c4651605818287b9532d3d0bd435?s=96&d=mm&r=g","contentUrl":"https:\/\/secure.gravatar.com\/avatar\/3a8de04a2656d44082be478bd6c086daa447c4651605818287b9532d3d0bd435?s=96&d=mm&r=g","caption":"Lo viste en Los Pol\u00edticos"},"url":"https:\/\/lospoliticosveracruz.com\/?author=2"}]}},"_links":{"self":[{"href":"https:\/\/lospoliticosveracruz.com\/index.php?rest_route=\/wp\/v2\/posts\/16826","targetHints":{"allow":["GET"]}}],"collection":[{"href":"https:\/\/lospoliticosveracruz.com\/index.php?rest_route=\/wp\/v2\/posts"}],"about":[{"href":"https:\/\/lospoliticosveracruz.com\/index.php?rest_route=\/wp\/v2\/types\/post"}],"author":[{"embeddable":true,"href":"https:\/\/lospoliticosveracruz.com\/index.php?rest_route=\/wp\/v2\/users\/2"}],"replies":[{"embeddable":true,"href":"https:\/\/lospoliticosveracruz.com\/index.php?rest_route=%2Fwp%2Fv2%2Fcomments&post=16826"}],"version-history":[{"count":1,"href":"https:\/\/lospoliticosveracruz.com\/index.php?rest_route=\/wp\/v2\/posts\/16826\/revisions"}],"predecessor-version":[{"id":16828,"href":"https:\/\/lospoliticosveracruz.com\/index.php?rest_route=\/wp\/v2\/posts\/16826\/revisions\/16828"}],"wp:attachment":[{"href":"https:\/\/lospoliticosveracruz.com\/index.php?rest_route=%2Fwp%2Fv2%2Fmedia&parent=16826"}],"wp:term":[{"taxonomy":"category","embeddable":true,"href":"https:\/\/lospoliticosveracruz.com\/index.php?rest_route=%2Fwp%2Fv2%2Fcategories&post=16826"},{"taxonomy":"post_tag","embeddable":true,"href":"https:\/\/lospoliticosveracruz.com\/index.php?rest_route=%2Fwp%2Fv2%2Ftags&post=16826"}],"curies":[{"name":"wp","href":"https:\/\/api.w.org\/{rel}","templated":true}]}}