{"id":16852,"date":"2015-07-13T16:29:08","date_gmt":"2015-07-13T21:29:08","guid":{"rendered":"http:\/\/www.lospoliticosveracruz.com.mx\/?p=16852"},"modified":"2015-07-13T16:29:08","modified_gmt":"2015-07-13T21:29:08","slug":"las-abogadas-y-la-justicia","status":"publish","type":"post","link":"https:\/\/lospoliticosveracruz.com\/?p=16852","title":{"rendered":"Las abogadas y la justicia"},"content":{"rendered":"<blockquote><p><a href=\"http:\/\/www.lospoliticosveracruz.com.mx\/wp-content\/uploads\/2015\/07\/abogadas.jpg\"><img loading=\"lazy\" decoding=\"async\" class=\"alignnone size-medium wp-image-16853\" src=\"http:\/\/www.lospoliticosveracruz.com.mx\/wp-content\/uploads\/2015\/07\/abogadas-300x225.jpg\" alt=\"abogadas\" width=\"300\" height=\"225\" \/><\/a><\/p>\n<p>Para las abogadas en su d\u00eda<\/p><\/blockquote>\n<p><strong>Yadira Hidalgo Gonz\u00e1lez<\/strong><\/p>\n<p><em>Mujeres que Saben Lat\u00edn<\/em><\/p>\n<p>La abogac\u00eda ha sido una de esas disciplinas que con el tiempo se ha ido feminizando. Si bien los primeros antecedentes sobre el estudio del Derecho en M\u00e9xico datan del a\u00f1o 1551, no fue hasta finales del siglo XIX, que una mujer pudo ser admitida en la Universidad para convertirse en la primera abogada de la que se tenga conocimiento en la historia de nuestro pa\u00eds.<\/p>\n<p>Se trata de Mar\u00eda Asunci\u00f3n Sandoval de Zarco, quien en 1898 consigui\u00f3 titularse en la Escuela Nacional de Jurisprudencia con la tesis \u201cDerechos del hombre como base de la unidad de legislaci\u00f3n en el derecho civil\u201d, cuya defensa atrajo el inter\u00e9s de la prensa que hac\u00eda hincapi\u00e9 es su corta edad (aproximadamente 22 a\u00f1os), \u201csu agradable presencia y el acierto y precisi\u00f3n de sus respuestas que comprobaban sus profundos conocimientos del Derecho\u201d.<\/p>\n<p>Su tesis fue descrita por algunos abogados asistentes al acto, como una \u201cverdadera pieza jur\u00eddica\u201d, y como un reflejo de los conocimientos adquiridos durante sus pr\u00e1cticas estudiantiles, en las que destacaba un juicio en el que Mar\u00eda Sandoval hab\u00eda logrado demostrar la inocencia de una mujer acusada de asesinato.<\/p>\n<p>Actualmente en M\u00e9xico existen 321 mil abogadas y abogados hasta el primer trimestre del 2014 seg\u00fan la Encuesta Nacional de Ocupaci\u00f3n en M\u00e9xico. De este total 42% son mujeres y 58% hombres. Entre las entidades federativas que congregan a la mayor poblaci\u00f3n de profesionales del Derecho, se encuentran el Distrito Federal, Jalisco, M\u00e9xico, Puebla y nuestro estado de Veracruz.<\/p>\n<p>Por otra parte el estado con mayor n\u00famero de abogadas es Guanajuato, donde de cada 100 profesionales, 63 son mujeres; y el que menor n\u00famero de mujeres dedicadas a esta profesi\u00f3n tiene, es Guerrero.<\/p>\n<p>La presencia de las mujeres en la abogac\u00eda sigue adquiriendo fuerza y en los tiempos que corren, esta presencia es de suma importancia. Con agrado me encuentro cada vez m\u00e1s abogadas que intentan romper el molde con el mismo esp\u00edritu que lo hicieron sus ancestras. A\u00fan no son muchas pero son fuertes. Me refiero a las abogadas que ven en la Perspectiva de G\u00e9nero una herramienta valiosa para su desempe\u00f1o profesional, as\u00ed como un respaldo \u00e9tico que les permite hacer justicia para las mujeres.<\/p>\n<p>Si bien los marcos legales vigentes, no s\u00f3lo en M\u00e9xico, contemplan diversas leyes y reglamentos que salvaguardan jur\u00eddicamente los derechos humanos de las mujeres, es bien cierto que vivimos en un sistema mis\u00f3gino que se reh\u00fasa a cambiar y que en esa reticencia pone obst\u00e1culos a lo que, en teor\u00eda, deber\u00eda fluir con los tiempos que corren. Pero no es as\u00ed.<\/p>\n<p>Y es ah\u00ed donde entran las pocas, las necias, las aguerridas, las comprometidas que dejan la piel, el sudor y a veces las l\u00e1grimas entre un juzgado y otro, que escuchan las risitas apagadas de quienes las ven como locas luchando contra molinos de viento, las que se queman las pesta\u00f1as leyendo y volviendo a leer los documentos que componen el marco jur\u00eddico dentro del cual trabajan y defienden, argumentan y acompa\u00f1an a las mujeres que se acercan a ellas en busca de respuestas para sus problem\u00e1ticas.<\/p>\n<p>Est\u00e1n tambi\u00e9n las que han incidido pol\u00edticamente para hacer visibles los cambios en las legislaciones internacionales, nacionales y locales. Mujeres enormes como la costarricense Alda Facio, quien adem\u00e1s de impulsar esos cambios, difunde y comparte conocimientos que han logrado permear la cuadratura del pensamiento legal para hacer visible que no es suficiente que el principio de igualdad est\u00e9 enunciado en las constituciones pol\u00edticas, sino que \u00e9ste tiene que ser una realidad.<\/p>\n<p>A\u00fan falta mucho camino para que la igualdad que las leyes sustentan para las mujeres sea algo visible y tangible. Pero los pasos se han ido dando y cada vez son m\u00e1s firmes y seguros. Las mujeres hemos salido para educarnos en todos los \u00e1mbitos y aunque a veces parezca que la piedra no se mueve, no hay espacio ni voluntad, para dar ning\u00fan paso atr\u00e1s.<\/p>\n","protected":false},"excerpt":{"rendered":"<p>Para las abogadas en su d\u00eda Yadira Hidalgo Gonz\u00e1lez Mujeres que Saben Lat\u00edn La abogac\u00eda ha sido una de esas disciplinas que con el tiempo se ha ido feminizando. Si bien los primeros antecedentes sobre el estudio del Derecho en M\u00e9xico datan del a\u00f1o 1551, no fue hasta finales del siglo XIX, que una mujer [&hellip;]<\/p>\n","protected":false},"author":2,"featured_media":0,"comment_status":"open","ping_status":"open","sticky":false,"template":"","format":"standard","meta":{"tdm_status":"","tdm_grid_status":"","footnotes":""},"categories":[70],"tags":[1555,2421],"class_list":{"0":"post-16852","1":"post","2":"type-post","3":"status-publish","4":"format-standard","6":"category-de-opinion","7":"tag-maria-asuncion-sandoval-de-zarco","8":"tag-perspectiva-de-genero"},"yoast_head":"<!-- This site is optimized with the Yoast SEO plugin v27.4 - https:\/\/yoast.com\/product\/yoast-seo-wordpress\/ -->\n<title>Las abogadas y la justicia - Los pol\u00edticos Veracruz<\/title>\n<meta name=\"robots\" content=\"index, follow, max-snippet:-1, max-image-preview:large, max-video-preview:-1\" \/>\n<link rel=\"canonical\" href=\"https:\/\/lospoliticosveracruz.com\/?p=16852\" \/>\n<meta property=\"og:locale\" content=\"es_ES\" \/>\n<meta property=\"og:type\" content=\"article\" \/>\n<meta property=\"og:title\" content=\"Las abogadas y la justicia - Los pol\u00edticos Veracruz\" \/>\n<meta property=\"og:description\" content=\"Para las abogadas en su d\u00eda Yadira Hidalgo Gonz\u00e1lez Mujeres que Saben Lat\u00edn La abogac\u00eda ha sido una de esas disciplinas que con el tiempo se ha ido feminizando. Si bien los primeros antecedentes sobre el estudio del Derecho en M\u00e9xico datan del a\u00f1o 1551, no fue hasta finales del siglo XIX, que una mujer [&hellip;]\" \/>\n<meta property=\"og:url\" content=\"https:\/\/lospoliticosveracruz.com\/?p=16852\" \/>\n<meta property=\"og:site_name\" content=\"Los pol\u00edticos Veracruz\" \/>\n<meta property=\"article:publisher\" content=\"https:\/\/www.facebook.com\/people\/Notimemes-de-los-Polticos\/61565672886568\/\" \/>\n<meta property=\"article:published_time\" content=\"2015-07-13T21:29:08+00:00\" \/>\n<meta property=\"og:image\" content=\"http:\/\/www.lospoliticosveracruz.com.mx\/wp-content\/uploads\/2015\/07\/abogadas-300x225.jpg\" \/>\n<meta name=\"author\" content=\"Lo viste en Los Pol\u00edticos\" \/>\n<meta name=\"twitter:card\" content=\"summary_large_image\" \/>\n<meta name=\"twitter:creator\" content=\"@LosPoliticosVer\" \/>\n<meta name=\"twitter:site\" content=\"@LosPoliticosVer\" \/>\n<meta name=\"twitter:label1\" content=\"Escrito por\" \/>\n\t<meta name=\"twitter:data1\" content=\"Lo viste en Los Pol\u00edticos\" \/>\n\t<meta name=\"twitter:label2\" content=\"Tiempo de lectura\" \/>\n\t<meta name=\"twitter:data2\" content=\"4 minutos\" \/>\n<script type=\"application\/ld+json\" class=\"yoast-schema-graph\">{\"@context\":\"https:\\\/\\\/schema.org\",\"@graph\":[{\"@type\":\"Article\",\"@id\":\"https:\\\/\\\/lospoliticosveracruz.com\\\/?p=16852#article\",\"isPartOf\":{\"@id\":\"https:\\\/\\\/lospoliticosveracruz.com\\\/?p=16852\"},\"author\":{\"name\":\"Lo viste en Los Pol\u00edticos\",\"@id\":\"https:\\\/\\\/lospoliticosveracruz.com\\\/#\\\/schema\\\/person\\\/b8702bb0e538456e6efd07080bf2a4a2\"},\"headline\":\"Las abogadas y la justicia\",\"datePublished\":\"2015-07-13T21:29:08+00:00\",\"mainEntityOfPage\":{\"@id\":\"https:\\\/\\\/lospoliticosveracruz.com\\\/?p=16852\"},\"wordCount\":713,\"commentCount\":0,\"publisher\":{\"@id\":\"https:\\\/\\\/lospoliticosveracruz.com\\\/#organization\"},\"image\":{\"@id\":\"https:\\\/\\\/lospoliticosveracruz.com\\\/?p=16852#primaryimage\"},\"thumbnailUrl\":\"http:\\\/\\\/www.lospoliticosveracruz.com.mx\\\/wp-content\\\/uploads\\\/2015\\\/07\\\/abogadas-300x225.jpg\",\"keywords\":[\"Mar\u00eda Asunci\u00f3n Sandoval de Zarco\",\"perspectiva de g\u00e9nero\"],\"articleSection\":[\"De Opini\u00f3n\"],\"inLanguage\":\"es\",\"potentialAction\":[{\"@type\":\"CommentAction\",\"name\":\"Comment\",\"target\":[\"https:\\\/\\\/lospoliticosveracruz.com\\\/?p=16852#respond\"]}]},{\"@type\":\"WebPage\",\"@id\":\"https:\\\/\\\/lospoliticosveracruz.com\\\/?p=16852\",\"url\":\"https:\\\/\\\/lospoliticosveracruz.com\\\/?p=16852\",\"name\":\"Las abogadas y la justicia - Los pol\u00edticos Veracruz\",\"isPartOf\":{\"@id\":\"https:\\\/\\\/lospoliticosveracruz.com\\\/#website\"},\"primaryImageOfPage\":{\"@id\":\"https:\\\/\\\/lospoliticosveracruz.com\\\/?p=16852#primaryimage\"},\"image\":{\"@id\":\"https:\\\/\\\/lospoliticosveracruz.com\\\/?p=16852#primaryimage\"},\"thumbnailUrl\":\"http:\\\/\\\/www.lospoliticosveracruz.com.mx\\\/wp-content\\\/uploads\\\/2015\\\/07\\\/abogadas-300x225.jpg\",\"datePublished\":\"2015-07-13T21:29:08+00:00\",\"breadcrumb\":{\"@id\":\"https:\\\/\\\/lospoliticosveracruz.com\\\/?p=16852#breadcrumb\"},\"inLanguage\":\"es\",\"potentialAction\":[{\"@type\":\"ReadAction\",\"target\":[\"https:\\\/\\\/lospoliticosveracruz.com\\\/?p=16852\"]}]},{\"@type\":\"ImageObject\",\"inLanguage\":\"es\",\"@id\":\"https:\\\/\\\/lospoliticosveracruz.com\\\/?p=16852#primaryimage\",\"url\":\"http:\\\/\\\/www.lospoliticosveracruz.com.mx\\\/wp-content\\\/uploads\\\/2015\\\/07\\\/abogadas-300x225.jpg\",\"contentUrl\":\"http:\\\/\\\/www.lospoliticosveracruz.com.mx\\\/wp-content\\\/uploads\\\/2015\\\/07\\\/abogadas-300x225.jpg\"},{\"@type\":\"BreadcrumbList\",\"@id\":\"https:\\\/\\\/lospoliticosveracruz.com\\\/?p=16852#breadcrumb\",\"itemListElement\":[{\"@type\":\"ListItem\",\"position\":1,\"name\":\"Portada\",\"item\":\"https:\\\/\\\/lospoliticosveracruz.com\\\/\"},{\"@type\":\"ListItem\",\"position\":2,\"name\":\"Las abogadas y la justicia\"}]},{\"@type\":\"WebSite\",\"@id\":\"https:\\\/\\\/lospoliticosveracruz.com\\\/#website\",\"url\":\"https:\\\/\\\/lospoliticosveracruz.com\\\/\",\"name\":\"Los pol\u00edticos Veracruz\",\"description\":\"\",\"publisher\":{\"@id\":\"https:\\\/\\\/lospoliticosveracruz.com\\\/#organization\"},\"potentialAction\":[{\"@type\":\"SearchAction\",\"target\":{\"@type\":\"EntryPoint\",\"urlTemplate\":\"https:\\\/\\\/lospoliticosveracruz.com\\\/?s={search_term_string}\"},\"query-input\":{\"@type\":\"PropertyValueSpecification\",\"valueRequired\":true,\"valueName\":\"search_term_string\"}}],\"inLanguage\":\"es\"},{\"@type\":\"Organization\",\"@id\":\"https:\\\/\\\/lospoliticosveracruz.com\\\/#organization\",\"name\":\"Los pol\u00edticos Veracruz\",\"url\":\"https:\\\/\\\/lospoliticosveracruz.com\\\/\",\"logo\":{\"@type\":\"ImageObject\",\"inLanguage\":\"es\",\"@id\":\"https:\\\/\\\/lospoliticosveracruz.com\\\/#\\\/schema\\\/logo\\\/image\\\/\",\"url\":\"https:\\\/\\\/lospoliticosveracruz.com\\\/wp-content\\\/uploads\\\/2025\\\/12\\\/Logo-Nuevo-LOS-POLITICOS-1.jpg\",\"contentUrl\":\"https:\\\/\\\/lospoliticosveracruz.com\\\/wp-content\\\/uploads\\\/2025\\\/12\\\/Logo-Nuevo-LOS-POLITICOS-1.jpg\",\"width\":260,\"height\":70,\"caption\":\"Los pol\u00edticos Veracruz\"},\"image\":{\"@id\":\"https:\\\/\\\/lospoliticosveracruz.com\\\/#\\\/schema\\\/logo\\\/image\\\/\"},\"sameAs\":[\"https:\\\/\\\/www.facebook.com\\\/people\\\/Notimemes-de-los-Polticos\\\/61565672886568\\\/\",\"https:\\\/\\\/x.com\\\/LosPoliticosVer\"]},{\"@type\":\"Person\",\"@id\":\"https:\\\/\\\/lospoliticosveracruz.com\\\/#\\\/schema\\\/person\\\/b8702bb0e538456e6efd07080bf2a4a2\",\"name\":\"Lo viste en Los Pol\u00edticos\",\"image\":{\"@type\":\"ImageObject\",\"inLanguage\":\"es\",\"@id\":\"https:\\\/\\\/secure.gravatar.com\\\/avatar\\\/3a8de04a2656d44082be478bd6c086daa447c4651605818287b9532d3d0bd435?s=96&d=mm&r=g\",\"url\":\"https:\\\/\\\/secure.gravatar.com\\\/avatar\\\/3a8de04a2656d44082be478bd6c086daa447c4651605818287b9532d3d0bd435?s=96&d=mm&r=g\",\"contentUrl\":\"https:\\\/\\\/secure.gravatar.com\\\/avatar\\\/3a8de04a2656d44082be478bd6c086daa447c4651605818287b9532d3d0bd435?s=96&d=mm&r=g\",\"caption\":\"Lo viste en Los Pol\u00edticos\"},\"url\":\"https:\\\/\\\/lospoliticosveracruz.com\\\/?author=2\"}]}<\/script>\n<!-- \/ Yoast SEO plugin. -->","yoast_head_json":{"title":"Las abogadas y la justicia - Los pol\u00edticos Veracruz","robots":{"index":"index","follow":"follow","max-snippet":"max-snippet:-1","max-image-preview":"max-image-preview:large","max-video-preview":"max-video-preview:-1"},"canonical":"https:\/\/lospoliticosveracruz.com\/?p=16852","og_locale":"es_ES","og_type":"article","og_title":"Las abogadas y la justicia - Los pol\u00edticos Veracruz","og_description":"Para las abogadas en su d\u00eda Yadira Hidalgo Gonz\u00e1lez Mujeres que Saben Lat\u00edn La abogac\u00eda ha sido una de esas disciplinas que con el tiempo se ha ido feminizando. Si bien los primeros antecedentes sobre el estudio del Derecho en M\u00e9xico datan del a\u00f1o 1551, no fue hasta finales del siglo XIX, que una mujer [&hellip;]","og_url":"https:\/\/lospoliticosveracruz.com\/?p=16852","og_site_name":"Los pol\u00edticos Veracruz","article_publisher":"https:\/\/www.facebook.com\/people\/Notimemes-de-los-Polticos\/61565672886568\/","article_published_time":"2015-07-13T21:29:08+00:00","og_image":[{"url":"http:\/\/www.lospoliticosveracruz.com.mx\/wp-content\/uploads\/2015\/07\/abogadas-300x225.jpg","type":"","width":"","height":""}],"author":"Lo viste en Los Pol\u00edticos","twitter_card":"summary_large_image","twitter_creator":"@LosPoliticosVer","twitter_site":"@LosPoliticosVer","twitter_misc":{"Escrito por":"Lo viste en Los Pol\u00edticos","Tiempo de lectura":"4 minutos"},"schema":{"@context":"https:\/\/schema.org","@graph":[{"@type":"Article","@id":"https:\/\/lospoliticosveracruz.com\/?p=16852#article","isPartOf":{"@id":"https:\/\/lospoliticosveracruz.com\/?p=16852"},"author":{"name":"Lo viste en Los Pol\u00edticos","@id":"https:\/\/lospoliticosveracruz.com\/#\/schema\/person\/b8702bb0e538456e6efd07080bf2a4a2"},"headline":"Las abogadas y la justicia","datePublished":"2015-07-13T21:29:08+00:00","mainEntityOfPage":{"@id":"https:\/\/lospoliticosveracruz.com\/?p=16852"},"wordCount":713,"commentCount":0,"publisher":{"@id":"https:\/\/lospoliticosveracruz.com\/#organization"},"image":{"@id":"https:\/\/lospoliticosveracruz.com\/?p=16852#primaryimage"},"thumbnailUrl":"http:\/\/www.lospoliticosveracruz.com.mx\/wp-content\/uploads\/2015\/07\/abogadas-300x225.jpg","keywords":["Mar\u00eda Asunci\u00f3n Sandoval de Zarco","perspectiva de g\u00e9nero"],"articleSection":["De Opini\u00f3n"],"inLanguage":"es","potentialAction":[{"@type":"CommentAction","name":"Comment","target":["https:\/\/lospoliticosveracruz.com\/?p=16852#respond"]}]},{"@type":"WebPage","@id":"https:\/\/lospoliticosveracruz.com\/?p=16852","url":"https:\/\/lospoliticosveracruz.com\/?p=16852","name":"Las abogadas y la justicia - Los pol\u00edticos Veracruz","isPartOf":{"@id":"https:\/\/lospoliticosveracruz.com\/#website"},"primaryImageOfPage":{"@id":"https:\/\/lospoliticosveracruz.com\/?p=16852#primaryimage"},"image":{"@id":"https:\/\/lospoliticosveracruz.com\/?p=16852#primaryimage"},"thumbnailUrl":"http:\/\/www.lospoliticosveracruz.com.mx\/wp-content\/uploads\/2015\/07\/abogadas-300x225.jpg","datePublished":"2015-07-13T21:29:08+00:00","breadcrumb":{"@id":"https:\/\/lospoliticosveracruz.com\/?p=16852#breadcrumb"},"inLanguage":"es","potentialAction":[{"@type":"ReadAction","target":["https:\/\/lospoliticosveracruz.com\/?p=16852"]}]},{"@type":"ImageObject","inLanguage":"es","@id":"https:\/\/lospoliticosveracruz.com\/?p=16852#primaryimage","url":"http:\/\/www.lospoliticosveracruz.com.mx\/wp-content\/uploads\/2015\/07\/abogadas-300x225.jpg","contentUrl":"http:\/\/www.lospoliticosveracruz.com.mx\/wp-content\/uploads\/2015\/07\/abogadas-300x225.jpg"},{"@type":"BreadcrumbList","@id":"https:\/\/lospoliticosveracruz.com\/?p=16852#breadcrumb","itemListElement":[{"@type":"ListItem","position":1,"name":"Portada","item":"https:\/\/lospoliticosveracruz.com\/"},{"@type":"ListItem","position":2,"name":"Las abogadas y la justicia"}]},{"@type":"WebSite","@id":"https:\/\/lospoliticosveracruz.com\/#website","url":"https:\/\/lospoliticosveracruz.com\/","name":"Los pol\u00edticos Veracruz","description":"","publisher":{"@id":"https:\/\/lospoliticosveracruz.com\/#organization"},"potentialAction":[{"@type":"SearchAction","target":{"@type":"EntryPoint","urlTemplate":"https:\/\/lospoliticosveracruz.com\/?s={search_term_string}"},"query-input":{"@type":"PropertyValueSpecification","valueRequired":true,"valueName":"search_term_string"}}],"inLanguage":"es"},{"@type":"Organization","@id":"https:\/\/lospoliticosveracruz.com\/#organization","name":"Los pol\u00edticos Veracruz","url":"https:\/\/lospoliticosveracruz.com\/","logo":{"@type":"ImageObject","inLanguage":"es","@id":"https:\/\/lospoliticosveracruz.com\/#\/schema\/logo\/image\/","url":"https:\/\/lospoliticosveracruz.com\/wp-content\/uploads\/2025\/12\/Logo-Nuevo-LOS-POLITICOS-1.jpg","contentUrl":"https:\/\/lospoliticosveracruz.com\/wp-content\/uploads\/2025\/12\/Logo-Nuevo-LOS-POLITICOS-1.jpg","width":260,"height":70,"caption":"Los pol\u00edticos Veracruz"},"image":{"@id":"https:\/\/lospoliticosveracruz.com\/#\/schema\/logo\/image\/"},"sameAs":["https:\/\/www.facebook.com\/people\/Notimemes-de-los-Polticos\/61565672886568\/","https:\/\/x.com\/LosPoliticosVer"]},{"@type":"Person","@id":"https:\/\/lospoliticosveracruz.com\/#\/schema\/person\/b8702bb0e538456e6efd07080bf2a4a2","name":"Lo viste en Los Pol\u00edticos","image":{"@type":"ImageObject","inLanguage":"es","@id":"https:\/\/secure.gravatar.com\/avatar\/3a8de04a2656d44082be478bd6c086daa447c4651605818287b9532d3d0bd435?s=96&d=mm&r=g","url":"https:\/\/secure.gravatar.com\/avatar\/3a8de04a2656d44082be478bd6c086daa447c4651605818287b9532d3d0bd435?s=96&d=mm&r=g","contentUrl":"https:\/\/secure.gravatar.com\/avatar\/3a8de04a2656d44082be478bd6c086daa447c4651605818287b9532d3d0bd435?s=96&d=mm&r=g","caption":"Lo viste en Los Pol\u00edticos"},"url":"https:\/\/lospoliticosveracruz.com\/?author=2"}]}},"_links":{"self":[{"href":"https:\/\/lospoliticosveracruz.com\/index.php?rest_route=\/wp\/v2\/posts\/16852","targetHints":{"allow":["GET"]}}],"collection":[{"href":"https:\/\/lospoliticosveracruz.com\/index.php?rest_route=\/wp\/v2\/posts"}],"about":[{"href":"https:\/\/lospoliticosveracruz.com\/index.php?rest_route=\/wp\/v2\/types\/post"}],"author":[{"embeddable":true,"href":"https:\/\/lospoliticosveracruz.com\/index.php?rest_route=\/wp\/v2\/users\/2"}],"replies":[{"embeddable":true,"href":"https:\/\/lospoliticosveracruz.com\/index.php?rest_route=%2Fwp%2Fv2%2Fcomments&post=16852"}],"version-history":[{"count":1,"href":"https:\/\/lospoliticosveracruz.com\/index.php?rest_route=\/wp\/v2\/posts\/16852\/revisions"}],"predecessor-version":[{"id":16854,"href":"https:\/\/lospoliticosveracruz.com\/index.php?rest_route=\/wp\/v2\/posts\/16852\/revisions\/16854"}],"wp:attachment":[{"href":"https:\/\/lospoliticosveracruz.com\/index.php?rest_route=%2Fwp%2Fv2%2Fmedia&parent=16852"}],"wp:term":[{"taxonomy":"category","embeddable":true,"href":"https:\/\/lospoliticosveracruz.com\/index.php?rest_route=%2Fwp%2Fv2%2Fcategories&post=16852"},{"taxonomy":"post_tag","embeddable":true,"href":"https:\/\/lospoliticosveracruz.com\/index.php?rest_route=%2Fwp%2Fv2%2Ftags&post=16852"}],"curies":[{"name":"wp","href":"https:\/\/api.w.org\/{rel}","templated":true}]}}