{"id":16855,"date":"2015-07-13T19:19:37","date_gmt":"2015-07-14T00:19:37","guid":{"rendered":"http:\/\/www.lospoliticosveracruz.com.mx\/?p=16855"},"modified":"2015-07-13T19:19:37","modified_gmt":"2015-07-14T00:19:37","slug":"pri-voto-por-aumentar-las-multas-zairick","status":"publish","type":"post","link":"https:\/\/lospoliticosveracruz.com\/?p=16855","title":{"rendered":"PRI vot\u00f3 por aumentar las multas: Zairick"},"content":{"rendered":"<blockquote><p><a href=\"http:\/\/www.lospoliticosveracruz.com.mx\/wp-content\/uploads\/2015\/07\/Alejandro-Zairick.jpg\"><img loading=\"lazy\" decoding=\"async\" class=\"alignnone size-medium wp-image-16856\" src=\"http:\/\/www.lospoliticosveracruz.com.mx\/wp-content\/uploads\/2015\/07\/Alejandro-Zairick-300x200.jpg\" alt=\"Alejandro-Zairick\" width=\"300\" height=\"200\" \/><\/a><\/p>\n<p>* Diputado del PAN propone uso de nuevas tecnolog\u00edas y endurecer la disciplina en el interior de la corporaci\u00f3n<\/p><\/blockquote>\n<p>Orizaba.-El Grupo Legislativo del PAN resalt\u00f3 la desproporcionalidad en el aumento de las multas que se incrementan al doble en todos los casos, expres\u00f3 el diputado local Alejandro Zairick Morante, proponiendo el no incremento, sin embargo la bancada priista rechaz\u00f3 la propuesta.<br \/>\n\u201cPropusimos en este punto que las multas no se incrementaran para no perjudicar el bolsillo de los veracruzanos, rechazando la mayor\u00eda de la bancada priista y sus aliados esta propuesta. Opacando los beneficios de una Ley vanguardista con una acci\u00f3n voraz de recaudaci\u00f3n\u201d, destac\u00f3.Inform\u00f3 que la Ley de Tr\u00e1nsito y Seguridad Vial del Estado, aprobada por el Pleno de la LXIII Legislatura local, durante la Segunda Sesi\u00f3n Extraordinaria del Segundo A\u00f1o de labores, plantea la promoci\u00f3n y difusi\u00f3n de una nueva cultura vial.<\/p>\n<p>\u201cEste ordenamiento, privilegia la integridad f\u00edsica y contempla el control de da\u00f1os por accidentes. Propone el uso de nuevas tecnolog\u00edas y endurece la disciplina en el interior de la corporaci\u00f3n, con medidas estrictas de vigilancia y control a su personal\u201d, inform\u00f3.<\/p>\n<p>Destac\u00f3 que con esta nueva ley, las disposiciones de tr\u00e1nsito y vialidad se actualizan y adaptan, para homologar con la normativa nacional acciones de prevenci\u00f3n y sanci\u00f3n en el cuidado del medio ambiente, y faculta a las autoridades para equipar a sus elementos con instrumentos, sistemas adecuados y tecnolog\u00eda avanzada, adem\u00e1s de transparentar aspectos como la conducta en el servicio, a fin de garantizar una buena prestaci\u00f3n y medidas que evitar\u00e1n actos de corrupci\u00f3n.<\/p>\n<p>\u201cSin embargo, los Diputados de Acci\u00f3n Nacional reservamos el art\u00edculo 153 del proyecto de dictamen de la Ley de Tr\u00e1nsito y Seguridad Vial referente a la imposici\u00f3n de multas. Resaltando la ambig\u00fcedad existente al criterio de categorizaci\u00f3n de dichas multas al llamarlas leves, graves, muy graves y especiales\u201d, enfatiz\u00f3<\/p>\n<p>Garantiz\u00f3 que contempla regular estrictamente los servicios auxiliares de seguridad vial, que comprenden gr\u00faas y dep\u00f3sitos de veh\u00edculos, y se facilita el pago de multas en tiendas de conveniencia y autoservicios, adem\u00e1s de que los elementos de Tr\u00e1nsito y Vialidad cuenten con dispositivos para cobrar al infractor con su tarjera de cr\u00e9dito o d\u00e9bito.<\/p>\n<p>Cabe hacer menci\u00f3n que el nuevo Reglamento de Tr\u00e1nsito y Seguridad Vial para el Estado sufrir\u00e1 diversas derogaciones a su contenido para convenir derechos y obligaciones de quienes transitan y hacen uso de las v\u00edas p\u00fablicas garantizando los derechos ciudadanos; se eliminan el contar con p\u00f3liza obligatoria para autos particulares y la condonaci\u00f3n de multas hasta del 75 por ciento en los primeros cinco d\u00edas posteriores a la infracci\u00f3n<\/p>\n","protected":false},"excerpt":{"rendered":"<p>* Diputado del PAN propone uso de nuevas tecnolog\u00edas y endurecer la disciplina en el interior de la corporaci\u00f3n Orizaba.-El Grupo Legislativo del PAN resalt\u00f3 la desproporcionalidad en el aumento de las multas que se incrementan al doble en todos los casos, expres\u00f3 el diputado local Alejandro Zairick Morante, proponiendo el no incremento, sin embargo [&hellip;]<\/p>\n","protected":false},"author":2,"featured_media":0,"comment_status":"open","ping_status":"open","sticky":false,"template":"","format":"standard","meta":{"tdm_status":"","tdm_grid_status":"","footnotes":""},"categories":[70],"tags":[3014,266,1470],"class_list":{"0":"post-16855","1":"post","2":"type-post","3":"status-publish","4":"format-standard","6":"category-de-opinion","7":"tag-diputados-pri","8":"tag-pan","9":"tag-reglamento-de-transito"},"yoast_head":"<!-- This site is optimized with the Yoast SEO plugin v27.4 - https:\/\/yoast.com\/product\/yoast-seo-wordpress\/ -->\n<title>PRI vot\u00f3 por aumentar las multas: Zairick - Los pol\u00edticos Veracruz<\/title>\n<meta name=\"robots\" content=\"index, follow, max-snippet:-1, max-image-preview:large, max-video-preview:-1\" \/>\n<link rel=\"canonical\" href=\"https:\/\/lospoliticosveracruz.com\/?p=16855\" \/>\n<meta property=\"og:locale\" content=\"es_ES\" \/>\n<meta property=\"og:type\" content=\"article\" \/>\n<meta property=\"og:title\" content=\"PRI vot\u00f3 por aumentar las multas: Zairick - Los pol\u00edticos Veracruz\" \/>\n<meta property=\"og:description\" content=\"* Diputado del PAN propone uso de nuevas tecnolog\u00edas y endurecer la disciplina en el interior de la corporaci\u00f3n Orizaba.-El Grupo Legislativo del PAN resalt\u00f3 la desproporcionalidad en el aumento de las multas que se incrementan al doble en todos los casos, expres\u00f3 el diputado local Alejandro Zairick Morante, proponiendo el no incremento, sin embargo [&hellip;]\" \/>\n<meta property=\"og:url\" content=\"https:\/\/lospoliticosveracruz.com\/?p=16855\" \/>\n<meta property=\"og:site_name\" content=\"Los pol\u00edticos Veracruz\" \/>\n<meta property=\"article:publisher\" content=\"https:\/\/www.facebook.com\/people\/Notimemes-de-los-Polticos\/61565672886568\/\" \/>\n<meta property=\"article:published_time\" content=\"2015-07-14T00:19:37+00:00\" \/>\n<meta property=\"og:image\" content=\"http:\/\/www.lospoliticosveracruz.com.mx\/wp-content\/uploads\/2015\/07\/Alejandro-Zairick-300x200.jpg\" \/>\n<meta name=\"author\" content=\"Lo viste en Los Pol\u00edticos\" \/>\n<meta name=\"twitter:card\" content=\"summary_large_image\" \/>\n<meta name=\"twitter:creator\" content=\"@LosPoliticosVer\" \/>\n<meta name=\"twitter:site\" content=\"@LosPoliticosVer\" \/>\n<meta name=\"twitter:label1\" content=\"Escrito por\" \/>\n\t<meta name=\"twitter:data1\" content=\"Lo viste en Los Pol\u00edticos\" \/>\n\t<meta name=\"twitter:label2\" content=\"Tiempo de lectura\" \/>\n\t<meta name=\"twitter:data2\" content=\"2 minutos\" \/>\n<script type=\"application\/ld+json\" class=\"yoast-schema-graph\">{\"@context\":\"https:\\\/\\\/schema.org\",\"@graph\":[{\"@type\":\"Article\",\"@id\":\"https:\\\/\\\/lospoliticosveracruz.com\\\/?p=16855#article\",\"isPartOf\":{\"@id\":\"https:\\\/\\\/lospoliticosveracruz.com\\\/?p=16855\"},\"author\":{\"name\":\"Lo viste en Los Pol\u00edticos\",\"@id\":\"https:\\\/\\\/lospoliticosveracruz.com\\\/#\\\/schema\\\/person\\\/b8702bb0e538456e6efd07080bf2a4a2\"},\"headline\":\"PRI vot\u00f3 por aumentar las multas: Zairick\",\"datePublished\":\"2015-07-14T00:19:37+00:00\",\"mainEntityOfPage\":{\"@id\":\"https:\\\/\\\/lospoliticosveracruz.com\\\/?p=16855\"},\"wordCount\":480,\"commentCount\":0,\"publisher\":{\"@id\":\"https:\\\/\\\/lospoliticosveracruz.com\\\/#organization\"},\"image\":{\"@id\":\"https:\\\/\\\/lospoliticosveracruz.com\\\/?p=16855#primaryimage\"},\"thumbnailUrl\":\"http:\\\/\\\/www.lospoliticosveracruz.com.mx\\\/wp-content\\\/uploads\\\/2015\\\/07\\\/Alejandro-Zairick-300x200.jpg\",\"keywords\":[\"diputados PRI\",\"PAN\",\"reglamento de tr\u00e1nsito\"],\"articleSection\":[\"De Opini\u00f3n\"],\"inLanguage\":\"es\",\"potentialAction\":[{\"@type\":\"CommentAction\",\"name\":\"Comment\",\"target\":[\"https:\\\/\\\/lospoliticosveracruz.com\\\/?p=16855#respond\"]}]},{\"@type\":\"WebPage\",\"@id\":\"https:\\\/\\\/lospoliticosveracruz.com\\\/?p=16855\",\"url\":\"https:\\\/\\\/lospoliticosveracruz.com\\\/?p=16855\",\"name\":\"PRI vot\u00f3 por aumentar las multas: Zairick - Los pol\u00edticos Veracruz\",\"isPartOf\":{\"@id\":\"https:\\\/\\\/lospoliticosveracruz.com\\\/#website\"},\"primaryImageOfPage\":{\"@id\":\"https:\\\/\\\/lospoliticosveracruz.com\\\/?p=16855#primaryimage\"},\"image\":{\"@id\":\"https:\\\/\\\/lospoliticosveracruz.com\\\/?p=16855#primaryimage\"},\"thumbnailUrl\":\"http:\\\/\\\/www.lospoliticosveracruz.com.mx\\\/wp-content\\\/uploads\\\/2015\\\/07\\\/Alejandro-Zairick-300x200.jpg\",\"datePublished\":\"2015-07-14T00:19:37+00:00\",\"breadcrumb\":{\"@id\":\"https:\\\/\\\/lospoliticosveracruz.com\\\/?p=16855#breadcrumb\"},\"inLanguage\":\"es\",\"potentialAction\":[{\"@type\":\"ReadAction\",\"target\":[\"https:\\\/\\\/lospoliticosveracruz.com\\\/?p=16855\"]}]},{\"@type\":\"ImageObject\",\"inLanguage\":\"es\",\"@id\":\"https:\\\/\\\/lospoliticosveracruz.com\\\/?p=16855#primaryimage\",\"url\":\"http:\\\/\\\/www.lospoliticosveracruz.com.mx\\\/wp-content\\\/uploads\\\/2015\\\/07\\\/Alejandro-Zairick-300x200.jpg\",\"contentUrl\":\"http:\\\/\\\/www.lospoliticosveracruz.com.mx\\\/wp-content\\\/uploads\\\/2015\\\/07\\\/Alejandro-Zairick-300x200.jpg\"},{\"@type\":\"BreadcrumbList\",\"@id\":\"https:\\\/\\\/lospoliticosveracruz.com\\\/?p=16855#breadcrumb\",\"itemListElement\":[{\"@type\":\"ListItem\",\"position\":1,\"name\":\"Portada\",\"item\":\"https:\\\/\\\/lospoliticosveracruz.com\\\/\"},{\"@type\":\"ListItem\",\"position\":2,\"name\":\"PRI vot\u00f3 por aumentar las multas: Zairick\"}]},{\"@type\":\"WebSite\",\"@id\":\"https:\\\/\\\/lospoliticosveracruz.com\\\/#website\",\"url\":\"https:\\\/\\\/lospoliticosveracruz.com\\\/\",\"name\":\"Los pol\u00edticos Veracruz\",\"description\":\"\",\"publisher\":{\"@id\":\"https:\\\/\\\/lospoliticosveracruz.com\\\/#organization\"},\"potentialAction\":[{\"@type\":\"SearchAction\",\"target\":{\"@type\":\"EntryPoint\",\"urlTemplate\":\"https:\\\/\\\/lospoliticosveracruz.com\\\/?s={search_term_string}\"},\"query-input\":{\"@type\":\"PropertyValueSpecification\",\"valueRequired\":true,\"valueName\":\"search_term_string\"}}],\"inLanguage\":\"es\"},{\"@type\":\"Organization\",\"@id\":\"https:\\\/\\\/lospoliticosveracruz.com\\\/#organization\",\"name\":\"Los pol\u00edticos Veracruz\",\"url\":\"https:\\\/\\\/lospoliticosveracruz.com\\\/\",\"logo\":{\"@type\":\"ImageObject\",\"inLanguage\":\"es\",\"@id\":\"https:\\\/\\\/lospoliticosveracruz.com\\\/#\\\/schema\\\/logo\\\/image\\\/\",\"url\":\"https:\\\/\\\/lospoliticosveracruz.com\\\/wp-content\\\/uploads\\\/2025\\\/12\\\/Logo-Nuevo-LOS-POLITICOS-1.jpg\",\"contentUrl\":\"https:\\\/\\\/lospoliticosveracruz.com\\\/wp-content\\\/uploads\\\/2025\\\/12\\\/Logo-Nuevo-LOS-POLITICOS-1.jpg\",\"width\":260,\"height\":70,\"caption\":\"Los pol\u00edticos Veracruz\"},\"image\":{\"@id\":\"https:\\\/\\\/lospoliticosveracruz.com\\\/#\\\/schema\\\/logo\\\/image\\\/\"},\"sameAs\":[\"https:\\\/\\\/www.facebook.com\\\/people\\\/Notimemes-de-los-Polticos\\\/61565672886568\\\/\",\"https:\\\/\\\/x.com\\\/LosPoliticosVer\"]},{\"@type\":\"Person\",\"@id\":\"https:\\\/\\\/lospoliticosveracruz.com\\\/#\\\/schema\\\/person\\\/b8702bb0e538456e6efd07080bf2a4a2\",\"name\":\"Lo viste en Los Pol\u00edticos\",\"image\":{\"@type\":\"ImageObject\",\"inLanguage\":\"es\",\"@id\":\"https:\\\/\\\/secure.gravatar.com\\\/avatar\\\/3a8de04a2656d44082be478bd6c086daa447c4651605818287b9532d3d0bd435?s=96&d=mm&r=g\",\"url\":\"https:\\\/\\\/secure.gravatar.com\\\/avatar\\\/3a8de04a2656d44082be478bd6c086daa447c4651605818287b9532d3d0bd435?s=96&d=mm&r=g\",\"contentUrl\":\"https:\\\/\\\/secure.gravatar.com\\\/avatar\\\/3a8de04a2656d44082be478bd6c086daa447c4651605818287b9532d3d0bd435?s=96&d=mm&r=g\",\"caption\":\"Lo viste en Los Pol\u00edticos\"},\"url\":\"https:\\\/\\\/lospoliticosveracruz.com\\\/?author=2\"}]}<\/script>\n<!-- \/ Yoast SEO plugin. -->","yoast_head_json":{"title":"PRI vot\u00f3 por aumentar las multas: Zairick - Los pol\u00edticos Veracruz","robots":{"index":"index","follow":"follow","max-snippet":"max-snippet:-1","max-image-preview":"max-image-preview:large","max-video-preview":"max-video-preview:-1"},"canonical":"https:\/\/lospoliticosveracruz.com\/?p=16855","og_locale":"es_ES","og_type":"article","og_title":"PRI vot\u00f3 por aumentar las multas: Zairick - Los pol\u00edticos Veracruz","og_description":"* Diputado del PAN propone uso de nuevas tecnolog\u00edas y endurecer la disciplina en el interior de la corporaci\u00f3n Orizaba.-El Grupo Legislativo del PAN resalt\u00f3 la desproporcionalidad en el aumento de las multas que se incrementan al doble en todos los casos, expres\u00f3 el diputado local Alejandro Zairick Morante, proponiendo el no incremento, sin embargo [&hellip;]","og_url":"https:\/\/lospoliticosveracruz.com\/?p=16855","og_site_name":"Los pol\u00edticos Veracruz","article_publisher":"https:\/\/www.facebook.com\/people\/Notimemes-de-los-Polticos\/61565672886568\/","article_published_time":"2015-07-14T00:19:37+00:00","og_image":[{"url":"http:\/\/www.lospoliticosveracruz.com.mx\/wp-content\/uploads\/2015\/07\/Alejandro-Zairick-300x200.jpg","type":"","width":"","height":""}],"author":"Lo viste en Los Pol\u00edticos","twitter_card":"summary_large_image","twitter_creator":"@LosPoliticosVer","twitter_site":"@LosPoliticosVer","twitter_misc":{"Escrito por":"Lo viste en Los Pol\u00edticos","Tiempo de lectura":"2 minutos"},"schema":{"@context":"https:\/\/schema.org","@graph":[{"@type":"Article","@id":"https:\/\/lospoliticosveracruz.com\/?p=16855#article","isPartOf":{"@id":"https:\/\/lospoliticosveracruz.com\/?p=16855"},"author":{"name":"Lo viste en Los Pol\u00edticos","@id":"https:\/\/lospoliticosveracruz.com\/#\/schema\/person\/b8702bb0e538456e6efd07080bf2a4a2"},"headline":"PRI vot\u00f3 por aumentar las multas: Zairick","datePublished":"2015-07-14T00:19:37+00:00","mainEntityOfPage":{"@id":"https:\/\/lospoliticosveracruz.com\/?p=16855"},"wordCount":480,"commentCount":0,"publisher":{"@id":"https:\/\/lospoliticosveracruz.com\/#organization"},"image":{"@id":"https:\/\/lospoliticosveracruz.com\/?p=16855#primaryimage"},"thumbnailUrl":"http:\/\/www.lospoliticosveracruz.com.mx\/wp-content\/uploads\/2015\/07\/Alejandro-Zairick-300x200.jpg","keywords":["diputados PRI","PAN","reglamento de tr\u00e1nsito"],"articleSection":["De Opini\u00f3n"],"inLanguage":"es","potentialAction":[{"@type":"CommentAction","name":"Comment","target":["https:\/\/lospoliticosveracruz.com\/?p=16855#respond"]}]},{"@type":"WebPage","@id":"https:\/\/lospoliticosveracruz.com\/?p=16855","url":"https:\/\/lospoliticosveracruz.com\/?p=16855","name":"PRI vot\u00f3 por aumentar las multas: Zairick - Los pol\u00edticos Veracruz","isPartOf":{"@id":"https:\/\/lospoliticosveracruz.com\/#website"},"primaryImageOfPage":{"@id":"https:\/\/lospoliticosveracruz.com\/?p=16855#primaryimage"},"image":{"@id":"https:\/\/lospoliticosveracruz.com\/?p=16855#primaryimage"},"thumbnailUrl":"http:\/\/www.lospoliticosveracruz.com.mx\/wp-content\/uploads\/2015\/07\/Alejandro-Zairick-300x200.jpg","datePublished":"2015-07-14T00:19:37+00:00","breadcrumb":{"@id":"https:\/\/lospoliticosveracruz.com\/?p=16855#breadcrumb"},"inLanguage":"es","potentialAction":[{"@type":"ReadAction","target":["https:\/\/lospoliticosveracruz.com\/?p=16855"]}]},{"@type":"ImageObject","inLanguage":"es","@id":"https:\/\/lospoliticosveracruz.com\/?p=16855#primaryimage","url":"http:\/\/www.lospoliticosveracruz.com.mx\/wp-content\/uploads\/2015\/07\/Alejandro-Zairick-300x200.jpg","contentUrl":"http:\/\/www.lospoliticosveracruz.com.mx\/wp-content\/uploads\/2015\/07\/Alejandro-Zairick-300x200.jpg"},{"@type":"BreadcrumbList","@id":"https:\/\/lospoliticosveracruz.com\/?p=16855#breadcrumb","itemListElement":[{"@type":"ListItem","position":1,"name":"Portada","item":"https:\/\/lospoliticosveracruz.com\/"},{"@type":"ListItem","position":2,"name":"PRI vot\u00f3 por aumentar las multas: Zairick"}]},{"@type":"WebSite","@id":"https:\/\/lospoliticosveracruz.com\/#website","url":"https:\/\/lospoliticosveracruz.com\/","name":"Los pol\u00edticos Veracruz","description":"","publisher":{"@id":"https:\/\/lospoliticosveracruz.com\/#organization"},"potentialAction":[{"@type":"SearchAction","target":{"@type":"EntryPoint","urlTemplate":"https:\/\/lospoliticosveracruz.com\/?s={search_term_string}"},"query-input":{"@type":"PropertyValueSpecification","valueRequired":true,"valueName":"search_term_string"}}],"inLanguage":"es"},{"@type":"Organization","@id":"https:\/\/lospoliticosveracruz.com\/#organization","name":"Los pol\u00edticos Veracruz","url":"https:\/\/lospoliticosveracruz.com\/","logo":{"@type":"ImageObject","inLanguage":"es","@id":"https:\/\/lospoliticosveracruz.com\/#\/schema\/logo\/image\/","url":"https:\/\/lospoliticosveracruz.com\/wp-content\/uploads\/2025\/12\/Logo-Nuevo-LOS-POLITICOS-1.jpg","contentUrl":"https:\/\/lospoliticosveracruz.com\/wp-content\/uploads\/2025\/12\/Logo-Nuevo-LOS-POLITICOS-1.jpg","width":260,"height":70,"caption":"Los pol\u00edticos Veracruz"},"image":{"@id":"https:\/\/lospoliticosveracruz.com\/#\/schema\/logo\/image\/"},"sameAs":["https:\/\/www.facebook.com\/people\/Notimemes-de-los-Polticos\/61565672886568\/","https:\/\/x.com\/LosPoliticosVer"]},{"@type":"Person","@id":"https:\/\/lospoliticosveracruz.com\/#\/schema\/person\/b8702bb0e538456e6efd07080bf2a4a2","name":"Lo viste en Los Pol\u00edticos","image":{"@type":"ImageObject","inLanguage":"es","@id":"https:\/\/secure.gravatar.com\/avatar\/3a8de04a2656d44082be478bd6c086daa447c4651605818287b9532d3d0bd435?s=96&d=mm&r=g","url":"https:\/\/secure.gravatar.com\/avatar\/3a8de04a2656d44082be478bd6c086daa447c4651605818287b9532d3d0bd435?s=96&d=mm&r=g","contentUrl":"https:\/\/secure.gravatar.com\/avatar\/3a8de04a2656d44082be478bd6c086daa447c4651605818287b9532d3d0bd435?s=96&d=mm&r=g","caption":"Lo viste en Los Pol\u00edticos"},"url":"https:\/\/lospoliticosveracruz.com\/?author=2"}]}},"_links":{"self":[{"href":"https:\/\/lospoliticosveracruz.com\/index.php?rest_route=\/wp\/v2\/posts\/16855","targetHints":{"allow":["GET"]}}],"collection":[{"href":"https:\/\/lospoliticosveracruz.com\/index.php?rest_route=\/wp\/v2\/posts"}],"about":[{"href":"https:\/\/lospoliticosveracruz.com\/index.php?rest_route=\/wp\/v2\/types\/post"}],"author":[{"embeddable":true,"href":"https:\/\/lospoliticosveracruz.com\/index.php?rest_route=\/wp\/v2\/users\/2"}],"replies":[{"embeddable":true,"href":"https:\/\/lospoliticosveracruz.com\/index.php?rest_route=%2Fwp%2Fv2%2Fcomments&post=16855"}],"version-history":[{"count":1,"href":"https:\/\/lospoliticosveracruz.com\/index.php?rest_route=\/wp\/v2\/posts\/16855\/revisions"}],"predecessor-version":[{"id":16857,"href":"https:\/\/lospoliticosveracruz.com\/index.php?rest_route=\/wp\/v2\/posts\/16855\/revisions\/16857"}],"wp:attachment":[{"href":"https:\/\/lospoliticosveracruz.com\/index.php?rest_route=%2Fwp%2Fv2%2Fmedia&parent=16855"}],"wp:term":[{"taxonomy":"category","embeddable":true,"href":"https:\/\/lospoliticosveracruz.com\/index.php?rest_route=%2Fwp%2Fv2%2Fcategories&post=16855"},{"taxonomy":"post_tag","embeddable":true,"href":"https:\/\/lospoliticosveracruz.com\/index.php?rest_route=%2Fwp%2Fv2%2Ftags&post=16855"}],"curies":[{"name":"wp","href":"https:\/\/api.w.org\/{rel}","templated":true}]}}