{"id":16861,"date":"2015-07-13T22:16:32","date_gmt":"2015-07-14T03:16:32","guid":{"rendered":"http:\/\/www.lospoliticosveracruz.com.mx\/?p=16861"},"modified":"2015-07-13T22:16:32","modified_gmt":"2015-07-14T03:16:32","slug":"de-bloqueos-y-aplicacion-de-la-ley","status":"publish","type":"post","link":"https:\/\/lospoliticosveracruz.com\/?p=16861","title":{"rendered":"De bloqueos y aplicaci\u00f3n de la ley"},"content":{"rendered":"<p><a href=\"http:\/\/www.lospoliticosveracruz.com.mx\/wp-content\/uploads\/2015\/07\/Am\u00e9rico.jpg\"><img loading=\"lazy\" decoding=\"async\" class=\"alignnone size-medium wp-image-16862\" src=\"http:\/\/www.lospoliticosveracruz.com.mx\/wp-content\/uploads\/2015\/07\/Am\u00e9rico-300x159.jpg\" alt=\"Am\u00e9rico\" width=\"300\" height=\"159\" \/><\/a><\/p>\n<p><strong>Luis Alberto Romero<\/strong><\/p>\n<p><em>Hora Cero<\/em><\/p>\n<p>Ayer por la ma\u00f1ana, un grupo de vecinos de la calle R\u00f3mulo de la Vega, colonia Revoluci\u00f3n de Xalapa, se manifestaron en la Avenida Atenas Veracruzana, una vialidad estrat\u00e9gica para esa colonia, que registra una gran densidad poblacional y actividad econ\u00f3mica.<\/p>\n<p>Su demanda: la construcci\u00f3n de un muro de contenci\u00f3n para proteger tres viviendas de una calle en donde ya el Ayuntamiento de Xalapa construye, con un programa que promueve la propia participaci\u00f3n vecinal, banquetas y guarniciones.<\/p>\n<p>El caos que se gener\u00f3 en esa zona de la ciudad, ni para contarle. Dif\u00edcil, a vuelta de rueda. Los colonos, claro, recordando la progenitora a todas las autoridades habidas y por haber.<\/p>\n<p>Muy r\u00e1pido, seg\u00fan registramos en informaci\u00f3n de redes, llegaron autoridades municipales, de Gobernaci\u00f3n y Obras P\u00fablicas, pero los vecinos se empecinaron en mantener la calle cerrada hasta que llegara el alcalde Am\u00e9rico Z\u00fa\u00f1iga.<\/p>\n<p>Una comisi\u00f3n de quejosos se traslad\u00f3 a Palacio Municipal y en poco tiempo, la vialidad regres\u00f3 a la normalidad.<\/p>\n<p>De visita a Palacio Municipal, concretamente a la oficina del regidor primero, Rogelio \u00c1lvarez, curiosamente llegamos a la sala donde los manifestantes eran atendidos por el propio alcalde.<\/p>\n<p>De todo lo que ah\u00ed se dijo, nos llam\u00f3 la atenci\u00f3n la postura de una vecina, que le dijo al alcalde:<\/p>\n<p>\u2014Si usted no va a ver la calle, le aseguro que volveremos a cerrarla.<\/p>\n<p>\u2014Est\u00e1 bien, contest\u00f3 el presidente municipal, tranquilo, respetuoso. Pero le voy a decir algo: usted tiene todo el derecho a manifestarse; es su derecho y aqu\u00ed en Xalapa se lo respetaremos absolutamente, pero bloquear una vialidad es constitutivo de un delito, y aqu\u00ed, mi Director de Gobernaci\u00f3n \u2013se refer\u00eda a Oscar Cruz Alexander, quien tambi\u00e9n estaba en esa sala\u2013 tiene la indicaci\u00f3n de que cada vez que una persona o grupo bloquee una vialidad, sea denunciado penalmente, porque nosotros respetamos todas las manifestaciones, pero no podemos permitir que se afecte a otros ciudadanos que tienen derecho al libre tr\u00e1nsito.<\/p>\n<p>La se\u00f1ora se calm\u00f3. Se tranquiliz\u00f3, parece que respir\u00f3.<\/p>\n<p>No se percibi\u00f3 que se tratara de una amenaza, sino de una realidad, de una explicaci\u00f3n sobre el alcance de la ley.<\/p>\n<p>Z\u00fa\u00f1iga Mart\u00ednez a\u00f1adi\u00f3: \u201cno es mi inter\u00e9s hacerle da\u00f1o a nadie, a nadie que quiera expresarse, pero tienen que ser m\u00e1s creativos, tienen que buscar formas de manifestarse, de pedir las cosas sin que se afecte a terceras personas\u201d.<\/p>\n<p>Los acuerdos, ya los conoce usted por la informaci\u00f3n de Comunicaci\u00f3n Social municipal. El Ayuntamiento les mand\u00f3 cemento a los vecinos para construir su muro de contenci\u00f3n, ya que ellos pondr\u00e1n la mano de obra.<\/p>\n<p>El director de Obras, Fernando Velasco, nos coment\u00f3 que las banquetas y guarniciones van al 90 por ciento.<\/p>\n<p>Los vecinos han solicitado la pavimentaci\u00f3n desde hace 35 a\u00f1os, y bueno, por lo que se ve, en esta administraci\u00f3n se concretaron ya las banquetas y guarniciones. Falta el pavimento. Am\u00e9rico Z\u00fa\u00f1iga ofreci\u00f3 que se estudiar\u00eda su caso, pero que programar una obra en el mes s\u00e9ptimo del a\u00f1o fiscal implicar\u00eda quitar otra obra ya planeada.<\/p>\n<p>Los vecinos firmaron una minuta y se fueron, tranquilos, con respuestas concretas, pero tambi\u00e9n con el se\u00f1alamiento de que el bloqueo de vialidad es un delito.<\/p>\n<p>El mun\u00edcipe lo dijo claro, nunca en tono de amenaza, como lo pude percibir, pero s\u00ed con la preocupaci\u00f3n de que cualquier otro ciudadano afectado por un bloqueo, podr\u00eda hacer uso de la ley, para que no se le afecte.<\/p>\n<p>Esperemos ahora que ese criterio se aplique para cada una de las manifestaciones y bloqueos a la vialidad que se registran en una ciudad, Xalapa, donde la movilidad de las personas se convierte en un tema cada vez m\u00e1s preocupante.<\/p>\n<p><strong>Rodrigo Montoya con seccionales<\/strong><\/p>\n<p>Por cierto, hablando del Ayuntamiento y sus funcionarios, nos llamaron la atenci\u00f3n unas fotograf\u00edas en el Facebook del secretario privado del alcalde, Rodrigo Montoya Rivera, reunido el pasado fin de semana con presidentes de los comit\u00e9s seccionales y l\u00edderes de las colonias de Xalapa. \u201cSiempre un gusto convivir con todos ellos\u201d, dice la publicaci\u00f3n de la red social; y los comentarios resultaron muy favorables para el funcionario, que recibi\u00f3 muestras de agradecimiento por dicha reuni\u00f3n.<\/p>\n<p>Ah\u00ed se ve al joven Montoya conviviendo con personas representativas de Xalapa.<\/p>\n<p>Rodrigo Montoya es un joven talentoso. No hay que perderlo de vista. Ya fue presidente del Comit\u00e9 Directivo Estatal de la Chaviza Revolucionaria de Veracruz; secretario general del Frente Juvenil Revolucionario de Xalapa; y presidente del Comit\u00e9 Directivo Municipal del Frente Juvenil Revolucionario en la capital.<\/p>\n<p>Su activismo coincide con la necesidad de un cambio en el comit\u00e9 municipal del PRI de Xalapa. @luisromero85<\/p>\n","protected":false},"excerpt":{"rendered":"<p>Luis Alberto Romero Hora Cero Ayer por la ma\u00f1ana, un grupo de vecinos de la calle R\u00f3mulo de la Vega, colonia Revoluci\u00f3n de Xalapa, se manifestaron en la Avenida Atenas Veracruzana, una vialidad estrat\u00e9gica para esa colonia, que registra una gran densidad poblacional y actividad econ\u00f3mica. Su demanda: la construcci\u00f3n de un muro de contenci\u00f3n [&hellip;]<\/p>\n","protected":false},"author":2,"featured_media":0,"comment_status":"open","ping_status":"open","sticky":false,"template":"","format":"standard","meta":{"tdm_status":"","tdm_grid_status":"","footnotes":""},"categories":[70],"tags":[483,1534,3017,3016],"class_list":{"0":"post-16861","1":"post","2":"type-post","3":"status-publish","4":"format-standard","6":"category-de-opinion","7":"tag-americo-zuniga","8":"tag-ayuntamiento-de-xalapa","9":"tag-oscar-cruz-alexander","10":"tag-rogelio-alvarez"},"yoast_head":"<!-- This site is optimized with the Yoast SEO plugin v27.4 - https:\/\/yoast.com\/product\/yoast-seo-wordpress\/ -->\n<title>De bloqueos y aplicaci\u00f3n de la ley - Los pol\u00edticos Veracruz<\/title>\n<meta name=\"robots\" content=\"index, follow, max-snippet:-1, max-image-preview:large, max-video-preview:-1\" \/>\n<link rel=\"canonical\" href=\"https:\/\/lospoliticosveracruz.com\/?p=16861\" \/>\n<meta property=\"og:locale\" content=\"es_ES\" \/>\n<meta property=\"og:type\" content=\"article\" \/>\n<meta property=\"og:title\" content=\"De bloqueos y aplicaci\u00f3n de la ley - Los pol\u00edticos Veracruz\" \/>\n<meta property=\"og:description\" content=\"Luis Alberto Romero Hora Cero Ayer por la ma\u00f1ana, un grupo de vecinos de la calle R\u00f3mulo de la Vega, colonia Revoluci\u00f3n de Xalapa, se manifestaron en la Avenida Atenas Veracruzana, una vialidad estrat\u00e9gica para esa colonia, que registra una gran densidad poblacional y actividad econ\u00f3mica. Su demanda: la construcci\u00f3n de un muro de contenci\u00f3n [&hellip;]\" \/>\n<meta property=\"og:url\" content=\"https:\/\/lospoliticosveracruz.com\/?p=16861\" \/>\n<meta property=\"og:site_name\" content=\"Los pol\u00edticos Veracruz\" \/>\n<meta property=\"article:publisher\" content=\"https:\/\/www.facebook.com\/people\/Notimemes-de-los-Polticos\/61565672886568\/\" \/>\n<meta property=\"article:published_time\" content=\"2015-07-14T03:16:32+00:00\" \/>\n<meta property=\"og:image\" content=\"https:\/\/lospoliticosveracruz.com\/wp-content\/uploads\/2016\/07\/Logo-Dor.jpg\" \/>\n\t<meta property=\"og:image:width\" content=\"200\" \/>\n\t<meta property=\"og:image:height\" content=\"200\" \/>\n\t<meta property=\"og:image:type\" content=\"image\/jpeg\" \/>\n<meta name=\"author\" content=\"Lo viste en Los Pol\u00edticos\" \/>\n<meta name=\"twitter:card\" content=\"summary_large_image\" \/>\n<meta name=\"twitter:creator\" content=\"@LosPoliticosVer\" \/>\n<meta name=\"twitter:site\" content=\"@LosPoliticosVer\" \/>\n<meta name=\"twitter:label1\" content=\"Escrito por\" \/>\n\t<meta name=\"twitter:data1\" content=\"Lo viste en Los Pol\u00edticos\" \/>\n\t<meta name=\"twitter:label2\" content=\"Tiempo de lectura\" \/>\n\t<meta name=\"twitter:data2\" content=\"4 minutos\" \/>\n<script type=\"application\/ld+json\" class=\"yoast-schema-graph\">{\"@context\":\"https:\\\/\\\/schema.org\",\"@graph\":[{\"@type\":\"Article\",\"@id\":\"https:\\\/\\\/lospoliticosveracruz.com\\\/?p=16861#article\",\"isPartOf\":{\"@id\":\"https:\\\/\\\/lospoliticosveracruz.com\\\/?p=16861\"},\"author\":{\"name\":\"Lo viste en Los Pol\u00edticos\",\"@id\":\"https:\\\/\\\/lospoliticosveracruz.com\\\/#\\\/schema\\\/person\\\/b8702bb0e538456e6efd07080bf2a4a2\"},\"headline\":\"De bloqueos y aplicaci\u00f3n de la ley\",\"datePublished\":\"2015-07-14T03:16:32+00:00\",\"mainEntityOfPage\":{\"@id\":\"https:\\\/\\\/lospoliticosveracruz.com\\\/?p=16861\"},\"wordCount\":831,\"commentCount\":0,\"publisher\":{\"@id\":\"https:\\\/\\\/lospoliticosveracruz.com\\\/#organization\"},\"keywords\":[\"Am\u00e9rico Z\u00fa\u00f1iga\",\"ayuntamiento de Xalapa\",\"Oscar Cruz Alexander\",\"Rogelio \u00c1lvarez\"],\"articleSection\":[\"De Opini\u00f3n\"],\"inLanguage\":\"es\",\"potentialAction\":[{\"@type\":\"CommentAction\",\"name\":\"Comment\",\"target\":[\"https:\\\/\\\/lospoliticosveracruz.com\\\/?p=16861#respond\"]}]},{\"@type\":\"WebPage\",\"@id\":\"https:\\\/\\\/lospoliticosveracruz.com\\\/?p=16861\",\"url\":\"https:\\\/\\\/lospoliticosveracruz.com\\\/?p=16861\",\"name\":\"De bloqueos y aplicaci\u00f3n de la ley - Los pol\u00edticos Veracruz\",\"isPartOf\":{\"@id\":\"https:\\\/\\\/lospoliticosveracruz.com\\\/#website\"},\"datePublished\":\"2015-07-14T03:16:32+00:00\",\"breadcrumb\":{\"@id\":\"https:\\\/\\\/lospoliticosveracruz.com\\\/?p=16861#breadcrumb\"},\"inLanguage\":\"es\",\"potentialAction\":[{\"@type\":\"ReadAction\",\"target\":[\"https:\\\/\\\/lospoliticosveracruz.com\\\/?p=16861\"]}]},{\"@type\":\"BreadcrumbList\",\"@id\":\"https:\\\/\\\/lospoliticosveracruz.com\\\/?p=16861#breadcrumb\",\"itemListElement\":[{\"@type\":\"ListItem\",\"position\":1,\"name\":\"Portada\",\"item\":\"https:\\\/\\\/lospoliticosveracruz.com\\\/\"},{\"@type\":\"ListItem\",\"position\":2,\"name\":\"De bloqueos y aplicaci\u00f3n de la ley\"}]},{\"@type\":\"WebSite\",\"@id\":\"https:\\\/\\\/lospoliticosveracruz.com\\\/#website\",\"url\":\"https:\\\/\\\/lospoliticosveracruz.com\\\/\",\"name\":\"Los pol\u00edticos Veracruz\",\"description\":\"\",\"publisher\":{\"@id\":\"https:\\\/\\\/lospoliticosveracruz.com\\\/#organization\"},\"potentialAction\":[{\"@type\":\"SearchAction\",\"target\":{\"@type\":\"EntryPoint\",\"urlTemplate\":\"https:\\\/\\\/lospoliticosveracruz.com\\\/?s={search_term_string}\"},\"query-input\":{\"@type\":\"PropertyValueSpecification\",\"valueRequired\":true,\"valueName\":\"search_term_string\"}}],\"inLanguage\":\"es\"},{\"@type\":\"Organization\",\"@id\":\"https:\\\/\\\/lospoliticosveracruz.com\\\/#organization\",\"name\":\"Los pol\u00edticos Veracruz\",\"url\":\"https:\\\/\\\/lospoliticosveracruz.com\\\/\",\"logo\":{\"@type\":\"ImageObject\",\"inLanguage\":\"es\",\"@id\":\"https:\\\/\\\/lospoliticosveracruz.com\\\/#\\\/schema\\\/logo\\\/image\\\/\",\"url\":\"https:\\\/\\\/lospoliticosveracruz.com\\\/wp-content\\\/uploads\\\/2025\\\/12\\\/Logo-Nuevo-LOS-POLITICOS-1.jpg\",\"contentUrl\":\"https:\\\/\\\/lospoliticosveracruz.com\\\/wp-content\\\/uploads\\\/2025\\\/12\\\/Logo-Nuevo-LOS-POLITICOS-1.jpg\",\"width\":260,\"height\":70,\"caption\":\"Los pol\u00edticos Veracruz\"},\"image\":{\"@id\":\"https:\\\/\\\/lospoliticosveracruz.com\\\/#\\\/schema\\\/logo\\\/image\\\/\"},\"sameAs\":[\"https:\\\/\\\/www.facebook.com\\\/people\\\/Notimemes-de-los-Polticos\\\/61565672886568\\\/\",\"https:\\\/\\\/x.com\\\/LosPoliticosVer\"]},{\"@type\":\"Person\",\"@id\":\"https:\\\/\\\/lospoliticosveracruz.com\\\/#\\\/schema\\\/person\\\/b8702bb0e538456e6efd07080bf2a4a2\",\"name\":\"Lo viste en Los Pol\u00edticos\",\"image\":{\"@type\":\"ImageObject\",\"inLanguage\":\"es\",\"@id\":\"https:\\\/\\\/secure.gravatar.com\\\/avatar\\\/3a8de04a2656d44082be478bd6c086daa447c4651605818287b9532d3d0bd435?s=96&d=mm&r=g\",\"url\":\"https:\\\/\\\/secure.gravatar.com\\\/avatar\\\/3a8de04a2656d44082be478bd6c086daa447c4651605818287b9532d3d0bd435?s=96&d=mm&r=g\",\"contentUrl\":\"https:\\\/\\\/secure.gravatar.com\\\/avatar\\\/3a8de04a2656d44082be478bd6c086daa447c4651605818287b9532d3d0bd435?s=96&d=mm&r=g\",\"caption\":\"Lo viste en Los Pol\u00edticos\"},\"url\":\"https:\\\/\\\/lospoliticosveracruz.com\\\/?author=2\"}]}<\/script>\n<!-- \/ Yoast SEO plugin. -->","yoast_head_json":{"title":"De bloqueos y aplicaci\u00f3n de la ley - Los pol\u00edticos Veracruz","robots":{"index":"index","follow":"follow","max-snippet":"max-snippet:-1","max-image-preview":"max-image-preview:large","max-video-preview":"max-video-preview:-1"},"canonical":"https:\/\/lospoliticosveracruz.com\/?p=16861","og_locale":"es_ES","og_type":"article","og_title":"De bloqueos y aplicaci\u00f3n de la ley - Los pol\u00edticos Veracruz","og_description":"Luis Alberto Romero Hora Cero Ayer por la ma\u00f1ana, un grupo de vecinos de la calle R\u00f3mulo de la Vega, colonia Revoluci\u00f3n de Xalapa, se manifestaron en la Avenida Atenas Veracruzana, una vialidad estrat\u00e9gica para esa colonia, que registra una gran densidad poblacional y actividad econ\u00f3mica. Su demanda: la construcci\u00f3n de un muro de contenci\u00f3n [&hellip;]","og_url":"https:\/\/lospoliticosveracruz.com\/?p=16861","og_site_name":"Los pol\u00edticos Veracruz","article_publisher":"https:\/\/www.facebook.com\/people\/Notimemes-de-los-Polticos\/61565672886568\/","article_published_time":"2015-07-14T03:16:32+00:00","og_image":[{"width":200,"height":200,"url":"https:\/\/lospoliticosveracruz.com\/wp-content\/uploads\/2016\/07\/Logo-Dor.jpg","type":"image\/jpeg"}],"author":"Lo viste en Los Pol\u00edticos","twitter_card":"summary_large_image","twitter_creator":"@LosPoliticosVer","twitter_site":"@LosPoliticosVer","twitter_misc":{"Escrito por":"Lo viste en Los Pol\u00edticos","Tiempo de lectura":"4 minutos"},"schema":{"@context":"https:\/\/schema.org","@graph":[{"@type":"Article","@id":"https:\/\/lospoliticosveracruz.com\/?p=16861#article","isPartOf":{"@id":"https:\/\/lospoliticosveracruz.com\/?p=16861"},"author":{"name":"Lo viste en Los Pol\u00edticos","@id":"https:\/\/lospoliticosveracruz.com\/#\/schema\/person\/b8702bb0e538456e6efd07080bf2a4a2"},"headline":"De bloqueos y aplicaci\u00f3n de la ley","datePublished":"2015-07-14T03:16:32+00:00","mainEntityOfPage":{"@id":"https:\/\/lospoliticosveracruz.com\/?p=16861"},"wordCount":831,"commentCount":0,"publisher":{"@id":"https:\/\/lospoliticosveracruz.com\/#organization"},"keywords":["Am\u00e9rico Z\u00fa\u00f1iga","ayuntamiento de Xalapa","Oscar Cruz Alexander","Rogelio \u00c1lvarez"],"articleSection":["De Opini\u00f3n"],"inLanguage":"es","potentialAction":[{"@type":"CommentAction","name":"Comment","target":["https:\/\/lospoliticosveracruz.com\/?p=16861#respond"]}]},{"@type":"WebPage","@id":"https:\/\/lospoliticosveracruz.com\/?p=16861","url":"https:\/\/lospoliticosveracruz.com\/?p=16861","name":"De bloqueos y aplicaci\u00f3n de la ley - Los pol\u00edticos Veracruz","isPartOf":{"@id":"https:\/\/lospoliticosveracruz.com\/#website"},"datePublished":"2015-07-14T03:16:32+00:00","breadcrumb":{"@id":"https:\/\/lospoliticosveracruz.com\/?p=16861#breadcrumb"},"inLanguage":"es","potentialAction":[{"@type":"ReadAction","target":["https:\/\/lospoliticosveracruz.com\/?p=16861"]}]},{"@type":"BreadcrumbList","@id":"https:\/\/lospoliticosveracruz.com\/?p=16861#breadcrumb","itemListElement":[{"@type":"ListItem","position":1,"name":"Portada","item":"https:\/\/lospoliticosveracruz.com\/"},{"@type":"ListItem","position":2,"name":"De bloqueos y aplicaci\u00f3n de la ley"}]},{"@type":"WebSite","@id":"https:\/\/lospoliticosveracruz.com\/#website","url":"https:\/\/lospoliticosveracruz.com\/","name":"Los pol\u00edticos Veracruz","description":"","publisher":{"@id":"https:\/\/lospoliticosveracruz.com\/#organization"},"potentialAction":[{"@type":"SearchAction","target":{"@type":"EntryPoint","urlTemplate":"https:\/\/lospoliticosveracruz.com\/?s={search_term_string}"},"query-input":{"@type":"PropertyValueSpecification","valueRequired":true,"valueName":"search_term_string"}}],"inLanguage":"es"},{"@type":"Organization","@id":"https:\/\/lospoliticosveracruz.com\/#organization","name":"Los pol\u00edticos Veracruz","url":"https:\/\/lospoliticosveracruz.com\/","logo":{"@type":"ImageObject","inLanguage":"es","@id":"https:\/\/lospoliticosveracruz.com\/#\/schema\/logo\/image\/","url":"https:\/\/lospoliticosveracruz.com\/wp-content\/uploads\/2025\/12\/Logo-Nuevo-LOS-POLITICOS-1.jpg","contentUrl":"https:\/\/lospoliticosveracruz.com\/wp-content\/uploads\/2025\/12\/Logo-Nuevo-LOS-POLITICOS-1.jpg","width":260,"height":70,"caption":"Los pol\u00edticos Veracruz"},"image":{"@id":"https:\/\/lospoliticosveracruz.com\/#\/schema\/logo\/image\/"},"sameAs":["https:\/\/www.facebook.com\/people\/Notimemes-de-los-Polticos\/61565672886568\/","https:\/\/x.com\/LosPoliticosVer"]},{"@type":"Person","@id":"https:\/\/lospoliticosveracruz.com\/#\/schema\/person\/b8702bb0e538456e6efd07080bf2a4a2","name":"Lo viste en Los Pol\u00edticos","image":{"@type":"ImageObject","inLanguage":"es","@id":"https:\/\/secure.gravatar.com\/avatar\/3a8de04a2656d44082be478bd6c086daa447c4651605818287b9532d3d0bd435?s=96&d=mm&r=g","url":"https:\/\/secure.gravatar.com\/avatar\/3a8de04a2656d44082be478bd6c086daa447c4651605818287b9532d3d0bd435?s=96&d=mm&r=g","contentUrl":"https:\/\/secure.gravatar.com\/avatar\/3a8de04a2656d44082be478bd6c086daa447c4651605818287b9532d3d0bd435?s=96&d=mm&r=g","caption":"Lo viste en Los Pol\u00edticos"},"url":"https:\/\/lospoliticosveracruz.com\/?author=2"}]}},"_links":{"self":[{"href":"https:\/\/lospoliticosveracruz.com\/index.php?rest_route=\/wp\/v2\/posts\/16861","targetHints":{"allow":["GET"]}}],"collection":[{"href":"https:\/\/lospoliticosveracruz.com\/index.php?rest_route=\/wp\/v2\/posts"}],"about":[{"href":"https:\/\/lospoliticosveracruz.com\/index.php?rest_route=\/wp\/v2\/types\/post"}],"author":[{"embeddable":true,"href":"https:\/\/lospoliticosveracruz.com\/index.php?rest_route=\/wp\/v2\/users\/2"}],"replies":[{"embeddable":true,"href":"https:\/\/lospoliticosveracruz.com\/index.php?rest_route=%2Fwp%2Fv2%2Fcomments&post=16861"}],"version-history":[{"count":1,"href":"https:\/\/lospoliticosveracruz.com\/index.php?rest_route=\/wp\/v2\/posts\/16861\/revisions"}],"predecessor-version":[{"id":16863,"href":"https:\/\/lospoliticosveracruz.com\/index.php?rest_route=\/wp\/v2\/posts\/16861\/revisions\/16863"}],"wp:attachment":[{"href":"https:\/\/lospoliticosveracruz.com\/index.php?rest_route=%2Fwp%2Fv2%2Fmedia&parent=16861"}],"wp:term":[{"taxonomy":"category","embeddable":true,"href":"https:\/\/lospoliticosveracruz.com\/index.php?rest_route=%2Fwp%2Fv2%2Fcategories&post=16861"},{"taxonomy":"post_tag","embeddable":true,"href":"https:\/\/lospoliticosveracruz.com\/index.php?rest_route=%2Fwp%2Fv2%2Ftags&post=16861"}],"curies":[{"name":"wp","href":"https:\/\/api.w.org\/{rel}","templated":true}]}}