{"id":16864,"date":"2015-07-13T22:36:53","date_gmt":"2015-07-14T03:36:53","guid":{"rendered":"http:\/\/www.lospoliticosveracruz.com.mx\/?p=16864"},"modified":"2015-07-13T22:36:53","modified_gmt":"2015-07-14T03:36:53","slug":"transito-y-diputados","status":"publish","type":"post","link":"https:\/\/lospoliticosveracruz.com\/?p=16864","title":{"rendered":"Tr\u00e1nsito y diputados"},"content":{"rendered":"<p><a href=\"http:\/\/www.lospoliticosveracruz.com.mx\/wp-content\/uploads\/2015\/01\/Adolfo-Ram\u00edrez-Arana.jpg\"><img loading=\"lazy\" decoding=\"async\" class=\"alignnone size-medium wp-image-14705\" src=\"http:\/\/www.lospoliticosveracruz.com.mx\/wp-content\/uploads\/2015\/01\/Adolfo-Ram\u00edrez-Arana-247x300.jpg\" alt=\"Adolfo Ram\u00edrez Arana\" width=\"247\" height=\"300\" \/><\/a><br \/>\n<strong>Salvador Mu\u00f1oz<\/strong><\/p>\n<p><em>Los Pol\u00edticos<\/em><\/p>\n<p>\u00bfCu\u00e1ntas veces ha recibido una multa de Tr\u00e1nsito?<br \/>\nEn mi caso, ninguna. \u00bfPor qu\u00e9? Traigo mis documentos en regla, a la mano, evito infringir la Ley \u00a1ah! hasta traigo mis papeles de Seguro por Da\u00f1os a Terceros\u2026 pero de acuerdo a las nuevas disposiciones que anunci\u00f3 el Gobernador, le pregunto a la Mujer si ya no ser\u00e1 necesario pagar por ese Seguro, lo que implicar\u00eda un ahorro enorme para mi bolsillo si ya la Ley me exenta de \u00e9l\u2026 ahora, lo que tengo que hacer es estar m\u00e1s avispado con los peatones que salen a media calle, entre veh\u00edculos y hoy, muy de moda, abstra\u00eddos en sus aud\u00edfonos o chateo por celular. \u00a1Y ni se diga los viejitos! Hay algunos que estoy seguro, perdieron la percepci\u00f3n de tiempo, distancia, velocidad, y cruzan las calles con una bendici\u00f3n previa\u2026 por eso amo mis 40 km por hora\u2026 s\u00ed, conduzco a la antig\u00fcita una moto con dos buj\u00edas.<br \/>\nII<br \/>\nEl \u201cajuste\u201d que hizo el gobernador Javier Duarte de Ochoa al Reglamento de Tr\u00e1nsito evidencia una cosa: la mayor\u00eda de nuestros diputados locales y actuales no piensan en los ciudadanos.<br \/>\nCuando se dice \u201cla mayor\u00eda\u201d, no hablo de cantidad, sino de su especie, es decir: priistas, verdes, nueva alianza, que juntos, alzando sus manitas, hacen que reglamentos como el que provoc\u00f3 cantidad de malestar ciudadano, se vuelvan una ofensa o un insulto para la sociedad que a su vez devuelve con la misma moneda el insulto y la ofensa a la autoridad inmediata que no es precisamente el Congreso local, sino el Gobernador.<br \/>\nIII<br \/>\nLe dan la paternidad de este Reglamento al diputado Adolfo Ram\u00edrez Arana. Incluso, los insultos para con \u00e9l fueron muy fuertes. Difiero. Creo que Ram\u00edrez Arana no debi\u00f3 ser merecedor de estas ofensas por una simple y sencilla raz\u00f3n: se le dar\u00eda mucho cr\u00e9dito tan solo pensar que este diputado es capaz de generar un Reglamento aun con todos sus errores y alcances punitivos exorbitantes.<br \/>\nTengo la ligera sospecha de que Ram\u00edrez Arana s\u00f3lo fue el veh\u00edculo para que dicho reglamento llegara al Congreso. S\u00ed, estoy de acuerdo, eso no lo exenta de que al menos lo hubiera le\u00eddo.<br \/>\nPero d\u00e9mosle el beneficio de la duda y supongamos que es un diputado recontrasuper-ocupado\u2026 pero tiene asesores y si este Reglamento lleg\u00f3 a sus manos, lo m\u00ednimo que pudieron haber hecho estos empleados del Diputado, era revisarlo y adecuarlo a una realidad socioec\u00f3nomica veracruzana.<br \/>\nPero tal parece que Ram\u00edrez Arana se confi\u00f3 en una Mayor\u00eda que no escucha el sentido com\u00fan, la voz de la sociedad y mucho menos a la oposici\u00f3n aunque tenga la raz\u00f3n pero no los votos.<br \/>\nPero no es s\u00f3lo Ram\u00edrez Arana\u2026 son todos y cada uno de los diputados que aprobaron una serie de disposiciones que lejos de buscar la seguridad y tranquilidad de los veracruzanos, parec\u00eda una desesperada y \u00e1vida intenci\u00f3n de recaudar, v\u00eda multas, a costa del ciudadano.<br \/>\nIV<br \/>\nS\u00ed, podemos estar tranquilos\u2026 ya se hizo algunas adecuaciones al Reglamento de Tr\u00e1nsito\u2026 ya sali\u00f3 el Gobernador a enmendar la plana a un Congreso local que m\u00e1s bien parece sucursal de Palacio de Gobierno\u2026 pero, \u00bfpodemos estar tranquilos los ciudadanos cuando tenemos a unos \u201crepresentantes populares\u201d que en su mayor\u00eda (explicado el t\u00e9rmino \u201cmayor\u00eda\u201d al inicio), s\u00f3lo buscan complacer al Poder Ejecutivo sin chistarle nada? \u00a1Claro que no! lamentable que esos ajustes no se hagan igual en estos diputados tan cerca de su Gobernador pero tan lejos del pueblo.<\/p>\n<p>smcainito@gmail.com<\/p>\n","protected":false},"excerpt":{"rendered":"<p>Salvador Mu\u00f1oz Los Pol\u00edticos \u00bfCu\u00e1ntas veces ha recibido una multa de Tr\u00e1nsito? En mi caso, ninguna. \u00bfPor qu\u00e9? Traigo mis documentos en regla, a la mano, evito infringir la Ley \u00a1ah! hasta traigo mis papeles de Seguro por Da\u00f1os a Terceros\u2026 pero de acuerdo a las nuevas disposiciones que anunci\u00f3 el Gobernador, le pregunto a [&hellip;]<\/p>\n","protected":false},"author":2,"featured_media":0,"comment_status":"open","ping_status":"open","sticky":false,"template":"","format":"standard","meta":{"tdm_status":"","tdm_grid_status":"","footnotes":""},"categories":[70],"tags":[260,1470],"class_list":{"0":"post-16864","1":"post","2":"type-post","3":"status-publish","4":"format-standard","6":"category-de-opinion","7":"tag-javier-duarte-de-ochoa","8":"tag-reglamento-de-transito"},"yoast_head":"<!-- This site is optimized with the Yoast SEO plugin v27.4 - https:\/\/yoast.com\/product\/yoast-seo-wordpress\/ -->\n<title>Tr\u00e1nsito y diputados - Los pol\u00edticos Veracruz<\/title>\n<meta name=\"robots\" content=\"index, follow, max-snippet:-1, max-image-preview:large, max-video-preview:-1\" \/>\n<link rel=\"canonical\" href=\"https:\/\/lospoliticosveracruz.com\/?p=16864\" \/>\n<meta property=\"og:locale\" content=\"es_ES\" \/>\n<meta property=\"og:type\" content=\"article\" \/>\n<meta property=\"og:title\" content=\"Tr\u00e1nsito y diputados - Los pol\u00edticos Veracruz\" \/>\n<meta property=\"og:description\" content=\"Salvador Mu\u00f1oz Los Pol\u00edticos \u00bfCu\u00e1ntas veces ha recibido una multa de Tr\u00e1nsito? En mi caso, ninguna. \u00bfPor qu\u00e9? Traigo mis documentos en regla, a la mano, evito infringir la Ley \u00a1ah! hasta traigo mis papeles de Seguro por Da\u00f1os a Terceros\u2026 pero de acuerdo a las nuevas disposiciones que anunci\u00f3 el Gobernador, le pregunto a [&hellip;]\" \/>\n<meta property=\"og:url\" content=\"https:\/\/lospoliticosveracruz.com\/?p=16864\" \/>\n<meta property=\"og:site_name\" content=\"Los pol\u00edticos Veracruz\" \/>\n<meta property=\"article:publisher\" content=\"https:\/\/www.facebook.com\/people\/Notimemes-de-los-Polticos\/61565672886568\/\" \/>\n<meta property=\"article:published_time\" content=\"2015-07-14T03:36:53+00:00\" \/>\n<meta property=\"og:image\" content=\"https:\/\/lospoliticosveracruz.com\/wp-content\/uploads\/2016\/07\/Logo-Dor.jpg\" \/>\n\t<meta property=\"og:image:width\" content=\"200\" \/>\n\t<meta property=\"og:image:height\" content=\"200\" \/>\n\t<meta property=\"og:image:type\" content=\"image\/jpeg\" \/>\n<meta name=\"author\" content=\"Lo viste en Los Pol\u00edticos\" \/>\n<meta name=\"twitter:card\" content=\"summary_large_image\" \/>\n<meta name=\"twitter:creator\" content=\"@LosPoliticosVer\" \/>\n<meta name=\"twitter:site\" content=\"@LosPoliticosVer\" \/>\n<meta name=\"twitter:label1\" content=\"Escrito por\" \/>\n\t<meta name=\"twitter:data1\" content=\"Lo viste en Los Pol\u00edticos\" \/>\n\t<meta name=\"twitter:label2\" content=\"Tiempo de lectura\" \/>\n\t<meta name=\"twitter:data2\" content=\"3 minutos\" \/>\n<script type=\"application\/ld+json\" class=\"yoast-schema-graph\">{\"@context\":\"https:\\\/\\\/schema.org\",\"@graph\":[{\"@type\":\"Article\",\"@id\":\"https:\\\/\\\/lospoliticosveracruz.com\\\/?p=16864#article\",\"isPartOf\":{\"@id\":\"https:\\\/\\\/lospoliticosveracruz.com\\\/?p=16864\"},\"author\":{\"name\":\"Lo viste en Los Pol\u00edticos\",\"@id\":\"https:\\\/\\\/lospoliticosveracruz.com\\\/#\\\/schema\\\/person\\\/b8702bb0e538456e6efd07080bf2a4a2\"},\"headline\":\"Tr\u00e1nsito y diputados\",\"datePublished\":\"2015-07-14T03:36:53+00:00\",\"mainEntityOfPage\":{\"@id\":\"https:\\\/\\\/lospoliticosveracruz.com\\\/?p=16864\"},\"wordCount\":630,\"commentCount\":0,\"publisher\":{\"@id\":\"https:\\\/\\\/lospoliticosveracruz.com\\\/#organization\"},\"keywords\":[\"Javier Duarte de Ochoa\",\"reglamento de tr\u00e1nsito\"],\"articleSection\":[\"De Opini\u00f3n\"],\"inLanguage\":\"es\",\"potentialAction\":[{\"@type\":\"CommentAction\",\"name\":\"Comment\",\"target\":[\"https:\\\/\\\/lospoliticosveracruz.com\\\/?p=16864#respond\"]}]},{\"@type\":\"WebPage\",\"@id\":\"https:\\\/\\\/lospoliticosveracruz.com\\\/?p=16864\",\"url\":\"https:\\\/\\\/lospoliticosveracruz.com\\\/?p=16864\",\"name\":\"Tr\u00e1nsito y diputados - Los pol\u00edticos Veracruz\",\"isPartOf\":{\"@id\":\"https:\\\/\\\/lospoliticosveracruz.com\\\/#website\"},\"datePublished\":\"2015-07-14T03:36:53+00:00\",\"breadcrumb\":{\"@id\":\"https:\\\/\\\/lospoliticosveracruz.com\\\/?p=16864#breadcrumb\"},\"inLanguage\":\"es\",\"potentialAction\":[{\"@type\":\"ReadAction\",\"target\":[\"https:\\\/\\\/lospoliticosveracruz.com\\\/?p=16864\"]}]},{\"@type\":\"BreadcrumbList\",\"@id\":\"https:\\\/\\\/lospoliticosveracruz.com\\\/?p=16864#breadcrumb\",\"itemListElement\":[{\"@type\":\"ListItem\",\"position\":1,\"name\":\"Portada\",\"item\":\"https:\\\/\\\/lospoliticosveracruz.com\\\/\"},{\"@type\":\"ListItem\",\"position\":2,\"name\":\"Tr\u00e1nsito y diputados\"}]},{\"@type\":\"WebSite\",\"@id\":\"https:\\\/\\\/lospoliticosveracruz.com\\\/#website\",\"url\":\"https:\\\/\\\/lospoliticosveracruz.com\\\/\",\"name\":\"Los pol\u00edticos Veracruz\",\"description\":\"\",\"publisher\":{\"@id\":\"https:\\\/\\\/lospoliticosveracruz.com\\\/#organization\"},\"potentialAction\":[{\"@type\":\"SearchAction\",\"target\":{\"@type\":\"EntryPoint\",\"urlTemplate\":\"https:\\\/\\\/lospoliticosveracruz.com\\\/?s={search_term_string}\"},\"query-input\":{\"@type\":\"PropertyValueSpecification\",\"valueRequired\":true,\"valueName\":\"search_term_string\"}}],\"inLanguage\":\"es\"},{\"@type\":\"Organization\",\"@id\":\"https:\\\/\\\/lospoliticosveracruz.com\\\/#organization\",\"name\":\"Los pol\u00edticos Veracruz\",\"url\":\"https:\\\/\\\/lospoliticosveracruz.com\\\/\",\"logo\":{\"@type\":\"ImageObject\",\"inLanguage\":\"es\",\"@id\":\"https:\\\/\\\/lospoliticosveracruz.com\\\/#\\\/schema\\\/logo\\\/image\\\/\",\"url\":\"https:\\\/\\\/lospoliticosveracruz.com\\\/wp-content\\\/uploads\\\/2025\\\/12\\\/Logo-Nuevo-LOS-POLITICOS-1.jpg\",\"contentUrl\":\"https:\\\/\\\/lospoliticosveracruz.com\\\/wp-content\\\/uploads\\\/2025\\\/12\\\/Logo-Nuevo-LOS-POLITICOS-1.jpg\",\"width\":260,\"height\":70,\"caption\":\"Los pol\u00edticos Veracruz\"},\"image\":{\"@id\":\"https:\\\/\\\/lospoliticosveracruz.com\\\/#\\\/schema\\\/logo\\\/image\\\/\"},\"sameAs\":[\"https:\\\/\\\/www.facebook.com\\\/people\\\/Notimemes-de-los-Polticos\\\/61565672886568\\\/\",\"https:\\\/\\\/x.com\\\/LosPoliticosVer\"]},{\"@type\":\"Person\",\"@id\":\"https:\\\/\\\/lospoliticosveracruz.com\\\/#\\\/schema\\\/person\\\/b8702bb0e538456e6efd07080bf2a4a2\",\"name\":\"Lo viste en Los Pol\u00edticos\",\"image\":{\"@type\":\"ImageObject\",\"inLanguage\":\"es\",\"@id\":\"https:\\\/\\\/secure.gravatar.com\\\/avatar\\\/3a8de04a2656d44082be478bd6c086daa447c4651605818287b9532d3d0bd435?s=96&d=mm&r=g\",\"url\":\"https:\\\/\\\/secure.gravatar.com\\\/avatar\\\/3a8de04a2656d44082be478bd6c086daa447c4651605818287b9532d3d0bd435?s=96&d=mm&r=g\",\"contentUrl\":\"https:\\\/\\\/secure.gravatar.com\\\/avatar\\\/3a8de04a2656d44082be478bd6c086daa447c4651605818287b9532d3d0bd435?s=96&d=mm&r=g\",\"caption\":\"Lo viste en Los Pol\u00edticos\"},\"url\":\"https:\\\/\\\/lospoliticosveracruz.com\\\/?author=2\"}]}<\/script>\n<!-- \/ Yoast SEO plugin. -->","yoast_head_json":{"title":"Tr\u00e1nsito y diputados - Los pol\u00edticos Veracruz","robots":{"index":"index","follow":"follow","max-snippet":"max-snippet:-1","max-image-preview":"max-image-preview:large","max-video-preview":"max-video-preview:-1"},"canonical":"https:\/\/lospoliticosveracruz.com\/?p=16864","og_locale":"es_ES","og_type":"article","og_title":"Tr\u00e1nsito y diputados - Los pol\u00edticos Veracruz","og_description":"Salvador Mu\u00f1oz Los Pol\u00edticos \u00bfCu\u00e1ntas veces ha recibido una multa de Tr\u00e1nsito? En mi caso, ninguna. \u00bfPor qu\u00e9? Traigo mis documentos en regla, a la mano, evito infringir la Ley \u00a1ah! hasta traigo mis papeles de Seguro por Da\u00f1os a Terceros\u2026 pero de acuerdo a las nuevas disposiciones que anunci\u00f3 el Gobernador, le pregunto a [&hellip;]","og_url":"https:\/\/lospoliticosveracruz.com\/?p=16864","og_site_name":"Los pol\u00edticos Veracruz","article_publisher":"https:\/\/www.facebook.com\/people\/Notimemes-de-los-Polticos\/61565672886568\/","article_published_time":"2015-07-14T03:36:53+00:00","og_image":[{"width":200,"height":200,"url":"https:\/\/lospoliticosveracruz.com\/wp-content\/uploads\/2016\/07\/Logo-Dor.jpg","type":"image\/jpeg"}],"author":"Lo viste en Los Pol\u00edticos","twitter_card":"summary_large_image","twitter_creator":"@LosPoliticosVer","twitter_site":"@LosPoliticosVer","twitter_misc":{"Escrito por":"Lo viste en Los Pol\u00edticos","Tiempo de lectura":"3 minutos"},"schema":{"@context":"https:\/\/schema.org","@graph":[{"@type":"Article","@id":"https:\/\/lospoliticosveracruz.com\/?p=16864#article","isPartOf":{"@id":"https:\/\/lospoliticosveracruz.com\/?p=16864"},"author":{"name":"Lo viste en Los Pol\u00edticos","@id":"https:\/\/lospoliticosveracruz.com\/#\/schema\/person\/b8702bb0e538456e6efd07080bf2a4a2"},"headline":"Tr\u00e1nsito y diputados","datePublished":"2015-07-14T03:36:53+00:00","mainEntityOfPage":{"@id":"https:\/\/lospoliticosveracruz.com\/?p=16864"},"wordCount":630,"commentCount":0,"publisher":{"@id":"https:\/\/lospoliticosveracruz.com\/#organization"},"keywords":["Javier Duarte de Ochoa","reglamento de tr\u00e1nsito"],"articleSection":["De Opini\u00f3n"],"inLanguage":"es","potentialAction":[{"@type":"CommentAction","name":"Comment","target":["https:\/\/lospoliticosveracruz.com\/?p=16864#respond"]}]},{"@type":"WebPage","@id":"https:\/\/lospoliticosveracruz.com\/?p=16864","url":"https:\/\/lospoliticosveracruz.com\/?p=16864","name":"Tr\u00e1nsito y diputados - Los pol\u00edticos Veracruz","isPartOf":{"@id":"https:\/\/lospoliticosveracruz.com\/#website"},"datePublished":"2015-07-14T03:36:53+00:00","breadcrumb":{"@id":"https:\/\/lospoliticosveracruz.com\/?p=16864#breadcrumb"},"inLanguage":"es","potentialAction":[{"@type":"ReadAction","target":["https:\/\/lospoliticosveracruz.com\/?p=16864"]}]},{"@type":"BreadcrumbList","@id":"https:\/\/lospoliticosveracruz.com\/?p=16864#breadcrumb","itemListElement":[{"@type":"ListItem","position":1,"name":"Portada","item":"https:\/\/lospoliticosveracruz.com\/"},{"@type":"ListItem","position":2,"name":"Tr\u00e1nsito y diputados"}]},{"@type":"WebSite","@id":"https:\/\/lospoliticosveracruz.com\/#website","url":"https:\/\/lospoliticosveracruz.com\/","name":"Los pol\u00edticos Veracruz","description":"","publisher":{"@id":"https:\/\/lospoliticosveracruz.com\/#organization"},"potentialAction":[{"@type":"SearchAction","target":{"@type":"EntryPoint","urlTemplate":"https:\/\/lospoliticosveracruz.com\/?s={search_term_string}"},"query-input":{"@type":"PropertyValueSpecification","valueRequired":true,"valueName":"search_term_string"}}],"inLanguage":"es"},{"@type":"Organization","@id":"https:\/\/lospoliticosveracruz.com\/#organization","name":"Los pol\u00edticos Veracruz","url":"https:\/\/lospoliticosveracruz.com\/","logo":{"@type":"ImageObject","inLanguage":"es","@id":"https:\/\/lospoliticosveracruz.com\/#\/schema\/logo\/image\/","url":"https:\/\/lospoliticosveracruz.com\/wp-content\/uploads\/2025\/12\/Logo-Nuevo-LOS-POLITICOS-1.jpg","contentUrl":"https:\/\/lospoliticosveracruz.com\/wp-content\/uploads\/2025\/12\/Logo-Nuevo-LOS-POLITICOS-1.jpg","width":260,"height":70,"caption":"Los pol\u00edticos Veracruz"},"image":{"@id":"https:\/\/lospoliticosveracruz.com\/#\/schema\/logo\/image\/"},"sameAs":["https:\/\/www.facebook.com\/people\/Notimemes-de-los-Polticos\/61565672886568\/","https:\/\/x.com\/LosPoliticosVer"]},{"@type":"Person","@id":"https:\/\/lospoliticosveracruz.com\/#\/schema\/person\/b8702bb0e538456e6efd07080bf2a4a2","name":"Lo viste en Los Pol\u00edticos","image":{"@type":"ImageObject","inLanguage":"es","@id":"https:\/\/secure.gravatar.com\/avatar\/3a8de04a2656d44082be478bd6c086daa447c4651605818287b9532d3d0bd435?s=96&d=mm&r=g","url":"https:\/\/secure.gravatar.com\/avatar\/3a8de04a2656d44082be478bd6c086daa447c4651605818287b9532d3d0bd435?s=96&d=mm&r=g","contentUrl":"https:\/\/secure.gravatar.com\/avatar\/3a8de04a2656d44082be478bd6c086daa447c4651605818287b9532d3d0bd435?s=96&d=mm&r=g","caption":"Lo viste en Los Pol\u00edticos"},"url":"https:\/\/lospoliticosveracruz.com\/?author=2"}]}},"_links":{"self":[{"href":"https:\/\/lospoliticosveracruz.com\/index.php?rest_route=\/wp\/v2\/posts\/16864","targetHints":{"allow":["GET"]}}],"collection":[{"href":"https:\/\/lospoliticosveracruz.com\/index.php?rest_route=\/wp\/v2\/posts"}],"about":[{"href":"https:\/\/lospoliticosveracruz.com\/index.php?rest_route=\/wp\/v2\/types\/post"}],"author":[{"embeddable":true,"href":"https:\/\/lospoliticosveracruz.com\/index.php?rest_route=\/wp\/v2\/users\/2"}],"replies":[{"embeddable":true,"href":"https:\/\/lospoliticosveracruz.com\/index.php?rest_route=%2Fwp%2Fv2%2Fcomments&post=16864"}],"version-history":[{"count":1,"href":"https:\/\/lospoliticosveracruz.com\/index.php?rest_route=\/wp\/v2\/posts\/16864\/revisions"}],"predecessor-version":[{"id":16865,"href":"https:\/\/lospoliticosveracruz.com\/index.php?rest_route=\/wp\/v2\/posts\/16864\/revisions\/16865"}],"wp:attachment":[{"href":"https:\/\/lospoliticosveracruz.com\/index.php?rest_route=%2Fwp%2Fv2%2Fmedia&parent=16864"}],"wp:term":[{"taxonomy":"category","embeddable":true,"href":"https:\/\/lospoliticosveracruz.com\/index.php?rest_route=%2Fwp%2Fv2%2Fcategories&post=16864"},{"taxonomy":"post_tag","embeddable":true,"href":"https:\/\/lospoliticosveracruz.com\/index.php?rest_route=%2Fwp%2Fv2%2Ftags&post=16864"}],"curies":[{"name":"wp","href":"https:\/\/api.w.org\/{rel}","templated":true}]}}