{"id":169540,"date":"2026-04-23T07:01:52","date_gmt":"2026-04-23T13:01:52","guid":{"rendered":"https:\/\/lospoliticosveracruz.com\/?p=169540"},"modified":"2026-04-23T07:01:53","modified_gmt":"2026-04-23T13:01:53","slug":"reflexionar-sobre-la-juventud-mexicana","status":"publish","type":"post","link":"https:\/\/lospoliticosveracruz.com\/?p=169540","title":{"rendered":"REFLEXIONAR SOBRE LA JUVENTUD MEXICANA"},"content":{"rendered":"\n<p><strong>Uriel Flores Aguayo<\/strong><br><em>La Opini\u00f3n No Pedida<\/em><\/p>\n\n\n\n<p>A mayor edad m\u00e1s experiencia y m\u00e1s preocupaciones de la incertidumbre, en virtud de haber vivido diversas situaciones y ver con criterio propio los hechos del entorno. Cada generaci\u00f3n tiene sus caracter\u00edsticas y est\u00e1 envuelta de su personalidad, sus cualidades y defectos, as\u00ed como los desaf\u00edos de su tiempo. No es cierto que el tiempo pasado fue mejor. Simplemente fue. Y tuvo sus virtudes y sus problemas. Que pueden seguir como base de la convivencia juvenil junto a lo nuevo. Falta mayor an\u00e1lisis del estado de la juventud mexicana, sin abstracci\u00f3n ni voluntarismo. En concreto. Hay la impresi\u00f3n de que se conoce poco a la juventud y de que se deja hacer y pasar lo que le ocurra. El mundo da lecciones: cada vez son m\u00e1s j\u00f3venes, de menor edad, los que se involucran en hechos delictivos y se discute en algunos pa\u00edses si limitan el acceso a redes sociales. M\u00e9xico no es isla, se ve influido por las tendencias mundiales, m\u00e1s lo que agrega la realidad nacional. Tambi\u00e9n aparecen jovencitos en hechos delictivos graves, los arrastran al sicariato y son absorbidos por la realidad paralela de lo digital. M\u00e1s la violencia com\u00fan en escuelas y barrios, sin distinci\u00f3n de g\u00e9neros. Deber\u00edamos pensar en todo eso y cuestionarnos si tenemos la preparaci\u00f3n para hacerle frente a esa realidad. Es un desaf\u00edo a la sociedad en su conjunto, a las instituciones en general, a la educaci\u00f3n y a las familias. Entra en juego lo preventivo en todo, especialmente en evitar que la juventud sea atra\u00edda por las drogas y el mundo del narcotrafico. Se requiere hacer mucho trabajo para lograr que la juventud eluda el dinero f\u00e1cil y que sus afanes de buena vida justifiquen todo. En ese contexto cabe la importancia de que las escuelas y los docentes est\u00e9n preparados y comprometidos con sus estudiantes; eso implica actualizaci\u00f3n y una actitud activa. Sin la participaci\u00f3n del magisterio es poco lo que se puede avanzar en sentido positivo. Tambi\u00e9n es clave la postura profesional de las polic\u00edas y la justicia, su modernizaci\u00f3n. En general debemos entender, explicarnos, las tendencias que impactan a la juventud y estar preparados. Es absurdo no hacer nada, dejar pasar, eludir responsabilidades, acudir a mitolog\u00eda juvenil, priorizar el control pol\u00edtico y dejar a su suerte a la juventud. Ah\u00ed est\u00e1n los retos. Otra raz\u00f3n fundamental para prever y mejorar el futuro es trabajar con la ni\u00f1ez desde ahora.<br>Recadito: inducidos los nombres de aspirantes cobra vida el dicho del fil\u00f3sofo guerrerense, \u201c la caballada est\u00e1 flaca\u201d .<\/p>\n\n\n\n<p><\/p>\n","protected":false},"excerpt":{"rendered":"<p>Uriel Flores AguayoLa Opini\u00f3n No Pedida A mayor edad m\u00e1s experiencia y m\u00e1s preocupaciones de la incertidumbre, en virtud de haber vivido diversas situaciones y ver con criterio propio los hechos del entorno. Cada generaci\u00f3n tiene sus caracter\u00edsticas y est\u00e1 envuelta de su personalidad, sus cualidades y defectos, as\u00ed como los desaf\u00edos de su tiempo. [&hellip;]<\/p>\n","protected":false},"author":2,"featured_media":156332,"comment_status":"closed","ping_status":"closed","sticky":false,"template":"","format":"standard","meta":{"tdm_status":"","tdm_grid_status":"","footnotes":""},"categories":[70],"tags":[1100,8349,7239,395,551,61930,2552,195],"class_list":{"0":"post-169540","1":"post","2":"type-post","3":"status-publish","4":"format-standard","5":"has-post-thumbnail","7":"category-de-opinion","8":"tag-crimen-organizado","9":"tag-drogas","10":"tag-juventud","11":"tag-mexico","12":"tag-redes-sociales","13":"tag-sicarios","14":"tag-uriel-flores-aguayo","15":"tag-veracruz"},"yoast_head":"<!-- This site is optimized with the Yoast SEO plugin v27.4 - https:\/\/yoast.com\/product\/yoast-seo-wordpress\/ -->\n<title>REFLEXIONAR SOBRE LA JUVENTUD MEXICANA - Los pol\u00edticos Veracruz<\/title>\n<meta name=\"robots\" content=\"index, follow, max-snippet:-1, max-image-preview:large, max-video-preview:-1\" \/>\n<link rel=\"canonical\" href=\"https:\/\/lospoliticosveracruz.com\/?p=169540\" \/>\n<meta property=\"og:locale\" content=\"es_ES\" \/>\n<meta property=\"og:type\" content=\"article\" \/>\n<meta property=\"og:title\" content=\"REFLEXIONAR SOBRE LA JUVENTUD MEXICANA - Los pol\u00edticos Veracruz\" \/>\n<meta property=\"og:description\" content=\"Uriel Flores AguayoLa Opini\u00f3n No Pedida A mayor edad m\u00e1s experiencia y m\u00e1s preocupaciones de la incertidumbre, en virtud de haber vivido diversas situaciones y ver con criterio propio los hechos del entorno. Cada generaci\u00f3n tiene sus caracter\u00edsticas y est\u00e1 envuelta de su personalidad, sus cualidades y defectos, as\u00ed como los desaf\u00edos de su tiempo. [&hellip;]\" \/>\n<meta property=\"og:url\" content=\"https:\/\/lospoliticosveracruz.com\/?p=169540\" \/>\n<meta property=\"og:site_name\" content=\"Los pol\u00edticos Veracruz\" \/>\n<meta property=\"article:publisher\" content=\"https:\/\/www.facebook.com\/people\/Notimemes-de-los-Polticos\/61565672886568\/\" \/>\n<meta property=\"article:published_time\" content=\"2026-04-23T13:01:52+00:00\" \/>\n<meta property=\"article:modified_time\" content=\"2026-04-23T13:01:53+00:00\" \/>\n<meta property=\"og:image\" content=\"https:\/\/lospoliticosveracruz.com\/wp-content\/uploads\/2025\/11\/Uriel-Flores-e1774119472185.jpg\" \/>\n\t<meta property=\"og:image:width\" content=\"600\" \/>\n\t<meta property=\"og:image:height\" content=\"320\" \/>\n\t<meta property=\"og:image:type\" content=\"image\/jpeg\" \/>\n<meta name=\"author\" content=\"Lo viste en Los Pol\u00edticos\" \/>\n<meta name=\"twitter:card\" content=\"summary_large_image\" \/>\n<meta name=\"twitter:creator\" content=\"@LosPoliticosVer\" \/>\n<meta name=\"twitter:site\" content=\"@LosPoliticosVer\" \/>\n<meta name=\"twitter:label1\" content=\"Escrito por\" \/>\n\t<meta name=\"twitter:data1\" content=\"Lo viste en Los Pol\u00edticos\" \/>\n\t<meta name=\"twitter:label2\" content=\"Tiempo de lectura\" \/>\n\t<meta name=\"twitter:data2\" content=\"3 minutos\" \/>\n<script type=\"application\/ld+json\" class=\"yoast-schema-graph\">{\"@context\":\"https:\\\/\\\/schema.org\",\"@graph\":[{\"@type\":\"Article\",\"@id\":\"https:\\\/\\\/lospoliticosveracruz.com\\\/?p=169540#article\",\"isPartOf\":{\"@id\":\"https:\\\/\\\/lospoliticosveracruz.com\\\/?p=169540\"},\"author\":{\"name\":\"Lo viste en Los Pol\u00edticos\",\"@id\":\"https:\\\/\\\/lospoliticosveracruz.com\\\/#\\\/schema\\\/person\\\/b8702bb0e538456e6efd07080bf2a4a2\"},\"headline\":\"REFLEXIONAR SOBRE LA JUVENTUD MEXICANA\",\"datePublished\":\"2026-04-23T13:01:52+00:00\",\"dateModified\":\"2026-04-23T13:01:53+00:00\",\"mainEntityOfPage\":{\"@id\":\"https:\\\/\\\/lospoliticosveracruz.com\\\/?p=169540\"},\"wordCount\":467,\"publisher\":{\"@id\":\"https:\\\/\\\/lospoliticosveracruz.com\\\/#organization\"},\"image\":{\"@id\":\"https:\\\/\\\/lospoliticosveracruz.com\\\/?p=169540#primaryimage\"},\"thumbnailUrl\":\"https:\\\/\\\/lospoliticosveracruz.com\\\/wp-content\\\/uploads\\\/2025\\\/11\\\/Uriel-Flores-e1774119472185.jpg\",\"keywords\":[\"crimen organizado\",\"Drogas\",\"Juventud\",\"M\u00e9xico\",\"redes sociales\",\"sicarios\",\"Uriel Flores Aguayo\",\"Veracruz\"],\"articleSection\":[\"De Opini\u00f3n\"],\"inLanguage\":\"es\"},{\"@type\":\"WebPage\",\"@id\":\"https:\\\/\\\/lospoliticosveracruz.com\\\/?p=169540\",\"url\":\"https:\\\/\\\/lospoliticosveracruz.com\\\/?p=169540\",\"name\":\"REFLEXIONAR SOBRE LA JUVENTUD MEXICANA - Los pol\u00edticos Veracruz\",\"isPartOf\":{\"@id\":\"https:\\\/\\\/lospoliticosveracruz.com\\\/#website\"},\"primaryImageOfPage\":{\"@id\":\"https:\\\/\\\/lospoliticosveracruz.com\\\/?p=169540#primaryimage\"},\"image\":{\"@id\":\"https:\\\/\\\/lospoliticosveracruz.com\\\/?p=169540#primaryimage\"},\"thumbnailUrl\":\"https:\\\/\\\/lospoliticosveracruz.com\\\/wp-content\\\/uploads\\\/2025\\\/11\\\/Uriel-Flores-e1774119472185.jpg\",\"datePublished\":\"2026-04-23T13:01:52+00:00\",\"dateModified\":\"2026-04-23T13:01:53+00:00\",\"breadcrumb\":{\"@id\":\"https:\\\/\\\/lospoliticosveracruz.com\\\/?p=169540#breadcrumb\"},\"inLanguage\":\"es\",\"potentialAction\":[{\"@type\":\"ReadAction\",\"target\":[\"https:\\\/\\\/lospoliticosveracruz.com\\\/?p=169540\"]}]},{\"@type\":\"ImageObject\",\"inLanguage\":\"es\",\"@id\":\"https:\\\/\\\/lospoliticosveracruz.com\\\/?p=169540#primaryimage\",\"url\":\"https:\\\/\\\/lospoliticosveracruz.com\\\/wp-content\\\/uploads\\\/2025\\\/11\\\/Uriel-Flores-e1774119472185.jpg\",\"contentUrl\":\"https:\\\/\\\/lospoliticosveracruz.com\\\/wp-content\\\/uploads\\\/2025\\\/11\\\/Uriel-Flores-e1774119472185.jpg\",\"width\":600,\"height\":320},{\"@type\":\"BreadcrumbList\",\"@id\":\"https:\\\/\\\/lospoliticosveracruz.com\\\/?p=169540#breadcrumb\",\"itemListElement\":[{\"@type\":\"ListItem\",\"position\":1,\"name\":\"Portada\",\"item\":\"https:\\\/\\\/lospoliticosveracruz.com\\\/\"},{\"@type\":\"ListItem\",\"position\":2,\"name\":\"REFLEXIONAR SOBRE LA JUVENTUD MEXICANA\"}]},{\"@type\":\"WebSite\",\"@id\":\"https:\\\/\\\/lospoliticosveracruz.com\\\/#website\",\"url\":\"https:\\\/\\\/lospoliticosveracruz.com\\\/\",\"name\":\"Los pol\u00edticos Veracruz\",\"description\":\"\",\"publisher\":{\"@id\":\"https:\\\/\\\/lospoliticosveracruz.com\\\/#organization\"},\"potentialAction\":[{\"@type\":\"SearchAction\",\"target\":{\"@type\":\"EntryPoint\",\"urlTemplate\":\"https:\\\/\\\/lospoliticosveracruz.com\\\/?s={search_term_string}\"},\"query-input\":{\"@type\":\"PropertyValueSpecification\",\"valueRequired\":true,\"valueName\":\"search_term_string\"}}],\"inLanguage\":\"es\"},{\"@type\":\"Organization\",\"@id\":\"https:\\\/\\\/lospoliticosveracruz.com\\\/#organization\",\"name\":\"Los pol\u00edticos Veracruz\",\"url\":\"https:\\\/\\\/lospoliticosveracruz.com\\\/\",\"logo\":{\"@type\":\"ImageObject\",\"inLanguage\":\"es\",\"@id\":\"https:\\\/\\\/lospoliticosveracruz.com\\\/#\\\/schema\\\/logo\\\/image\\\/\",\"url\":\"https:\\\/\\\/lospoliticosveracruz.com\\\/wp-content\\\/uploads\\\/2025\\\/12\\\/Logo-Nuevo-LOS-POLITICOS-1.jpg\",\"contentUrl\":\"https:\\\/\\\/lospoliticosveracruz.com\\\/wp-content\\\/uploads\\\/2025\\\/12\\\/Logo-Nuevo-LOS-POLITICOS-1.jpg\",\"width\":260,\"height\":70,\"caption\":\"Los pol\u00edticos Veracruz\"},\"image\":{\"@id\":\"https:\\\/\\\/lospoliticosveracruz.com\\\/#\\\/schema\\\/logo\\\/image\\\/\"},\"sameAs\":[\"https:\\\/\\\/www.facebook.com\\\/people\\\/Notimemes-de-los-Polticos\\\/61565672886568\\\/\",\"https:\\\/\\\/x.com\\\/LosPoliticosVer\"]},{\"@type\":\"Person\",\"@id\":\"https:\\\/\\\/lospoliticosveracruz.com\\\/#\\\/schema\\\/person\\\/b8702bb0e538456e6efd07080bf2a4a2\",\"name\":\"Lo viste en Los Pol\u00edticos\",\"image\":{\"@type\":\"ImageObject\",\"inLanguage\":\"es\",\"@id\":\"https:\\\/\\\/secure.gravatar.com\\\/avatar\\\/3a8de04a2656d44082be478bd6c086daa447c4651605818287b9532d3d0bd435?s=96&d=mm&r=g\",\"url\":\"https:\\\/\\\/secure.gravatar.com\\\/avatar\\\/3a8de04a2656d44082be478bd6c086daa447c4651605818287b9532d3d0bd435?s=96&d=mm&r=g\",\"contentUrl\":\"https:\\\/\\\/secure.gravatar.com\\\/avatar\\\/3a8de04a2656d44082be478bd6c086daa447c4651605818287b9532d3d0bd435?s=96&d=mm&r=g\",\"caption\":\"Lo viste en Los Pol\u00edticos\"},\"url\":\"https:\\\/\\\/lospoliticosveracruz.com\\\/?author=2\"}]}<\/script>\n<!-- \/ Yoast SEO plugin. -->","yoast_head_json":{"title":"REFLEXIONAR SOBRE LA JUVENTUD MEXICANA - Los pol\u00edticos Veracruz","robots":{"index":"index","follow":"follow","max-snippet":"max-snippet:-1","max-image-preview":"max-image-preview:large","max-video-preview":"max-video-preview:-1"},"canonical":"https:\/\/lospoliticosveracruz.com\/?p=169540","og_locale":"es_ES","og_type":"article","og_title":"REFLEXIONAR SOBRE LA JUVENTUD MEXICANA - Los pol\u00edticos Veracruz","og_description":"Uriel Flores AguayoLa Opini\u00f3n No Pedida A mayor edad m\u00e1s experiencia y m\u00e1s preocupaciones de la incertidumbre, en virtud de haber vivido diversas situaciones y ver con criterio propio los hechos del entorno. Cada generaci\u00f3n tiene sus caracter\u00edsticas y est\u00e1 envuelta de su personalidad, sus cualidades y defectos, as\u00ed como los desaf\u00edos de su tiempo. [&hellip;]","og_url":"https:\/\/lospoliticosveracruz.com\/?p=169540","og_site_name":"Los pol\u00edticos Veracruz","article_publisher":"https:\/\/www.facebook.com\/people\/Notimemes-de-los-Polticos\/61565672886568\/","article_published_time":"2026-04-23T13:01:52+00:00","article_modified_time":"2026-04-23T13:01:53+00:00","og_image":[{"width":600,"height":320,"url":"https:\/\/lospoliticosveracruz.com\/wp-content\/uploads\/2025\/11\/Uriel-Flores-e1774119472185.jpg","type":"image\/jpeg"}],"author":"Lo viste en Los Pol\u00edticos","twitter_card":"summary_large_image","twitter_creator":"@LosPoliticosVer","twitter_site":"@LosPoliticosVer","twitter_misc":{"Escrito por":"Lo viste en Los Pol\u00edticos","Tiempo de lectura":"3 minutos"},"schema":{"@context":"https:\/\/schema.org","@graph":[{"@type":"Article","@id":"https:\/\/lospoliticosveracruz.com\/?p=169540#article","isPartOf":{"@id":"https:\/\/lospoliticosveracruz.com\/?p=169540"},"author":{"name":"Lo viste en Los Pol\u00edticos","@id":"https:\/\/lospoliticosveracruz.com\/#\/schema\/person\/b8702bb0e538456e6efd07080bf2a4a2"},"headline":"REFLEXIONAR SOBRE LA JUVENTUD MEXICANA","datePublished":"2026-04-23T13:01:52+00:00","dateModified":"2026-04-23T13:01:53+00:00","mainEntityOfPage":{"@id":"https:\/\/lospoliticosveracruz.com\/?p=169540"},"wordCount":467,"publisher":{"@id":"https:\/\/lospoliticosveracruz.com\/#organization"},"image":{"@id":"https:\/\/lospoliticosveracruz.com\/?p=169540#primaryimage"},"thumbnailUrl":"https:\/\/lospoliticosveracruz.com\/wp-content\/uploads\/2025\/11\/Uriel-Flores-e1774119472185.jpg","keywords":["crimen organizado","Drogas","Juventud","M\u00e9xico","redes sociales","sicarios","Uriel Flores Aguayo","Veracruz"],"articleSection":["De Opini\u00f3n"],"inLanguage":"es"},{"@type":"WebPage","@id":"https:\/\/lospoliticosveracruz.com\/?p=169540","url":"https:\/\/lospoliticosveracruz.com\/?p=169540","name":"REFLEXIONAR SOBRE LA JUVENTUD MEXICANA - Los pol\u00edticos Veracruz","isPartOf":{"@id":"https:\/\/lospoliticosveracruz.com\/#website"},"primaryImageOfPage":{"@id":"https:\/\/lospoliticosveracruz.com\/?p=169540#primaryimage"},"image":{"@id":"https:\/\/lospoliticosveracruz.com\/?p=169540#primaryimage"},"thumbnailUrl":"https:\/\/lospoliticosveracruz.com\/wp-content\/uploads\/2025\/11\/Uriel-Flores-e1774119472185.jpg","datePublished":"2026-04-23T13:01:52+00:00","dateModified":"2026-04-23T13:01:53+00:00","breadcrumb":{"@id":"https:\/\/lospoliticosveracruz.com\/?p=169540#breadcrumb"},"inLanguage":"es","potentialAction":[{"@type":"ReadAction","target":["https:\/\/lospoliticosveracruz.com\/?p=169540"]}]},{"@type":"ImageObject","inLanguage":"es","@id":"https:\/\/lospoliticosveracruz.com\/?p=169540#primaryimage","url":"https:\/\/lospoliticosveracruz.com\/wp-content\/uploads\/2025\/11\/Uriel-Flores-e1774119472185.jpg","contentUrl":"https:\/\/lospoliticosveracruz.com\/wp-content\/uploads\/2025\/11\/Uriel-Flores-e1774119472185.jpg","width":600,"height":320},{"@type":"BreadcrumbList","@id":"https:\/\/lospoliticosveracruz.com\/?p=169540#breadcrumb","itemListElement":[{"@type":"ListItem","position":1,"name":"Portada","item":"https:\/\/lospoliticosveracruz.com\/"},{"@type":"ListItem","position":2,"name":"REFLEXIONAR SOBRE LA JUVENTUD MEXICANA"}]},{"@type":"WebSite","@id":"https:\/\/lospoliticosveracruz.com\/#website","url":"https:\/\/lospoliticosveracruz.com\/","name":"Los pol\u00edticos Veracruz","description":"","publisher":{"@id":"https:\/\/lospoliticosveracruz.com\/#organization"},"potentialAction":[{"@type":"SearchAction","target":{"@type":"EntryPoint","urlTemplate":"https:\/\/lospoliticosveracruz.com\/?s={search_term_string}"},"query-input":{"@type":"PropertyValueSpecification","valueRequired":true,"valueName":"search_term_string"}}],"inLanguage":"es"},{"@type":"Organization","@id":"https:\/\/lospoliticosveracruz.com\/#organization","name":"Los pol\u00edticos Veracruz","url":"https:\/\/lospoliticosveracruz.com\/","logo":{"@type":"ImageObject","inLanguage":"es","@id":"https:\/\/lospoliticosveracruz.com\/#\/schema\/logo\/image\/","url":"https:\/\/lospoliticosveracruz.com\/wp-content\/uploads\/2025\/12\/Logo-Nuevo-LOS-POLITICOS-1.jpg","contentUrl":"https:\/\/lospoliticosveracruz.com\/wp-content\/uploads\/2025\/12\/Logo-Nuevo-LOS-POLITICOS-1.jpg","width":260,"height":70,"caption":"Los pol\u00edticos Veracruz"},"image":{"@id":"https:\/\/lospoliticosveracruz.com\/#\/schema\/logo\/image\/"},"sameAs":["https:\/\/www.facebook.com\/people\/Notimemes-de-los-Polticos\/61565672886568\/","https:\/\/x.com\/LosPoliticosVer"]},{"@type":"Person","@id":"https:\/\/lospoliticosveracruz.com\/#\/schema\/person\/b8702bb0e538456e6efd07080bf2a4a2","name":"Lo viste en Los Pol\u00edticos","image":{"@type":"ImageObject","inLanguage":"es","@id":"https:\/\/secure.gravatar.com\/avatar\/3a8de04a2656d44082be478bd6c086daa447c4651605818287b9532d3d0bd435?s=96&d=mm&r=g","url":"https:\/\/secure.gravatar.com\/avatar\/3a8de04a2656d44082be478bd6c086daa447c4651605818287b9532d3d0bd435?s=96&d=mm&r=g","contentUrl":"https:\/\/secure.gravatar.com\/avatar\/3a8de04a2656d44082be478bd6c086daa447c4651605818287b9532d3d0bd435?s=96&d=mm&r=g","caption":"Lo viste en Los Pol\u00edticos"},"url":"https:\/\/lospoliticosveracruz.com\/?author=2"}]}},"_links":{"self":[{"href":"https:\/\/lospoliticosveracruz.com\/index.php?rest_route=\/wp\/v2\/posts\/169540","targetHints":{"allow":["GET"]}}],"collection":[{"href":"https:\/\/lospoliticosveracruz.com\/index.php?rest_route=\/wp\/v2\/posts"}],"about":[{"href":"https:\/\/lospoliticosveracruz.com\/index.php?rest_route=\/wp\/v2\/types\/post"}],"author":[{"embeddable":true,"href":"https:\/\/lospoliticosveracruz.com\/index.php?rest_route=\/wp\/v2\/users\/2"}],"replies":[{"embeddable":true,"href":"https:\/\/lospoliticosveracruz.com\/index.php?rest_route=%2Fwp%2Fv2%2Fcomments&post=169540"}],"version-history":[{"count":1,"href":"https:\/\/lospoliticosveracruz.com\/index.php?rest_route=\/wp\/v2\/posts\/169540\/revisions"}],"predecessor-version":[{"id":169541,"href":"https:\/\/lospoliticosveracruz.com\/index.php?rest_route=\/wp\/v2\/posts\/169540\/revisions\/169541"}],"wp:featuredmedia":[{"embeddable":true,"href":"https:\/\/lospoliticosveracruz.com\/index.php?rest_route=\/wp\/v2\/media\/156332"}],"wp:attachment":[{"href":"https:\/\/lospoliticosveracruz.com\/index.php?rest_route=%2Fwp%2Fv2%2Fmedia&parent=169540"}],"wp:term":[{"taxonomy":"category","embeddable":true,"href":"https:\/\/lospoliticosveracruz.com\/index.php?rest_route=%2Fwp%2Fv2%2Fcategories&post=169540"},{"taxonomy":"post_tag","embeddable":true,"href":"https:\/\/lospoliticosveracruz.com\/index.php?rest_route=%2Fwp%2Fv2%2Ftags&post=169540"}],"curies":[{"name":"wp","href":"https:\/\/api.w.org\/{rel}","templated":true}]}}