{"id":169683,"date":"2026-04-24T10:23:23","date_gmt":"2026-04-24T16:23:23","guid":{"rendered":"https:\/\/lospoliticosveracruz.com\/?p=169683"},"modified":"2026-04-24T10:23:25","modified_gmt":"2026-04-24T16:23:25","slug":"alcalde-protector-de-violin","status":"publish","type":"post","link":"https:\/\/lospoliticosveracruz.com\/?p=169683","title":{"rendered":"ALCALDE, PROTECTOR DE \u201cVIOL\u00cdN\u201d"},"content":{"rendered":"\n<p><\/p>\n\n\n\n<p><strong>Alejandro \u00c1vila<br><\/strong><em>Veracruz<br><\/em>El alcalde de Jamapa, Reynaldo Fern\u00e1ndez, estar\u00eda apoyando al presunto agresor sexual que se encuentra hospitalizado y detenido en el puerto de Veracruz, se\u00f1alaron familiares de la v\u00edctima.<\/p>\n\n\n\n<p>La familia de la peque\u00f1a agredida dio a conocer que tambi\u00e9n han estado recibiendo amenazas de personas allegadas al responsable; incluso acusaron morenista de favorecer al se\u00f1alado.<\/p>\n\n\n\n<p>De acuerdo con sus declaraciones, el presidente municipal incluso les hizo llegar despensas caducadas como supuesto apoyo, situaci\u00f3n que gener\u00f3 molestia entre los familiares, quienes consideran que se ha actuado con insensibilidad frente a lo ocurrido.<\/p>\n\n\n\n<p>Los afectados tambi\u00e9n se\u00f1alaron que desde el Ayuntamiento se realizan movimientos para beneficiar a Gumersindo \u201cN\u201d, quien actualmente permanece detenido en un hospital del puerto de Veracruz, por lo que exigieron que no se le permita salir y que sea trasladado a prisi\u00f3n.<\/p>\n\n\n\n<p>Ante esta situaci\u00f3n, solicitaron la intervenci\u00f3n de la gobernadora Roc\u00edo Nahle Garc\u00eda para que revise lo que est\u00e1 ocurriendo en Jamapa y la actuaci\u00f3n del alcalde en torno a este caso.<\/p>\n","protected":false},"excerpt":{"rendered":"<p>Alejandro \u00c1vilaVeracruzEl alcalde de Jamapa, Reynaldo Fern\u00e1ndez, estar\u00eda apoyando al presunto agresor sexual que se encuentra hospitalizado y detenido en el puerto de Veracruz, se\u00f1alaron familiares de la v\u00edctima. La familia de la peque\u00f1a agredida dio a conocer que tambi\u00e9n han estado recibiendo amenazas de personas allegadas al responsable; incluso acusaron morenista de favorecer al [&hellip;]<\/p>\n","protected":false},"author":2,"featured_media":169684,"comment_status":"closed","ping_status":"closed","sticky":false,"template":"","format":"standard","meta":{"tdm_status":"","tdm_grid_status":"","footnotes":""},"categories":[48940],"tags":[62112,62117,62115,62116,62113,62114],"class_list":{"0":"post-169683","1":"post","2":"type-post","3":"status-publish","4":"format-standard","5":"has-post-thumbnail","7":"category-la-ley-y-el-orden","8":"tag-alcalde-jamapa-reynaldo-fernandez-denuncia","9":"tag-corrupcion-ayuntamiento-jamapa-seguridad","10":"tag-denuncia-despensas-caducadas-jamapa","11":"tag-gumersindo-n-agresion-sexual-veracruz","12":"tag-justicia-menor-agredida-jamapa-2026","13":"tag-rocio-nahle-intervencion-jamapa"},"yoast_head":"<!-- This site is optimized with the Yoast SEO plugin v27.4 - https:\/\/yoast.com\/product\/yoast-seo-wordpress\/ -->\n<title>ALCALDE, PROTECTOR DE \u201cVIOL\u00cdN\u201d - Los pol\u00edticos Veracruz<\/title>\n<meta name=\"robots\" content=\"index, follow, max-snippet:-1, max-image-preview:large, max-video-preview:-1\" \/>\n<link rel=\"canonical\" href=\"https:\/\/lospoliticosveracruz.com\/?p=169683\" \/>\n<meta property=\"og:locale\" content=\"es_ES\" \/>\n<meta property=\"og:type\" content=\"article\" \/>\n<meta property=\"og:title\" content=\"ALCALDE, PROTECTOR DE \u201cVIOL\u00cdN\u201d - Los pol\u00edticos Veracruz\" \/>\n<meta property=\"og:description\" content=\"Alejandro \u00c1vilaVeracruzEl alcalde de Jamapa, Reynaldo Fern\u00e1ndez, estar\u00eda apoyando al presunto agresor sexual que se encuentra hospitalizado y detenido en el puerto de Veracruz, se\u00f1alaron familiares de la v\u00edctima. La familia de la peque\u00f1a agredida dio a conocer que tambi\u00e9n han estado recibiendo amenazas de personas allegadas al responsable; incluso acusaron morenista de favorecer al [&hellip;]\" \/>\n<meta property=\"og:url\" content=\"https:\/\/lospoliticosveracruz.com\/?p=169683\" \/>\n<meta property=\"og:site_name\" content=\"Los pol\u00edticos Veracruz\" \/>\n<meta property=\"article:publisher\" content=\"https:\/\/www.facebook.com\/people\/Notimemes-de-los-Polticos\/61565672886568\/\" \/>\n<meta property=\"article:published_time\" content=\"2026-04-24T16:23:23+00:00\" \/>\n<meta property=\"article:modified_time\" content=\"2026-04-24T16:23:25+00:00\" \/>\n<meta property=\"og:image\" content=\"https:\/\/lospoliticosveracruz.com\/wp-content\/uploads\/2026\/04\/Jamapa-Protesta.jpg\" \/>\n\t<meta property=\"og:image:width\" content=\"600\" \/>\n\t<meta property=\"og:image:height\" content=\"320\" \/>\n\t<meta property=\"og:image:type\" content=\"image\/jpeg\" \/>\n<meta name=\"author\" content=\"Lo viste en Los Pol\u00edticos\" \/>\n<meta name=\"twitter:card\" content=\"summary_large_image\" \/>\n<meta name=\"twitter:creator\" content=\"@LosPoliticosVer\" \/>\n<meta name=\"twitter:site\" content=\"@LosPoliticosVer\" \/>\n<meta name=\"twitter:label1\" content=\"Escrito por\" \/>\n\t<meta name=\"twitter:data1\" content=\"Lo viste en Los Pol\u00edticos\" \/>\n\t<meta name=\"twitter:label2\" content=\"Tiempo de lectura\" \/>\n\t<meta name=\"twitter:data2\" content=\"1 minuto\" \/>\n<script type=\"application\/ld+json\" class=\"yoast-schema-graph\">{\"@context\":\"https:\\\/\\\/schema.org\",\"@graph\":[{\"@type\":\"Article\",\"@id\":\"https:\\\/\\\/lospoliticosveracruz.com\\\/?p=169683#article\",\"isPartOf\":{\"@id\":\"https:\\\/\\\/lospoliticosveracruz.com\\\/?p=169683\"},\"author\":{\"name\":\"Lo viste en Los Pol\u00edticos\",\"@id\":\"https:\\\/\\\/lospoliticosveracruz.com\\\/#\\\/schema\\\/person\\\/b8702bb0e538456e6efd07080bf2a4a2\"},\"headline\":\"ALCALDE, PROTECTOR DE \u201cVIOL\u00cdN\u201d\",\"datePublished\":\"2026-04-24T16:23:23+00:00\",\"dateModified\":\"2026-04-24T16:23:25+00:00\",\"mainEntityOfPage\":{\"@id\":\"https:\\\/\\\/lospoliticosveracruz.com\\\/?p=169683\"},\"wordCount\":189,\"publisher\":{\"@id\":\"https:\\\/\\\/lospoliticosveracruz.com\\\/#organization\"},\"image\":{\"@id\":\"https:\\\/\\\/lospoliticosveracruz.com\\\/?p=169683#primaryimage\"},\"thumbnailUrl\":\"https:\\\/\\\/lospoliticosveracruz.com\\\/wp-content\\\/uploads\\\/2026\\\/04\\\/Jamapa-Protesta.jpg\",\"keywords\":[\"Alcalde Jamapa Reynaldo Fern\u00e1ndez denuncia\",\"Corrupci\u00f3n ayuntamiento Jamapa seguridad\",\"Denuncia despensas caducadas Jamapa\",\"Gumersindo N agresi\u00f3n sexual Veracruz\",\"Justicia menor agredida Jamapa 2026\",\"Roc\u00edo Nahle intervenci\u00f3n Jamapa\"],\"articleSection\":[\"La Ley y el Orden\"],\"inLanguage\":\"es\"},{\"@type\":\"WebPage\",\"@id\":\"https:\\\/\\\/lospoliticosveracruz.com\\\/?p=169683\",\"url\":\"https:\\\/\\\/lospoliticosveracruz.com\\\/?p=169683\",\"name\":\"ALCALDE, PROTECTOR DE \u201cVIOL\u00cdN\u201d - Los pol\u00edticos Veracruz\",\"isPartOf\":{\"@id\":\"https:\\\/\\\/lospoliticosveracruz.com\\\/#website\"},\"primaryImageOfPage\":{\"@id\":\"https:\\\/\\\/lospoliticosveracruz.com\\\/?p=169683#primaryimage\"},\"image\":{\"@id\":\"https:\\\/\\\/lospoliticosveracruz.com\\\/?p=169683#primaryimage\"},\"thumbnailUrl\":\"https:\\\/\\\/lospoliticosveracruz.com\\\/wp-content\\\/uploads\\\/2026\\\/04\\\/Jamapa-Protesta.jpg\",\"datePublished\":\"2026-04-24T16:23:23+00:00\",\"dateModified\":\"2026-04-24T16:23:25+00:00\",\"breadcrumb\":{\"@id\":\"https:\\\/\\\/lospoliticosveracruz.com\\\/?p=169683#breadcrumb\"},\"inLanguage\":\"es\",\"potentialAction\":[{\"@type\":\"ReadAction\",\"target\":[\"https:\\\/\\\/lospoliticosveracruz.com\\\/?p=169683\"]}]},{\"@type\":\"ImageObject\",\"inLanguage\":\"es\",\"@id\":\"https:\\\/\\\/lospoliticosveracruz.com\\\/?p=169683#primaryimage\",\"url\":\"https:\\\/\\\/lospoliticosveracruz.com\\\/wp-content\\\/uploads\\\/2026\\\/04\\\/Jamapa-Protesta.jpg\",\"contentUrl\":\"https:\\\/\\\/lospoliticosveracruz.com\\\/wp-content\\\/uploads\\\/2026\\\/04\\\/Jamapa-Protesta.jpg\",\"width\":600,\"height\":320},{\"@type\":\"BreadcrumbList\",\"@id\":\"https:\\\/\\\/lospoliticosveracruz.com\\\/?p=169683#breadcrumb\",\"itemListElement\":[{\"@type\":\"ListItem\",\"position\":1,\"name\":\"Portada\",\"item\":\"https:\\\/\\\/lospoliticosveracruz.com\\\/\"},{\"@type\":\"ListItem\",\"position\":2,\"name\":\"ALCALDE, PROTECTOR DE \u201cVIOL\u00cdN\u201d\"}]},{\"@type\":\"WebSite\",\"@id\":\"https:\\\/\\\/lospoliticosveracruz.com\\\/#website\",\"url\":\"https:\\\/\\\/lospoliticosveracruz.com\\\/\",\"name\":\"Los pol\u00edticos Veracruz\",\"description\":\"\",\"publisher\":{\"@id\":\"https:\\\/\\\/lospoliticosveracruz.com\\\/#organization\"},\"potentialAction\":[{\"@type\":\"SearchAction\",\"target\":{\"@type\":\"EntryPoint\",\"urlTemplate\":\"https:\\\/\\\/lospoliticosveracruz.com\\\/?s={search_term_string}\"},\"query-input\":{\"@type\":\"PropertyValueSpecification\",\"valueRequired\":true,\"valueName\":\"search_term_string\"}}],\"inLanguage\":\"es\"},{\"@type\":\"Organization\",\"@id\":\"https:\\\/\\\/lospoliticosveracruz.com\\\/#organization\",\"name\":\"Los pol\u00edticos Veracruz\",\"url\":\"https:\\\/\\\/lospoliticosveracruz.com\\\/\",\"logo\":{\"@type\":\"ImageObject\",\"inLanguage\":\"es\",\"@id\":\"https:\\\/\\\/lospoliticosveracruz.com\\\/#\\\/schema\\\/logo\\\/image\\\/\",\"url\":\"https:\\\/\\\/lospoliticosveracruz.com\\\/wp-content\\\/uploads\\\/2025\\\/12\\\/Logo-Nuevo-LOS-POLITICOS-1.jpg\",\"contentUrl\":\"https:\\\/\\\/lospoliticosveracruz.com\\\/wp-content\\\/uploads\\\/2025\\\/12\\\/Logo-Nuevo-LOS-POLITICOS-1.jpg\",\"width\":260,\"height\":70,\"caption\":\"Los pol\u00edticos Veracruz\"},\"image\":{\"@id\":\"https:\\\/\\\/lospoliticosveracruz.com\\\/#\\\/schema\\\/logo\\\/image\\\/\"},\"sameAs\":[\"https:\\\/\\\/www.facebook.com\\\/people\\\/Notimemes-de-los-Polticos\\\/61565672886568\\\/\",\"https:\\\/\\\/x.com\\\/LosPoliticosVer\"]},{\"@type\":\"Person\",\"@id\":\"https:\\\/\\\/lospoliticosveracruz.com\\\/#\\\/schema\\\/person\\\/b8702bb0e538456e6efd07080bf2a4a2\",\"name\":\"Lo viste en Los Pol\u00edticos\",\"image\":{\"@type\":\"ImageObject\",\"inLanguage\":\"es\",\"@id\":\"https:\\\/\\\/secure.gravatar.com\\\/avatar\\\/3a8de04a2656d44082be478bd6c086daa447c4651605818287b9532d3d0bd435?s=96&d=mm&r=g\",\"url\":\"https:\\\/\\\/secure.gravatar.com\\\/avatar\\\/3a8de04a2656d44082be478bd6c086daa447c4651605818287b9532d3d0bd435?s=96&d=mm&r=g\",\"contentUrl\":\"https:\\\/\\\/secure.gravatar.com\\\/avatar\\\/3a8de04a2656d44082be478bd6c086daa447c4651605818287b9532d3d0bd435?s=96&d=mm&r=g\",\"caption\":\"Lo viste en Los Pol\u00edticos\"},\"url\":\"https:\\\/\\\/lospoliticosveracruz.com\\\/?author=2\"}]}<\/script>\n<!-- \/ Yoast SEO plugin. -->","yoast_head_json":{"title":"ALCALDE, PROTECTOR DE \u201cVIOL\u00cdN\u201d - Los pol\u00edticos Veracruz","robots":{"index":"index","follow":"follow","max-snippet":"max-snippet:-1","max-image-preview":"max-image-preview:large","max-video-preview":"max-video-preview:-1"},"canonical":"https:\/\/lospoliticosveracruz.com\/?p=169683","og_locale":"es_ES","og_type":"article","og_title":"ALCALDE, PROTECTOR DE \u201cVIOL\u00cdN\u201d - Los pol\u00edticos Veracruz","og_description":"Alejandro \u00c1vilaVeracruzEl alcalde de Jamapa, Reynaldo Fern\u00e1ndez, estar\u00eda apoyando al presunto agresor sexual que se encuentra hospitalizado y detenido en el puerto de Veracruz, se\u00f1alaron familiares de la v\u00edctima. La familia de la peque\u00f1a agredida dio a conocer que tambi\u00e9n han estado recibiendo amenazas de personas allegadas al responsable; incluso acusaron morenista de favorecer al [&hellip;]","og_url":"https:\/\/lospoliticosveracruz.com\/?p=169683","og_site_name":"Los pol\u00edticos Veracruz","article_publisher":"https:\/\/www.facebook.com\/people\/Notimemes-de-los-Polticos\/61565672886568\/","article_published_time":"2026-04-24T16:23:23+00:00","article_modified_time":"2026-04-24T16:23:25+00:00","og_image":[{"width":600,"height":320,"url":"https:\/\/lospoliticosveracruz.com\/wp-content\/uploads\/2026\/04\/Jamapa-Protesta.jpg","type":"image\/jpeg"}],"author":"Lo viste en Los Pol\u00edticos","twitter_card":"summary_large_image","twitter_creator":"@LosPoliticosVer","twitter_site":"@LosPoliticosVer","twitter_misc":{"Escrito por":"Lo viste en Los Pol\u00edticos","Tiempo de lectura":"1 minuto"},"schema":{"@context":"https:\/\/schema.org","@graph":[{"@type":"Article","@id":"https:\/\/lospoliticosveracruz.com\/?p=169683#article","isPartOf":{"@id":"https:\/\/lospoliticosveracruz.com\/?p=169683"},"author":{"name":"Lo viste en Los Pol\u00edticos","@id":"https:\/\/lospoliticosveracruz.com\/#\/schema\/person\/b8702bb0e538456e6efd07080bf2a4a2"},"headline":"ALCALDE, PROTECTOR DE \u201cVIOL\u00cdN\u201d","datePublished":"2026-04-24T16:23:23+00:00","dateModified":"2026-04-24T16:23:25+00:00","mainEntityOfPage":{"@id":"https:\/\/lospoliticosveracruz.com\/?p=169683"},"wordCount":189,"publisher":{"@id":"https:\/\/lospoliticosveracruz.com\/#organization"},"image":{"@id":"https:\/\/lospoliticosveracruz.com\/?p=169683#primaryimage"},"thumbnailUrl":"https:\/\/lospoliticosveracruz.com\/wp-content\/uploads\/2026\/04\/Jamapa-Protesta.jpg","keywords":["Alcalde Jamapa Reynaldo Fern\u00e1ndez denuncia","Corrupci\u00f3n ayuntamiento Jamapa seguridad","Denuncia despensas caducadas Jamapa","Gumersindo N agresi\u00f3n sexual Veracruz","Justicia menor agredida Jamapa 2026","Roc\u00edo Nahle intervenci\u00f3n Jamapa"],"articleSection":["La Ley y el Orden"],"inLanguage":"es"},{"@type":"WebPage","@id":"https:\/\/lospoliticosveracruz.com\/?p=169683","url":"https:\/\/lospoliticosveracruz.com\/?p=169683","name":"ALCALDE, PROTECTOR DE \u201cVIOL\u00cdN\u201d - Los pol\u00edticos Veracruz","isPartOf":{"@id":"https:\/\/lospoliticosveracruz.com\/#website"},"primaryImageOfPage":{"@id":"https:\/\/lospoliticosveracruz.com\/?p=169683#primaryimage"},"image":{"@id":"https:\/\/lospoliticosveracruz.com\/?p=169683#primaryimage"},"thumbnailUrl":"https:\/\/lospoliticosveracruz.com\/wp-content\/uploads\/2026\/04\/Jamapa-Protesta.jpg","datePublished":"2026-04-24T16:23:23+00:00","dateModified":"2026-04-24T16:23:25+00:00","breadcrumb":{"@id":"https:\/\/lospoliticosveracruz.com\/?p=169683#breadcrumb"},"inLanguage":"es","potentialAction":[{"@type":"ReadAction","target":["https:\/\/lospoliticosveracruz.com\/?p=169683"]}]},{"@type":"ImageObject","inLanguage":"es","@id":"https:\/\/lospoliticosveracruz.com\/?p=169683#primaryimage","url":"https:\/\/lospoliticosveracruz.com\/wp-content\/uploads\/2026\/04\/Jamapa-Protesta.jpg","contentUrl":"https:\/\/lospoliticosveracruz.com\/wp-content\/uploads\/2026\/04\/Jamapa-Protesta.jpg","width":600,"height":320},{"@type":"BreadcrumbList","@id":"https:\/\/lospoliticosveracruz.com\/?p=169683#breadcrumb","itemListElement":[{"@type":"ListItem","position":1,"name":"Portada","item":"https:\/\/lospoliticosveracruz.com\/"},{"@type":"ListItem","position":2,"name":"ALCALDE, PROTECTOR DE \u201cVIOL\u00cdN\u201d"}]},{"@type":"WebSite","@id":"https:\/\/lospoliticosveracruz.com\/#website","url":"https:\/\/lospoliticosveracruz.com\/","name":"Los pol\u00edticos Veracruz","description":"","publisher":{"@id":"https:\/\/lospoliticosveracruz.com\/#organization"},"potentialAction":[{"@type":"SearchAction","target":{"@type":"EntryPoint","urlTemplate":"https:\/\/lospoliticosveracruz.com\/?s={search_term_string}"},"query-input":{"@type":"PropertyValueSpecification","valueRequired":true,"valueName":"search_term_string"}}],"inLanguage":"es"},{"@type":"Organization","@id":"https:\/\/lospoliticosveracruz.com\/#organization","name":"Los pol\u00edticos Veracruz","url":"https:\/\/lospoliticosveracruz.com\/","logo":{"@type":"ImageObject","inLanguage":"es","@id":"https:\/\/lospoliticosveracruz.com\/#\/schema\/logo\/image\/","url":"https:\/\/lospoliticosveracruz.com\/wp-content\/uploads\/2025\/12\/Logo-Nuevo-LOS-POLITICOS-1.jpg","contentUrl":"https:\/\/lospoliticosveracruz.com\/wp-content\/uploads\/2025\/12\/Logo-Nuevo-LOS-POLITICOS-1.jpg","width":260,"height":70,"caption":"Los pol\u00edticos Veracruz"},"image":{"@id":"https:\/\/lospoliticosveracruz.com\/#\/schema\/logo\/image\/"},"sameAs":["https:\/\/www.facebook.com\/people\/Notimemes-de-los-Polticos\/61565672886568\/","https:\/\/x.com\/LosPoliticosVer"]},{"@type":"Person","@id":"https:\/\/lospoliticosveracruz.com\/#\/schema\/person\/b8702bb0e538456e6efd07080bf2a4a2","name":"Lo viste en Los Pol\u00edticos","image":{"@type":"ImageObject","inLanguage":"es","@id":"https:\/\/secure.gravatar.com\/avatar\/3a8de04a2656d44082be478bd6c086daa447c4651605818287b9532d3d0bd435?s=96&d=mm&r=g","url":"https:\/\/secure.gravatar.com\/avatar\/3a8de04a2656d44082be478bd6c086daa447c4651605818287b9532d3d0bd435?s=96&d=mm&r=g","contentUrl":"https:\/\/secure.gravatar.com\/avatar\/3a8de04a2656d44082be478bd6c086daa447c4651605818287b9532d3d0bd435?s=96&d=mm&r=g","caption":"Lo viste en Los Pol\u00edticos"},"url":"https:\/\/lospoliticosveracruz.com\/?author=2"}]}},"_links":{"self":[{"href":"https:\/\/lospoliticosveracruz.com\/index.php?rest_route=\/wp\/v2\/posts\/169683","targetHints":{"allow":["GET"]}}],"collection":[{"href":"https:\/\/lospoliticosveracruz.com\/index.php?rest_route=\/wp\/v2\/posts"}],"about":[{"href":"https:\/\/lospoliticosveracruz.com\/index.php?rest_route=\/wp\/v2\/types\/post"}],"author":[{"embeddable":true,"href":"https:\/\/lospoliticosveracruz.com\/index.php?rest_route=\/wp\/v2\/users\/2"}],"replies":[{"embeddable":true,"href":"https:\/\/lospoliticosveracruz.com\/index.php?rest_route=%2Fwp%2Fv2%2Fcomments&post=169683"}],"version-history":[{"count":1,"href":"https:\/\/lospoliticosveracruz.com\/index.php?rest_route=\/wp\/v2\/posts\/169683\/revisions"}],"predecessor-version":[{"id":169685,"href":"https:\/\/lospoliticosveracruz.com\/index.php?rest_route=\/wp\/v2\/posts\/169683\/revisions\/169685"}],"wp:featuredmedia":[{"embeddable":true,"href":"https:\/\/lospoliticosveracruz.com\/index.php?rest_route=\/wp\/v2\/media\/169684"}],"wp:attachment":[{"href":"https:\/\/lospoliticosveracruz.com\/index.php?rest_route=%2Fwp%2Fv2%2Fmedia&parent=169683"}],"wp:term":[{"taxonomy":"category","embeddable":true,"href":"https:\/\/lospoliticosveracruz.com\/index.php?rest_route=%2Fwp%2Fv2%2Fcategories&post=169683"},{"taxonomy":"post_tag","embeddable":true,"href":"https:\/\/lospoliticosveracruz.com\/index.php?rest_route=%2Fwp%2Fv2%2Ftags&post=169683"}],"curies":[{"name":"wp","href":"https:\/\/api.w.org\/{rel}","templated":true}]}}