{"id":169689,"date":"2026-04-24T11:22:51","date_gmt":"2026-04-24T17:22:51","guid":{"rendered":"https:\/\/lospoliticosveracruz.com\/?p=169689"},"modified":"2026-04-24T11:22:53","modified_gmt":"2026-04-24T17:22:53","slug":"un-psicologo-por-escuela-pero","status":"publish","type":"post","link":"https:\/\/lospoliticosveracruz.com\/?p=169689","title":{"rendered":"UN PSIC\u00d3LOGO POR ESCUELA, PERO\u2026"},"content":{"rendered":"\n<p><\/p>\n\n\n\n<p><strong>\u00c1ngeles Gonz\u00e1lez Ceballos<\/strong><\/p>\n\n\n\n<p>El secretario general de la Secci\u00f3n 56 del Sindicato Nacional de Trabajadores de la Educaci\u00f3n (SNTE), Reveriano Mar\u00edn Hern\u00e1ndez, reconoci\u00f3 que efectivamente hay esa intenci\u00f3n de que en cada escuela del Estado haya un psic\u00f3logo, sin embargo, se debe analizar de d\u00f3nde saldr\u00e1n los recursos para pagarles.<\/p>\n\n\n\n<p>\u00abS\u00ed, el tema es poder revisar de d\u00f3nde obtener los psic\u00f3logos, ya lo platic\u00f3 con nosotros (la Secretaria) y s\u00ed empezar por zonas, porque no es f\u00e1cil tener un psic\u00f3logo en cada escuela porque son 25 mil escuelas, necesitamos 25 mil psic\u00f3logos y de d\u00f3nde saldr\u00eda\u00bb, preguntar.<\/p>\n\n\n\n<p>Cuestionado sobre la estrategia que se utilizar\u00eda para atender a los estudiantes, el tambi\u00e9n diputado local, consider\u00f3 que se debe hacer una cruzada en la que participen todos, hasta medios de comunicaci\u00f3n.<\/p>\n\n\n\n<p>\u00abSi no nos enfocamos a cuidar la salud mental de nuestros j\u00f3venes nos vamos a arrepentir en unos a\u00f1os m\u00e1s, porque en los j\u00f3venes quedar\u00e1 el aparato productivo del ma\u00f1ana, de una sociedad.<\/p>\n\n\n\n<p>Veo con gran preocupaci\u00f3n esa descomposici\u00f3n en la mentalidad de los j\u00f3venes, que se est\u00e9n basando, lejos de decir: voy a generar un proyecto de vida, un proyecto profesional; est\u00e1n en los retos de tik tok\u00bb, lament\u00f3.<\/p>\n\n\n\n<p>Mar\u00edn Hern\u00e1ndez extern\u00f3 que se debe generar la mentalidad de que somos una sociedad que est\u00e1 bien mentalmente, porque actualmente los valores est\u00e1n en crisis, y entonces pasan cosas como las que se han visto en los \u00faltimos d\u00edas de las amenazas en los ba\u00f1os.<\/p>\n\n\n\n<p>En otro tema, respecto de un caso de abuso sexual en el municipio de Medell\u00edn, defini\u00f3 que no se trata de un agremiado a la organizaci\u00f3n sindical, sin embargo cuando se han llegado a presentar este tipo de situaciones no defienden a nadie.<\/p>\n\n\n\n<p>\u00abCuando hay alguna situaci\u00f3n de violencia sexual no defendemos a nadie, eso lo he declarado siempre. Yo cuando voy a alguna reuni\u00f3n con los maestros soy muy enf\u00e1tico en eso, defendemos en otro tipo de circunstancias, pero aquel que agrega de alguna manera a un menor, o a alguna menor, no metemos las manos por nadie\u00bb, sostuvo.<\/p>\n","protected":false},"excerpt":{"rendered":"<p>\u00c1ngeles Gonz\u00e1lez Ceballos El secretario general de la Secci\u00f3n 56 del Sindicato Nacional de Trabajadores de la Educaci\u00f3n (SNTE), Reveriano Mar\u00edn Hern\u00e1ndez, reconoci\u00f3 que efectivamente hay esa intenci\u00f3n de que en cada escuela del Estado haya un psic\u00f3logo, sin embargo, se debe analizar de d\u00f3nde saldr\u00e1n los recursos para pagarles. \u00abS\u00ed, el tema es poder [&hellip;]<\/p>\n","protected":false},"author":2,"featured_media":169690,"comment_status":"closed","ping_status":"closed","sticky":false,"template":"","format":"standard","meta":{"tdm_status":"","tdm_grid_status":"","footnotes":""},"categories":[6446],"tags":[62124,62125,62127,62126,62123,62122],"class_list":{"0":"post-169689","1":"post","2":"type-post","3":"status-publish","4":"format-standard","5":"has-post-thumbnail","7":"category-la-nota","8":"tag-crisis-de-valores-jovenes-veracruz","9":"tag-prevencion-abuso-sexual-escuelas-veracruz","10":"tag-psicologos-por-zona-sev-presupuesto","11":"tag-retos-tiktok-seguridad-escolar-2026","12":"tag-reveriano-marin-hernandez-salud-mental","13":"tag-snte-seccion-56-psicologos-escuelas"},"yoast_head":"<!-- This site is optimized with the Yoast SEO plugin v27.4 - https:\/\/yoast.com\/product\/yoast-seo-wordpress\/ -->\n<title>UN PSIC\u00d3LOGO POR ESCUELA, PERO\u2026 - Los pol\u00edticos Veracruz<\/title>\n<meta name=\"robots\" content=\"index, follow, max-snippet:-1, max-image-preview:large, max-video-preview:-1\" \/>\n<link rel=\"canonical\" href=\"https:\/\/lospoliticosveracruz.com\/?p=169689\" \/>\n<meta property=\"og:locale\" content=\"es_ES\" \/>\n<meta property=\"og:type\" content=\"article\" \/>\n<meta property=\"og:title\" content=\"UN PSIC\u00d3LOGO POR ESCUELA, PERO\u2026 - Los pol\u00edticos Veracruz\" \/>\n<meta property=\"og:description\" content=\"\u00c1ngeles Gonz\u00e1lez Ceballos El secretario general de la Secci\u00f3n 56 del Sindicato Nacional de Trabajadores de la Educaci\u00f3n (SNTE), Reveriano Mar\u00edn Hern\u00e1ndez, reconoci\u00f3 que efectivamente hay esa intenci\u00f3n de que en cada escuela del Estado haya un psic\u00f3logo, sin embargo, se debe analizar de d\u00f3nde saldr\u00e1n los recursos para pagarles. \u00abS\u00ed, el tema es poder [&hellip;]\" \/>\n<meta property=\"og:url\" content=\"https:\/\/lospoliticosveracruz.com\/?p=169689\" \/>\n<meta property=\"og:site_name\" content=\"Los pol\u00edticos Veracruz\" \/>\n<meta property=\"article:publisher\" content=\"https:\/\/www.facebook.com\/people\/Notimemes-de-los-Polticos\/61565672886568\/\" \/>\n<meta property=\"article:published_time\" content=\"2026-04-24T17:22:51+00:00\" \/>\n<meta property=\"article:modified_time\" content=\"2026-04-24T17:22:53+00:00\" \/>\n<meta property=\"og:image\" content=\"https:\/\/lospoliticosveracruz.com\/wp-content\/uploads\/2026\/04\/Reveriano-Marin-Hernandez-1.jpg\" \/>\n\t<meta property=\"og:image:width\" content=\"600\" \/>\n\t<meta property=\"og:image:height\" content=\"320\" \/>\n\t<meta property=\"og:image:type\" content=\"image\/jpeg\" \/>\n<meta name=\"author\" content=\"Lo viste en Los Pol\u00edticos\" \/>\n<meta name=\"twitter:card\" content=\"summary_large_image\" \/>\n<meta name=\"twitter:creator\" content=\"@LosPoliticosVer\" \/>\n<meta name=\"twitter:site\" content=\"@LosPoliticosVer\" \/>\n<meta name=\"twitter:label1\" content=\"Escrito por\" \/>\n\t<meta name=\"twitter:data1\" content=\"Lo viste en Los Pol\u00edticos\" \/>\n\t<meta name=\"twitter:label2\" content=\"Tiempo de lectura\" \/>\n\t<meta name=\"twitter:data2\" content=\"2 minutos\" \/>\n<script type=\"application\/ld+json\" class=\"yoast-schema-graph\">{\"@context\":\"https:\\\/\\\/schema.org\",\"@graph\":[{\"@type\":\"Article\",\"@id\":\"https:\\\/\\\/lospoliticosveracruz.com\\\/?p=169689#article\",\"isPartOf\":{\"@id\":\"https:\\\/\\\/lospoliticosveracruz.com\\\/?p=169689\"},\"author\":{\"name\":\"Lo viste en Los Pol\u00edticos\",\"@id\":\"https:\\\/\\\/lospoliticosveracruz.com\\\/#\\\/schema\\\/person\\\/b8702bb0e538456e6efd07080bf2a4a2\"},\"headline\":\"UN PSIC\u00d3LOGO POR ESCUELA, PERO\u2026\",\"datePublished\":\"2026-04-24T17:22:51+00:00\",\"dateModified\":\"2026-04-24T17:22:53+00:00\",\"mainEntityOfPage\":{\"@id\":\"https:\\\/\\\/lospoliticosveracruz.com\\\/?p=169689\"},\"wordCount\":386,\"publisher\":{\"@id\":\"https:\\\/\\\/lospoliticosveracruz.com\\\/#organization\"},\"image\":{\"@id\":\"https:\\\/\\\/lospoliticosveracruz.com\\\/?p=169689#primaryimage\"},\"thumbnailUrl\":\"https:\\\/\\\/lospoliticosveracruz.com\\\/wp-content\\\/uploads\\\/2026\\\/04\\\/Reveriano-Marin-Hernandez-1.jpg\",\"keywords\":[\"Crisis de valores j\u00f3venes Veracruz\",\"Prevenci\u00f3n abuso sexual escuelas Veracruz\",\"Psic\u00f3logos por zona SEV presupuesto\",\"Retos TikTok seguridad escolar 2026\",\"Reveriano Mar\u00edn Hern\u00e1ndez salud mental\",\"SNTE Secci\u00f3n 56 psic\u00f3logos escuelas\"],\"articleSection\":[\"La Nota\"],\"inLanguage\":\"es\"},{\"@type\":\"WebPage\",\"@id\":\"https:\\\/\\\/lospoliticosveracruz.com\\\/?p=169689\",\"url\":\"https:\\\/\\\/lospoliticosveracruz.com\\\/?p=169689\",\"name\":\"UN PSIC\u00d3LOGO POR ESCUELA, PERO\u2026 - Los pol\u00edticos Veracruz\",\"isPartOf\":{\"@id\":\"https:\\\/\\\/lospoliticosveracruz.com\\\/#website\"},\"primaryImageOfPage\":{\"@id\":\"https:\\\/\\\/lospoliticosveracruz.com\\\/?p=169689#primaryimage\"},\"image\":{\"@id\":\"https:\\\/\\\/lospoliticosveracruz.com\\\/?p=169689#primaryimage\"},\"thumbnailUrl\":\"https:\\\/\\\/lospoliticosveracruz.com\\\/wp-content\\\/uploads\\\/2026\\\/04\\\/Reveriano-Marin-Hernandez-1.jpg\",\"datePublished\":\"2026-04-24T17:22:51+00:00\",\"dateModified\":\"2026-04-24T17:22:53+00:00\",\"breadcrumb\":{\"@id\":\"https:\\\/\\\/lospoliticosveracruz.com\\\/?p=169689#breadcrumb\"},\"inLanguage\":\"es\",\"potentialAction\":[{\"@type\":\"ReadAction\",\"target\":[\"https:\\\/\\\/lospoliticosveracruz.com\\\/?p=169689\"]}]},{\"@type\":\"ImageObject\",\"inLanguage\":\"es\",\"@id\":\"https:\\\/\\\/lospoliticosveracruz.com\\\/?p=169689#primaryimage\",\"url\":\"https:\\\/\\\/lospoliticosveracruz.com\\\/wp-content\\\/uploads\\\/2026\\\/04\\\/Reveriano-Marin-Hernandez-1.jpg\",\"contentUrl\":\"https:\\\/\\\/lospoliticosveracruz.com\\\/wp-content\\\/uploads\\\/2026\\\/04\\\/Reveriano-Marin-Hernandez-1.jpg\",\"width\":600,\"height\":320},{\"@type\":\"BreadcrumbList\",\"@id\":\"https:\\\/\\\/lospoliticosveracruz.com\\\/?p=169689#breadcrumb\",\"itemListElement\":[{\"@type\":\"ListItem\",\"position\":1,\"name\":\"Portada\",\"item\":\"https:\\\/\\\/lospoliticosveracruz.com\\\/\"},{\"@type\":\"ListItem\",\"position\":2,\"name\":\"UN PSIC\u00d3LOGO POR ESCUELA, PERO\u2026\"}]},{\"@type\":\"WebSite\",\"@id\":\"https:\\\/\\\/lospoliticosveracruz.com\\\/#website\",\"url\":\"https:\\\/\\\/lospoliticosveracruz.com\\\/\",\"name\":\"Los pol\u00edticos Veracruz\",\"description\":\"\",\"publisher\":{\"@id\":\"https:\\\/\\\/lospoliticosveracruz.com\\\/#organization\"},\"potentialAction\":[{\"@type\":\"SearchAction\",\"target\":{\"@type\":\"EntryPoint\",\"urlTemplate\":\"https:\\\/\\\/lospoliticosveracruz.com\\\/?s={search_term_string}\"},\"query-input\":{\"@type\":\"PropertyValueSpecification\",\"valueRequired\":true,\"valueName\":\"search_term_string\"}}],\"inLanguage\":\"es\"},{\"@type\":\"Organization\",\"@id\":\"https:\\\/\\\/lospoliticosveracruz.com\\\/#organization\",\"name\":\"Los pol\u00edticos Veracruz\",\"url\":\"https:\\\/\\\/lospoliticosveracruz.com\\\/\",\"logo\":{\"@type\":\"ImageObject\",\"inLanguage\":\"es\",\"@id\":\"https:\\\/\\\/lospoliticosveracruz.com\\\/#\\\/schema\\\/logo\\\/image\\\/\",\"url\":\"https:\\\/\\\/lospoliticosveracruz.com\\\/wp-content\\\/uploads\\\/2025\\\/12\\\/Logo-Nuevo-LOS-POLITICOS-1.jpg\",\"contentUrl\":\"https:\\\/\\\/lospoliticosveracruz.com\\\/wp-content\\\/uploads\\\/2025\\\/12\\\/Logo-Nuevo-LOS-POLITICOS-1.jpg\",\"width\":260,\"height\":70,\"caption\":\"Los pol\u00edticos Veracruz\"},\"image\":{\"@id\":\"https:\\\/\\\/lospoliticosveracruz.com\\\/#\\\/schema\\\/logo\\\/image\\\/\"},\"sameAs\":[\"https:\\\/\\\/www.facebook.com\\\/people\\\/Notimemes-de-los-Polticos\\\/61565672886568\\\/\",\"https:\\\/\\\/x.com\\\/LosPoliticosVer\"]},{\"@type\":\"Person\",\"@id\":\"https:\\\/\\\/lospoliticosveracruz.com\\\/#\\\/schema\\\/person\\\/b8702bb0e538456e6efd07080bf2a4a2\",\"name\":\"Lo viste en Los Pol\u00edticos\",\"image\":{\"@type\":\"ImageObject\",\"inLanguage\":\"es\",\"@id\":\"https:\\\/\\\/secure.gravatar.com\\\/avatar\\\/3a8de04a2656d44082be478bd6c086daa447c4651605818287b9532d3d0bd435?s=96&d=mm&r=g\",\"url\":\"https:\\\/\\\/secure.gravatar.com\\\/avatar\\\/3a8de04a2656d44082be478bd6c086daa447c4651605818287b9532d3d0bd435?s=96&d=mm&r=g\",\"contentUrl\":\"https:\\\/\\\/secure.gravatar.com\\\/avatar\\\/3a8de04a2656d44082be478bd6c086daa447c4651605818287b9532d3d0bd435?s=96&d=mm&r=g\",\"caption\":\"Lo viste en Los Pol\u00edticos\"},\"url\":\"https:\\\/\\\/lospoliticosveracruz.com\\\/?author=2\"}]}<\/script>\n<!-- \/ Yoast SEO plugin. -->","yoast_head_json":{"title":"UN PSIC\u00d3LOGO POR ESCUELA, PERO\u2026 - Los pol\u00edticos Veracruz","robots":{"index":"index","follow":"follow","max-snippet":"max-snippet:-1","max-image-preview":"max-image-preview:large","max-video-preview":"max-video-preview:-1"},"canonical":"https:\/\/lospoliticosveracruz.com\/?p=169689","og_locale":"es_ES","og_type":"article","og_title":"UN PSIC\u00d3LOGO POR ESCUELA, PERO\u2026 - Los pol\u00edticos Veracruz","og_description":"\u00c1ngeles Gonz\u00e1lez Ceballos El secretario general de la Secci\u00f3n 56 del Sindicato Nacional de Trabajadores de la Educaci\u00f3n (SNTE), Reveriano Mar\u00edn Hern\u00e1ndez, reconoci\u00f3 que efectivamente hay esa intenci\u00f3n de que en cada escuela del Estado haya un psic\u00f3logo, sin embargo, se debe analizar de d\u00f3nde saldr\u00e1n los recursos para pagarles. \u00abS\u00ed, el tema es poder [&hellip;]","og_url":"https:\/\/lospoliticosveracruz.com\/?p=169689","og_site_name":"Los pol\u00edticos Veracruz","article_publisher":"https:\/\/www.facebook.com\/people\/Notimemes-de-los-Polticos\/61565672886568\/","article_published_time":"2026-04-24T17:22:51+00:00","article_modified_time":"2026-04-24T17:22:53+00:00","og_image":[{"width":600,"height":320,"url":"https:\/\/lospoliticosveracruz.com\/wp-content\/uploads\/2026\/04\/Reveriano-Marin-Hernandez-1.jpg","type":"image\/jpeg"}],"author":"Lo viste en Los Pol\u00edticos","twitter_card":"summary_large_image","twitter_creator":"@LosPoliticosVer","twitter_site":"@LosPoliticosVer","twitter_misc":{"Escrito por":"Lo viste en Los Pol\u00edticos","Tiempo de lectura":"2 minutos"},"schema":{"@context":"https:\/\/schema.org","@graph":[{"@type":"Article","@id":"https:\/\/lospoliticosveracruz.com\/?p=169689#article","isPartOf":{"@id":"https:\/\/lospoliticosveracruz.com\/?p=169689"},"author":{"name":"Lo viste en Los Pol\u00edticos","@id":"https:\/\/lospoliticosveracruz.com\/#\/schema\/person\/b8702bb0e538456e6efd07080bf2a4a2"},"headline":"UN PSIC\u00d3LOGO POR ESCUELA, PERO\u2026","datePublished":"2026-04-24T17:22:51+00:00","dateModified":"2026-04-24T17:22:53+00:00","mainEntityOfPage":{"@id":"https:\/\/lospoliticosveracruz.com\/?p=169689"},"wordCount":386,"publisher":{"@id":"https:\/\/lospoliticosveracruz.com\/#organization"},"image":{"@id":"https:\/\/lospoliticosveracruz.com\/?p=169689#primaryimage"},"thumbnailUrl":"https:\/\/lospoliticosveracruz.com\/wp-content\/uploads\/2026\/04\/Reveriano-Marin-Hernandez-1.jpg","keywords":["Crisis de valores j\u00f3venes Veracruz","Prevenci\u00f3n abuso sexual escuelas Veracruz","Psic\u00f3logos por zona SEV presupuesto","Retos TikTok seguridad escolar 2026","Reveriano Mar\u00edn Hern\u00e1ndez salud mental","SNTE Secci\u00f3n 56 psic\u00f3logos escuelas"],"articleSection":["La Nota"],"inLanguage":"es"},{"@type":"WebPage","@id":"https:\/\/lospoliticosveracruz.com\/?p=169689","url":"https:\/\/lospoliticosveracruz.com\/?p=169689","name":"UN PSIC\u00d3LOGO POR ESCUELA, PERO\u2026 - Los pol\u00edticos Veracruz","isPartOf":{"@id":"https:\/\/lospoliticosveracruz.com\/#website"},"primaryImageOfPage":{"@id":"https:\/\/lospoliticosveracruz.com\/?p=169689#primaryimage"},"image":{"@id":"https:\/\/lospoliticosveracruz.com\/?p=169689#primaryimage"},"thumbnailUrl":"https:\/\/lospoliticosveracruz.com\/wp-content\/uploads\/2026\/04\/Reveriano-Marin-Hernandez-1.jpg","datePublished":"2026-04-24T17:22:51+00:00","dateModified":"2026-04-24T17:22:53+00:00","breadcrumb":{"@id":"https:\/\/lospoliticosveracruz.com\/?p=169689#breadcrumb"},"inLanguage":"es","potentialAction":[{"@type":"ReadAction","target":["https:\/\/lospoliticosveracruz.com\/?p=169689"]}]},{"@type":"ImageObject","inLanguage":"es","@id":"https:\/\/lospoliticosveracruz.com\/?p=169689#primaryimage","url":"https:\/\/lospoliticosveracruz.com\/wp-content\/uploads\/2026\/04\/Reveriano-Marin-Hernandez-1.jpg","contentUrl":"https:\/\/lospoliticosveracruz.com\/wp-content\/uploads\/2026\/04\/Reveriano-Marin-Hernandez-1.jpg","width":600,"height":320},{"@type":"BreadcrumbList","@id":"https:\/\/lospoliticosveracruz.com\/?p=169689#breadcrumb","itemListElement":[{"@type":"ListItem","position":1,"name":"Portada","item":"https:\/\/lospoliticosveracruz.com\/"},{"@type":"ListItem","position":2,"name":"UN PSIC\u00d3LOGO POR ESCUELA, PERO\u2026"}]},{"@type":"WebSite","@id":"https:\/\/lospoliticosveracruz.com\/#website","url":"https:\/\/lospoliticosveracruz.com\/","name":"Los pol\u00edticos Veracruz","description":"","publisher":{"@id":"https:\/\/lospoliticosveracruz.com\/#organization"},"potentialAction":[{"@type":"SearchAction","target":{"@type":"EntryPoint","urlTemplate":"https:\/\/lospoliticosveracruz.com\/?s={search_term_string}"},"query-input":{"@type":"PropertyValueSpecification","valueRequired":true,"valueName":"search_term_string"}}],"inLanguage":"es"},{"@type":"Organization","@id":"https:\/\/lospoliticosveracruz.com\/#organization","name":"Los pol\u00edticos Veracruz","url":"https:\/\/lospoliticosveracruz.com\/","logo":{"@type":"ImageObject","inLanguage":"es","@id":"https:\/\/lospoliticosveracruz.com\/#\/schema\/logo\/image\/","url":"https:\/\/lospoliticosveracruz.com\/wp-content\/uploads\/2025\/12\/Logo-Nuevo-LOS-POLITICOS-1.jpg","contentUrl":"https:\/\/lospoliticosveracruz.com\/wp-content\/uploads\/2025\/12\/Logo-Nuevo-LOS-POLITICOS-1.jpg","width":260,"height":70,"caption":"Los pol\u00edticos Veracruz"},"image":{"@id":"https:\/\/lospoliticosveracruz.com\/#\/schema\/logo\/image\/"},"sameAs":["https:\/\/www.facebook.com\/people\/Notimemes-de-los-Polticos\/61565672886568\/","https:\/\/x.com\/LosPoliticosVer"]},{"@type":"Person","@id":"https:\/\/lospoliticosveracruz.com\/#\/schema\/person\/b8702bb0e538456e6efd07080bf2a4a2","name":"Lo viste en Los Pol\u00edticos","image":{"@type":"ImageObject","inLanguage":"es","@id":"https:\/\/secure.gravatar.com\/avatar\/3a8de04a2656d44082be478bd6c086daa447c4651605818287b9532d3d0bd435?s=96&d=mm&r=g","url":"https:\/\/secure.gravatar.com\/avatar\/3a8de04a2656d44082be478bd6c086daa447c4651605818287b9532d3d0bd435?s=96&d=mm&r=g","contentUrl":"https:\/\/secure.gravatar.com\/avatar\/3a8de04a2656d44082be478bd6c086daa447c4651605818287b9532d3d0bd435?s=96&d=mm&r=g","caption":"Lo viste en Los Pol\u00edticos"},"url":"https:\/\/lospoliticosveracruz.com\/?author=2"}]}},"_links":{"self":[{"href":"https:\/\/lospoliticosveracruz.com\/index.php?rest_route=\/wp\/v2\/posts\/169689","targetHints":{"allow":["GET"]}}],"collection":[{"href":"https:\/\/lospoliticosveracruz.com\/index.php?rest_route=\/wp\/v2\/posts"}],"about":[{"href":"https:\/\/lospoliticosveracruz.com\/index.php?rest_route=\/wp\/v2\/types\/post"}],"author":[{"embeddable":true,"href":"https:\/\/lospoliticosveracruz.com\/index.php?rest_route=\/wp\/v2\/users\/2"}],"replies":[{"embeddable":true,"href":"https:\/\/lospoliticosveracruz.com\/index.php?rest_route=%2Fwp%2Fv2%2Fcomments&post=169689"}],"version-history":[{"count":1,"href":"https:\/\/lospoliticosveracruz.com\/index.php?rest_route=\/wp\/v2\/posts\/169689\/revisions"}],"predecessor-version":[{"id":169691,"href":"https:\/\/lospoliticosveracruz.com\/index.php?rest_route=\/wp\/v2\/posts\/169689\/revisions\/169691"}],"wp:featuredmedia":[{"embeddable":true,"href":"https:\/\/lospoliticosveracruz.com\/index.php?rest_route=\/wp\/v2\/media\/169690"}],"wp:attachment":[{"href":"https:\/\/lospoliticosveracruz.com\/index.php?rest_route=%2Fwp%2Fv2%2Fmedia&parent=169689"}],"wp:term":[{"taxonomy":"category","embeddable":true,"href":"https:\/\/lospoliticosveracruz.com\/index.php?rest_route=%2Fwp%2Fv2%2Fcategories&post=169689"},{"taxonomy":"post_tag","embeddable":true,"href":"https:\/\/lospoliticosveracruz.com\/index.php?rest_route=%2Fwp%2Fv2%2Ftags&post=169689"}],"curies":[{"name":"wp","href":"https:\/\/api.w.org\/{rel}","templated":true}]}}