{"id":169701,"date":"2026-04-24T11:47:21","date_gmt":"2026-04-24T17:47:21","guid":{"rendered":"https:\/\/lospoliticosveracruz.com\/?p=169701"},"modified":"2026-04-24T11:48:38","modified_gmt":"2026-04-24T17:48:38","slug":"soy-papa-no-soy-criminal","status":"publish","type":"post","link":"https:\/\/lospoliticosveracruz.com\/?p=169701","title":{"rendered":"\u00abSOY PAP\u00c1, NO SOY CRIMINAL\u00bb"},"content":{"rendered":"\n<p><\/p>\n\n\n\n<p><strong>\u00c1ngeles Gonz\u00e1lez Ceballos<\/strong><\/p>\n\n\n\n<p>Con el objetivo de visibilizar lo que consideran una desigualdad en los procesos legales de custodia y convivencia tras separaciones o divorcios, este viernes pap\u00e1s de familia se sumaron a la manifestaci\u00f3n \u201cSoy pap\u00e1, no soy criminal\u201d.<\/p>\n\n\n\n<p>Se\u00f1alaron que cotidianamente enfrentan dificultades para mantener una relaci\u00f3n con sus hijos.<\/p>\n\n\n\n<p>Francisco Javier Gonz\u00e1lez Villag\u00f3mez, uno de los participantes, refiri\u00f3 que las recientes disposiciones legales han derivado en resoluciones que limitan la convivencia de los padres con sus hijos, lo que afecta directamente el desarrollo emocional de los menores.<\/p>\n\n\n\n<p>\u201cNo siempre somos los malos de la pel\u00edcula, queremos que se tome en cuenta tambi\u00e9n la situaci\u00f3n de los padres que buscan convivir con sus hijos\u201d, expres\u00f3.<\/p>\n\n\n\n<p>Aclararon que su protesta no se trata de generar una confrontaci\u00f3n entre hombres y mujeres, sino hacer un llamado a que las decisiones judiciales prioricen el bienestar de los menores, garantizando la presencia de ambas figuras parentales, aun cuando exista una separaci\u00f3n.<\/p>\n\n\n\n<p>En ese orden de ideas denunciaron que lamentablemente se incurren en pr\u00e1cticas injustas dentro de los procesos legales, como la presentaci\u00f3n de acusaciones que, aunque eventualmente pueden desestimarse, derivan en largos periodos sin contacto con sus hijos debido a protocolos de protecci\u00f3n.<\/p>\n\n\n\n<p>Incluso, dijo que en algunos casos las convivencias se limitan a lapsos m\u00ednimos en centros especializados, lo que impide la construcci\u00f3n de v\u00ednculos afectivos.<\/p>\n\n\n\n<p>\u201cHay padres que s\u00f3lo pueden ver a sus hijos una hora al mes, lo cual no permite una convivencia real\u201d, lament\u00f3.<\/p>\n\n\n\n<p>Por su parte, Enrique Reyes cont\u00f3 que dej\u00f3 de ver a su hijo cuando este ten\u00eda 14 a\u00f1os, luego de desacuerdos relacionados con la pensi\u00f3n alimenticia y ahora su hijo est\u00e1 por cumplir la mayor\u00eda de edad.<\/p>\n\n\n\n<p>\u201cEn este punto, continuar un proceso legal ya no tiene mucho sentido, porque \u00e9l est\u00e1 por decidir si quiere verme o no\u201d, se\u00f1al\u00f3.<\/p>\n\n\n\n<p>Los pap\u00e1s coincidieron en que ciertamente hay un rezago hist\u00f3rico en materia de derechos de las mujeres, pero es necesario avanzar hacia un trato equitativo en los juzgados familiares, donde las decisiones deber\u00edan centrarse en el inter\u00e9s superior de la ni\u00f1ez.<\/p>\n\n\n\n<p>Finalmente, hicieron un llamado a las autoridades judiciales para que se sancionen los casos en los que se impida la convivencia con alguno de los padres sin justificaci\u00f3n y, se garantice el derecho de los menores a mantener una relaci\u00f3n con ambos progenitores.<\/p>\n","protected":false},"excerpt":{"rendered":"<p>\u00c1ngeles Gonz\u00e1lez Ceballos Con el objetivo de visibilizar lo que consideran una desigualdad en los procesos legales de custodia y convivencia tras separaciones o divorcios, este viernes pap\u00e1s de familia se sumaron a la manifestaci\u00f3n \u201cSoy pap\u00e1, no soy criminal\u201d. Se\u00f1alaron que cotidianamente enfrentan dificultades para mantener una relaci\u00f3n con sus hijos. Francisco Javier Gonz\u00e1lez [&hellip;]<\/p>\n","protected":false},"author":2,"featured_media":169702,"comment_status":"closed","ping_status":"closed","sticky":false,"template":"","format":"standard","meta":{"tdm_status":"","tdm_grid_status":"","footnotes":""},"categories":[6446],"tags":[62130,62134,62133,62132,62131,62129],"class_list":{"0":"post-169701","1":"post","2":"type-post","3":"status-publish","4":"format-standard","5":"has-post-thumbnail","7":"category-la-nota","8":"tag-custodia-compartida-interes-superior-ninez","9":"tag-derecho-convivencia-padres-e-hijos","10":"tag-francisco-javier-gonzalez-villagomez-protesta","11":"tag-justicia-familiar-xalapa-denuncias","12":"tag-manifestacion-padres-xalapa-2026","13":"tag-soy-papa-no-soy-criminal-veracruz"},"yoast_head":"<!-- This site is optimized with the Yoast SEO plugin v27.4 - https:\/\/yoast.com\/product\/yoast-seo-wordpress\/ -->\n<title>&quot;SOY PAP\u00c1, NO SOY CRIMINAL&quot; - Los pol\u00edticos Veracruz<\/title>\n<meta name=\"robots\" content=\"index, follow, max-snippet:-1, max-image-preview:large, max-video-preview:-1\" \/>\n<link rel=\"canonical\" href=\"https:\/\/lospoliticosveracruz.com\/?p=169701\" \/>\n<meta property=\"og:locale\" content=\"es_ES\" \/>\n<meta property=\"og:type\" content=\"article\" \/>\n<meta property=\"og:title\" content=\"&quot;SOY PAP\u00c1, NO SOY CRIMINAL&quot; - Los pol\u00edticos Veracruz\" \/>\n<meta property=\"og:description\" content=\"\u00c1ngeles Gonz\u00e1lez Ceballos Con el objetivo de visibilizar lo que consideran una desigualdad en los procesos legales de custodia y convivencia tras separaciones o divorcios, este viernes pap\u00e1s de familia se sumaron a la manifestaci\u00f3n \u201cSoy pap\u00e1, no soy criminal\u201d. Se\u00f1alaron que cotidianamente enfrentan dificultades para mantener una relaci\u00f3n con sus hijos. Francisco Javier Gonz\u00e1lez [&hellip;]\" \/>\n<meta property=\"og:url\" content=\"https:\/\/lospoliticosveracruz.com\/?p=169701\" \/>\n<meta property=\"og:site_name\" content=\"Los pol\u00edticos Veracruz\" \/>\n<meta property=\"article:publisher\" content=\"https:\/\/www.facebook.com\/people\/Notimemes-de-los-Polticos\/61565672886568\/\" \/>\n<meta property=\"article:published_time\" content=\"2026-04-24T17:47:21+00:00\" \/>\n<meta property=\"article:modified_time\" content=\"2026-04-24T17:48:38+00:00\" \/>\n<meta property=\"og:image\" content=\"https:\/\/lospoliticosveracruz.com\/wp-content\/uploads\/2026\/04\/papas-de-familia-manifestacion.jpg\" \/>\n\t<meta property=\"og:image:width\" content=\"600\" \/>\n\t<meta property=\"og:image:height\" content=\"320\" \/>\n\t<meta property=\"og:image:type\" content=\"image\/jpeg\" \/>\n<meta name=\"author\" content=\"Lo viste en Los Pol\u00edticos\" \/>\n<meta name=\"twitter:card\" content=\"summary_large_image\" \/>\n<meta name=\"twitter:creator\" content=\"@LosPoliticosVer\" \/>\n<meta name=\"twitter:site\" content=\"@LosPoliticosVer\" \/>\n<meta name=\"twitter:label1\" content=\"Escrito por\" \/>\n\t<meta name=\"twitter:data1\" content=\"Lo viste en Los Pol\u00edticos\" \/>\n\t<meta name=\"twitter:label2\" content=\"Tiempo de lectura\" \/>\n\t<meta name=\"twitter:data2\" content=\"2 minutos\" \/>\n<script type=\"application\/ld+json\" class=\"yoast-schema-graph\">{\"@context\":\"https:\\\/\\\/schema.org\",\"@graph\":[{\"@type\":\"Article\",\"@id\":\"https:\\\/\\\/lospoliticosveracruz.com\\\/?p=169701#article\",\"isPartOf\":{\"@id\":\"https:\\\/\\\/lospoliticosveracruz.com\\\/?p=169701\"},\"author\":{\"name\":\"Lo viste en Los Pol\u00edticos\",\"@id\":\"https:\\\/\\\/lospoliticosveracruz.com\\\/#\\\/schema\\\/person\\\/b8702bb0e538456e6efd07080bf2a4a2\"},\"headline\":\"\u00abSOY PAP\u00c1, NO SOY CRIMINAL\u00bb\",\"datePublished\":\"2026-04-24T17:47:21+00:00\",\"dateModified\":\"2026-04-24T17:48:38+00:00\",\"mainEntityOfPage\":{\"@id\":\"https:\\\/\\\/lospoliticosveracruz.com\\\/?p=169701\"},\"wordCount\":425,\"publisher\":{\"@id\":\"https:\\\/\\\/lospoliticosveracruz.com\\\/#organization\"},\"image\":{\"@id\":\"https:\\\/\\\/lospoliticosveracruz.com\\\/?p=169701#primaryimage\"},\"thumbnailUrl\":\"https:\\\/\\\/lospoliticosveracruz.com\\\/wp-content\\\/uploads\\\/2026\\\/04\\\/papas-de-familia-manifestacion.jpg\",\"keywords\":[\"Custodia compartida inter\u00e9s superior ni\u00f1ez\",\"Derecho convivencia padres e hijos\",\"Francisco Javier Gonz\u00e1lez Villag\u00f3mez protesta\",\"Justicia familiar Xalapa denuncias\",\"Manifestaci\u00f3n padres Xalapa 2026\",\"Soy pap\u00e1 no soy criminal Veracruz\"],\"articleSection\":[\"La Nota\"],\"inLanguage\":\"es\"},{\"@type\":\"WebPage\",\"@id\":\"https:\\\/\\\/lospoliticosveracruz.com\\\/?p=169701\",\"url\":\"https:\\\/\\\/lospoliticosveracruz.com\\\/?p=169701\",\"name\":\"\\\"SOY PAP\u00c1, NO SOY CRIMINAL\\\" - Los pol\u00edticos Veracruz\",\"isPartOf\":{\"@id\":\"https:\\\/\\\/lospoliticosveracruz.com\\\/#website\"},\"primaryImageOfPage\":{\"@id\":\"https:\\\/\\\/lospoliticosveracruz.com\\\/?p=169701#primaryimage\"},\"image\":{\"@id\":\"https:\\\/\\\/lospoliticosveracruz.com\\\/?p=169701#primaryimage\"},\"thumbnailUrl\":\"https:\\\/\\\/lospoliticosveracruz.com\\\/wp-content\\\/uploads\\\/2026\\\/04\\\/papas-de-familia-manifestacion.jpg\",\"datePublished\":\"2026-04-24T17:47:21+00:00\",\"dateModified\":\"2026-04-24T17:48:38+00:00\",\"breadcrumb\":{\"@id\":\"https:\\\/\\\/lospoliticosveracruz.com\\\/?p=169701#breadcrumb\"},\"inLanguage\":\"es\",\"potentialAction\":[{\"@type\":\"ReadAction\",\"target\":[\"https:\\\/\\\/lospoliticosveracruz.com\\\/?p=169701\"]}]},{\"@type\":\"ImageObject\",\"inLanguage\":\"es\",\"@id\":\"https:\\\/\\\/lospoliticosveracruz.com\\\/?p=169701#primaryimage\",\"url\":\"https:\\\/\\\/lospoliticosveracruz.com\\\/wp-content\\\/uploads\\\/2026\\\/04\\\/papas-de-familia-manifestacion.jpg\",\"contentUrl\":\"https:\\\/\\\/lospoliticosveracruz.com\\\/wp-content\\\/uploads\\\/2026\\\/04\\\/papas-de-familia-manifestacion.jpg\",\"width\":600,\"height\":320},{\"@type\":\"BreadcrumbList\",\"@id\":\"https:\\\/\\\/lospoliticosveracruz.com\\\/?p=169701#breadcrumb\",\"itemListElement\":[{\"@type\":\"ListItem\",\"position\":1,\"name\":\"Portada\",\"item\":\"https:\\\/\\\/lospoliticosveracruz.com\\\/\"},{\"@type\":\"ListItem\",\"position\":2,\"name\":\"\u00abSOY PAP\u00c1, NO SOY CRIMINAL\u00bb\"}]},{\"@type\":\"WebSite\",\"@id\":\"https:\\\/\\\/lospoliticosveracruz.com\\\/#website\",\"url\":\"https:\\\/\\\/lospoliticosveracruz.com\\\/\",\"name\":\"Los pol\u00edticos Veracruz\",\"description\":\"\",\"publisher\":{\"@id\":\"https:\\\/\\\/lospoliticosveracruz.com\\\/#organization\"},\"potentialAction\":[{\"@type\":\"SearchAction\",\"target\":{\"@type\":\"EntryPoint\",\"urlTemplate\":\"https:\\\/\\\/lospoliticosveracruz.com\\\/?s={search_term_string}\"},\"query-input\":{\"@type\":\"PropertyValueSpecification\",\"valueRequired\":true,\"valueName\":\"search_term_string\"}}],\"inLanguage\":\"es\"},{\"@type\":\"Organization\",\"@id\":\"https:\\\/\\\/lospoliticosveracruz.com\\\/#organization\",\"name\":\"Los pol\u00edticos Veracruz\",\"url\":\"https:\\\/\\\/lospoliticosveracruz.com\\\/\",\"logo\":{\"@type\":\"ImageObject\",\"inLanguage\":\"es\",\"@id\":\"https:\\\/\\\/lospoliticosveracruz.com\\\/#\\\/schema\\\/logo\\\/image\\\/\",\"url\":\"https:\\\/\\\/lospoliticosveracruz.com\\\/wp-content\\\/uploads\\\/2025\\\/12\\\/Logo-Nuevo-LOS-POLITICOS-1.jpg\",\"contentUrl\":\"https:\\\/\\\/lospoliticosveracruz.com\\\/wp-content\\\/uploads\\\/2025\\\/12\\\/Logo-Nuevo-LOS-POLITICOS-1.jpg\",\"width\":260,\"height\":70,\"caption\":\"Los pol\u00edticos Veracruz\"},\"image\":{\"@id\":\"https:\\\/\\\/lospoliticosveracruz.com\\\/#\\\/schema\\\/logo\\\/image\\\/\"},\"sameAs\":[\"https:\\\/\\\/www.facebook.com\\\/people\\\/Notimemes-de-los-Polticos\\\/61565672886568\\\/\",\"https:\\\/\\\/x.com\\\/LosPoliticosVer\"]},{\"@type\":\"Person\",\"@id\":\"https:\\\/\\\/lospoliticosveracruz.com\\\/#\\\/schema\\\/person\\\/b8702bb0e538456e6efd07080bf2a4a2\",\"name\":\"Lo viste en Los Pol\u00edticos\",\"image\":{\"@type\":\"ImageObject\",\"inLanguage\":\"es\",\"@id\":\"https:\\\/\\\/secure.gravatar.com\\\/avatar\\\/3a8de04a2656d44082be478bd6c086daa447c4651605818287b9532d3d0bd435?s=96&d=mm&r=g\",\"url\":\"https:\\\/\\\/secure.gravatar.com\\\/avatar\\\/3a8de04a2656d44082be478bd6c086daa447c4651605818287b9532d3d0bd435?s=96&d=mm&r=g\",\"contentUrl\":\"https:\\\/\\\/secure.gravatar.com\\\/avatar\\\/3a8de04a2656d44082be478bd6c086daa447c4651605818287b9532d3d0bd435?s=96&d=mm&r=g\",\"caption\":\"Lo viste en Los Pol\u00edticos\"},\"url\":\"https:\\\/\\\/lospoliticosveracruz.com\\\/?author=2\"}]}<\/script>\n<!-- \/ Yoast SEO plugin. -->","yoast_head_json":{"title":"\"SOY PAP\u00c1, NO SOY CRIMINAL\" - Los pol\u00edticos Veracruz","robots":{"index":"index","follow":"follow","max-snippet":"max-snippet:-1","max-image-preview":"max-image-preview:large","max-video-preview":"max-video-preview:-1"},"canonical":"https:\/\/lospoliticosveracruz.com\/?p=169701","og_locale":"es_ES","og_type":"article","og_title":"\"SOY PAP\u00c1, NO SOY CRIMINAL\" - Los pol\u00edticos Veracruz","og_description":"\u00c1ngeles Gonz\u00e1lez Ceballos Con el objetivo de visibilizar lo que consideran una desigualdad en los procesos legales de custodia y convivencia tras separaciones o divorcios, este viernes pap\u00e1s de familia se sumaron a la manifestaci\u00f3n \u201cSoy pap\u00e1, no soy criminal\u201d. Se\u00f1alaron que cotidianamente enfrentan dificultades para mantener una relaci\u00f3n con sus hijos. Francisco Javier Gonz\u00e1lez [&hellip;]","og_url":"https:\/\/lospoliticosveracruz.com\/?p=169701","og_site_name":"Los pol\u00edticos Veracruz","article_publisher":"https:\/\/www.facebook.com\/people\/Notimemes-de-los-Polticos\/61565672886568\/","article_published_time":"2026-04-24T17:47:21+00:00","article_modified_time":"2026-04-24T17:48:38+00:00","og_image":[{"width":600,"height":320,"url":"https:\/\/lospoliticosveracruz.com\/wp-content\/uploads\/2026\/04\/papas-de-familia-manifestacion.jpg","type":"image\/jpeg"}],"author":"Lo viste en Los Pol\u00edticos","twitter_card":"summary_large_image","twitter_creator":"@LosPoliticosVer","twitter_site":"@LosPoliticosVer","twitter_misc":{"Escrito por":"Lo viste en Los Pol\u00edticos","Tiempo de lectura":"2 minutos"},"schema":{"@context":"https:\/\/schema.org","@graph":[{"@type":"Article","@id":"https:\/\/lospoliticosveracruz.com\/?p=169701#article","isPartOf":{"@id":"https:\/\/lospoliticosveracruz.com\/?p=169701"},"author":{"name":"Lo viste en Los Pol\u00edticos","@id":"https:\/\/lospoliticosveracruz.com\/#\/schema\/person\/b8702bb0e538456e6efd07080bf2a4a2"},"headline":"\u00abSOY PAP\u00c1, NO SOY CRIMINAL\u00bb","datePublished":"2026-04-24T17:47:21+00:00","dateModified":"2026-04-24T17:48:38+00:00","mainEntityOfPage":{"@id":"https:\/\/lospoliticosveracruz.com\/?p=169701"},"wordCount":425,"publisher":{"@id":"https:\/\/lospoliticosveracruz.com\/#organization"},"image":{"@id":"https:\/\/lospoliticosveracruz.com\/?p=169701#primaryimage"},"thumbnailUrl":"https:\/\/lospoliticosveracruz.com\/wp-content\/uploads\/2026\/04\/papas-de-familia-manifestacion.jpg","keywords":["Custodia compartida inter\u00e9s superior ni\u00f1ez","Derecho convivencia padres e hijos","Francisco Javier Gonz\u00e1lez Villag\u00f3mez protesta","Justicia familiar Xalapa denuncias","Manifestaci\u00f3n padres Xalapa 2026","Soy pap\u00e1 no soy criminal Veracruz"],"articleSection":["La Nota"],"inLanguage":"es"},{"@type":"WebPage","@id":"https:\/\/lospoliticosveracruz.com\/?p=169701","url":"https:\/\/lospoliticosveracruz.com\/?p=169701","name":"\"SOY PAP\u00c1, NO SOY CRIMINAL\" - Los pol\u00edticos Veracruz","isPartOf":{"@id":"https:\/\/lospoliticosveracruz.com\/#website"},"primaryImageOfPage":{"@id":"https:\/\/lospoliticosveracruz.com\/?p=169701#primaryimage"},"image":{"@id":"https:\/\/lospoliticosveracruz.com\/?p=169701#primaryimage"},"thumbnailUrl":"https:\/\/lospoliticosveracruz.com\/wp-content\/uploads\/2026\/04\/papas-de-familia-manifestacion.jpg","datePublished":"2026-04-24T17:47:21+00:00","dateModified":"2026-04-24T17:48:38+00:00","breadcrumb":{"@id":"https:\/\/lospoliticosveracruz.com\/?p=169701#breadcrumb"},"inLanguage":"es","potentialAction":[{"@type":"ReadAction","target":["https:\/\/lospoliticosveracruz.com\/?p=169701"]}]},{"@type":"ImageObject","inLanguage":"es","@id":"https:\/\/lospoliticosveracruz.com\/?p=169701#primaryimage","url":"https:\/\/lospoliticosveracruz.com\/wp-content\/uploads\/2026\/04\/papas-de-familia-manifestacion.jpg","contentUrl":"https:\/\/lospoliticosveracruz.com\/wp-content\/uploads\/2026\/04\/papas-de-familia-manifestacion.jpg","width":600,"height":320},{"@type":"BreadcrumbList","@id":"https:\/\/lospoliticosveracruz.com\/?p=169701#breadcrumb","itemListElement":[{"@type":"ListItem","position":1,"name":"Portada","item":"https:\/\/lospoliticosveracruz.com\/"},{"@type":"ListItem","position":2,"name":"\u00abSOY PAP\u00c1, NO SOY CRIMINAL\u00bb"}]},{"@type":"WebSite","@id":"https:\/\/lospoliticosveracruz.com\/#website","url":"https:\/\/lospoliticosveracruz.com\/","name":"Los pol\u00edticos Veracruz","description":"","publisher":{"@id":"https:\/\/lospoliticosveracruz.com\/#organization"},"potentialAction":[{"@type":"SearchAction","target":{"@type":"EntryPoint","urlTemplate":"https:\/\/lospoliticosveracruz.com\/?s={search_term_string}"},"query-input":{"@type":"PropertyValueSpecification","valueRequired":true,"valueName":"search_term_string"}}],"inLanguage":"es"},{"@type":"Organization","@id":"https:\/\/lospoliticosveracruz.com\/#organization","name":"Los pol\u00edticos Veracruz","url":"https:\/\/lospoliticosveracruz.com\/","logo":{"@type":"ImageObject","inLanguage":"es","@id":"https:\/\/lospoliticosveracruz.com\/#\/schema\/logo\/image\/","url":"https:\/\/lospoliticosveracruz.com\/wp-content\/uploads\/2025\/12\/Logo-Nuevo-LOS-POLITICOS-1.jpg","contentUrl":"https:\/\/lospoliticosveracruz.com\/wp-content\/uploads\/2025\/12\/Logo-Nuevo-LOS-POLITICOS-1.jpg","width":260,"height":70,"caption":"Los pol\u00edticos Veracruz"},"image":{"@id":"https:\/\/lospoliticosveracruz.com\/#\/schema\/logo\/image\/"},"sameAs":["https:\/\/www.facebook.com\/people\/Notimemes-de-los-Polticos\/61565672886568\/","https:\/\/x.com\/LosPoliticosVer"]},{"@type":"Person","@id":"https:\/\/lospoliticosveracruz.com\/#\/schema\/person\/b8702bb0e538456e6efd07080bf2a4a2","name":"Lo viste en Los Pol\u00edticos","image":{"@type":"ImageObject","inLanguage":"es","@id":"https:\/\/secure.gravatar.com\/avatar\/3a8de04a2656d44082be478bd6c086daa447c4651605818287b9532d3d0bd435?s=96&d=mm&r=g","url":"https:\/\/secure.gravatar.com\/avatar\/3a8de04a2656d44082be478bd6c086daa447c4651605818287b9532d3d0bd435?s=96&d=mm&r=g","contentUrl":"https:\/\/secure.gravatar.com\/avatar\/3a8de04a2656d44082be478bd6c086daa447c4651605818287b9532d3d0bd435?s=96&d=mm&r=g","caption":"Lo viste en Los Pol\u00edticos"},"url":"https:\/\/lospoliticosveracruz.com\/?author=2"}]}},"_links":{"self":[{"href":"https:\/\/lospoliticosveracruz.com\/index.php?rest_route=\/wp\/v2\/posts\/169701","targetHints":{"allow":["GET"]}}],"collection":[{"href":"https:\/\/lospoliticosveracruz.com\/index.php?rest_route=\/wp\/v2\/posts"}],"about":[{"href":"https:\/\/lospoliticosveracruz.com\/index.php?rest_route=\/wp\/v2\/types\/post"}],"author":[{"embeddable":true,"href":"https:\/\/lospoliticosveracruz.com\/index.php?rest_route=\/wp\/v2\/users\/2"}],"replies":[{"embeddable":true,"href":"https:\/\/lospoliticosveracruz.com\/index.php?rest_route=%2Fwp%2Fv2%2Fcomments&post=169701"}],"version-history":[{"count":2,"href":"https:\/\/lospoliticosveracruz.com\/index.php?rest_route=\/wp\/v2\/posts\/169701\/revisions"}],"predecessor-version":[{"id":169705,"href":"https:\/\/lospoliticosveracruz.com\/index.php?rest_route=\/wp\/v2\/posts\/169701\/revisions\/169705"}],"wp:featuredmedia":[{"embeddable":true,"href":"https:\/\/lospoliticosveracruz.com\/index.php?rest_route=\/wp\/v2\/media\/169702"}],"wp:attachment":[{"href":"https:\/\/lospoliticosveracruz.com\/index.php?rest_route=%2Fwp%2Fv2%2Fmedia&parent=169701"}],"wp:term":[{"taxonomy":"category","embeddable":true,"href":"https:\/\/lospoliticosveracruz.com\/index.php?rest_route=%2Fwp%2Fv2%2Fcategories&post=169701"},{"taxonomy":"post_tag","embeddable":true,"href":"https:\/\/lospoliticosveracruz.com\/index.php?rest_route=%2Fwp%2Fv2%2Ftags&post=169701"}],"curies":[{"name":"wp","href":"https:\/\/api.w.org\/{rel}","templated":true}]}}