{"id":169706,"date":"2026-04-24T11:59:32","date_gmt":"2026-04-24T17:59:32","guid":{"rendered":"https:\/\/lospoliticosveracruz.com\/?p=169706"},"modified":"2026-04-24T11:59:33","modified_gmt":"2026-04-24T17:59:33","slug":"los-sobrinos-incomodos-de-la-4t","status":"publish","type":"post","link":"https:\/\/lospoliticosveracruz.com\/?p=169706","title":{"rendered":"LOS SOBRINOS INC\u00d3MODOS DE LA 4T"},"content":{"rendered":"\n<p><strong>Vicente Luna Hern\u00e1ndez<\/strong><\/p>\n\n\n\n<p>Lo cierto es que el robo de combustible y el Huachicol fiscal es producto de toda una estructura operativa al interior de PEMEX y de funcionarios de todos los niveles del Estado, reducir el il\u00edcito a la participaci\u00f3n directa de 2 personas es decirle al pueblo que la Luna es de queso.<\/p>\n\n\n\n<p>Uno de los mayores robos a la Naci\u00f3n requiere ser analizado y castigado por la propia salud de la Rep\u00fablica, el atractivo de M\u00e9xico para recibir inversiones de capital privado exige seguridad en su operaci\u00f3n territorial y certeza jur\u00eddica, el dinero no entiende de ideolog\u00edas pero si sabe de los riesgos que significa la impunidad y corrupci\u00f3n oficial, el capital privado est\u00e1 atento al actuar de la Fiscal\u00eda General de la Rep\u00fablica.<\/p>\n\n\n\n<p>Lo cierto es que para llevar a cabo el saqueo al pa\u00eds como se ha dado a conocer de manera p\u00fablica se requiere la participaci\u00f3n de 2 sobrinos y de un t\u00edo poderoso,- ex Secretario de Marina del primer gobierno de la Transformaci\u00f3n &#8211; \u00bfen serio el robo de combustible era el secreto mejor guardado en la historia de M\u00e9xico? \u00bfDe que transformaci\u00f3n estamos hablando?<\/p>\n\n\n\n<p>M\u00e9xico ha sido testigo del desarrollo de las investigaciones de la tragedia del descarrilamiento del Tren Interoce\u00e1nico y sus fatales consecuencias, las investigaciones independientes al poder oficial se\u00f1alan causas y probables responsables pero la FGR dio a conocer otra versi\u00f3n, una versi\u00f3n donde los responsables son 2 trabajadores de rango menor, mismo que ya un juez liber\u00f3, \u00bfah\u00ed terminar\u00e1 la historia de una tragedia que enlut\u00f3 14 hogares? \u00bfese tipo de investigaciones son parte de la transformaci\u00f3n que se est\u00e1 llevando a cabo en M\u00e9xico? \u00bfSon 2 sobrinos los mayores genios \u2013 y pensar que hay ejemplos de sobra &#8211; en la historia delictiva del pa\u00eds?<\/p>\n\n\n\n<p>En el 2018 la mayor\u00eda de los votantes decidi\u00f3 rechazar la corrupci\u00f3n y la impunidad que rodeaba a un gobierno de la Rep\u00fablica, una mayor\u00eda de ciudadanos le apost\u00f3 a una opci\u00f3n pol\u00edtica que hablaba de cero tolerancia a la corrupci\u00f3n y a la impunidad, la apuesta fue por un gobierno que demostrar\u00eda en los hechos que no ser\u00edan iguales a los gobiernos del pasado, sin embargo, SEGALMEX lleg\u00f3, toc\u00f3 las puertas de Palacio Nacional y al presunto responsable de un robo a la Naci\u00f3n le acondicionaron una oficina sin tantos lujos pero con mucha impunidad\u2026y M\u00e9xico call\u00f3.<\/p>\n\n\n\n<p>Hoy el pa\u00eds se entera que el otro sobrino inc\u00f3modo acusado de encabezar una red de robo de combustible a PEMEX \u2013 junto con su hermano &#8211; que andaba en fuga ha sido detenido en Argentina, hoy el pa\u00eds espera que el show jur\u00eddico que se present\u00f3 en las investigaciones del descarrilamiento del tren no se vuelva a repetir y si as\u00ed fuera \u2013 lamentablemente es muy posible \u2013 la oposici\u00f3n en su conjunto \u2013 con argumentos jur\u00eddicos \u2013 se\u00f1ale, exhiba, cuestione sin temor alguno y sin complicidades con el oficialismo.<\/p>\n\n\n\n<p>M\u00e1s all\u00e1 de si fueron m\u00e1s de 600 mil millones de pesos en p\u00e9rdidas al Estado por el huachicol, m\u00e1s all\u00e1 de la estructura operativa para llevar a cabo ese saqueo, m\u00e1s all\u00e1 de declaraciones populistas de las autoridades correspondientes, lo cierto es que para el pueblo bueno y sabio, &#8211; para ese pueblo que ha demostrado en las urnas y en el Z\u00f3calo de la Ciudad de M\u00e9xico su respaldo al partido pol\u00edtico Morena y al gobierno federal -, en este robo a la Naci\u00f3n los responsables son m\u00e1s de 2 por muy sobrinos inc\u00f3modos que sean y por muy bien organizados que est\u00e9n.<\/p>\n\n\n\n<p>El pueblo sabe que para echar andar a la \u201cBarredora\u201d \u2013 otro grupo de delincuentes encabezado por el ex secretario de seguridad p\u00fablica de Tabasco nombrado por el gobernador Ad\u00e1n Augusto L\u00f3pez Hern\u00e1ndez \u2013 hubo muchas manos agarrando una escoba, as\u00ed tambi\u00e9n pas\u00f3 en el famoso Huachicol que ha sido exhibido por diferentes medios de comunicaci\u00f3n que han tenido el valor de informar lo que el oficialismo pretende maquillar, esto es, encubrir a quienes desde las saltas esferas del poder pol\u00edtico\u2026tambi\u00e9n son inc\u00f3modos para el poder pero sobre todo para el pa\u00eds.<\/p>\n\n\n\n<p>Mal hace el gobierno de la Rep\u00fablica en \u201ccargar\u201d ser c\u00f3mplice de integrantes de la otra mafia que lastima al pa\u00eds, la FGR no debe permitir que exista una delincuencia \u2013 en las filas de integrantes del poder pol\u00edtico &#8211; m\u00e1s y mejor organizada que el Estado, la historia nos ha demostrado que cuando realmente hay voluntad pol\u00edtica, ninguna organizaci\u00f3n es m\u00e1s fuerte y m\u00e1s organizada\u2026que el propio Estado.<\/p>\n\n\n\n<p>El pueblo mayoritario le dio un voto de confianza a morena en el 2018 y 2024, mal har\u00eda morena pensar que la pensi\u00f3n universal es un cheque en blanco para que la corrupci\u00f3n y la impunidad de ayer que se\u00f1alaban en todas las plaza p\u00fablicas, siga siendo el lamento de hoy que sacude Palacio Nacional.<\/p>\n\n\n\n<p>P.D.- Con el \u00e1nimo que as\u00ed como ayer un hermano inc\u00f3modo fue exhibido, acusado y castigado por actos de corrupci\u00f3n, hoy sobrinos y \u201chermanos\u201d \u2013 con apego a Derecho \u2013 recorran el mismo camino\u2026Escribir\u00e9 otro d\u00eda.<\/p>\n","protected":false},"excerpt":{"rendered":"<p>Vicente Luna Hern\u00e1ndez Lo cierto es que el robo de combustible y el Huachicol fiscal es producto de toda una estructura operativa al interior de PEMEX y de funcionarios de todos los niveles del Estado, reducir el il\u00edcito a la participaci\u00f3n directa de 2 personas es decirle al pueblo que la Luna es de queso. [&hellip;]<\/p>\n","protected":false},"author":2,"featured_media":141415,"comment_status":"closed","ping_status":"closed","sticky":false,"template":"","format":"standard","meta":{"tdm_status":"","tdm_grid_status":"","footnotes":""},"categories":[70],"tags":[62137,62136,62138,62135,56619],"class_list":{"0":"post-169706","1":"post","2":"type-post","3":"status-publish","4":"format-standard","5":"has-post-thumbnail","7":"category-de-opinion","8":"tag-corrupcion-pemex-huachicol-fiscal","9":"tag-detencion-sobrino-marina-argentina-2026","10":"tag-impunidad-segalmex-y-tren-interoceanico","11":"tag-sobrinos-incomodos-morena-huachicol","12":"tag-vicente-luna-hernandez-columna-politica"},"yoast_head":"<!-- This site is optimized with the Yoast SEO plugin v27.4 - https:\/\/yoast.com\/product\/yoast-seo-wordpress\/ -->\n<title>LOS SOBRINOS INC\u00d3MODOS DE LA 4T - Los pol\u00edticos Veracruz<\/title>\n<meta name=\"robots\" content=\"index, follow, max-snippet:-1, max-image-preview:large, max-video-preview:-1\" \/>\n<link rel=\"canonical\" href=\"https:\/\/lospoliticosveracruz.com\/?p=169706\" \/>\n<meta property=\"og:locale\" content=\"es_ES\" \/>\n<meta property=\"og:type\" content=\"article\" \/>\n<meta property=\"og:title\" content=\"LOS SOBRINOS INC\u00d3MODOS DE LA 4T - Los pol\u00edticos Veracruz\" \/>\n<meta property=\"og:description\" content=\"Vicente Luna Hern\u00e1ndez Lo cierto es que el robo de combustible y el Huachicol fiscal es producto de toda una estructura operativa al interior de PEMEX y de funcionarios de todos los niveles del Estado, reducir el il\u00edcito a la participaci\u00f3n directa de 2 personas es decirle al pueblo que la Luna es de queso. [&hellip;]\" \/>\n<meta property=\"og:url\" content=\"https:\/\/lospoliticosveracruz.com\/?p=169706\" \/>\n<meta property=\"og:site_name\" content=\"Los pol\u00edticos Veracruz\" \/>\n<meta property=\"article:publisher\" content=\"https:\/\/www.facebook.com\/people\/Notimemes-de-los-Polticos\/61565672886568\/\" \/>\n<meta property=\"article:published_time\" content=\"2026-04-24T17:59:32+00:00\" \/>\n<meta property=\"article:modified_time\" content=\"2026-04-24T17:59:33+00:00\" \/>\n<meta property=\"og:image\" content=\"https:\/\/lospoliticosveracruz.com\/wp-content\/uploads\/2025\/04\/Vicente-Luna-Hernandez.jpg\" \/>\n\t<meta property=\"og:image:width\" content=\"1250\" \/>\n\t<meta property=\"og:image:height\" content=\"667\" \/>\n\t<meta property=\"og:image:type\" content=\"image\/jpeg\" \/>\n<meta name=\"author\" content=\"Lo viste en Los Pol\u00edticos\" \/>\n<meta name=\"twitter:card\" content=\"summary_large_image\" \/>\n<meta name=\"twitter:creator\" content=\"@LosPoliticosVer\" \/>\n<meta name=\"twitter:site\" content=\"@LosPoliticosVer\" \/>\n<meta name=\"twitter:label1\" content=\"Escrito por\" \/>\n\t<meta name=\"twitter:data1\" content=\"Lo viste en Los Pol\u00edticos\" \/>\n\t<meta name=\"twitter:label2\" content=\"Tiempo de lectura\" \/>\n\t<meta name=\"twitter:data2\" content=\"4 minutos\" \/>\n<script type=\"application\/ld+json\" class=\"yoast-schema-graph\">{\"@context\":\"https:\\\/\\\/schema.org\",\"@graph\":[{\"@type\":\"Article\",\"@id\":\"https:\\\/\\\/lospoliticosveracruz.com\\\/?p=169706#article\",\"isPartOf\":{\"@id\":\"https:\\\/\\\/lospoliticosveracruz.com\\\/?p=169706\"},\"author\":{\"name\":\"Lo viste en Los Pol\u00edticos\",\"@id\":\"https:\\\/\\\/lospoliticosveracruz.com\\\/#\\\/schema\\\/person\\\/b8702bb0e538456e6efd07080bf2a4a2\"},\"headline\":\"LOS SOBRINOS INC\u00d3MODOS DE LA 4T\",\"datePublished\":\"2026-04-24T17:59:32+00:00\",\"dateModified\":\"2026-04-24T17:59:33+00:00\",\"mainEntityOfPage\":{\"@id\":\"https:\\\/\\\/lospoliticosveracruz.com\\\/?p=169706\"},\"wordCount\":921,\"publisher\":{\"@id\":\"https:\\\/\\\/lospoliticosveracruz.com\\\/#organization\"},\"image\":{\"@id\":\"https:\\\/\\\/lospoliticosveracruz.com\\\/?p=169706#primaryimage\"},\"thumbnailUrl\":\"https:\\\/\\\/lospoliticosveracruz.com\\\/wp-content\\\/uploads\\\/2025\\\/04\\\/Vicente-Luna-Hernandez.jpg\",\"keywords\":[\"Corrupci\u00f3n PEMEX huachicol fiscal\",\"Detenci\u00f3n sobrino Marina Argentina 2026\",\"Impunidad Segalmex y Tren Interoce\u00e1nico\",\"Sobrinos inc\u00f3modos Morena huachicol\",\"Vicente Luna Hern\u00e1ndez columna pol\u00edtica\"],\"articleSection\":[\"De Opini\u00f3n\"],\"inLanguage\":\"es\"},{\"@type\":\"WebPage\",\"@id\":\"https:\\\/\\\/lospoliticosveracruz.com\\\/?p=169706\",\"url\":\"https:\\\/\\\/lospoliticosveracruz.com\\\/?p=169706\",\"name\":\"LOS SOBRINOS INC\u00d3MODOS DE LA 4T - Los pol\u00edticos Veracruz\",\"isPartOf\":{\"@id\":\"https:\\\/\\\/lospoliticosveracruz.com\\\/#website\"},\"primaryImageOfPage\":{\"@id\":\"https:\\\/\\\/lospoliticosveracruz.com\\\/?p=169706#primaryimage\"},\"image\":{\"@id\":\"https:\\\/\\\/lospoliticosveracruz.com\\\/?p=169706#primaryimage\"},\"thumbnailUrl\":\"https:\\\/\\\/lospoliticosveracruz.com\\\/wp-content\\\/uploads\\\/2025\\\/04\\\/Vicente-Luna-Hernandez.jpg\",\"datePublished\":\"2026-04-24T17:59:32+00:00\",\"dateModified\":\"2026-04-24T17:59:33+00:00\",\"breadcrumb\":{\"@id\":\"https:\\\/\\\/lospoliticosveracruz.com\\\/?p=169706#breadcrumb\"},\"inLanguage\":\"es\",\"potentialAction\":[{\"@type\":\"ReadAction\",\"target\":[\"https:\\\/\\\/lospoliticosveracruz.com\\\/?p=169706\"]}]},{\"@type\":\"ImageObject\",\"inLanguage\":\"es\",\"@id\":\"https:\\\/\\\/lospoliticosveracruz.com\\\/?p=169706#primaryimage\",\"url\":\"https:\\\/\\\/lospoliticosveracruz.com\\\/wp-content\\\/uploads\\\/2025\\\/04\\\/Vicente-Luna-Hernandez.jpg\",\"contentUrl\":\"https:\\\/\\\/lospoliticosveracruz.com\\\/wp-content\\\/uploads\\\/2025\\\/04\\\/Vicente-Luna-Hernandez.jpg\",\"width\":1250,\"height\":667},{\"@type\":\"BreadcrumbList\",\"@id\":\"https:\\\/\\\/lospoliticosveracruz.com\\\/?p=169706#breadcrumb\",\"itemListElement\":[{\"@type\":\"ListItem\",\"position\":1,\"name\":\"Portada\",\"item\":\"https:\\\/\\\/lospoliticosveracruz.com\\\/\"},{\"@type\":\"ListItem\",\"position\":2,\"name\":\"LOS SOBRINOS INC\u00d3MODOS DE LA 4T\"}]},{\"@type\":\"WebSite\",\"@id\":\"https:\\\/\\\/lospoliticosveracruz.com\\\/#website\",\"url\":\"https:\\\/\\\/lospoliticosveracruz.com\\\/\",\"name\":\"Los pol\u00edticos Veracruz\",\"description\":\"\",\"publisher\":{\"@id\":\"https:\\\/\\\/lospoliticosveracruz.com\\\/#organization\"},\"potentialAction\":[{\"@type\":\"SearchAction\",\"target\":{\"@type\":\"EntryPoint\",\"urlTemplate\":\"https:\\\/\\\/lospoliticosveracruz.com\\\/?s={search_term_string}\"},\"query-input\":{\"@type\":\"PropertyValueSpecification\",\"valueRequired\":true,\"valueName\":\"search_term_string\"}}],\"inLanguage\":\"es\"},{\"@type\":\"Organization\",\"@id\":\"https:\\\/\\\/lospoliticosveracruz.com\\\/#organization\",\"name\":\"Los pol\u00edticos Veracruz\",\"url\":\"https:\\\/\\\/lospoliticosveracruz.com\\\/\",\"logo\":{\"@type\":\"ImageObject\",\"inLanguage\":\"es\",\"@id\":\"https:\\\/\\\/lospoliticosveracruz.com\\\/#\\\/schema\\\/logo\\\/image\\\/\",\"url\":\"https:\\\/\\\/lospoliticosveracruz.com\\\/wp-content\\\/uploads\\\/2025\\\/12\\\/Logo-Nuevo-LOS-POLITICOS-1.jpg\",\"contentUrl\":\"https:\\\/\\\/lospoliticosveracruz.com\\\/wp-content\\\/uploads\\\/2025\\\/12\\\/Logo-Nuevo-LOS-POLITICOS-1.jpg\",\"width\":260,\"height\":70,\"caption\":\"Los pol\u00edticos Veracruz\"},\"image\":{\"@id\":\"https:\\\/\\\/lospoliticosveracruz.com\\\/#\\\/schema\\\/logo\\\/image\\\/\"},\"sameAs\":[\"https:\\\/\\\/www.facebook.com\\\/people\\\/Notimemes-de-los-Polticos\\\/61565672886568\\\/\",\"https:\\\/\\\/x.com\\\/LosPoliticosVer\"]},{\"@type\":\"Person\",\"@id\":\"https:\\\/\\\/lospoliticosveracruz.com\\\/#\\\/schema\\\/person\\\/b8702bb0e538456e6efd07080bf2a4a2\",\"name\":\"Lo viste en Los Pol\u00edticos\",\"image\":{\"@type\":\"ImageObject\",\"inLanguage\":\"es\",\"@id\":\"https:\\\/\\\/secure.gravatar.com\\\/avatar\\\/3a8de04a2656d44082be478bd6c086daa447c4651605818287b9532d3d0bd435?s=96&d=mm&r=g\",\"url\":\"https:\\\/\\\/secure.gravatar.com\\\/avatar\\\/3a8de04a2656d44082be478bd6c086daa447c4651605818287b9532d3d0bd435?s=96&d=mm&r=g\",\"contentUrl\":\"https:\\\/\\\/secure.gravatar.com\\\/avatar\\\/3a8de04a2656d44082be478bd6c086daa447c4651605818287b9532d3d0bd435?s=96&d=mm&r=g\",\"caption\":\"Lo viste en Los Pol\u00edticos\"},\"url\":\"https:\\\/\\\/lospoliticosveracruz.com\\\/?author=2\"}]}<\/script>\n<!-- \/ Yoast SEO plugin. -->","yoast_head_json":{"title":"LOS SOBRINOS INC\u00d3MODOS DE LA 4T - Los pol\u00edticos Veracruz","robots":{"index":"index","follow":"follow","max-snippet":"max-snippet:-1","max-image-preview":"max-image-preview:large","max-video-preview":"max-video-preview:-1"},"canonical":"https:\/\/lospoliticosveracruz.com\/?p=169706","og_locale":"es_ES","og_type":"article","og_title":"LOS SOBRINOS INC\u00d3MODOS DE LA 4T - Los pol\u00edticos Veracruz","og_description":"Vicente Luna Hern\u00e1ndez Lo cierto es que el robo de combustible y el Huachicol fiscal es producto de toda una estructura operativa al interior de PEMEX y de funcionarios de todos los niveles del Estado, reducir el il\u00edcito a la participaci\u00f3n directa de 2 personas es decirle al pueblo que la Luna es de queso. [&hellip;]","og_url":"https:\/\/lospoliticosveracruz.com\/?p=169706","og_site_name":"Los pol\u00edticos Veracruz","article_publisher":"https:\/\/www.facebook.com\/people\/Notimemes-de-los-Polticos\/61565672886568\/","article_published_time":"2026-04-24T17:59:32+00:00","article_modified_time":"2026-04-24T17:59:33+00:00","og_image":[{"width":1250,"height":667,"url":"https:\/\/lospoliticosveracruz.com\/wp-content\/uploads\/2025\/04\/Vicente-Luna-Hernandez.jpg","type":"image\/jpeg"}],"author":"Lo viste en Los Pol\u00edticos","twitter_card":"summary_large_image","twitter_creator":"@LosPoliticosVer","twitter_site":"@LosPoliticosVer","twitter_misc":{"Escrito por":"Lo viste en Los Pol\u00edticos","Tiempo de lectura":"4 minutos"},"schema":{"@context":"https:\/\/schema.org","@graph":[{"@type":"Article","@id":"https:\/\/lospoliticosveracruz.com\/?p=169706#article","isPartOf":{"@id":"https:\/\/lospoliticosveracruz.com\/?p=169706"},"author":{"name":"Lo viste en Los Pol\u00edticos","@id":"https:\/\/lospoliticosveracruz.com\/#\/schema\/person\/b8702bb0e538456e6efd07080bf2a4a2"},"headline":"LOS SOBRINOS INC\u00d3MODOS DE LA 4T","datePublished":"2026-04-24T17:59:32+00:00","dateModified":"2026-04-24T17:59:33+00:00","mainEntityOfPage":{"@id":"https:\/\/lospoliticosveracruz.com\/?p=169706"},"wordCount":921,"publisher":{"@id":"https:\/\/lospoliticosveracruz.com\/#organization"},"image":{"@id":"https:\/\/lospoliticosveracruz.com\/?p=169706#primaryimage"},"thumbnailUrl":"https:\/\/lospoliticosveracruz.com\/wp-content\/uploads\/2025\/04\/Vicente-Luna-Hernandez.jpg","keywords":["Corrupci\u00f3n PEMEX huachicol fiscal","Detenci\u00f3n sobrino Marina Argentina 2026","Impunidad Segalmex y Tren Interoce\u00e1nico","Sobrinos inc\u00f3modos Morena huachicol","Vicente Luna Hern\u00e1ndez columna pol\u00edtica"],"articleSection":["De Opini\u00f3n"],"inLanguage":"es"},{"@type":"WebPage","@id":"https:\/\/lospoliticosveracruz.com\/?p=169706","url":"https:\/\/lospoliticosveracruz.com\/?p=169706","name":"LOS SOBRINOS INC\u00d3MODOS DE LA 4T - Los pol\u00edticos Veracruz","isPartOf":{"@id":"https:\/\/lospoliticosveracruz.com\/#website"},"primaryImageOfPage":{"@id":"https:\/\/lospoliticosveracruz.com\/?p=169706#primaryimage"},"image":{"@id":"https:\/\/lospoliticosveracruz.com\/?p=169706#primaryimage"},"thumbnailUrl":"https:\/\/lospoliticosveracruz.com\/wp-content\/uploads\/2025\/04\/Vicente-Luna-Hernandez.jpg","datePublished":"2026-04-24T17:59:32+00:00","dateModified":"2026-04-24T17:59:33+00:00","breadcrumb":{"@id":"https:\/\/lospoliticosveracruz.com\/?p=169706#breadcrumb"},"inLanguage":"es","potentialAction":[{"@type":"ReadAction","target":["https:\/\/lospoliticosveracruz.com\/?p=169706"]}]},{"@type":"ImageObject","inLanguage":"es","@id":"https:\/\/lospoliticosveracruz.com\/?p=169706#primaryimage","url":"https:\/\/lospoliticosveracruz.com\/wp-content\/uploads\/2025\/04\/Vicente-Luna-Hernandez.jpg","contentUrl":"https:\/\/lospoliticosveracruz.com\/wp-content\/uploads\/2025\/04\/Vicente-Luna-Hernandez.jpg","width":1250,"height":667},{"@type":"BreadcrumbList","@id":"https:\/\/lospoliticosveracruz.com\/?p=169706#breadcrumb","itemListElement":[{"@type":"ListItem","position":1,"name":"Portada","item":"https:\/\/lospoliticosveracruz.com\/"},{"@type":"ListItem","position":2,"name":"LOS SOBRINOS INC\u00d3MODOS DE LA 4T"}]},{"@type":"WebSite","@id":"https:\/\/lospoliticosveracruz.com\/#website","url":"https:\/\/lospoliticosveracruz.com\/","name":"Los pol\u00edticos Veracruz","description":"","publisher":{"@id":"https:\/\/lospoliticosveracruz.com\/#organization"},"potentialAction":[{"@type":"SearchAction","target":{"@type":"EntryPoint","urlTemplate":"https:\/\/lospoliticosveracruz.com\/?s={search_term_string}"},"query-input":{"@type":"PropertyValueSpecification","valueRequired":true,"valueName":"search_term_string"}}],"inLanguage":"es"},{"@type":"Organization","@id":"https:\/\/lospoliticosveracruz.com\/#organization","name":"Los pol\u00edticos Veracruz","url":"https:\/\/lospoliticosveracruz.com\/","logo":{"@type":"ImageObject","inLanguage":"es","@id":"https:\/\/lospoliticosveracruz.com\/#\/schema\/logo\/image\/","url":"https:\/\/lospoliticosveracruz.com\/wp-content\/uploads\/2025\/12\/Logo-Nuevo-LOS-POLITICOS-1.jpg","contentUrl":"https:\/\/lospoliticosveracruz.com\/wp-content\/uploads\/2025\/12\/Logo-Nuevo-LOS-POLITICOS-1.jpg","width":260,"height":70,"caption":"Los pol\u00edticos Veracruz"},"image":{"@id":"https:\/\/lospoliticosveracruz.com\/#\/schema\/logo\/image\/"},"sameAs":["https:\/\/www.facebook.com\/people\/Notimemes-de-los-Polticos\/61565672886568\/","https:\/\/x.com\/LosPoliticosVer"]},{"@type":"Person","@id":"https:\/\/lospoliticosveracruz.com\/#\/schema\/person\/b8702bb0e538456e6efd07080bf2a4a2","name":"Lo viste en Los Pol\u00edticos","image":{"@type":"ImageObject","inLanguage":"es","@id":"https:\/\/secure.gravatar.com\/avatar\/3a8de04a2656d44082be478bd6c086daa447c4651605818287b9532d3d0bd435?s=96&d=mm&r=g","url":"https:\/\/secure.gravatar.com\/avatar\/3a8de04a2656d44082be478bd6c086daa447c4651605818287b9532d3d0bd435?s=96&d=mm&r=g","contentUrl":"https:\/\/secure.gravatar.com\/avatar\/3a8de04a2656d44082be478bd6c086daa447c4651605818287b9532d3d0bd435?s=96&d=mm&r=g","caption":"Lo viste en Los Pol\u00edticos"},"url":"https:\/\/lospoliticosveracruz.com\/?author=2"}]}},"_links":{"self":[{"href":"https:\/\/lospoliticosveracruz.com\/index.php?rest_route=\/wp\/v2\/posts\/169706","targetHints":{"allow":["GET"]}}],"collection":[{"href":"https:\/\/lospoliticosveracruz.com\/index.php?rest_route=\/wp\/v2\/posts"}],"about":[{"href":"https:\/\/lospoliticosveracruz.com\/index.php?rest_route=\/wp\/v2\/types\/post"}],"author":[{"embeddable":true,"href":"https:\/\/lospoliticosveracruz.com\/index.php?rest_route=\/wp\/v2\/users\/2"}],"replies":[{"embeddable":true,"href":"https:\/\/lospoliticosveracruz.com\/index.php?rest_route=%2Fwp%2Fv2%2Fcomments&post=169706"}],"version-history":[{"count":2,"href":"https:\/\/lospoliticosveracruz.com\/index.php?rest_route=\/wp\/v2\/posts\/169706\/revisions"}],"predecessor-version":[{"id":169708,"href":"https:\/\/lospoliticosveracruz.com\/index.php?rest_route=\/wp\/v2\/posts\/169706\/revisions\/169708"}],"wp:featuredmedia":[{"embeddable":true,"href":"https:\/\/lospoliticosveracruz.com\/index.php?rest_route=\/wp\/v2\/media\/141415"}],"wp:attachment":[{"href":"https:\/\/lospoliticosveracruz.com\/index.php?rest_route=%2Fwp%2Fv2%2Fmedia&parent=169706"}],"wp:term":[{"taxonomy":"category","embeddable":true,"href":"https:\/\/lospoliticosveracruz.com\/index.php?rest_route=%2Fwp%2Fv2%2Fcategories&post=169706"},{"taxonomy":"post_tag","embeddable":true,"href":"https:\/\/lospoliticosveracruz.com\/index.php?rest_route=%2Fwp%2Fv2%2Ftags&post=169706"}],"curies":[{"name":"wp","href":"https:\/\/api.w.org\/{rel}","templated":true}]}}