{"id":169712,"date":"2026-04-24T12:06:17","date_gmt":"2026-04-24T18:06:17","guid":{"rendered":"https:\/\/lospoliticosveracruz.com\/?p=169712"},"modified":"2026-04-24T12:06:20","modified_gmt":"2026-04-24T18:06:20","slug":"se-acabo-la-omision","status":"publish","type":"post","link":"https:\/\/lospoliticosveracruz.com\/?p=169712","title":{"rendered":"SE ACAB\u00d3 LA OMISI\u00d3N!"},"content":{"rendered":"\n<p><\/p>\n\n\n\n<p>La diputada local de Movimiento Ciudadano, Mar\u00eda Elena C\u00f3rdova Molina, present\u00f3 una iniciativa de reforma a la Ley Estatal de Protecci\u00f3n Ambiental, al tiempo que exigi\u00f3 a las autoridades actuar con responsabilidad y transparencia ante el derrame de hidrocarburos que afecta las costas de Veracruz y Tabasco.<\/p>\n\n\n\n<p>Desde tribuna del Congreso del Estado, la legisladora advirti\u00f3 que, pese a los intentos por minimizar la situaci\u00f3n, hoy existen elementos claros que confirman la gravedad del problema.<\/p>\n\n\n\n<p>Se\u00f1al\u00f3 que ya hay denuncias ante la Fiscal\u00eda General de la Rep\u00fablica, as\u00ed como destituciones dentro de Petr\u00f3leos Mexicanos, lo que \u2014dijo\u2014 confirma que no se trat\u00f3 de un hecho natural ni de un incidente menor, sino de una fuga en un oleoducto.<\/p>\n\n\n\n<p>\u201cLo que se negaba\u2026 era verdad. Se neg\u00f3 el incidente, se retras\u00f3 la reacci\u00f3n y eso agrav\u00f3 el da\u00f1o. Eso tiene nombre: negligencia\u201d, expres\u00f3.<\/p>\n\n\n\n<p>C\u00f3rdova Molina destac\u00f3 que el derrame ha impactado cientos de kil\u00f3metros de litoral, provocando da\u00f1os ambientales, afectaciones a la fauna marina y p\u00e9rdidas econ\u00f3micas en sectores como la pesca y el turismo.<\/p>\n\n\n\n<p>\u201cEstamos hablando de pescadores, prestadores de servicios tur\u00edsticos y comunidades enteras que hoy enfrentan las consecuencias\u201d, subray\u00f3.<\/p>\n\n\n\n<p>La diputada aclar\u00f3 que visibilizar esta problem\u00e1tica no es hablar mal del estado, sino defenderlo.<\/p>\n\n\n\n<p>\u201cQuienes amamos Veracruz, lo defendemos. Lo que s\u00ed le hace da\u00f1o es negar los problemas o evadir el debate\u201d, afirm\u00f3.<\/p>\n\n\n\n<p>En ese sentido, anunci\u00f3 la presentaci\u00f3n de una iniciativa para reformar el art\u00edculo 6 de la Ley Estatal de Protecci\u00f3n Ambiental, con el objetivo de fortalecer las atribuciones de la Procuradur\u00eda Estatal de Protecci\u00f3n al Medio Ambiente.<\/p>\n\n\n\n<p>La propuesta contempla establecer como obligaciones:<br>\u2022 Denunciar de manera inmediata cualquier delito ambiental.<br>\u2022 Dar seguimiento puntual a cada caso hasta su resoluci\u00f3n.<br>\u2022 Informar al Congreso sobre el estado de las denuncias.<br>\u2022 Presentar reportes claros ante emergencias ambientales.<\/p>\n\n\n\n<p>\u201cHoy la ley permite actuar, pero no obliga a hacerlo con oportunidad, seguimiento y transparencia. Eso es lo que estamos corrigiendo\u201d, explic\u00f3.<\/p>\n\n\n\n<p>La legisladora record\u00f3 que organizaciones ambientalistas y la propia Agenda 2030 han se\u00f1alado la urgencia de proteger los ecosistemas marinos, por lo que insisti\u00f3 en que no se puede seguir minimizando la situaci\u00f3n.<\/p>\n\n\n\n<p>Finalmente, reiter\u00f3 que Movimiento Ciudadano continuar\u00e1 impulsando soluciones y exigiendo resultados.<\/p>\n\n\n\n<p>\u201cNo venimos a hacer espect\u00e1culo. Venimos a dar resultados. Veracruz no merece silencio, merece verdad y acci\u00f3n\u201d, concluy\u00f3.<\/p>\n","protected":false},"excerpt":{"rendered":"<p>La diputada local de Movimiento Ciudadano, Mar\u00eda Elena C\u00f3rdova Molina, present\u00f3 una iniciativa de reforma a la Ley Estatal de Protecci\u00f3n Ambiental, al tiempo que exigi\u00f3 a las autoridades actuar con responsabilidad y transparencia ante el derrame de hidrocarburos que afecta las costas de Veracruz y Tabasco. Desde tribuna del Congreso del Estado, la legisladora [&hellip;]<\/p>\n","protected":false},"author":2,"featured_media":169713,"comment_status":"closed","ping_status":"closed","sticky":false,"template":"","format":"standard","meta":{"tdm_status":"","tdm_grid_status":"","footnotes":""},"categories":[73],"tags":[62147,62148,62146,62150,62149],"class_list":{"0":"post-169712","1":"post","2":"type-post","3":"status-publish","4":"format-standard","5":"has-post-thumbnail","7":"category-de-boleto","8":"tag-delitos-ambientales-veracruz-denuncias","9":"tag-derrame-hidrocarburos-veracruz-pemex-2026","10":"tag-elena-cordova-iniciativa-ambiental-veracruz","11":"tag-maria-elena-cordova-movimiento-ciudadano","12":"tag-reforma-ley-proteccion-ambiental-veracruz"},"yoast_head":"<!-- This site is optimized with the Yoast SEO plugin v27.4 - https:\/\/yoast.com\/product\/yoast-seo-wordpress\/ -->\n<title>SE ACAB\u00d3 LA OMISI\u00d3N! - Los pol\u00edticos Veracruz<\/title>\n<meta name=\"robots\" content=\"index, follow, max-snippet:-1, max-image-preview:large, max-video-preview:-1\" \/>\n<link rel=\"canonical\" href=\"https:\/\/lospoliticosveracruz.com\/?p=169712\" \/>\n<meta property=\"og:locale\" content=\"es_ES\" \/>\n<meta property=\"og:type\" content=\"article\" \/>\n<meta property=\"og:title\" content=\"SE ACAB\u00d3 LA OMISI\u00d3N! - Los pol\u00edticos Veracruz\" \/>\n<meta property=\"og:description\" content=\"La diputada local de Movimiento Ciudadano, Mar\u00eda Elena C\u00f3rdova Molina, present\u00f3 una iniciativa de reforma a la Ley Estatal de Protecci\u00f3n Ambiental, al tiempo que exigi\u00f3 a las autoridades actuar con responsabilidad y transparencia ante el derrame de hidrocarburos que afecta las costas de Veracruz y Tabasco. Desde tribuna del Congreso del Estado, la legisladora [&hellip;]\" \/>\n<meta property=\"og:url\" content=\"https:\/\/lospoliticosveracruz.com\/?p=169712\" \/>\n<meta property=\"og:site_name\" content=\"Los pol\u00edticos Veracruz\" \/>\n<meta property=\"article:publisher\" content=\"https:\/\/www.facebook.com\/people\/Notimemes-de-los-Polticos\/61565672886568\/\" \/>\n<meta property=\"article:published_time\" content=\"2026-04-24T18:06:17+00:00\" \/>\n<meta property=\"article:modified_time\" content=\"2026-04-24T18:06:20+00:00\" \/>\n<meta property=\"og:image\" content=\"https:\/\/lospoliticosveracruz.com\/wp-content\/uploads\/2026\/04\/Maria-Elena-Cordova-Molina.jpg\" \/>\n\t<meta property=\"og:image:width\" content=\"600\" \/>\n\t<meta property=\"og:image:height\" content=\"320\" \/>\n\t<meta property=\"og:image:type\" content=\"image\/jpeg\" \/>\n<meta name=\"author\" content=\"Lo viste en Los Pol\u00edticos\" \/>\n<meta name=\"twitter:card\" content=\"summary_large_image\" \/>\n<meta name=\"twitter:creator\" content=\"@LosPoliticosVer\" \/>\n<meta name=\"twitter:site\" content=\"@LosPoliticosVer\" \/>\n<meta name=\"twitter:label1\" content=\"Escrito por\" \/>\n\t<meta name=\"twitter:data1\" content=\"Lo viste en Los Pol\u00edticos\" \/>\n\t<meta name=\"twitter:label2\" content=\"Tiempo de lectura\" \/>\n\t<meta name=\"twitter:data2\" content=\"2 minutos\" \/>\n<script type=\"application\/ld+json\" class=\"yoast-schema-graph\">{\"@context\":\"https:\\\/\\\/schema.org\",\"@graph\":[{\"@type\":\"Article\",\"@id\":\"https:\\\/\\\/lospoliticosveracruz.com\\\/?p=169712#article\",\"isPartOf\":{\"@id\":\"https:\\\/\\\/lospoliticosveracruz.com\\\/?p=169712\"},\"author\":{\"name\":\"Lo viste en Los Pol\u00edticos\",\"@id\":\"https:\\\/\\\/lospoliticosveracruz.com\\\/#\\\/schema\\\/person\\\/b8702bb0e538456e6efd07080bf2a4a2\"},\"headline\":\"SE ACAB\u00d3 LA OMISI\u00d3N!\",\"datePublished\":\"2026-04-24T18:06:17+00:00\",\"dateModified\":\"2026-04-24T18:06:20+00:00\",\"mainEntityOfPage\":{\"@id\":\"https:\\\/\\\/lospoliticosveracruz.com\\\/?p=169712\"},\"wordCount\":415,\"publisher\":{\"@id\":\"https:\\\/\\\/lospoliticosveracruz.com\\\/#organization\"},\"image\":{\"@id\":\"https:\\\/\\\/lospoliticosveracruz.com\\\/?p=169712#primaryimage\"},\"thumbnailUrl\":\"https:\\\/\\\/lospoliticosveracruz.com\\\/wp-content\\\/uploads\\\/2026\\\/04\\\/Maria-Elena-Cordova-Molina.jpg\",\"keywords\":[\"Delitos ambientales Veracruz denuncias\",\"Derrame hidrocarburos Veracruz PEMEX 2026\",\"Elena C\u00f3rdova iniciativa ambiental Veracruz\",\"Mar\u00eda Elena C\u00f3rdova Movimiento Ciudadano\",\"Reforma Ley Protecci\u00f3n Ambiental Veracruz\"],\"articleSection\":[\"De Boleto\"],\"inLanguage\":\"es\"},{\"@type\":\"WebPage\",\"@id\":\"https:\\\/\\\/lospoliticosveracruz.com\\\/?p=169712\",\"url\":\"https:\\\/\\\/lospoliticosveracruz.com\\\/?p=169712\",\"name\":\"SE ACAB\u00d3 LA OMISI\u00d3N! - Los pol\u00edticos Veracruz\",\"isPartOf\":{\"@id\":\"https:\\\/\\\/lospoliticosveracruz.com\\\/#website\"},\"primaryImageOfPage\":{\"@id\":\"https:\\\/\\\/lospoliticosveracruz.com\\\/?p=169712#primaryimage\"},\"image\":{\"@id\":\"https:\\\/\\\/lospoliticosveracruz.com\\\/?p=169712#primaryimage\"},\"thumbnailUrl\":\"https:\\\/\\\/lospoliticosveracruz.com\\\/wp-content\\\/uploads\\\/2026\\\/04\\\/Maria-Elena-Cordova-Molina.jpg\",\"datePublished\":\"2026-04-24T18:06:17+00:00\",\"dateModified\":\"2026-04-24T18:06:20+00:00\",\"breadcrumb\":{\"@id\":\"https:\\\/\\\/lospoliticosveracruz.com\\\/?p=169712#breadcrumb\"},\"inLanguage\":\"es\",\"potentialAction\":[{\"@type\":\"ReadAction\",\"target\":[\"https:\\\/\\\/lospoliticosveracruz.com\\\/?p=169712\"]}]},{\"@type\":\"ImageObject\",\"inLanguage\":\"es\",\"@id\":\"https:\\\/\\\/lospoliticosveracruz.com\\\/?p=169712#primaryimage\",\"url\":\"https:\\\/\\\/lospoliticosveracruz.com\\\/wp-content\\\/uploads\\\/2026\\\/04\\\/Maria-Elena-Cordova-Molina.jpg\",\"contentUrl\":\"https:\\\/\\\/lospoliticosveracruz.com\\\/wp-content\\\/uploads\\\/2026\\\/04\\\/Maria-Elena-Cordova-Molina.jpg\",\"width\":600,\"height\":320},{\"@type\":\"BreadcrumbList\",\"@id\":\"https:\\\/\\\/lospoliticosveracruz.com\\\/?p=169712#breadcrumb\",\"itemListElement\":[{\"@type\":\"ListItem\",\"position\":1,\"name\":\"Portada\",\"item\":\"https:\\\/\\\/lospoliticosveracruz.com\\\/\"},{\"@type\":\"ListItem\",\"position\":2,\"name\":\"SE ACAB\u00d3 LA OMISI\u00d3N!\"}]},{\"@type\":\"WebSite\",\"@id\":\"https:\\\/\\\/lospoliticosveracruz.com\\\/#website\",\"url\":\"https:\\\/\\\/lospoliticosveracruz.com\\\/\",\"name\":\"Los pol\u00edticos Veracruz\",\"description\":\"\",\"publisher\":{\"@id\":\"https:\\\/\\\/lospoliticosveracruz.com\\\/#organization\"},\"potentialAction\":[{\"@type\":\"SearchAction\",\"target\":{\"@type\":\"EntryPoint\",\"urlTemplate\":\"https:\\\/\\\/lospoliticosveracruz.com\\\/?s={search_term_string}\"},\"query-input\":{\"@type\":\"PropertyValueSpecification\",\"valueRequired\":true,\"valueName\":\"search_term_string\"}}],\"inLanguage\":\"es\"},{\"@type\":\"Organization\",\"@id\":\"https:\\\/\\\/lospoliticosveracruz.com\\\/#organization\",\"name\":\"Los pol\u00edticos Veracruz\",\"url\":\"https:\\\/\\\/lospoliticosveracruz.com\\\/\",\"logo\":{\"@type\":\"ImageObject\",\"inLanguage\":\"es\",\"@id\":\"https:\\\/\\\/lospoliticosveracruz.com\\\/#\\\/schema\\\/logo\\\/image\\\/\",\"url\":\"https:\\\/\\\/lospoliticosveracruz.com\\\/wp-content\\\/uploads\\\/2025\\\/12\\\/Logo-Nuevo-LOS-POLITICOS-1.jpg\",\"contentUrl\":\"https:\\\/\\\/lospoliticosveracruz.com\\\/wp-content\\\/uploads\\\/2025\\\/12\\\/Logo-Nuevo-LOS-POLITICOS-1.jpg\",\"width\":260,\"height\":70,\"caption\":\"Los pol\u00edticos Veracruz\"},\"image\":{\"@id\":\"https:\\\/\\\/lospoliticosveracruz.com\\\/#\\\/schema\\\/logo\\\/image\\\/\"},\"sameAs\":[\"https:\\\/\\\/www.facebook.com\\\/people\\\/Notimemes-de-los-Polticos\\\/61565672886568\\\/\",\"https:\\\/\\\/x.com\\\/LosPoliticosVer\"]},{\"@type\":\"Person\",\"@id\":\"https:\\\/\\\/lospoliticosveracruz.com\\\/#\\\/schema\\\/person\\\/b8702bb0e538456e6efd07080bf2a4a2\",\"name\":\"Lo viste en Los Pol\u00edticos\",\"image\":{\"@type\":\"ImageObject\",\"inLanguage\":\"es\",\"@id\":\"https:\\\/\\\/secure.gravatar.com\\\/avatar\\\/3a8de04a2656d44082be478bd6c086daa447c4651605818287b9532d3d0bd435?s=96&d=mm&r=g\",\"url\":\"https:\\\/\\\/secure.gravatar.com\\\/avatar\\\/3a8de04a2656d44082be478bd6c086daa447c4651605818287b9532d3d0bd435?s=96&d=mm&r=g\",\"contentUrl\":\"https:\\\/\\\/secure.gravatar.com\\\/avatar\\\/3a8de04a2656d44082be478bd6c086daa447c4651605818287b9532d3d0bd435?s=96&d=mm&r=g\",\"caption\":\"Lo viste en Los Pol\u00edticos\"},\"url\":\"https:\\\/\\\/lospoliticosveracruz.com\\\/?author=2\"}]}<\/script>\n<!-- \/ Yoast SEO plugin. -->","yoast_head_json":{"title":"SE ACAB\u00d3 LA OMISI\u00d3N! - Los pol\u00edticos Veracruz","robots":{"index":"index","follow":"follow","max-snippet":"max-snippet:-1","max-image-preview":"max-image-preview:large","max-video-preview":"max-video-preview:-1"},"canonical":"https:\/\/lospoliticosveracruz.com\/?p=169712","og_locale":"es_ES","og_type":"article","og_title":"SE ACAB\u00d3 LA OMISI\u00d3N! - Los pol\u00edticos Veracruz","og_description":"La diputada local de Movimiento Ciudadano, Mar\u00eda Elena C\u00f3rdova Molina, present\u00f3 una iniciativa de reforma a la Ley Estatal de Protecci\u00f3n Ambiental, al tiempo que exigi\u00f3 a las autoridades actuar con responsabilidad y transparencia ante el derrame de hidrocarburos que afecta las costas de Veracruz y Tabasco. Desde tribuna del Congreso del Estado, la legisladora [&hellip;]","og_url":"https:\/\/lospoliticosveracruz.com\/?p=169712","og_site_name":"Los pol\u00edticos Veracruz","article_publisher":"https:\/\/www.facebook.com\/people\/Notimemes-de-los-Polticos\/61565672886568\/","article_published_time":"2026-04-24T18:06:17+00:00","article_modified_time":"2026-04-24T18:06:20+00:00","og_image":[{"width":600,"height":320,"url":"https:\/\/lospoliticosveracruz.com\/wp-content\/uploads\/2026\/04\/Maria-Elena-Cordova-Molina.jpg","type":"image\/jpeg"}],"author":"Lo viste en Los Pol\u00edticos","twitter_card":"summary_large_image","twitter_creator":"@LosPoliticosVer","twitter_site":"@LosPoliticosVer","twitter_misc":{"Escrito por":"Lo viste en Los Pol\u00edticos","Tiempo de lectura":"2 minutos"},"schema":{"@context":"https:\/\/schema.org","@graph":[{"@type":"Article","@id":"https:\/\/lospoliticosveracruz.com\/?p=169712#article","isPartOf":{"@id":"https:\/\/lospoliticosveracruz.com\/?p=169712"},"author":{"name":"Lo viste en Los Pol\u00edticos","@id":"https:\/\/lospoliticosveracruz.com\/#\/schema\/person\/b8702bb0e538456e6efd07080bf2a4a2"},"headline":"SE ACAB\u00d3 LA OMISI\u00d3N!","datePublished":"2026-04-24T18:06:17+00:00","dateModified":"2026-04-24T18:06:20+00:00","mainEntityOfPage":{"@id":"https:\/\/lospoliticosveracruz.com\/?p=169712"},"wordCount":415,"publisher":{"@id":"https:\/\/lospoliticosveracruz.com\/#organization"},"image":{"@id":"https:\/\/lospoliticosveracruz.com\/?p=169712#primaryimage"},"thumbnailUrl":"https:\/\/lospoliticosveracruz.com\/wp-content\/uploads\/2026\/04\/Maria-Elena-Cordova-Molina.jpg","keywords":["Delitos ambientales Veracruz denuncias","Derrame hidrocarburos Veracruz PEMEX 2026","Elena C\u00f3rdova iniciativa ambiental Veracruz","Mar\u00eda Elena C\u00f3rdova Movimiento Ciudadano","Reforma Ley Protecci\u00f3n Ambiental Veracruz"],"articleSection":["De Boleto"],"inLanguage":"es"},{"@type":"WebPage","@id":"https:\/\/lospoliticosveracruz.com\/?p=169712","url":"https:\/\/lospoliticosveracruz.com\/?p=169712","name":"SE ACAB\u00d3 LA OMISI\u00d3N! - Los pol\u00edticos Veracruz","isPartOf":{"@id":"https:\/\/lospoliticosveracruz.com\/#website"},"primaryImageOfPage":{"@id":"https:\/\/lospoliticosveracruz.com\/?p=169712#primaryimage"},"image":{"@id":"https:\/\/lospoliticosveracruz.com\/?p=169712#primaryimage"},"thumbnailUrl":"https:\/\/lospoliticosveracruz.com\/wp-content\/uploads\/2026\/04\/Maria-Elena-Cordova-Molina.jpg","datePublished":"2026-04-24T18:06:17+00:00","dateModified":"2026-04-24T18:06:20+00:00","breadcrumb":{"@id":"https:\/\/lospoliticosveracruz.com\/?p=169712#breadcrumb"},"inLanguage":"es","potentialAction":[{"@type":"ReadAction","target":["https:\/\/lospoliticosveracruz.com\/?p=169712"]}]},{"@type":"ImageObject","inLanguage":"es","@id":"https:\/\/lospoliticosveracruz.com\/?p=169712#primaryimage","url":"https:\/\/lospoliticosveracruz.com\/wp-content\/uploads\/2026\/04\/Maria-Elena-Cordova-Molina.jpg","contentUrl":"https:\/\/lospoliticosveracruz.com\/wp-content\/uploads\/2026\/04\/Maria-Elena-Cordova-Molina.jpg","width":600,"height":320},{"@type":"BreadcrumbList","@id":"https:\/\/lospoliticosveracruz.com\/?p=169712#breadcrumb","itemListElement":[{"@type":"ListItem","position":1,"name":"Portada","item":"https:\/\/lospoliticosveracruz.com\/"},{"@type":"ListItem","position":2,"name":"SE ACAB\u00d3 LA OMISI\u00d3N!"}]},{"@type":"WebSite","@id":"https:\/\/lospoliticosveracruz.com\/#website","url":"https:\/\/lospoliticosveracruz.com\/","name":"Los pol\u00edticos Veracruz","description":"","publisher":{"@id":"https:\/\/lospoliticosveracruz.com\/#organization"},"potentialAction":[{"@type":"SearchAction","target":{"@type":"EntryPoint","urlTemplate":"https:\/\/lospoliticosveracruz.com\/?s={search_term_string}"},"query-input":{"@type":"PropertyValueSpecification","valueRequired":true,"valueName":"search_term_string"}}],"inLanguage":"es"},{"@type":"Organization","@id":"https:\/\/lospoliticosveracruz.com\/#organization","name":"Los pol\u00edticos Veracruz","url":"https:\/\/lospoliticosveracruz.com\/","logo":{"@type":"ImageObject","inLanguage":"es","@id":"https:\/\/lospoliticosveracruz.com\/#\/schema\/logo\/image\/","url":"https:\/\/lospoliticosveracruz.com\/wp-content\/uploads\/2025\/12\/Logo-Nuevo-LOS-POLITICOS-1.jpg","contentUrl":"https:\/\/lospoliticosveracruz.com\/wp-content\/uploads\/2025\/12\/Logo-Nuevo-LOS-POLITICOS-1.jpg","width":260,"height":70,"caption":"Los pol\u00edticos Veracruz"},"image":{"@id":"https:\/\/lospoliticosveracruz.com\/#\/schema\/logo\/image\/"},"sameAs":["https:\/\/www.facebook.com\/people\/Notimemes-de-los-Polticos\/61565672886568\/","https:\/\/x.com\/LosPoliticosVer"]},{"@type":"Person","@id":"https:\/\/lospoliticosveracruz.com\/#\/schema\/person\/b8702bb0e538456e6efd07080bf2a4a2","name":"Lo viste en Los Pol\u00edticos","image":{"@type":"ImageObject","inLanguage":"es","@id":"https:\/\/secure.gravatar.com\/avatar\/3a8de04a2656d44082be478bd6c086daa447c4651605818287b9532d3d0bd435?s=96&d=mm&r=g","url":"https:\/\/secure.gravatar.com\/avatar\/3a8de04a2656d44082be478bd6c086daa447c4651605818287b9532d3d0bd435?s=96&d=mm&r=g","contentUrl":"https:\/\/secure.gravatar.com\/avatar\/3a8de04a2656d44082be478bd6c086daa447c4651605818287b9532d3d0bd435?s=96&d=mm&r=g","caption":"Lo viste en Los Pol\u00edticos"},"url":"https:\/\/lospoliticosveracruz.com\/?author=2"}]}},"_links":{"self":[{"href":"https:\/\/lospoliticosveracruz.com\/index.php?rest_route=\/wp\/v2\/posts\/169712","targetHints":{"allow":["GET"]}}],"collection":[{"href":"https:\/\/lospoliticosveracruz.com\/index.php?rest_route=\/wp\/v2\/posts"}],"about":[{"href":"https:\/\/lospoliticosveracruz.com\/index.php?rest_route=\/wp\/v2\/types\/post"}],"author":[{"embeddable":true,"href":"https:\/\/lospoliticosveracruz.com\/index.php?rest_route=\/wp\/v2\/users\/2"}],"replies":[{"embeddable":true,"href":"https:\/\/lospoliticosveracruz.com\/index.php?rest_route=%2Fwp%2Fv2%2Fcomments&post=169712"}],"version-history":[{"count":1,"href":"https:\/\/lospoliticosveracruz.com\/index.php?rest_route=\/wp\/v2\/posts\/169712\/revisions"}],"predecessor-version":[{"id":169714,"href":"https:\/\/lospoliticosveracruz.com\/index.php?rest_route=\/wp\/v2\/posts\/169712\/revisions\/169714"}],"wp:featuredmedia":[{"embeddable":true,"href":"https:\/\/lospoliticosveracruz.com\/index.php?rest_route=\/wp\/v2\/media\/169713"}],"wp:attachment":[{"href":"https:\/\/lospoliticosveracruz.com\/index.php?rest_route=%2Fwp%2Fv2%2Fmedia&parent=169712"}],"wp:term":[{"taxonomy":"category","embeddable":true,"href":"https:\/\/lospoliticosveracruz.com\/index.php?rest_route=%2Fwp%2Fv2%2Fcategories&post=169712"},{"taxonomy":"post_tag","embeddable":true,"href":"https:\/\/lospoliticosveracruz.com\/index.php?rest_route=%2Fwp%2Fv2%2Ftags&post=169712"}],"curies":[{"name":"wp","href":"https:\/\/api.w.org\/{rel}","templated":true}]}}