{"id":169718,"date":"2026-04-24T13:23:58","date_gmt":"2026-04-24T19:23:58","guid":{"rendered":"https:\/\/lospoliticosveracruz.com\/?p=169718"},"modified":"2026-04-24T13:24:01","modified_gmt":"2026-04-24T19:24:01","slug":"la-alegria-de-la-ninez-recorrera-poza-rica","status":"publish","type":"post","link":"https:\/\/lospoliticosveracruz.com\/?p=169718","title":{"rendered":"LA ALEGR\u00cdA DE LA NI\u00d1EZ RECORRER\u00c1 POZA RICA"},"content":{"rendered":"\n<p><\/p>\n\n\n\n<p>Poza Rica: Porque la sonrisa de una ni\u00f1a o un ni\u00f1o puede iluminar toda una comunidad, el Gobierno de Poza Rica, encabezado por la presidenta municipal Adanely Rodr\u00edguez, dar\u00e1 inicio a una emotiva caravana con motivo del D\u00eda del Ni\u00f1o, que llevar\u00e1 alegr\u00eda, sorpresas y momentos inolvidables a distintos sectores del municipio.<\/p>\n\n\n\n<p>M\u00e1s que una celebraci\u00f3n, esta caravana representa el compromiso de un gobierno cercano, humano y sensible, que entiende que la ni\u00f1ez merece espacios de felicidad, aprendizaje y convivencia. Por ello, cada dependencia se suma a este esfuerzo para llegar hasta las colonias, acercando actividades dise\u00f1adas especialmente para las y los m\u00e1s peque\u00f1os.<\/p>\n\n\n\n<p>Durante varios d\u00edas, parques, domos y espacios comunitarios se llenar\u00e1n de vida, risas y entusiasmo, en un ambiente donde las familias podr\u00e1n reunirse y compartir momentos que quedar\u00e1n en el coraz\u00f3n de cada ni\u00f1a y ni\u00f1o.<\/p>\n\n\n\n<p>La presidenta municipal, Adanely Rodr\u00edguez, reafirma as\u00ed su visi\u00f3n de construir un gobierno que no solo atiende, sino que tambi\u00e9n abraza a su gente, impulsando acciones que fortalezcan el tejido social desde lo m\u00e1s valioso: la infancia.<\/p>\n\n\n\n<p>\u201cQueremos que nuestras ni\u00f1as y ni\u00f1os crezcan con recuerdos felices, sintiendo que su ciudad piensa en ellos, los cuida y los celebra. Esta caravana es para ellos, para verlos sonre\u00edr y recordarles que son lo m\u00e1s importante para Poza Rica\u201d, expres\u00f3.<\/p>\n\n\n\n<p>Como parte de esta gran celebraci\u00f3n, la caravana recorrer\u00e1 distintos puntos de la ciudad, llevando alegr\u00eda y diversi\u00f3n a diversas colonias, para finalmente culminar el pr\u00f3ximo 30 de abril en la Plaza C\u00edvica con un magno festejo organizado por el Sistema DIF Municipal, titulado \u201cCiudad Esperanza: Hoy juego, ma\u00f1ana soy\u201d, que se llevar\u00e1 a cabo a partir de las 4:00 de la tarde, como el gran cierre de estas actividades dedicadas a la ni\u00f1ez pozarricense.<\/p>\n\n\n\n<p>Con estas acciones, el Gobierno de Poza Rica contin\u00faa sembrando esperanza y construyendo comunidad, llevando no solo un festejo, sino un mensaje claro: en Poza Rica, la ni\u00f1ez es prioridad.<\/p>\n","protected":false},"excerpt":{"rendered":"<p>Poza Rica: Porque la sonrisa de una ni\u00f1a o un ni\u00f1o puede iluminar toda una comunidad, el Gobierno de Poza Rica, encabezado por la presidenta municipal Adanely Rodr\u00edguez, dar\u00e1 inicio a una emotiva caravana con motivo del D\u00eda del Ni\u00f1o, que llevar\u00e1 alegr\u00eda, sorpresas y momentos inolvidables a distintos sectores del municipio. M\u00e1s que una [&hellip;]<\/p>\n","protected":false},"author":2,"featured_media":169719,"comment_status":"closed","ping_status":"closed","sticky":false,"template":"","format":"standard","meta":{"tdm_status":"","tdm_grid_status":"","footnotes":""},"categories":[73],"tags":[62158,62160,62157,62161,62159],"class_list":{"0":"post-169718","1":"post","2":"type-post","3":"status-publish","4":"format-standard","5":"has-post-thumbnail","7":"category-de-boleto","8":"tag-caravana-infantil-adanely-rodriguez","9":"tag-ciudad-esperanza-dif-poza-rica","10":"tag-dia-del-nino-poza-rica-2026","11":"tag-eventos-plaza-civica-poza-rica-abril","12":"tag-festejos-infantiles-colonias-poza-rica"},"yoast_head":"<!-- This site is optimized with the Yoast SEO plugin v27.4 - https:\/\/yoast.com\/product\/yoast-seo-wordpress\/ -->\n<title>LA ALEGR\u00cdA DE LA NI\u00d1EZ RECORRER\u00c1 POZA RICA - Los pol\u00edticos Veracruz<\/title>\n<meta name=\"robots\" content=\"index, follow, max-snippet:-1, max-image-preview:large, max-video-preview:-1\" \/>\n<link rel=\"canonical\" href=\"https:\/\/lospoliticosveracruz.com\/?p=169718\" \/>\n<meta property=\"og:locale\" content=\"es_ES\" \/>\n<meta property=\"og:type\" content=\"article\" \/>\n<meta property=\"og:title\" content=\"LA ALEGR\u00cdA DE LA NI\u00d1EZ RECORRER\u00c1 POZA RICA - Los pol\u00edticos Veracruz\" \/>\n<meta property=\"og:description\" content=\"Poza Rica: Porque la sonrisa de una ni\u00f1a o un ni\u00f1o puede iluminar toda una comunidad, el Gobierno de Poza Rica, encabezado por la presidenta municipal Adanely Rodr\u00edguez, dar\u00e1 inicio a una emotiva caravana con motivo del D\u00eda del Ni\u00f1o, que llevar\u00e1 alegr\u00eda, sorpresas y momentos inolvidables a distintos sectores del municipio. M\u00e1s que una [&hellip;]\" \/>\n<meta property=\"og:url\" content=\"https:\/\/lospoliticosveracruz.com\/?p=169718\" \/>\n<meta property=\"og:site_name\" content=\"Los pol\u00edticos Veracruz\" \/>\n<meta property=\"article:publisher\" content=\"https:\/\/www.facebook.com\/people\/Notimemes-de-los-Polticos\/61565672886568\/\" \/>\n<meta property=\"article:published_time\" content=\"2026-04-24T19:23:58+00:00\" \/>\n<meta property=\"article:modified_time\" content=\"2026-04-24T19:24:01+00:00\" \/>\n<meta property=\"og:image\" content=\"https:\/\/lospoliticosveracruz.com\/wp-content\/uploads\/2026\/04\/PR-2.jpg\" \/>\n\t<meta property=\"og:image:width\" content=\"600\" \/>\n\t<meta property=\"og:image:height\" content=\"320\" \/>\n\t<meta property=\"og:image:type\" content=\"image\/jpeg\" \/>\n<meta name=\"author\" content=\"Lo viste en Los Pol\u00edticos\" \/>\n<meta name=\"twitter:card\" content=\"summary_large_image\" \/>\n<meta name=\"twitter:creator\" content=\"@LosPoliticosVer\" \/>\n<meta name=\"twitter:site\" content=\"@LosPoliticosVer\" \/>\n<meta name=\"twitter:label1\" content=\"Escrito por\" \/>\n\t<meta name=\"twitter:data1\" content=\"Lo viste en Los Pol\u00edticos\" \/>\n\t<meta name=\"twitter:label2\" content=\"Tiempo de lectura\" \/>\n\t<meta name=\"twitter:data2\" content=\"2 minutos\" \/>\n<script type=\"application\/ld+json\" class=\"yoast-schema-graph\">{\"@context\":\"https:\\\/\\\/schema.org\",\"@graph\":[{\"@type\":\"Article\",\"@id\":\"https:\\\/\\\/lospoliticosveracruz.com\\\/?p=169718#article\",\"isPartOf\":{\"@id\":\"https:\\\/\\\/lospoliticosveracruz.com\\\/?p=169718\"},\"author\":{\"name\":\"Lo viste en Los Pol\u00edticos\",\"@id\":\"https:\\\/\\\/lospoliticosveracruz.com\\\/#\\\/schema\\\/person\\\/b8702bb0e538456e6efd07080bf2a4a2\"},\"headline\":\"LA ALEGR\u00cdA DE LA NI\u00d1EZ RECORRER\u00c1 POZA RICA\",\"datePublished\":\"2026-04-24T19:23:58+00:00\",\"dateModified\":\"2026-04-24T19:24:01+00:00\",\"mainEntityOfPage\":{\"@id\":\"https:\\\/\\\/lospoliticosveracruz.com\\\/?p=169718\"},\"wordCount\":367,\"publisher\":{\"@id\":\"https:\\\/\\\/lospoliticosveracruz.com\\\/#organization\"},\"image\":{\"@id\":\"https:\\\/\\\/lospoliticosveracruz.com\\\/?p=169718#primaryimage\"},\"thumbnailUrl\":\"https:\\\/\\\/lospoliticosveracruz.com\\\/wp-content\\\/uploads\\\/2026\\\/04\\\/PR-2.jpg\",\"keywords\":[\"Caravana infantil Adanely Rodr\u00edguez\",\"Ciudad Esperanza DIF Poza Rica\",\"D\u00eda del Ni\u00f1o Poza Rica 2026\",\"Eventos Plaza C\u00edvica Poza Rica abril\",\"Festejos infantiles colonias Poza Rica\"],\"articleSection\":[\"De Boleto\"],\"inLanguage\":\"es\"},{\"@type\":\"WebPage\",\"@id\":\"https:\\\/\\\/lospoliticosveracruz.com\\\/?p=169718\",\"url\":\"https:\\\/\\\/lospoliticosveracruz.com\\\/?p=169718\",\"name\":\"LA ALEGR\u00cdA DE LA NI\u00d1EZ RECORRER\u00c1 POZA RICA - Los pol\u00edticos Veracruz\",\"isPartOf\":{\"@id\":\"https:\\\/\\\/lospoliticosveracruz.com\\\/#website\"},\"primaryImageOfPage\":{\"@id\":\"https:\\\/\\\/lospoliticosveracruz.com\\\/?p=169718#primaryimage\"},\"image\":{\"@id\":\"https:\\\/\\\/lospoliticosveracruz.com\\\/?p=169718#primaryimage\"},\"thumbnailUrl\":\"https:\\\/\\\/lospoliticosveracruz.com\\\/wp-content\\\/uploads\\\/2026\\\/04\\\/PR-2.jpg\",\"datePublished\":\"2026-04-24T19:23:58+00:00\",\"dateModified\":\"2026-04-24T19:24:01+00:00\",\"breadcrumb\":{\"@id\":\"https:\\\/\\\/lospoliticosveracruz.com\\\/?p=169718#breadcrumb\"},\"inLanguage\":\"es\",\"potentialAction\":[{\"@type\":\"ReadAction\",\"target\":[\"https:\\\/\\\/lospoliticosveracruz.com\\\/?p=169718\"]}]},{\"@type\":\"ImageObject\",\"inLanguage\":\"es\",\"@id\":\"https:\\\/\\\/lospoliticosveracruz.com\\\/?p=169718#primaryimage\",\"url\":\"https:\\\/\\\/lospoliticosveracruz.com\\\/wp-content\\\/uploads\\\/2026\\\/04\\\/PR-2.jpg\",\"contentUrl\":\"https:\\\/\\\/lospoliticosveracruz.com\\\/wp-content\\\/uploads\\\/2026\\\/04\\\/PR-2.jpg\",\"width\":600,\"height\":320},{\"@type\":\"BreadcrumbList\",\"@id\":\"https:\\\/\\\/lospoliticosveracruz.com\\\/?p=169718#breadcrumb\",\"itemListElement\":[{\"@type\":\"ListItem\",\"position\":1,\"name\":\"Portada\",\"item\":\"https:\\\/\\\/lospoliticosveracruz.com\\\/\"},{\"@type\":\"ListItem\",\"position\":2,\"name\":\"LA ALEGR\u00cdA DE LA NI\u00d1EZ RECORRER\u00c1 POZA RICA\"}]},{\"@type\":\"WebSite\",\"@id\":\"https:\\\/\\\/lospoliticosveracruz.com\\\/#website\",\"url\":\"https:\\\/\\\/lospoliticosveracruz.com\\\/\",\"name\":\"Los pol\u00edticos Veracruz\",\"description\":\"\",\"publisher\":{\"@id\":\"https:\\\/\\\/lospoliticosveracruz.com\\\/#organization\"},\"potentialAction\":[{\"@type\":\"SearchAction\",\"target\":{\"@type\":\"EntryPoint\",\"urlTemplate\":\"https:\\\/\\\/lospoliticosveracruz.com\\\/?s={search_term_string}\"},\"query-input\":{\"@type\":\"PropertyValueSpecification\",\"valueRequired\":true,\"valueName\":\"search_term_string\"}}],\"inLanguage\":\"es\"},{\"@type\":\"Organization\",\"@id\":\"https:\\\/\\\/lospoliticosveracruz.com\\\/#organization\",\"name\":\"Los pol\u00edticos Veracruz\",\"url\":\"https:\\\/\\\/lospoliticosveracruz.com\\\/\",\"logo\":{\"@type\":\"ImageObject\",\"inLanguage\":\"es\",\"@id\":\"https:\\\/\\\/lospoliticosveracruz.com\\\/#\\\/schema\\\/logo\\\/image\\\/\",\"url\":\"https:\\\/\\\/lospoliticosveracruz.com\\\/wp-content\\\/uploads\\\/2025\\\/12\\\/Logo-Nuevo-LOS-POLITICOS-1.jpg\",\"contentUrl\":\"https:\\\/\\\/lospoliticosveracruz.com\\\/wp-content\\\/uploads\\\/2025\\\/12\\\/Logo-Nuevo-LOS-POLITICOS-1.jpg\",\"width\":260,\"height\":70,\"caption\":\"Los pol\u00edticos Veracruz\"},\"image\":{\"@id\":\"https:\\\/\\\/lospoliticosveracruz.com\\\/#\\\/schema\\\/logo\\\/image\\\/\"},\"sameAs\":[\"https:\\\/\\\/www.facebook.com\\\/people\\\/Notimemes-de-los-Polticos\\\/61565672886568\\\/\",\"https:\\\/\\\/x.com\\\/LosPoliticosVer\"]},{\"@type\":\"Person\",\"@id\":\"https:\\\/\\\/lospoliticosveracruz.com\\\/#\\\/schema\\\/person\\\/b8702bb0e538456e6efd07080bf2a4a2\",\"name\":\"Lo viste en Los Pol\u00edticos\",\"image\":{\"@type\":\"ImageObject\",\"inLanguage\":\"es\",\"@id\":\"https:\\\/\\\/secure.gravatar.com\\\/avatar\\\/3a8de04a2656d44082be478bd6c086daa447c4651605818287b9532d3d0bd435?s=96&d=mm&r=g\",\"url\":\"https:\\\/\\\/secure.gravatar.com\\\/avatar\\\/3a8de04a2656d44082be478bd6c086daa447c4651605818287b9532d3d0bd435?s=96&d=mm&r=g\",\"contentUrl\":\"https:\\\/\\\/secure.gravatar.com\\\/avatar\\\/3a8de04a2656d44082be478bd6c086daa447c4651605818287b9532d3d0bd435?s=96&d=mm&r=g\",\"caption\":\"Lo viste en Los Pol\u00edticos\"},\"url\":\"https:\\\/\\\/lospoliticosveracruz.com\\\/?author=2\"}]}<\/script>\n<!-- \/ Yoast SEO plugin. -->","yoast_head_json":{"title":"LA ALEGR\u00cdA DE LA NI\u00d1EZ RECORRER\u00c1 POZA RICA - Los pol\u00edticos Veracruz","robots":{"index":"index","follow":"follow","max-snippet":"max-snippet:-1","max-image-preview":"max-image-preview:large","max-video-preview":"max-video-preview:-1"},"canonical":"https:\/\/lospoliticosveracruz.com\/?p=169718","og_locale":"es_ES","og_type":"article","og_title":"LA ALEGR\u00cdA DE LA NI\u00d1EZ RECORRER\u00c1 POZA RICA - Los pol\u00edticos Veracruz","og_description":"Poza Rica: Porque la sonrisa de una ni\u00f1a o un ni\u00f1o puede iluminar toda una comunidad, el Gobierno de Poza Rica, encabezado por la presidenta municipal Adanely Rodr\u00edguez, dar\u00e1 inicio a una emotiva caravana con motivo del D\u00eda del Ni\u00f1o, que llevar\u00e1 alegr\u00eda, sorpresas y momentos inolvidables a distintos sectores del municipio. M\u00e1s que una [&hellip;]","og_url":"https:\/\/lospoliticosveracruz.com\/?p=169718","og_site_name":"Los pol\u00edticos Veracruz","article_publisher":"https:\/\/www.facebook.com\/people\/Notimemes-de-los-Polticos\/61565672886568\/","article_published_time":"2026-04-24T19:23:58+00:00","article_modified_time":"2026-04-24T19:24:01+00:00","og_image":[{"width":600,"height":320,"url":"https:\/\/lospoliticosveracruz.com\/wp-content\/uploads\/2026\/04\/PR-2.jpg","type":"image\/jpeg"}],"author":"Lo viste en Los Pol\u00edticos","twitter_card":"summary_large_image","twitter_creator":"@LosPoliticosVer","twitter_site":"@LosPoliticosVer","twitter_misc":{"Escrito por":"Lo viste en Los Pol\u00edticos","Tiempo de lectura":"2 minutos"},"schema":{"@context":"https:\/\/schema.org","@graph":[{"@type":"Article","@id":"https:\/\/lospoliticosveracruz.com\/?p=169718#article","isPartOf":{"@id":"https:\/\/lospoliticosveracruz.com\/?p=169718"},"author":{"name":"Lo viste en Los Pol\u00edticos","@id":"https:\/\/lospoliticosveracruz.com\/#\/schema\/person\/b8702bb0e538456e6efd07080bf2a4a2"},"headline":"LA ALEGR\u00cdA DE LA NI\u00d1EZ RECORRER\u00c1 POZA RICA","datePublished":"2026-04-24T19:23:58+00:00","dateModified":"2026-04-24T19:24:01+00:00","mainEntityOfPage":{"@id":"https:\/\/lospoliticosveracruz.com\/?p=169718"},"wordCount":367,"publisher":{"@id":"https:\/\/lospoliticosveracruz.com\/#organization"},"image":{"@id":"https:\/\/lospoliticosveracruz.com\/?p=169718#primaryimage"},"thumbnailUrl":"https:\/\/lospoliticosveracruz.com\/wp-content\/uploads\/2026\/04\/PR-2.jpg","keywords":["Caravana infantil Adanely Rodr\u00edguez","Ciudad Esperanza DIF Poza Rica","D\u00eda del Ni\u00f1o Poza Rica 2026","Eventos Plaza C\u00edvica Poza Rica abril","Festejos infantiles colonias Poza Rica"],"articleSection":["De Boleto"],"inLanguage":"es"},{"@type":"WebPage","@id":"https:\/\/lospoliticosveracruz.com\/?p=169718","url":"https:\/\/lospoliticosveracruz.com\/?p=169718","name":"LA ALEGR\u00cdA DE LA NI\u00d1EZ RECORRER\u00c1 POZA RICA - Los pol\u00edticos Veracruz","isPartOf":{"@id":"https:\/\/lospoliticosveracruz.com\/#website"},"primaryImageOfPage":{"@id":"https:\/\/lospoliticosveracruz.com\/?p=169718#primaryimage"},"image":{"@id":"https:\/\/lospoliticosveracruz.com\/?p=169718#primaryimage"},"thumbnailUrl":"https:\/\/lospoliticosveracruz.com\/wp-content\/uploads\/2026\/04\/PR-2.jpg","datePublished":"2026-04-24T19:23:58+00:00","dateModified":"2026-04-24T19:24:01+00:00","breadcrumb":{"@id":"https:\/\/lospoliticosveracruz.com\/?p=169718#breadcrumb"},"inLanguage":"es","potentialAction":[{"@type":"ReadAction","target":["https:\/\/lospoliticosveracruz.com\/?p=169718"]}]},{"@type":"ImageObject","inLanguage":"es","@id":"https:\/\/lospoliticosveracruz.com\/?p=169718#primaryimage","url":"https:\/\/lospoliticosveracruz.com\/wp-content\/uploads\/2026\/04\/PR-2.jpg","contentUrl":"https:\/\/lospoliticosveracruz.com\/wp-content\/uploads\/2026\/04\/PR-2.jpg","width":600,"height":320},{"@type":"BreadcrumbList","@id":"https:\/\/lospoliticosveracruz.com\/?p=169718#breadcrumb","itemListElement":[{"@type":"ListItem","position":1,"name":"Portada","item":"https:\/\/lospoliticosveracruz.com\/"},{"@type":"ListItem","position":2,"name":"LA ALEGR\u00cdA DE LA NI\u00d1EZ RECORRER\u00c1 POZA RICA"}]},{"@type":"WebSite","@id":"https:\/\/lospoliticosveracruz.com\/#website","url":"https:\/\/lospoliticosveracruz.com\/","name":"Los pol\u00edticos Veracruz","description":"","publisher":{"@id":"https:\/\/lospoliticosveracruz.com\/#organization"},"potentialAction":[{"@type":"SearchAction","target":{"@type":"EntryPoint","urlTemplate":"https:\/\/lospoliticosveracruz.com\/?s={search_term_string}"},"query-input":{"@type":"PropertyValueSpecification","valueRequired":true,"valueName":"search_term_string"}}],"inLanguage":"es"},{"@type":"Organization","@id":"https:\/\/lospoliticosveracruz.com\/#organization","name":"Los pol\u00edticos Veracruz","url":"https:\/\/lospoliticosveracruz.com\/","logo":{"@type":"ImageObject","inLanguage":"es","@id":"https:\/\/lospoliticosveracruz.com\/#\/schema\/logo\/image\/","url":"https:\/\/lospoliticosveracruz.com\/wp-content\/uploads\/2025\/12\/Logo-Nuevo-LOS-POLITICOS-1.jpg","contentUrl":"https:\/\/lospoliticosveracruz.com\/wp-content\/uploads\/2025\/12\/Logo-Nuevo-LOS-POLITICOS-1.jpg","width":260,"height":70,"caption":"Los pol\u00edticos Veracruz"},"image":{"@id":"https:\/\/lospoliticosveracruz.com\/#\/schema\/logo\/image\/"},"sameAs":["https:\/\/www.facebook.com\/people\/Notimemes-de-los-Polticos\/61565672886568\/","https:\/\/x.com\/LosPoliticosVer"]},{"@type":"Person","@id":"https:\/\/lospoliticosveracruz.com\/#\/schema\/person\/b8702bb0e538456e6efd07080bf2a4a2","name":"Lo viste en Los Pol\u00edticos","image":{"@type":"ImageObject","inLanguage":"es","@id":"https:\/\/secure.gravatar.com\/avatar\/3a8de04a2656d44082be478bd6c086daa447c4651605818287b9532d3d0bd435?s=96&d=mm&r=g","url":"https:\/\/secure.gravatar.com\/avatar\/3a8de04a2656d44082be478bd6c086daa447c4651605818287b9532d3d0bd435?s=96&d=mm&r=g","contentUrl":"https:\/\/secure.gravatar.com\/avatar\/3a8de04a2656d44082be478bd6c086daa447c4651605818287b9532d3d0bd435?s=96&d=mm&r=g","caption":"Lo viste en Los Pol\u00edticos"},"url":"https:\/\/lospoliticosveracruz.com\/?author=2"}]}},"_links":{"self":[{"href":"https:\/\/lospoliticosveracruz.com\/index.php?rest_route=\/wp\/v2\/posts\/169718","targetHints":{"allow":["GET"]}}],"collection":[{"href":"https:\/\/lospoliticosveracruz.com\/index.php?rest_route=\/wp\/v2\/posts"}],"about":[{"href":"https:\/\/lospoliticosveracruz.com\/index.php?rest_route=\/wp\/v2\/types\/post"}],"author":[{"embeddable":true,"href":"https:\/\/lospoliticosveracruz.com\/index.php?rest_route=\/wp\/v2\/users\/2"}],"replies":[{"embeddable":true,"href":"https:\/\/lospoliticosveracruz.com\/index.php?rest_route=%2Fwp%2Fv2%2Fcomments&post=169718"}],"version-history":[{"count":1,"href":"https:\/\/lospoliticosveracruz.com\/index.php?rest_route=\/wp\/v2\/posts\/169718\/revisions"}],"predecessor-version":[{"id":169720,"href":"https:\/\/lospoliticosveracruz.com\/index.php?rest_route=\/wp\/v2\/posts\/169718\/revisions\/169720"}],"wp:featuredmedia":[{"embeddable":true,"href":"https:\/\/lospoliticosveracruz.com\/index.php?rest_route=\/wp\/v2\/media\/169719"}],"wp:attachment":[{"href":"https:\/\/lospoliticosveracruz.com\/index.php?rest_route=%2Fwp%2Fv2%2Fmedia&parent=169718"}],"wp:term":[{"taxonomy":"category","embeddable":true,"href":"https:\/\/lospoliticosveracruz.com\/index.php?rest_route=%2Fwp%2Fv2%2Fcategories&post=169718"},{"taxonomy":"post_tag","embeddable":true,"href":"https:\/\/lospoliticosveracruz.com\/index.php?rest_route=%2Fwp%2Fv2%2Ftags&post=169718"}],"curies":[{"name":"wp","href":"https:\/\/api.w.org\/{rel}","templated":true}]}}