{"id":169751,"date":"2026-04-24T19:01:33","date_gmt":"2026-04-25T01:01:33","guid":{"rendered":"https:\/\/lospoliticosveracruz.com\/?p=169751"},"modified":"2026-04-24T19:01:35","modified_gmt":"2026-04-25T01:01:35","slug":"los-cuacos-tambien-cuentan","status":"publish","type":"post","link":"https:\/\/lospoliticosveracruz.com\/?p=169751","title":{"rendered":"LOS CUACOS TAMBI\u00c9N CUENTAN!"},"content":{"rendered":"\n<p><\/p>\n\n\n\n<p>El Ayuntamiento de Veracruz informa que este domingo 26 de abril implementar\u00e1 un operativo integral de Tr\u00e1nsito y Limpia P\u00fablica con motivo de la magna cabalgata, en el marco del 1er. Congreso Nacional del Caballo Veracruz 2026, evento que reunir\u00e1 a aproximadamente 3 mil caballos y sus jinetes en conmemoraci\u00f3n de los 507 a\u00f1os de la llegada de estos equinos a M\u00e9xico.<\/p>\n\n\n\n<p>Para facilitar el desarrollo de este encuentro que resalta la importancia del sector ecuestre como un pilar del desarrollo econ\u00f3mico, social y cultural del estado, se aplicar\u00e1n cierres temporales en diversas vialidades y se desplegar\u00e1 personal de la direcci\u00f3n de Tr\u00e1nsito y Vialidad en puntos estrat\u00e9gicos para agilizar la circulaci\u00f3n, orientar a conductores y resguardar la integridad de participantes, peatones y automovilistas durante todo el recorrido.<\/p>\n\n\n\n<p>Asimismo, la direcci\u00f3n de Limpia P\u00fablica contempla la participaci\u00f3n de 90 trabajadores distribuidos en seis cuadrillas de barrido, dos de lavado y dos pipas, que iniciar\u00e1n labores entre 20 y 30 minutos despu\u00e9s de concluida la cabalgata, atendiendo de forma inmediata las principales calles y avenidas.<\/p>\n\n\n\n<p>Tambi\u00e9n se desplegar\u00e1n cuadrillas en lugares como el Parque de las Naciones, el Parque del Magisterio y la zona del Aquarium de Veracruz, adem\u00e1s de personal a lo largo del bulevar Manuel \u00c1vila Camacho, utilizando herramientas espec\u00edficas para el manejo adecuado de residuos generados durante este tipo de actividades.<\/p>\n\n\n\n<p>Por instrucciones de la alcaldesa Rosa Mar\u00eda Hern\u00e1ndez Espejo, el objetivo es mantener la ciudad en condiciones \u00f3ptimas, con un operativo similar al del Carnaval, pero adaptado a esta actividad, garantizando limpieza antes, durante y despu\u00e9s del paso del contingente.<\/p>\n\n\n\n<p>Se exhorta a la ciudadan\u00eda a prever sus traslados, utilizar v\u00edas alternas y atender las indicaciones del personal operativo municipal, a fin de contribuir a una movilidad ordenada y al desarrollo seguro de esta actividad que reunir\u00e1 a participantes de distintas regiones del pa\u00eds en la ciudad de Veracruz.<\/p>\n\n\n\n<p><strong>Puntos y horarios de cierre:<br><\/strong>\u2022\u2060 \u2060Allende, Montesinos y Puente Allende: 07:00 a 19:00 hrs.<br>\u2022\u2060 \u2060Puente Morelos: 11:00 a 16:00 hrs.<br>\u2022\u2060 \u2060Insurgentes Veracruzanos: 00:00 a 17:00 hrs.<br>\u2022\u2060 \u2060Bulevar Manuel \u00c1vila Camacho: 09:00 a 16:00 hrs.<br>\u2022\u2060 \u2060Xicot\u00e9ncatl: 09:00 a 16:00 hrs.<br>\u2022\u2060 \u2060Hern\u00e1ndez y Hern\u00e1ndez: 09:00 a 17:00 hrs.<\/p>\n","protected":false},"excerpt":{"rendered":"<p>El Ayuntamiento de Veracruz informa que este domingo 26 de abril implementar\u00e1 un operativo integral de Tr\u00e1nsito y Limpia P\u00fablica con motivo de la magna cabalgata, en el marco del 1er. Congreso Nacional del Caballo Veracruz 2026, evento que reunir\u00e1 a aproximadamente 3 mil caballos y sus jinetes en conmemoraci\u00f3n de los 507 a\u00f1os de [&hellip;]<\/p>\n","protected":false},"author":2,"featured_media":169752,"comment_status":"closed","ping_status":"closed","sticky":false,"template":"","format":"standard","meta":{"tdm_status":"","tdm_grid_status":"","footnotes":""},"categories":[56121],"tags":[62203,62200,62204,62202,62205,62201],"class_list":{"0":"post-169751","1":"post","2":"type-post","3":"status-publish","4":"format-standard","5":"has-post-thumbnail","7":"category-desde-jarochilandia","8":"tag-1er-congreso-nacional-del-caballo","9":"tag-cabalgata-nacional-veracruz-2026-cierres","10":"tag-operativo-limpieza-cabalgata-veracruz-hoy","11":"tag-rosa-maria-hernandez-espejo-cabalgata","12":"tag-transito-veracruz-cierre-bulevar-domingo","13":"tag-vialidades-cerradas-domingo-26-veracruz"},"yoast_head":"<!-- This site is optimized with the Yoast SEO plugin v27.4 - https:\/\/yoast.com\/product\/yoast-seo-wordpress\/ -->\n<title>LOS CUACOS TAMBI\u00c9N CUENTAN! - Los pol\u00edticos Veracruz<\/title>\n<meta name=\"robots\" content=\"index, follow, max-snippet:-1, max-image-preview:large, max-video-preview:-1\" \/>\n<link rel=\"canonical\" href=\"https:\/\/lospoliticosveracruz.com\/?p=169751\" \/>\n<meta property=\"og:locale\" content=\"es_ES\" \/>\n<meta property=\"og:type\" content=\"article\" \/>\n<meta property=\"og:title\" content=\"LOS CUACOS TAMBI\u00c9N CUENTAN! - Los pol\u00edticos Veracruz\" \/>\n<meta property=\"og:description\" content=\"El Ayuntamiento de Veracruz informa que este domingo 26 de abril implementar\u00e1 un operativo integral de Tr\u00e1nsito y Limpia P\u00fablica con motivo de la magna cabalgata, en el marco del 1er. Congreso Nacional del Caballo Veracruz 2026, evento que reunir\u00e1 a aproximadamente 3 mil caballos y sus jinetes en conmemoraci\u00f3n de los 507 a\u00f1os de [&hellip;]\" \/>\n<meta property=\"og:url\" content=\"https:\/\/lospoliticosveracruz.com\/?p=169751\" \/>\n<meta property=\"og:site_name\" content=\"Los pol\u00edticos Veracruz\" \/>\n<meta property=\"article:publisher\" content=\"https:\/\/www.facebook.com\/people\/Notimemes-de-los-Polticos\/61565672886568\/\" \/>\n<meta property=\"article:published_time\" content=\"2026-04-25T01:01:33+00:00\" \/>\n<meta property=\"article:modified_time\" content=\"2026-04-25T01:01:35+00:00\" \/>\n<meta property=\"og:image\" content=\"https:\/\/lospoliticosveracruz.com\/wp-content\/uploads\/2026\/04\/vialidad.jpg\" \/>\n\t<meta property=\"og:image:width\" content=\"600\" \/>\n\t<meta property=\"og:image:height\" content=\"320\" \/>\n\t<meta property=\"og:image:type\" content=\"image\/jpeg\" \/>\n<meta name=\"author\" content=\"Lo viste en Los Pol\u00edticos\" \/>\n<meta name=\"twitter:card\" content=\"summary_large_image\" \/>\n<meta name=\"twitter:creator\" content=\"@LosPoliticosVer\" \/>\n<meta name=\"twitter:site\" content=\"@LosPoliticosVer\" \/>\n<meta name=\"twitter:label1\" content=\"Escrito por\" \/>\n\t<meta name=\"twitter:data1\" content=\"Lo viste en Los Pol\u00edticos\" \/>\n\t<meta name=\"twitter:label2\" content=\"Tiempo de lectura\" \/>\n\t<meta name=\"twitter:data2\" content=\"2 minutos\" \/>\n<script type=\"application\/ld+json\" class=\"yoast-schema-graph\">{\"@context\":\"https:\\\/\\\/schema.org\",\"@graph\":[{\"@type\":\"Article\",\"@id\":\"https:\\\/\\\/lospoliticosveracruz.com\\\/?p=169751#article\",\"isPartOf\":{\"@id\":\"https:\\\/\\\/lospoliticosveracruz.com\\\/?p=169751\"},\"author\":{\"name\":\"Lo viste en Los Pol\u00edticos\",\"@id\":\"https:\\\/\\\/lospoliticosveracruz.com\\\/#\\\/schema\\\/person\\\/b8702bb0e538456e6efd07080bf2a4a2\"},\"headline\":\"LOS CUACOS TAMBI\u00c9N CUENTAN!\",\"datePublished\":\"2026-04-25T01:01:33+00:00\",\"dateModified\":\"2026-04-25T01:01:35+00:00\",\"mainEntityOfPage\":{\"@id\":\"https:\\\/\\\/lospoliticosveracruz.com\\\/?p=169751\"},\"wordCount\":373,\"publisher\":{\"@id\":\"https:\\\/\\\/lospoliticosveracruz.com\\\/#organization\"},\"image\":{\"@id\":\"https:\\\/\\\/lospoliticosveracruz.com\\\/?p=169751#primaryimage\"},\"thumbnailUrl\":\"https:\\\/\\\/lospoliticosveracruz.com\\\/wp-content\\\/uploads\\\/2026\\\/04\\\/vialidad.jpg\",\"keywords\":[\"1er Congreso Nacional del Caballo\",\"Cabalgata Nacional Veracruz 2026 cierres\",\"Operativo limpieza cabalgata Veracruz hoy\",\"Rosa Mar\u00eda Hern\u00e1ndez Espejo cabalgata\",\"Tr\u00e1nsito Veracruz cierre bulevar domingo\",\"Vialidades cerradas domingo 26 Veracruz\"],\"articleSection\":[\"DESDE JAROCHILANDIA\"],\"inLanguage\":\"es\"},{\"@type\":\"WebPage\",\"@id\":\"https:\\\/\\\/lospoliticosveracruz.com\\\/?p=169751\",\"url\":\"https:\\\/\\\/lospoliticosveracruz.com\\\/?p=169751\",\"name\":\"LOS CUACOS TAMBI\u00c9N CUENTAN! - Los pol\u00edticos Veracruz\",\"isPartOf\":{\"@id\":\"https:\\\/\\\/lospoliticosveracruz.com\\\/#website\"},\"primaryImageOfPage\":{\"@id\":\"https:\\\/\\\/lospoliticosveracruz.com\\\/?p=169751#primaryimage\"},\"image\":{\"@id\":\"https:\\\/\\\/lospoliticosveracruz.com\\\/?p=169751#primaryimage\"},\"thumbnailUrl\":\"https:\\\/\\\/lospoliticosveracruz.com\\\/wp-content\\\/uploads\\\/2026\\\/04\\\/vialidad.jpg\",\"datePublished\":\"2026-04-25T01:01:33+00:00\",\"dateModified\":\"2026-04-25T01:01:35+00:00\",\"breadcrumb\":{\"@id\":\"https:\\\/\\\/lospoliticosveracruz.com\\\/?p=169751#breadcrumb\"},\"inLanguage\":\"es\",\"potentialAction\":[{\"@type\":\"ReadAction\",\"target\":[\"https:\\\/\\\/lospoliticosveracruz.com\\\/?p=169751\"]}]},{\"@type\":\"ImageObject\",\"inLanguage\":\"es\",\"@id\":\"https:\\\/\\\/lospoliticosveracruz.com\\\/?p=169751#primaryimage\",\"url\":\"https:\\\/\\\/lospoliticosveracruz.com\\\/wp-content\\\/uploads\\\/2026\\\/04\\\/vialidad.jpg\",\"contentUrl\":\"https:\\\/\\\/lospoliticosveracruz.com\\\/wp-content\\\/uploads\\\/2026\\\/04\\\/vialidad.jpg\",\"width\":600,\"height\":320},{\"@type\":\"BreadcrumbList\",\"@id\":\"https:\\\/\\\/lospoliticosveracruz.com\\\/?p=169751#breadcrumb\",\"itemListElement\":[{\"@type\":\"ListItem\",\"position\":1,\"name\":\"Portada\",\"item\":\"https:\\\/\\\/lospoliticosveracruz.com\\\/\"},{\"@type\":\"ListItem\",\"position\":2,\"name\":\"LOS CUACOS TAMBI\u00c9N CUENTAN!\"}]},{\"@type\":\"WebSite\",\"@id\":\"https:\\\/\\\/lospoliticosveracruz.com\\\/#website\",\"url\":\"https:\\\/\\\/lospoliticosveracruz.com\\\/\",\"name\":\"Los pol\u00edticos Veracruz\",\"description\":\"\",\"publisher\":{\"@id\":\"https:\\\/\\\/lospoliticosveracruz.com\\\/#organization\"},\"potentialAction\":[{\"@type\":\"SearchAction\",\"target\":{\"@type\":\"EntryPoint\",\"urlTemplate\":\"https:\\\/\\\/lospoliticosveracruz.com\\\/?s={search_term_string}\"},\"query-input\":{\"@type\":\"PropertyValueSpecification\",\"valueRequired\":true,\"valueName\":\"search_term_string\"}}],\"inLanguage\":\"es\"},{\"@type\":\"Organization\",\"@id\":\"https:\\\/\\\/lospoliticosveracruz.com\\\/#organization\",\"name\":\"Los pol\u00edticos Veracruz\",\"url\":\"https:\\\/\\\/lospoliticosveracruz.com\\\/\",\"logo\":{\"@type\":\"ImageObject\",\"inLanguage\":\"es\",\"@id\":\"https:\\\/\\\/lospoliticosveracruz.com\\\/#\\\/schema\\\/logo\\\/image\\\/\",\"url\":\"https:\\\/\\\/lospoliticosveracruz.com\\\/wp-content\\\/uploads\\\/2025\\\/12\\\/Logo-Nuevo-LOS-POLITICOS-1.jpg\",\"contentUrl\":\"https:\\\/\\\/lospoliticosveracruz.com\\\/wp-content\\\/uploads\\\/2025\\\/12\\\/Logo-Nuevo-LOS-POLITICOS-1.jpg\",\"width\":260,\"height\":70,\"caption\":\"Los pol\u00edticos Veracruz\"},\"image\":{\"@id\":\"https:\\\/\\\/lospoliticosveracruz.com\\\/#\\\/schema\\\/logo\\\/image\\\/\"},\"sameAs\":[\"https:\\\/\\\/www.facebook.com\\\/people\\\/Notimemes-de-los-Polticos\\\/61565672886568\\\/\",\"https:\\\/\\\/x.com\\\/LosPoliticosVer\"]},{\"@type\":\"Person\",\"@id\":\"https:\\\/\\\/lospoliticosveracruz.com\\\/#\\\/schema\\\/person\\\/b8702bb0e538456e6efd07080bf2a4a2\",\"name\":\"Lo viste en Los Pol\u00edticos\",\"image\":{\"@type\":\"ImageObject\",\"inLanguage\":\"es\",\"@id\":\"https:\\\/\\\/secure.gravatar.com\\\/avatar\\\/3a8de04a2656d44082be478bd6c086daa447c4651605818287b9532d3d0bd435?s=96&d=mm&r=g\",\"url\":\"https:\\\/\\\/secure.gravatar.com\\\/avatar\\\/3a8de04a2656d44082be478bd6c086daa447c4651605818287b9532d3d0bd435?s=96&d=mm&r=g\",\"contentUrl\":\"https:\\\/\\\/secure.gravatar.com\\\/avatar\\\/3a8de04a2656d44082be478bd6c086daa447c4651605818287b9532d3d0bd435?s=96&d=mm&r=g\",\"caption\":\"Lo viste en Los Pol\u00edticos\"},\"url\":\"https:\\\/\\\/lospoliticosveracruz.com\\\/?author=2\"}]}<\/script>\n<!-- \/ Yoast SEO plugin. -->","yoast_head_json":{"title":"LOS CUACOS TAMBI\u00c9N CUENTAN! - Los pol\u00edticos Veracruz","robots":{"index":"index","follow":"follow","max-snippet":"max-snippet:-1","max-image-preview":"max-image-preview:large","max-video-preview":"max-video-preview:-1"},"canonical":"https:\/\/lospoliticosveracruz.com\/?p=169751","og_locale":"es_ES","og_type":"article","og_title":"LOS CUACOS TAMBI\u00c9N CUENTAN! - Los pol\u00edticos Veracruz","og_description":"El Ayuntamiento de Veracruz informa que este domingo 26 de abril implementar\u00e1 un operativo integral de Tr\u00e1nsito y Limpia P\u00fablica con motivo de la magna cabalgata, en el marco del 1er. Congreso Nacional del Caballo Veracruz 2026, evento que reunir\u00e1 a aproximadamente 3 mil caballos y sus jinetes en conmemoraci\u00f3n de los 507 a\u00f1os de [&hellip;]","og_url":"https:\/\/lospoliticosveracruz.com\/?p=169751","og_site_name":"Los pol\u00edticos Veracruz","article_publisher":"https:\/\/www.facebook.com\/people\/Notimemes-de-los-Polticos\/61565672886568\/","article_published_time":"2026-04-25T01:01:33+00:00","article_modified_time":"2026-04-25T01:01:35+00:00","og_image":[{"width":600,"height":320,"url":"https:\/\/lospoliticosveracruz.com\/wp-content\/uploads\/2026\/04\/vialidad.jpg","type":"image\/jpeg"}],"author":"Lo viste en Los Pol\u00edticos","twitter_card":"summary_large_image","twitter_creator":"@LosPoliticosVer","twitter_site":"@LosPoliticosVer","twitter_misc":{"Escrito por":"Lo viste en Los Pol\u00edticos","Tiempo de lectura":"2 minutos"},"schema":{"@context":"https:\/\/schema.org","@graph":[{"@type":"Article","@id":"https:\/\/lospoliticosveracruz.com\/?p=169751#article","isPartOf":{"@id":"https:\/\/lospoliticosveracruz.com\/?p=169751"},"author":{"name":"Lo viste en Los Pol\u00edticos","@id":"https:\/\/lospoliticosveracruz.com\/#\/schema\/person\/b8702bb0e538456e6efd07080bf2a4a2"},"headline":"LOS CUACOS TAMBI\u00c9N CUENTAN!","datePublished":"2026-04-25T01:01:33+00:00","dateModified":"2026-04-25T01:01:35+00:00","mainEntityOfPage":{"@id":"https:\/\/lospoliticosveracruz.com\/?p=169751"},"wordCount":373,"publisher":{"@id":"https:\/\/lospoliticosveracruz.com\/#organization"},"image":{"@id":"https:\/\/lospoliticosveracruz.com\/?p=169751#primaryimage"},"thumbnailUrl":"https:\/\/lospoliticosveracruz.com\/wp-content\/uploads\/2026\/04\/vialidad.jpg","keywords":["1er Congreso Nacional del Caballo","Cabalgata Nacional Veracruz 2026 cierres","Operativo limpieza cabalgata Veracruz hoy","Rosa Mar\u00eda Hern\u00e1ndez Espejo cabalgata","Tr\u00e1nsito Veracruz cierre bulevar domingo","Vialidades cerradas domingo 26 Veracruz"],"articleSection":["DESDE JAROCHILANDIA"],"inLanguage":"es"},{"@type":"WebPage","@id":"https:\/\/lospoliticosveracruz.com\/?p=169751","url":"https:\/\/lospoliticosveracruz.com\/?p=169751","name":"LOS CUACOS TAMBI\u00c9N CUENTAN! - Los pol\u00edticos Veracruz","isPartOf":{"@id":"https:\/\/lospoliticosveracruz.com\/#website"},"primaryImageOfPage":{"@id":"https:\/\/lospoliticosveracruz.com\/?p=169751#primaryimage"},"image":{"@id":"https:\/\/lospoliticosveracruz.com\/?p=169751#primaryimage"},"thumbnailUrl":"https:\/\/lospoliticosveracruz.com\/wp-content\/uploads\/2026\/04\/vialidad.jpg","datePublished":"2026-04-25T01:01:33+00:00","dateModified":"2026-04-25T01:01:35+00:00","breadcrumb":{"@id":"https:\/\/lospoliticosveracruz.com\/?p=169751#breadcrumb"},"inLanguage":"es","potentialAction":[{"@type":"ReadAction","target":["https:\/\/lospoliticosveracruz.com\/?p=169751"]}]},{"@type":"ImageObject","inLanguage":"es","@id":"https:\/\/lospoliticosveracruz.com\/?p=169751#primaryimage","url":"https:\/\/lospoliticosveracruz.com\/wp-content\/uploads\/2026\/04\/vialidad.jpg","contentUrl":"https:\/\/lospoliticosveracruz.com\/wp-content\/uploads\/2026\/04\/vialidad.jpg","width":600,"height":320},{"@type":"BreadcrumbList","@id":"https:\/\/lospoliticosveracruz.com\/?p=169751#breadcrumb","itemListElement":[{"@type":"ListItem","position":1,"name":"Portada","item":"https:\/\/lospoliticosveracruz.com\/"},{"@type":"ListItem","position":2,"name":"LOS CUACOS TAMBI\u00c9N CUENTAN!"}]},{"@type":"WebSite","@id":"https:\/\/lospoliticosveracruz.com\/#website","url":"https:\/\/lospoliticosveracruz.com\/","name":"Los pol\u00edticos Veracruz","description":"","publisher":{"@id":"https:\/\/lospoliticosveracruz.com\/#organization"},"potentialAction":[{"@type":"SearchAction","target":{"@type":"EntryPoint","urlTemplate":"https:\/\/lospoliticosveracruz.com\/?s={search_term_string}"},"query-input":{"@type":"PropertyValueSpecification","valueRequired":true,"valueName":"search_term_string"}}],"inLanguage":"es"},{"@type":"Organization","@id":"https:\/\/lospoliticosveracruz.com\/#organization","name":"Los pol\u00edticos Veracruz","url":"https:\/\/lospoliticosveracruz.com\/","logo":{"@type":"ImageObject","inLanguage":"es","@id":"https:\/\/lospoliticosveracruz.com\/#\/schema\/logo\/image\/","url":"https:\/\/lospoliticosveracruz.com\/wp-content\/uploads\/2025\/12\/Logo-Nuevo-LOS-POLITICOS-1.jpg","contentUrl":"https:\/\/lospoliticosveracruz.com\/wp-content\/uploads\/2025\/12\/Logo-Nuevo-LOS-POLITICOS-1.jpg","width":260,"height":70,"caption":"Los pol\u00edticos Veracruz"},"image":{"@id":"https:\/\/lospoliticosveracruz.com\/#\/schema\/logo\/image\/"},"sameAs":["https:\/\/www.facebook.com\/people\/Notimemes-de-los-Polticos\/61565672886568\/","https:\/\/x.com\/LosPoliticosVer"]},{"@type":"Person","@id":"https:\/\/lospoliticosveracruz.com\/#\/schema\/person\/b8702bb0e538456e6efd07080bf2a4a2","name":"Lo viste en Los Pol\u00edticos","image":{"@type":"ImageObject","inLanguage":"es","@id":"https:\/\/secure.gravatar.com\/avatar\/3a8de04a2656d44082be478bd6c086daa447c4651605818287b9532d3d0bd435?s=96&d=mm&r=g","url":"https:\/\/secure.gravatar.com\/avatar\/3a8de04a2656d44082be478bd6c086daa447c4651605818287b9532d3d0bd435?s=96&d=mm&r=g","contentUrl":"https:\/\/secure.gravatar.com\/avatar\/3a8de04a2656d44082be478bd6c086daa447c4651605818287b9532d3d0bd435?s=96&d=mm&r=g","caption":"Lo viste en Los Pol\u00edticos"},"url":"https:\/\/lospoliticosveracruz.com\/?author=2"}]}},"_links":{"self":[{"href":"https:\/\/lospoliticosveracruz.com\/index.php?rest_route=\/wp\/v2\/posts\/169751","targetHints":{"allow":["GET"]}}],"collection":[{"href":"https:\/\/lospoliticosveracruz.com\/index.php?rest_route=\/wp\/v2\/posts"}],"about":[{"href":"https:\/\/lospoliticosveracruz.com\/index.php?rest_route=\/wp\/v2\/types\/post"}],"author":[{"embeddable":true,"href":"https:\/\/lospoliticosveracruz.com\/index.php?rest_route=\/wp\/v2\/users\/2"}],"replies":[{"embeddable":true,"href":"https:\/\/lospoliticosveracruz.com\/index.php?rest_route=%2Fwp%2Fv2%2Fcomments&post=169751"}],"version-history":[{"count":1,"href":"https:\/\/lospoliticosveracruz.com\/index.php?rest_route=\/wp\/v2\/posts\/169751\/revisions"}],"predecessor-version":[{"id":169753,"href":"https:\/\/lospoliticosveracruz.com\/index.php?rest_route=\/wp\/v2\/posts\/169751\/revisions\/169753"}],"wp:featuredmedia":[{"embeddable":true,"href":"https:\/\/lospoliticosveracruz.com\/index.php?rest_route=\/wp\/v2\/media\/169752"}],"wp:attachment":[{"href":"https:\/\/lospoliticosveracruz.com\/index.php?rest_route=%2Fwp%2Fv2%2Fmedia&parent=169751"}],"wp:term":[{"taxonomy":"category","embeddable":true,"href":"https:\/\/lospoliticosveracruz.com\/index.php?rest_route=%2Fwp%2Fv2%2Fcategories&post=169751"},{"taxonomy":"post_tag","embeddable":true,"href":"https:\/\/lospoliticosveracruz.com\/index.php?rest_route=%2Fwp%2Fv2%2Ftags&post=169751"}],"curies":[{"name":"wp","href":"https:\/\/api.w.org\/{rel}","templated":true}]}}