{"id":169757,"date":"2026-04-24T20:30:52","date_gmt":"2026-04-25T02:30:52","guid":{"rendered":"https:\/\/lospoliticosveracruz.com\/?p=169757"},"modified":"2026-04-24T20:31:11","modified_gmt":"2026-04-25T02:31:11","slug":"el-fracaso-silencioso-de-la-atencion-primaria-en-salud","status":"publish","type":"post","link":"https:\/\/lospoliticosveracruz.com\/?p=169757","title":{"rendered":"EL FRACASO SILENCIOSO DE LA ATENCI\u00d3N PRIMARIA EN SALUD"},"content":{"rendered":"\n<p><\/p>\n\n\n\n<p><strong>Dr. Valent\u00edn Herrera Alarc\u00f3n<\/strong><\/p>\n\n\n\n<p><br><em>Veracruz con Coraz\u00f3n<\/em><\/p>\n\n\n\n<p>La Atenci\u00f3n Primaria en Salud (APS) es el eterno \u201cprimer nivel\u201d que los sistemas sanitarios del mundo dicen venerar, pero que, en la pr\u00e1ctica, tratan m\u00e1s como una sala de espera presupuestaria. Sin duda, pol\u00edticamente es m\u00e1s rentable inaugurar hospitales que fortalecer redes de primer contacto que, operadas adecuadamente, evitan que los pacientes pisen un quir\u00f3fano.<\/p>\n\n\n\n<p>Desde la Declaraci\u00f3n de Alma-Ata en 1978, el mundo firm\u00f3 \u2014con tinta solemne y memoria corta\u2014 un acuerdo fundamental en el que se establece que la salud debe ser un derecho garantizado a las personas a trav\u00e9s de servicios accesibles, integrales y centrados en la comunidad.<\/p>\n\n\n\n<p>Medio siglo despu\u00e9s, el consenso sigue intacto en el discurso, pero fracturado en la realidad: la Atenci\u00f3n Primaria en Salud contin\u00faa siendo el pilar m\u00e1s citado en los sistemas sanitarios y el menos financiado, pese a que, insisto, el primer contacto con los pacientes evitar\u00eda que muchos de ellos terminaran en un hospital o, en el peor de los escenarios, en un quir\u00f3fano.<\/p>\n\n\n\n<p>La Declaraci\u00f3n de Alma-Ata \u2014impulsada por la Organizaci\u00f3n Mundial de la Salud y UNICEF\u2014 no fue ingenua; fue inc\u00f3modamente clara para los gobiernos y para el mundo entero, pues propuso una medicina que no se limita a curar, sino que previene, educa y organiza a la comunidad.<\/p>\n\n\n\n<p>En otras palabras, se trata de que los gobiernos y las sociedades apliquen con claridad una medicina menos espectacular y m\u00e1s efectiva. Sin embargo, en los hechos, los sistemas sanitarios modernos parecen preferir la \u00e9pica del quir\u00f3fano de alta tecnolog\u00eda a la humildad de la consulta de barrio.<\/p>\n\n\n\n<p>Como lo mencion\u00e9 antes, pol\u00edticamente es m\u00e1s rentable inaugurar hospitales que fortalecer redes de primer contacto en barrios, colonias, ejidos, pueblos y rancher\u00edas, donde, de haberse aplicado la atenci\u00f3n primaria, los pacientes nunca habr\u00edan llegado a una intervenci\u00f3n quir\u00fargica que, adem\u00e1s, eleva el costo de operaci\u00f3n de cualquier sistema de salud en el mundo.<\/p>\n\n\n\n<p>Para mayor claridad, conviene detallar qu\u00e9 servicios comprende la Atenci\u00f3n Primaria en Salud. Ver\u00e1 usted que se trata de acciones fundamentales que pueden desarrollarse en cualquier consultorio b\u00e1sico y que pueden evitar la saturaci\u00f3n de hospitales de primer y segundo nivel, as\u00ed como de alta especialidad:<\/p>\n\n\n\n<p>Asistencia sanitaria a demanda, programada y urgente, tanto en consulta como en el domicilio del paciente; la indicaci\u00f3n o prescripci\u00f3n y, en su caso, la realizaci\u00f3n de procedimientos diagn\u00f3sticos y terap\u00e9uticos, ya sea en la unidad m\u00e9dica b\u00e1sica o en el hogar.<\/p>\n\n\n\n<p>Asimismo, incluye actividades de prevenci\u00f3n, promoci\u00f3n de la salud, atenci\u00f3n familiar y comunitaria; acciones de informaci\u00f3n y vigilancia para la protecci\u00f3n de la salud; rehabilitaci\u00f3n b\u00e1sica; as\u00ed como atenci\u00f3n y servicios espec\u00edficos dirigidos a la mujer, la infancia, la adolescencia, las personas adultas mayores, grupos de riesgo y pacientes cr\u00f3nicos.<\/p>\n\n\n\n<p>Otras tres acciones de la APS son la atenci\u00f3n paliativa a enfermos terminales; la atenci\u00f3n a la salud mental, en coordinaci\u00f3n con servicios especializados; y la atenci\u00f3n a la salud estomatogn\u00e1tica \u2014conjunto de huesos, m\u00fasculos, articulaciones, dientes y nervios de la boca y la cara, cuya funci\u00f3n incluye la masticaci\u00f3n, degluci\u00f3n, habla y respiraci\u00f3n\u2014.<\/p>\n\n\n\n<p>El resultado es claro: estamos ante un sistema que castiga la l\u00f3gica. Hospitales saturados con problemas que debieron resolverse en la puerta de entrada; profesionales agotados y pacientes que confunden el acceso garantizado a los servicios de salud con un peregrinaje para recibir atenci\u00f3n m\u00e9dica.<\/p>\n\n\n\n<p>Tal vez el problema no sea la falta de evidencia, sino la falta de voluntad para aceptar sus implicaciones. Apostar por la atenci\u00f3n primaria exige redistribuir poder, presupuesto y prestigio dentro del sistema; significa aceptar que la medicina m\u00e1s valiosa no siempre es la m\u00e1s visible, sino la m\u00e1s cercana a la gente.<\/p>\n\n\n\n<p>Hoy, la Atenci\u00f3n Primaria en Salud, dise\u00f1ada para ser resolutiva y cercana, se ha convertido en un filtro d\u00e9bil que no filtra, una promesa que no organiza. Y, sin embargo, cuando funciona \u2014cuando hay continuidad, prevenci\u00f3n y v\u00ednculo comunitario\u2014 los indicadores mejoran con una eficiencia que ninguna tecnolog\u00eda de punta logra replicar a gran escala.<\/p>\n\n\n\n<p>Alma-Ata sigue ah\u00ed, como un recordatorio inc\u00f3modo: sabemos exactamente qu\u00e9 hacer, pero lo verdaderamente radical, hoy en d\u00eda, ser\u00eda hacerlo.<\/p>\n\n\n\n<p>Han pasado casi cinco d\u00e9cadas desde 1978 y lo lamentable es que, durante este tiempo, no solo no se ha avanzado lo suficiente, sino que se han profundizado las condiciones que deterioran la salud poblacional.<\/p>\n\n\n\n<p>En M\u00e9xico, el Sistema Nacional de Salud se encuentra en transformaci\u00f3n, pero los debates se desarrollan en un ambiente de confrontaci\u00f3n y politizaci\u00f3n.<\/p>\n\n\n\n<p>Se discute en extremos opuestos sobre la forma en que deben ofrecerse los servicios de atenci\u00f3n m\u00e9dica, predominantemente hospitalarios, perdiendo de vista que, en M\u00e9xico \u2014como en muchos otros pa\u00edses\u2014, no existe ni ha existido un modelo integral de atenci\u00f3n primaria.<\/p>\n\n\n\n<p>Es impostergable promover un cambio de paradigma, reorientando los esfuerzos hacia la Atenci\u00f3n Primaria en Salud y, con ello, avanzar hacia un nuevo Sistema Nacional de Salud P\u00fablica. Es momento de retomar este tema crucial para el presente y el futuro de nuestro pa\u00eds.<\/p>\n","protected":false},"excerpt":{"rendered":"<p>Dr. Valent\u00edn Herrera Alarc\u00f3n Veracruz con Coraz\u00f3n La Atenci\u00f3n Primaria en Salud (APS) es el eterno \u201cprimer nivel\u201d que los sistemas sanitarios del mundo dicen venerar, pero que, en la pr\u00e1ctica, tratan m\u00e1s como una sala de espera presupuestaria. Sin duda, pol\u00edticamente es m\u00e1s rentable inaugurar hospitales que fortalecer redes de primer contacto que, operadas [&hellip;]<\/p>\n","protected":false},"author":2,"featured_media":165938,"comment_status":"closed","ping_status":"closed","sticky":false,"template":"","format":"standard","meta":{"tdm_status":"","tdm_grid_status":"","footnotes":""},"categories":[70],"tags":[62212,62216,62214,62213,62215,62217],"class_list":{"0":"post-169757","1":"post","2":"type-post","3":"status-publish","4":"format-standard","5":"has-post-thumbnail","7":"category-de-opinion","8":"tag-atencion-primaria-en-salud-mexico","9":"tag-crisis-sistema-salud-publica-mexico","10":"tag-declaracion-de-alma-ata-vigencia-2026","11":"tag-dr-valentin-herrera-alarcon-salud","12":"tag-prevencion-vs-hospitalizacion-costos","13":"tag-reforma-sistema-nacional-salud-publica"},"yoast_head":"<!-- This site is optimized with the Yoast SEO plugin v27.4 - https:\/\/yoast.com\/product\/yoast-seo-wordpress\/ -->\n<title>EL FRACASO SILENCIOSO DE LA ATENCI\u00d3N PRIMARIA EN SALUD - Los pol\u00edticos Veracruz<\/title>\n<meta name=\"robots\" content=\"index, follow, max-snippet:-1, max-image-preview:large, max-video-preview:-1\" \/>\n<link rel=\"canonical\" href=\"https:\/\/lospoliticosveracruz.com\/?p=169757\" \/>\n<meta property=\"og:locale\" content=\"es_ES\" \/>\n<meta property=\"og:type\" content=\"article\" \/>\n<meta property=\"og:title\" content=\"EL FRACASO SILENCIOSO DE LA ATENCI\u00d3N PRIMARIA EN SALUD - Los pol\u00edticos Veracruz\" \/>\n<meta property=\"og:description\" content=\"Dr. Valent\u00edn Herrera Alarc\u00f3n Veracruz con Coraz\u00f3n La Atenci\u00f3n Primaria en Salud (APS) es el eterno \u201cprimer nivel\u201d que los sistemas sanitarios del mundo dicen venerar, pero que, en la pr\u00e1ctica, tratan m\u00e1s como una sala de espera presupuestaria. Sin duda, pol\u00edticamente es m\u00e1s rentable inaugurar hospitales que fortalecer redes de primer contacto que, operadas [&hellip;]\" \/>\n<meta property=\"og:url\" content=\"https:\/\/lospoliticosveracruz.com\/?p=169757\" \/>\n<meta property=\"og:site_name\" content=\"Los pol\u00edticos Veracruz\" \/>\n<meta property=\"article:publisher\" content=\"https:\/\/www.facebook.com\/people\/Notimemes-de-los-Polticos\/61565672886568\/\" \/>\n<meta property=\"article:published_time\" content=\"2026-04-25T02:30:52+00:00\" \/>\n<meta property=\"article:modified_time\" content=\"2026-04-25T02:31:11+00:00\" \/>\n<meta property=\"og:image\" content=\"https:\/\/lospoliticosveracruz.com\/wp-content\/uploads\/2026\/03\/Dr.-Valentin-Herrera-Alarcon.jpg\" \/>\n\t<meta property=\"og:image:width\" content=\"1250\" \/>\n\t<meta property=\"og:image:height\" content=\"667\" \/>\n\t<meta property=\"og:image:type\" content=\"image\/jpeg\" \/>\n<meta name=\"author\" content=\"Lo viste en Los Pol\u00edticos\" \/>\n<meta name=\"twitter:card\" content=\"summary_large_image\" \/>\n<meta name=\"twitter:creator\" content=\"@LosPoliticosVer\" \/>\n<meta name=\"twitter:site\" content=\"@LosPoliticosVer\" \/>\n<meta name=\"twitter:label1\" content=\"Escrito por\" \/>\n\t<meta name=\"twitter:data1\" content=\"Lo viste en Los Pol\u00edticos\" \/>\n\t<meta name=\"twitter:label2\" content=\"Tiempo de lectura\" \/>\n\t<meta name=\"twitter:data2\" content=\"5 minutos\" \/>\n<script type=\"application\/ld+json\" class=\"yoast-schema-graph\">{\"@context\":\"https:\\\/\\\/schema.org\",\"@graph\":[{\"@type\":\"Article\",\"@id\":\"https:\\\/\\\/lospoliticosveracruz.com\\\/?p=169757#article\",\"isPartOf\":{\"@id\":\"https:\\\/\\\/lospoliticosveracruz.com\\\/?p=169757\"},\"author\":{\"name\":\"Lo viste en Los Pol\u00edticos\",\"@id\":\"https:\\\/\\\/lospoliticosveracruz.com\\\/#\\\/schema\\\/person\\\/b8702bb0e538456e6efd07080bf2a4a2\"},\"headline\":\"EL FRACASO SILENCIOSO DE LA ATENCI\u00d3N PRIMARIA EN SALUD\",\"datePublished\":\"2026-04-25T02:30:52+00:00\",\"dateModified\":\"2026-04-25T02:31:11+00:00\",\"mainEntityOfPage\":{\"@id\":\"https:\\\/\\\/lospoliticosveracruz.com\\\/?p=169757\"},\"wordCount\":928,\"publisher\":{\"@id\":\"https:\\\/\\\/lospoliticosveracruz.com\\\/#organization\"},\"image\":{\"@id\":\"https:\\\/\\\/lospoliticosveracruz.com\\\/?p=169757#primaryimage\"},\"thumbnailUrl\":\"https:\\\/\\\/lospoliticosveracruz.com\\\/wp-content\\\/uploads\\\/2026\\\/03\\\/Dr.-Valentin-Herrera-Alarcon.jpg\",\"keywords\":[\"Atenci\u00f3n Primaria en Salud M\u00e9xico\",\"Crisis sistema salud p\u00fablica M\u00e9xico\",\"Declaraci\u00f3n de Alma-Ata vigencia 2026\",\"Dr. Valent\u00edn Herrera Alarc\u00f3n salud\",\"Prevenci\u00f3n vs hospitalizaci\u00f3n costos\",\"Reforma Sistema Nacional Salud P\u00fablica\"],\"articleSection\":[\"De Opini\u00f3n\"],\"inLanguage\":\"es\"},{\"@type\":\"WebPage\",\"@id\":\"https:\\\/\\\/lospoliticosveracruz.com\\\/?p=169757\",\"url\":\"https:\\\/\\\/lospoliticosveracruz.com\\\/?p=169757\",\"name\":\"EL FRACASO SILENCIOSO DE LA ATENCI\u00d3N PRIMARIA EN SALUD - Los pol\u00edticos Veracruz\",\"isPartOf\":{\"@id\":\"https:\\\/\\\/lospoliticosveracruz.com\\\/#website\"},\"primaryImageOfPage\":{\"@id\":\"https:\\\/\\\/lospoliticosveracruz.com\\\/?p=169757#primaryimage\"},\"image\":{\"@id\":\"https:\\\/\\\/lospoliticosveracruz.com\\\/?p=169757#primaryimage\"},\"thumbnailUrl\":\"https:\\\/\\\/lospoliticosveracruz.com\\\/wp-content\\\/uploads\\\/2026\\\/03\\\/Dr.-Valentin-Herrera-Alarcon.jpg\",\"datePublished\":\"2026-04-25T02:30:52+00:00\",\"dateModified\":\"2026-04-25T02:31:11+00:00\",\"breadcrumb\":{\"@id\":\"https:\\\/\\\/lospoliticosveracruz.com\\\/?p=169757#breadcrumb\"},\"inLanguage\":\"es\",\"potentialAction\":[{\"@type\":\"ReadAction\",\"target\":[\"https:\\\/\\\/lospoliticosveracruz.com\\\/?p=169757\"]}]},{\"@type\":\"ImageObject\",\"inLanguage\":\"es\",\"@id\":\"https:\\\/\\\/lospoliticosveracruz.com\\\/?p=169757#primaryimage\",\"url\":\"https:\\\/\\\/lospoliticosveracruz.com\\\/wp-content\\\/uploads\\\/2026\\\/03\\\/Dr.-Valentin-Herrera-Alarcon.jpg\",\"contentUrl\":\"https:\\\/\\\/lospoliticosveracruz.com\\\/wp-content\\\/uploads\\\/2026\\\/03\\\/Dr.-Valentin-Herrera-Alarcon.jpg\",\"width\":1250,\"height\":667},{\"@type\":\"BreadcrumbList\",\"@id\":\"https:\\\/\\\/lospoliticosveracruz.com\\\/?p=169757#breadcrumb\",\"itemListElement\":[{\"@type\":\"ListItem\",\"position\":1,\"name\":\"Portada\",\"item\":\"https:\\\/\\\/lospoliticosveracruz.com\\\/\"},{\"@type\":\"ListItem\",\"position\":2,\"name\":\"EL FRACASO SILENCIOSO DE LA ATENCI\u00d3N PRIMARIA EN SALUD\"}]},{\"@type\":\"WebSite\",\"@id\":\"https:\\\/\\\/lospoliticosveracruz.com\\\/#website\",\"url\":\"https:\\\/\\\/lospoliticosveracruz.com\\\/\",\"name\":\"Los pol\u00edticos Veracruz\",\"description\":\"\",\"publisher\":{\"@id\":\"https:\\\/\\\/lospoliticosveracruz.com\\\/#organization\"},\"potentialAction\":[{\"@type\":\"SearchAction\",\"target\":{\"@type\":\"EntryPoint\",\"urlTemplate\":\"https:\\\/\\\/lospoliticosveracruz.com\\\/?s={search_term_string}\"},\"query-input\":{\"@type\":\"PropertyValueSpecification\",\"valueRequired\":true,\"valueName\":\"search_term_string\"}}],\"inLanguage\":\"es\"},{\"@type\":\"Organization\",\"@id\":\"https:\\\/\\\/lospoliticosveracruz.com\\\/#organization\",\"name\":\"Los pol\u00edticos Veracruz\",\"url\":\"https:\\\/\\\/lospoliticosveracruz.com\\\/\",\"logo\":{\"@type\":\"ImageObject\",\"inLanguage\":\"es\",\"@id\":\"https:\\\/\\\/lospoliticosveracruz.com\\\/#\\\/schema\\\/logo\\\/image\\\/\",\"url\":\"https:\\\/\\\/lospoliticosveracruz.com\\\/wp-content\\\/uploads\\\/2025\\\/12\\\/Logo-Nuevo-LOS-POLITICOS-1.jpg\",\"contentUrl\":\"https:\\\/\\\/lospoliticosveracruz.com\\\/wp-content\\\/uploads\\\/2025\\\/12\\\/Logo-Nuevo-LOS-POLITICOS-1.jpg\",\"width\":260,\"height\":70,\"caption\":\"Los pol\u00edticos Veracruz\"},\"image\":{\"@id\":\"https:\\\/\\\/lospoliticosveracruz.com\\\/#\\\/schema\\\/logo\\\/image\\\/\"},\"sameAs\":[\"https:\\\/\\\/www.facebook.com\\\/people\\\/Notimemes-de-los-Polticos\\\/61565672886568\\\/\",\"https:\\\/\\\/x.com\\\/LosPoliticosVer\"]},{\"@type\":\"Person\",\"@id\":\"https:\\\/\\\/lospoliticosveracruz.com\\\/#\\\/schema\\\/person\\\/b8702bb0e538456e6efd07080bf2a4a2\",\"name\":\"Lo viste en Los Pol\u00edticos\",\"image\":{\"@type\":\"ImageObject\",\"inLanguage\":\"es\",\"@id\":\"https:\\\/\\\/secure.gravatar.com\\\/avatar\\\/3a8de04a2656d44082be478bd6c086daa447c4651605818287b9532d3d0bd435?s=96&d=mm&r=g\",\"url\":\"https:\\\/\\\/secure.gravatar.com\\\/avatar\\\/3a8de04a2656d44082be478bd6c086daa447c4651605818287b9532d3d0bd435?s=96&d=mm&r=g\",\"contentUrl\":\"https:\\\/\\\/secure.gravatar.com\\\/avatar\\\/3a8de04a2656d44082be478bd6c086daa447c4651605818287b9532d3d0bd435?s=96&d=mm&r=g\",\"caption\":\"Lo viste en Los Pol\u00edticos\"},\"url\":\"https:\\\/\\\/lospoliticosveracruz.com\\\/?author=2\"}]}<\/script>\n<!-- \/ Yoast SEO plugin. -->","yoast_head_json":{"title":"EL FRACASO SILENCIOSO DE LA ATENCI\u00d3N PRIMARIA EN SALUD - Los pol\u00edticos Veracruz","robots":{"index":"index","follow":"follow","max-snippet":"max-snippet:-1","max-image-preview":"max-image-preview:large","max-video-preview":"max-video-preview:-1"},"canonical":"https:\/\/lospoliticosveracruz.com\/?p=169757","og_locale":"es_ES","og_type":"article","og_title":"EL FRACASO SILENCIOSO DE LA ATENCI\u00d3N PRIMARIA EN SALUD - Los pol\u00edticos Veracruz","og_description":"Dr. Valent\u00edn Herrera Alarc\u00f3n Veracruz con Coraz\u00f3n La Atenci\u00f3n Primaria en Salud (APS) es el eterno \u201cprimer nivel\u201d que los sistemas sanitarios del mundo dicen venerar, pero que, en la pr\u00e1ctica, tratan m\u00e1s como una sala de espera presupuestaria. Sin duda, pol\u00edticamente es m\u00e1s rentable inaugurar hospitales que fortalecer redes de primer contacto que, operadas [&hellip;]","og_url":"https:\/\/lospoliticosveracruz.com\/?p=169757","og_site_name":"Los pol\u00edticos Veracruz","article_publisher":"https:\/\/www.facebook.com\/people\/Notimemes-de-los-Polticos\/61565672886568\/","article_published_time":"2026-04-25T02:30:52+00:00","article_modified_time":"2026-04-25T02:31:11+00:00","og_image":[{"width":1250,"height":667,"url":"https:\/\/lospoliticosveracruz.com\/wp-content\/uploads\/2026\/03\/Dr.-Valentin-Herrera-Alarcon.jpg","type":"image\/jpeg"}],"author":"Lo viste en Los Pol\u00edticos","twitter_card":"summary_large_image","twitter_creator":"@LosPoliticosVer","twitter_site":"@LosPoliticosVer","twitter_misc":{"Escrito por":"Lo viste en Los Pol\u00edticos","Tiempo de lectura":"5 minutos"},"schema":{"@context":"https:\/\/schema.org","@graph":[{"@type":"Article","@id":"https:\/\/lospoliticosveracruz.com\/?p=169757#article","isPartOf":{"@id":"https:\/\/lospoliticosveracruz.com\/?p=169757"},"author":{"name":"Lo viste en Los Pol\u00edticos","@id":"https:\/\/lospoliticosveracruz.com\/#\/schema\/person\/b8702bb0e538456e6efd07080bf2a4a2"},"headline":"EL FRACASO SILENCIOSO DE LA ATENCI\u00d3N PRIMARIA EN SALUD","datePublished":"2026-04-25T02:30:52+00:00","dateModified":"2026-04-25T02:31:11+00:00","mainEntityOfPage":{"@id":"https:\/\/lospoliticosveracruz.com\/?p=169757"},"wordCount":928,"publisher":{"@id":"https:\/\/lospoliticosveracruz.com\/#organization"},"image":{"@id":"https:\/\/lospoliticosveracruz.com\/?p=169757#primaryimage"},"thumbnailUrl":"https:\/\/lospoliticosveracruz.com\/wp-content\/uploads\/2026\/03\/Dr.-Valentin-Herrera-Alarcon.jpg","keywords":["Atenci\u00f3n Primaria en Salud M\u00e9xico","Crisis sistema salud p\u00fablica M\u00e9xico","Declaraci\u00f3n de Alma-Ata vigencia 2026","Dr. Valent\u00edn Herrera Alarc\u00f3n salud","Prevenci\u00f3n vs hospitalizaci\u00f3n costos","Reforma Sistema Nacional Salud P\u00fablica"],"articleSection":["De Opini\u00f3n"],"inLanguage":"es"},{"@type":"WebPage","@id":"https:\/\/lospoliticosveracruz.com\/?p=169757","url":"https:\/\/lospoliticosveracruz.com\/?p=169757","name":"EL FRACASO SILENCIOSO DE LA ATENCI\u00d3N PRIMARIA EN SALUD - Los pol\u00edticos Veracruz","isPartOf":{"@id":"https:\/\/lospoliticosveracruz.com\/#website"},"primaryImageOfPage":{"@id":"https:\/\/lospoliticosveracruz.com\/?p=169757#primaryimage"},"image":{"@id":"https:\/\/lospoliticosveracruz.com\/?p=169757#primaryimage"},"thumbnailUrl":"https:\/\/lospoliticosveracruz.com\/wp-content\/uploads\/2026\/03\/Dr.-Valentin-Herrera-Alarcon.jpg","datePublished":"2026-04-25T02:30:52+00:00","dateModified":"2026-04-25T02:31:11+00:00","breadcrumb":{"@id":"https:\/\/lospoliticosveracruz.com\/?p=169757#breadcrumb"},"inLanguage":"es","potentialAction":[{"@type":"ReadAction","target":["https:\/\/lospoliticosveracruz.com\/?p=169757"]}]},{"@type":"ImageObject","inLanguage":"es","@id":"https:\/\/lospoliticosveracruz.com\/?p=169757#primaryimage","url":"https:\/\/lospoliticosveracruz.com\/wp-content\/uploads\/2026\/03\/Dr.-Valentin-Herrera-Alarcon.jpg","contentUrl":"https:\/\/lospoliticosveracruz.com\/wp-content\/uploads\/2026\/03\/Dr.-Valentin-Herrera-Alarcon.jpg","width":1250,"height":667},{"@type":"BreadcrumbList","@id":"https:\/\/lospoliticosveracruz.com\/?p=169757#breadcrumb","itemListElement":[{"@type":"ListItem","position":1,"name":"Portada","item":"https:\/\/lospoliticosveracruz.com\/"},{"@type":"ListItem","position":2,"name":"EL FRACASO SILENCIOSO DE LA ATENCI\u00d3N PRIMARIA EN SALUD"}]},{"@type":"WebSite","@id":"https:\/\/lospoliticosveracruz.com\/#website","url":"https:\/\/lospoliticosveracruz.com\/","name":"Los pol\u00edticos Veracruz","description":"","publisher":{"@id":"https:\/\/lospoliticosveracruz.com\/#organization"},"potentialAction":[{"@type":"SearchAction","target":{"@type":"EntryPoint","urlTemplate":"https:\/\/lospoliticosveracruz.com\/?s={search_term_string}"},"query-input":{"@type":"PropertyValueSpecification","valueRequired":true,"valueName":"search_term_string"}}],"inLanguage":"es"},{"@type":"Organization","@id":"https:\/\/lospoliticosveracruz.com\/#organization","name":"Los pol\u00edticos Veracruz","url":"https:\/\/lospoliticosveracruz.com\/","logo":{"@type":"ImageObject","inLanguage":"es","@id":"https:\/\/lospoliticosveracruz.com\/#\/schema\/logo\/image\/","url":"https:\/\/lospoliticosveracruz.com\/wp-content\/uploads\/2025\/12\/Logo-Nuevo-LOS-POLITICOS-1.jpg","contentUrl":"https:\/\/lospoliticosveracruz.com\/wp-content\/uploads\/2025\/12\/Logo-Nuevo-LOS-POLITICOS-1.jpg","width":260,"height":70,"caption":"Los pol\u00edticos Veracruz"},"image":{"@id":"https:\/\/lospoliticosveracruz.com\/#\/schema\/logo\/image\/"},"sameAs":["https:\/\/www.facebook.com\/people\/Notimemes-de-los-Polticos\/61565672886568\/","https:\/\/x.com\/LosPoliticosVer"]},{"@type":"Person","@id":"https:\/\/lospoliticosveracruz.com\/#\/schema\/person\/b8702bb0e538456e6efd07080bf2a4a2","name":"Lo viste en Los Pol\u00edticos","image":{"@type":"ImageObject","inLanguage":"es","@id":"https:\/\/secure.gravatar.com\/avatar\/3a8de04a2656d44082be478bd6c086daa447c4651605818287b9532d3d0bd435?s=96&d=mm&r=g","url":"https:\/\/secure.gravatar.com\/avatar\/3a8de04a2656d44082be478bd6c086daa447c4651605818287b9532d3d0bd435?s=96&d=mm&r=g","contentUrl":"https:\/\/secure.gravatar.com\/avatar\/3a8de04a2656d44082be478bd6c086daa447c4651605818287b9532d3d0bd435?s=96&d=mm&r=g","caption":"Lo viste en Los Pol\u00edticos"},"url":"https:\/\/lospoliticosveracruz.com\/?author=2"}]}},"_links":{"self":[{"href":"https:\/\/lospoliticosveracruz.com\/index.php?rest_route=\/wp\/v2\/posts\/169757","targetHints":{"allow":["GET"]}}],"collection":[{"href":"https:\/\/lospoliticosveracruz.com\/index.php?rest_route=\/wp\/v2\/posts"}],"about":[{"href":"https:\/\/lospoliticosveracruz.com\/index.php?rest_route=\/wp\/v2\/types\/post"}],"author":[{"embeddable":true,"href":"https:\/\/lospoliticosveracruz.com\/index.php?rest_route=\/wp\/v2\/users\/2"}],"replies":[{"embeddable":true,"href":"https:\/\/lospoliticosveracruz.com\/index.php?rest_route=%2Fwp%2Fv2%2Fcomments&post=169757"}],"version-history":[{"count":1,"href":"https:\/\/lospoliticosveracruz.com\/index.php?rest_route=\/wp\/v2\/posts\/169757\/revisions"}],"predecessor-version":[{"id":169758,"href":"https:\/\/lospoliticosveracruz.com\/index.php?rest_route=\/wp\/v2\/posts\/169757\/revisions\/169758"}],"wp:featuredmedia":[{"embeddable":true,"href":"https:\/\/lospoliticosveracruz.com\/index.php?rest_route=\/wp\/v2\/media\/165938"}],"wp:attachment":[{"href":"https:\/\/lospoliticosveracruz.com\/index.php?rest_route=%2Fwp%2Fv2%2Fmedia&parent=169757"}],"wp:term":[{"taxonomy":"category","embeddable":true,"href":"https:\/\/lospoliticosveracruz.com\/index.php?rest_route=%2Fwp%2Fv2%2Fcategories&post=169757"},{"taxonomy":"post_tag","embeddable":true,"href":"https:\/\/lospoliticosveracruz.com\/index.php?rest_route=%2Fwp%2Fv2%2Ftags&post=169757"}],"curies":[{"name":"wp","href":"https:\/\/api.w.org\/{rel}","templated":true}]}}