{"id":169762,"date":"2026-04-24T21:15:59","date_gmt":"2026-04-25T03:15:59","guid":{"rendered":"https:\/\/lospoliticosveracruz.com\/?p=169762"},"modified":"2026-04-24T21:16:00","modified_gmt":"2026-04-25T03:16:00","slug":"sinaloa-bajo-advertencia","status":"publish","type":"post","link":"https:\/\/lospoliticosveracruz.com\/?p=169762","title":{"rendered":"SINALOA BAJO ADVERTENCIA"},"content":{"rendered":"\n<p><strong>Carlos Miguel Acosta Bravo<br><\/strong><em>Impronta<\/em><\/p>\n\n\n\n<p>El mensaje del embajador estadounidense no es diplomacia rutinaria, es una se\u00f1al de alerta que pone en jaque la confianza y exhibe las debilidades estructurales del entorno de inversi\u00f3n en M\u00e9xico.<br>Por momentos, la pol\u00edtica exterior parece moverse en c\u00f3digos suaves, casi imperceptibles. Pero hay declaraciones que rompen esa inercia y aterrizan con fuerza en el terreno econ\u00f3mico. El reciente se\u00f1alamiento del embajador de Estados Unidos en M\u00e9xico, Ronald Johnson, es uno de ellos. No se trata de una opini\u00f3n aislada, sino de un mensaje directo al coraz\u00f3n de los mercados, sin certeza jur\u00eddica, seguridad y combate a la corrupci\u00f3n, no hay inversi\u00f3n sostenible.<br>El caso de Sinaloa se vuelve paradigm\u00e1tico. En un contexto donde la competencia global por atraer capital es feroz, cualquier indicio de debilidad institucional pesa. Y pesa mucho. Cuando un diplom\u00e1tico de alto nivel advierte sobre riesgos, lo que realmente ocurre es un ajuste inmediato en la percepci\u00f3n, los inversionistas recalibran, dudan, frenan.<br>La primera consecuencia es silenciosa pero poderosa, aumenta el riesgo percibido. No hace falta que cambien las leyes para que el capital se retraiga; basta con la sospecha de que podr\u00edan cambiar de forma arbitraria. La posibilidad de conflictos legales, la fragilidad de los contratos o la sombra de la corrupci\u00f3n generan un entorno donde invertir deja de ser una apuesta estrat\u00e9gica y se convierte en una decisi\u00f3n defensiva.<br>A partir de ah\u00ed, el efecto domin\u00f3 es inevitable. Proyectos que estaban en fase de an\u00e1lisis se posponen, otros se reeval\u00faan y algunos, simplemente, se mudan. Porque el capital \u2014especialmente el estadounidense\u2014 no s\u00f3lo busca rentabilidad, busca certidumbre. Y bajo marcos regulatorios como el de la Ley de Pr\u00e1cticas Corruptas en el Extranjero (FCPA), las empresas no pueden darse el lujo de operar en entornos donde la opacidad o la ilegalidad sean riesgos latentes.<br>Incluso cuando la inversi\u00f3n no se cancela, se encarece. M\u00e1s abogados, m\u00e1s seguros, m\u00e1s protocolos, m\u00e1s seguridad privada. El resultado es claro, proyectos menos competitivos, menos atractivos y, en muchos casos, menos viables. En otras palabras, la incertidumbre no s\u00f3lo ahuyenta el capital, tambi\u00e9n lo deforma.<br>Pero el impacto no se queda en lo econ\u00f3mico. La declaraci\u00f3n de Ronald Johnson tambi\u00e9n activa un mecanismo de presi\u00f3n internacional. Los organismos financieros, las calificadoras de riesgo y las c\u00e1maras empresariales toman nota. La reputaci\u00f3n de un estado \u2014y por extensi\u00f3n del pa\u00eds\u2014 entra en juego. Y en ese terreno, recuperar la confianza es mucho m\u00e1s dif\u00edcil que perderla.<br>No todos los sectores reaccionan igual, pero algunos son particularmente sensibles. La manufactura de exportaci\u00f3n depende de reglas claras; la energ\u00eda y la infraestructura requieren estabilidad a largo plazo. En esos rubros, la incertidumbre no es tolerable. Otros sectores, como el comercio o los servicios, pueden adaptarse, pero no compensan la p\u00e9rdida de inversiones estrat\u00e9gicas.<br>El fondo del asunto es m\u00e1s profundo, la inversi\u00f3n extranjera ya no responde \u00fanicamente a costos bajos o ventajas geogr\u00e1ficas. Hoy, el verdadero diferencial competitivo es el estado de derecho. La certeza jur\u00eddica \u2014esa garant\u00eda de que las reglas no cambiar\u00e1n, de que los contratos se respetar\u00e1n y de que las instituciones funcionar\u00e1n\u2014 se ha convertido en el activo m\u00e1s valioso de cualquier econom\u00eda.<br>\u00bfSignifica esto un golpe inmediato a la inversi\u00f3n en Sinaloa? No necesariamente. Pero s\u00ed representa un factor disuasivo que puede inclinar decisiones clave. En un escenario donde los capitales comparan destinos, basta una duda para perder la oportunidad.<br>La advertencia est\u00e1 sobre la mesa. Ignorarla ser\u00eda un error. Porque cuando la inversi\u00f3n duda, el desarrollo se detiene. Y en esa pausa, otros avanzan.<br>Comente u opine a:<br>cacostabravo@yahoo.com.mx<br>Maestro en Comunicaci\u00f3n por la Universidad Iberoamericana. Form\u00f3 parte del cuerpo acad\u00e9mico en comunicaci\u00f3n en la Ibero y en la Universidad An\u00e1huac, campus norte CDMX.<\/p>\n","protected":false},"excerpt":{"rendered":"<p>Carlos Miguel Acosta BravoImpronta El mensaje del embajador estadounidense no es diplomacia rutinaria, es una se\u00f1al de alerta que pone en jaque la confianza y exhibe las debilidades estructurales del entorno de inversi\u00f3n en M\u00e9xico.Por momentos, la pol\u00edtica exterior parece moverse en c\u00f3digos suaves, casi imperceptibles. Pero hay declaraciones que rompen esa inercia y aterrizan [&hellip;]<\/p>\n","protected":false},"author":2,"featured_media":141377,"comment_status":"closed","ping_status":"closed","sticky":false,"template":"","format":"standard","meta":{"tdm_status":"","tdm_grid_status":"","footnotes":""},"categories":[70],"tags":[62223,62227,62228,62225,62226,62224],"class_list":{"0":"post-169762","1":"post","2":"type-post","3":"status-publish","4":"format-standard","5":"has-post-thumbnail","7":"category-de-opinion","8":"tag-carlos-miguel-acosta-bravo-sinaloa-inversion","9":"tag-certeza-juridica-inversion-extranjera-2026","10":"tag-estado-de-derecho-competitividad-mexico","11":"tag-impacto-economico-inseguridad-sinaloa","12":"tag-riesgo-pais-y-desarrollo-economico","13":"tag-ronald-johnson-embajador-seguridad-mexico"},"yoast_head":"<!-- This site is optimized with the Yoast SEO plugin v27.4 - https:\/\/yoast.com\/product\/yoast-seo-wordpress\/ -->\n<title>SINALOA BAJO ADVERTENCIA - Los pol\u00edticos Veracruz<\/title>\n<meta name=\"robots\" content=\"index, follow, max-snippet:-1, max-image-preview:large, max-video-preview:-1\" \/>\n<link rel=\"canonical\" href=\"https:\/\/lospoliticosveracruz.com\/?p=169762\" \/>\n<meta property=\"og:locale\" content=\"es_ES\" \/>\n<meta property=\"og:type\" content=\"article\" \/>\n<meta property=\"og:title\" content=\"SINALOA BAJO ADVERTENCIA - Los pol\u00edticos Veracruz\" \/>\n<meta property=\"og:description\" content=\"Carlos Miguel Acosta BravoImpronta El mensaje del embajador estadounidense no es diplomacia rutinaria, es una se\u00f1al de alerta que pone en jaque la confianza y exhibe las debilidades estructurales del entorno de inversi\u00f3n en M\u00e9xico.Por momentos, la pol\u00edtica exterior parece moverse en c\u00f3digos suaves, casi imperceptibles. Pero hay declaraciones que rompen esa inercia y aterrizan [&hellip;]\" \/>\n<meta property=\"og:url\" content=\"https:\/\/lospoliticosveracruz.com\/?p=169762\" \/>\n<meta property=\"og:site_name\" content=\"Los pol\u00edticos Veracruz\" \/>\n<meta property=\"article:publisher\" content=\"https:\/\/www.facebook.com\/people\/Notimemes-de-los-Polticos\/61565672886568\/\" \/>\n<meta property=\"article:published_time\" content=\"2026-04-25T03:15:59+00:00\" \/>\n<meta property=\"article:modified_time\" content=\"2026-04-25T03:16:00+00:00\" \/>\n<meta property=\"og:image\" content=\"https:\/\/lospoliticosveracruz.com\/wp-content\/uploads\/2025\/04\/Carlos-Miguel-Acosta-Bravo.jpg\" \/>\n\t<meta property=\"og:image:width\" content=\"1250\" \/>\n\t<meta property=\"og:image:height\" content=\"667\" \/>\n\t<meta property=\"og:image:type\" content=\"image\/jpeg\" \/>\n<meta name=\"author\" content=\"Lo viste en Los Pol\u00edticos\" \/>\n<meta name=\"twitter:card\" content=\"summary_large_image\" \/>\n<meta name=\"twitter:creator\" content=\"@LosPoliticosVer\" \/>\n<meta name=\"twitter:site\" content=\"@LosPoliticosVer\" \/>\n<meta name=\"twitter:label1\" content=\"Escrito por\" \/>\n\t<meta name=\"twitter:data1\" content=\"Lo viste en Los Pol\u00edticos\" \/>\n\t<meta name=\"twitter:label2\" content=\"Tiempo de lectura\" \/>\n\t<meta name=\"twitter:data2\" content=\"4 minutos\" \/>\n<script type=\"application\/ld+json\" class=\"yoast-schema-graph\">{\"@context\":\"https:\\\/\\\/schema.org\",\"@graph\":[{\"@type\":\"Article\",\"@id\":\"https:\\\/\\\/lospoliticosveracruz.com\\\/?p=169762#article\",\"isPartOf\":{\"@id\":\"https:\\\/\\\/lospoliticosveracruz.com\\\/?p=169762\"},\"author\":{\"name\":\"Lo viste en Los Pol\u00edticos\",\"@id\":\"https:\\\/\\\/lospoliticosveracruz.com\\\/#\\\/schema\\\/person\\\/b8702bb0e538456e6efd07080bf2a4a2\"},\"headline\":\"SINALOA BAJO ADVERTENCIA\",\"datePublished\":\"2026-04-25T03:15:59+00:00\",\"dateModified\":\"2026-04-25T03:16:00+00:00\",\"mainEntityOfPage\":{\"@id\":\"https:\\\/\\\/lospoliticosveracruz.com\\\/?p=169762\"},\"wordCount\":690,\"publisher\":{\"@id\":\"https:\\\/\\\/lospoliticosveracruz.com\\\/#organization\"},\"image\":{\"@id\":\"https:\\\/\\\/lospoliticosveracruz.com\\\/?p=169762#primaryimage\"},\"thumbnailUrl\":\"https:\\\/\\\/lospoliticosveracruz.com\\\/wp-content\\\/uploads\\\/2025\\\/04\\\/Carlos-Miguel-Acosta-Bravo.jpg\",\"keywords\":[\"Carlos Miguel Acosta Bravo Sinaloa inversi\u00f3n\",\"Certeza jur\u00eddica inversi\u00f3n extranjera 2026\",\"Estado de Derecho competitividad M\u00e9xico\",\"Impacto econ\u00f3mico inseguridad Sinaloa\",\"Riesgo pa\u00eds y desarrollo econ\u00f3mico\",\"Ronald Johnson embajador seguridad M\u00e9xico\"],\"articleSection\":[\"De Opini\u00f3n\"],\"inLanguage\":\"es\"},{\"@type\":\"WebPage\",\"@id\":\"https:\\\/\\\/lospoliticosveracruz.com\\\/?p=169762\",\"url\":\"https:\\\/\\\/lospoliticosveracruz.com\\\/?p=169762\",\"name\":\"SINALOA BAJO ADVERTENCIA - Los pol\u00edticos Veracruz\",\"isPartOf\":{\"@id\":\"https:\\\/\\\/lospoliticosveracruz.com\\\/#website\"},\"primaryImageOfPage\":{\"@id\":\"https:\\\/\\\/lospoliticosveracruz.com\\\/?p=169762#primaryimage\"},\"image\":{\"@id\":\"https:\\\/\\\/lospoliticosveracruz.com\\\/?p=169762#primaryimage\"},\"thumbnailUrl\":\"https:\\\/\\\/lospoliticosveracruz.com\\\/wp-content\\\/uploads\\\/2025\\\/04\\\/Carlos-Miguel-Acosta-Bravo.jpg\",\"datePublished\":\"2026-04-25T03:15:59+00:00\",\"dateModified\":\"2026-04-25T03:16:00+00:00\",\"breadcrumb\":{\"@id\":\"https:\\\/\\\/lospoliticosveracruz.com\\\/?p=169762#breadcrumb\"},\"inLanguage\":\"es\",\"potentialAction\":[{\"@type\":\"ReadAction\",\"target\":[\"https:\\\/\\\/lospoliticosveracruz.com\\\/?p=169762\"]}]},{\"@type\":\"ImageObject\",\"inLanguage\":\"es\",\"@id\":\"https:\\\/\\\/lospoliticosveracruz.com\\\/?p=169762#primaryimage\",\"url\":\"https:\\\/\\\/lospoliticosveracruz.com\\\/wp-content\\\/uploads\\\/2025\\\/04\\\/Carlos-Miguel-Acosta-Bravo.jpg\",\"contentUrl\":\"https:\\\/\\\/lospoliticosveracruz.com\\\/wp-content\\\/uploads\\\/2025\\\/04\\\/Carlos-Miguel-Acosta-Bravo.jpg\",\"width\":1250,\"height\":667},{\"@type\":\"BreadcrumbList\",\"@id\":\"https:\\\/\\\/lospoliticosveracruz.com\\\/?p=169762#breadcrumb\",\"itemListElement\":[{\"@type\":\"ListItem\",\"position\":1,\"name\":\"Portada\",\"item\":\"https:\\\/\\\/lospoliticosveracruz.com\\\/\"},{\"@type\":\"ListItem\",\"position\":2,\"name\":\"SINALOA BAJO ADVERTENCIA\"}]},{\"@type\":\"WebSite\",\"@id\":\"https:\\\/\\\/lospoliticosveracruz.com\\\/#website\",\"url\":\"https:\\\/\\\/lospoliticosveracruz.com\\\/\",\"name\":\"Los pol\u00edticos Veracruz\",\"description\":\"\",\"publisher\":{\"@id\":\"https:\\\/\\\/lospoliticosveracruz.com\\\/#organization\"},\"potentialAction\":[{\"@type\":\"SearchAction\",\"target\":{\"@type\":\"EntryPoint\",\"urlTemplate\":\"https:\\\/\\\/lospoliticosveracruz.com\\\/?s={search_term_string}\"},\"query-input\":{\"@type\":\"PropertyValueSpecification\",\"valueRequired\":true,\"valueName\":\"search_term_string\"}}],\"inLanguage\":\"es\"},{\"@type\":\"Organization\",\"@id\":\"https:\\\/\\\/lospoliticosveracruz.com\\\/#organization\",\"name\":\"Los pol\u00edticos Veracruz\",\"url\":\"https:\\\/\\\/lospoliticosveracruz.com\\\/\",\"logo\":{\"@type\":\"ImageObject\",\"inLanguage\":\"es\",\"@id\":\"https:\\\/\\\/lospoliticosveracruz.com\\\/#\\\/schema\\\/logo\\\/image\\\/\",\"url\":\"https:\\\/\\\/lospoliticosveracruz.com\\\/wp-content\\\/uploads\\\/2025\\\/12\\\/Logo-Nuevo-LOS-POLITICOS-1.jpg\",\"contentUrl\":\"https:\\\/\\\/lospoliticosveracruz.com\\\/wp-content\\\/uploads\\\/2025\\\/12\\\/Logo-Nuevo-LOS-POLITICOS-1.jpg\",\"width\":260,\"height\":70,\"caption\":\"Los pol\u00edticos Veracruz\"},\"image\":{\"@id\":\"https:\\\/\\\/lospoliticosveracruz.com\\\/#\\\/schema\\\/logo\\\/image\\\/\"},\"sameAs\":[\"https:\\\/\\\/www.facebook.com\\\/people\\\/Notimemes-de-los-Polticos\\\/61565672886568\\\/\",\"https:\\\/\\\/x.com\\\/LosPoliticosVer\"]},{\"@type\":\"Person\",\"@id\":\"https:\\\/\\\/lospoliticosveracruz.com\\\/#\\\/schema\\\/person\\\/b8702bb0e538456e6efd07080bf2a4a2\",\"name\":\"Lo viste en Los Pol\u00edticos\",\"image\":{\"@type\":\"ImageObject\",\"inLanguage\":\"es\",\"@id\":\"https:\\\/\\\/secure.gravatar.com\\\/avatar\\\/3a8de04a2656d44082be478bd6c086daa447c4651605818287b9532d3d0bd435?s=96&d=mm&r=g\",\"url\":\"https:\\\/\\\/secure.gravatar.com\\\/avatar\\\/3a8de04a2656d44082be478bd6c086daa447c4651605818287b9532d3d0bd435?s=96&d=mm&r=g\",\"contentUrl\":\"https:\\\/\\\/secure.gravatar.com\\\/avatar\\\/3a8de04a2656d44082be478bd6c086daa447c4651605818287b9532d3d0bd435?s=96&d=mm&r=g\",\"caption\":\"Lo viste en Los Pol\u00edticos\"},\"url\":\"https:\\\/\\\/lospoliticosveracruz.com\\\/?author=2\"}]}<\/script>\n<!-- \/ Yoast SEO plugin. -->","yoast_head_json":{"title":"SINALOA BAJO ADVERTENCIA - Los pol\u00edticos Veracruz","robots":{"index":"index","follow":"follow","max-snippet":"max-snippet:-1","max-image-preview":"max-image-preview:large","max-video-preview":"max-video-preview:-1"},"canonical":"https:\/\/lospoliticosveracruz.com\/?p=169762","og_locale":"es_ES","og_type":"article","og_title":"SINALOA BAJO ADVERTENCIA - Los pol\u00edticos Veracruz","og_description":"Carlos Miguel Acosta BravoImpronta El mensaje del embajador estadounidense no es diplomacia rutinaria, es una se\u00f1al de alerta que pone en jaque la confianza y exhibe las debilidades estructurales del entorno de inversi\u00f3n en M\u00e9xico.Por momentos, la pol\u00edtica exterior parece moverse en c\u00f3digos suaves, casi imperceptibles. Pero hay declaraciones que rompen esa inercia y aterrizan [&hellip;]","og_url":"https:\/\/lospoliticosveracruz.com\/?p=169762","og_site_name":"Los pol\u00edticos Veracruz","article_publisher":"https:\/\/www.facebook.com\/people\/Notimemes-de-los-Polticos\/61565672886568\/","article_published_time":"2026-04-25T03:15:59+00:00","article_modified_time":"2026-04-25T03:16:00+00:00","og_image":[{"width":1250,"height":667,"url":"https:\/\/lospoliticosveracruz.com\/wp-content\/uploads\/2025\/04\/Carlos-Miguel-Acosta-Bravo.jpg","type":"image\/jpeg"}],"author":"Lo viste en Los Pol\u00edticos","twitter_card":"summary_large_image","twitter_creator":"@LosPoliticosVer","twitter_site":"@LosPoliticosVer","twitter_misc":{"Escrito por":"Lo viste en Los Pol\u00edticos","Tiempo de lectura":"4 minutos"},"schema":{"@context":"https:\/\/schema.org","@graph":[{"@type":"Article","@id":"https:\/\/lospoliticosveracruz.com\/?p=169762#article","isPartOf":{"@id":"https:\/\/lospoliticosveracruz.com\/?p=169762"},"author":{"name":"Lo viste en Los Pol\u00edticos","@id":"https:\/\/lospoliticosveracruz.com\/#\/schema\/person\/b8702bb0e538456e6efd07080bf2a4a2"},"headline":"SINALOA BAJO ADVERTENCIA","datePublished":"2026-04-25T03:15:59+00:00","dateModified":"2026-04-25T03:16:00+00:00","mainEntityOfPage":{"@id":"https:\/\/lospoliticosveracruz.com\/?p=169762"},"wordCount":690,"publisher":{"@id":"https:\/\/lospoliticosveracruz.com\/#organization"},"image":{"@id":"https:\/\/lospoliticosveracruz.com\/?p=169762#primaryimage"},"thumbnailUrl":"https:\/\/lospoliticosveracruz.com\/wp-content\/uploads\/2025\/04\/Carlos-Miguel-Acosta-Bravo.jpg","keywords":["Carlos Miguel Acosta Bravo Sinaloa inversi\u00f3n","Certeza jur\u00eddica inversi\u00f3n extranjera 2026","Estado de Derecho competitividad M\u00e9xico","Impacto econ\u00f3mico inseguridad Sinaloa","Riesgo pa\u00eds y desarrollo econ\u00f3mico","Ronald Johnson embajador seguridad M\u00e9xico"],"articleSection":["De Opini\u00f3n"],"inLanguage":"es"},{"@type":"WebPage","@id":"https:\/\/lospoliticosveracruz.com\/?p=169762","url":"https:\/\/lospoliticosveracruz.com\/?p=169762","name":"SINALOA BAJO ADVERTENCIA - Los pol\u00edticos Veracruz","isPartOf":{"@id":"https:\/\/lospoliticosveracruz.com\/#website"},"primaryImageOfPage":{"@id":"https:\/\/lospoliticosveracruz.com\/?p=169762#primaryimage"},"image":{"@id":"https:\/\/lospoliticosveracruz.com\/?p=169762#primaryimage"},"thumbnailUrl":"https:\/\/lospoliticosveracruz.com\/wp-content\/uploads\/2025\/04\/Carlos-Miguel-Acosta-Bravo.jpg","datePublished":"2026-04-25T03:15:59+00:00","dateModified":"2026-04-25T03:16:00+00:00","breadcrumb":{"@id":"https:\/\/lospoliticosveracruz.com\/?p=169762#breadcrumb"},"inLanguage":"es","potentialAction":[{"@type":"ReadAction","target":["https:\/\/lospoliticosveracruz.com\/?p=169762"]}]},{"@type":"ImageObject","inLanguage":"es","@id":"https:\/\/lospoliticosveracruz.com\/?p=169762#primaryimage","url":"https:\/\/lospoliticosveracruz.com\/wp-content\/uploads\/2025\/04\/Carlos-Miguel-Acosta-Bravo.jpg","contentUrl":"https:\/\/lospoliticosveracruz.com\/wp-content\/uploads\/2025\/04\/Carlos-Miguel-Acosta-Bravo.jpg","width":1250,"height":667},{"@type":"BreadcrumbList","@id":"https:\/\/lospoliticosveracruz.com\/?p=169762#breadcrumb","itemListElement":[{"@type":"ListItem","position":1,"name":"Portada","item":"https:\/\/lospoliticosveracruz.com\/"},{"@type":"ListItem","position":2,"name":"SINALOA BAJO ADVERTENCIA"}]},{"@type":"WebSite","@id":"https:\/\/lospoliticosveracruz.com\/#website","url":"https:\/\/lospoliticosveracruz.com\/","name":"Los pol\u00edticos Veracruz","description":"","publisher":{"@id":"https:\/\/lospoliticosveracruz.com\/#organization"},"potentialAction":[{"@type":"SearchAction","target":{"@type":"EntryPoint","urlTemplate":"https:\/\/lospoliticosveracruz.com\/?s={search_term_string}"},"query-input":{"@type":"PropertyValueSpecification","valueRequired":true,"valueName":"search_term_string"}}],"inLanguage":"es"},{"@type":"Organization","@id":"https:\/\/lospoliticosveracruz.com\/#organization","name":"Los pol\u00edticos Veracruz","url":"https:\/\/lospoliticosveracruz.com\/","logo":{"@type":"ImageObject","inLanguage":"es","@id":"https:\/\/lospoliticosveracruz.com\/#\/schema\/logo\/image\/","url":"https:\/\/lospoliticosveracruz.com\/wp-content\/uploads\/2025\/12\/Logo-Nuevo-LOS-POLITICOS-1.jpg","contentUrl":"https:\/\/lospoliticosveracruz.com\/wp-content\/uploads\/2025\/12\/Logo-Nuevo-LOS-POLITICOS-1.jpg","width":260,"height":70,"caption":"Los pol\u00edticos Veracruz"},"image":{"@id":"https:\/\/lospoliticosveracruz.com\/#\/schema\/logo\/image\/"},"sameAs":["https:\/\/www.facebook.com\/people\/Notimemes-de-los-Polticos\/61565672886568\/","https:\/\/x.com\/LosPoliticosVer"]},{"@type":"Person","@id":"https:\/\/lospoliticosveracruz.com\/#\/schema\/person\/b8702bb0e538456e6efd07080bf2a4a2","name":"Lo viste en Los Pol\u00edticos","image":{"@type":"ImageObject","inLanguage":"es","@id":"https:\/\/secure.gravatar.com\/avatar\/3a8de04a2656d44082be478bd6c086daa447c4651605818287b9532d3d0bd435?s=96&d=mm&r=g","url":"https:\/\/secure.gravatar.com\/avatar\/3a8de04a2656d44082be478bd6c086daa447c4651605818287b9532d3d0bd435?s=96&d=mm&r=g","contentUrl":"https:\/\/secure.gravatar.com\/avatar\/3a8de04a2656d44082be478bd6c086daa447c4651605818287b9532d3d0bd435?s=96&d=mm&r=g","caption":"Lo viste en Los Pol\u00edticos"},"url":"https:\/\/lospoliticosveracruz.com\/?author=2"}]}},"_links":{"self":[{"href":"https:\/\/lospoliticosveracruz.com\/index.php?rest_route=\/wp\/v2\/posts\/169762","targetHints":{"allow":["GET"]}}],"collection":[{"href":"https:\/\/lospoliticosveracruz.com\/index.php?rest_route=\/wp\/v2\/posts"}],"about":[{"href":"https:\/\/lospoliticosveracruz.com\/index.php?rest_route=\/wp\/v2\/types\/post"}],"author":[{"embeddable":true,"href":"https:\/\/lospoliticosveracruz.com\/index.php?rest_route=\/wp\/v2\/users\/2"}],"replies":[{"embeddable":true,"href":"https:\/\/lospoliticosveracruz.com\/index.php?rest_route=%2Fwp%2Fv2%2Fcomments&post=169762"}],"version-history":[{"count":1,"href":"https:\/\/lospoliticosveracruz.com\/index.php?rest_route=\/wp\/v2\/posts\/169762\/revisions"}],"predecessor-version":[{"id":169763,"href":"https:\/\/lospoliticosveracruz.com\/index.php?rest_route=\/wp\/v2\/posts\/169762\/revisions\/169763"}],"wp:featuredmedia":[{"embeddable":true,"href":"https:\/\/lospoliticosveracruz.com\/index.php?rest_route=\/wp\/v2\/media\/141377"}],"wp:attachment":[{"href":"https:\/\/lospoliticosveracruz.com\/index.php?rest_route=%2Fwp%2Fv2%2Fmedia&parent=169762"}],"wp:term":[{"taxonomy":"category","embeddable":true,"href":"https:\/\/lospoliticosveracruz.com\/index.php?rest_route=%2Fwp%2Fv2%2Fcategories&post=169762"},{"taxonomy":"post_tag","embeddable":true,"href":"https:\/\/lospoliticosveracruz.com\/index.php?rest_route=%2Fwp%2Fv2%2Ftags&post=169762"}],"curies":[{"name":"wp","href":"https:\/\/api.w.org\/{rel}","templated":true}]}}