{"id":169800,"date":"2026-04-25T18:30:23","date_gmt":"2026-04-26T00:30:23","guid":{"rendered":"https:\/\/lospoliticosveracruz.com\/?p=169800"},"modified":"2026-04-25T18:30:24","modified_gmt":"2026-04-26T00:30:24","slug":"el-show-de-ivonne","status":"publish","type":"post","link":"https:\/\/lospoliticosveracruz.com\/?p=169800","title":{"rendered":"EL SHOW DE IVONNE!"},"content":{"rendered":"\n<p><strong>Juan de Dios S\u00e1nchez Abreu<\/strong><br><em>El Gordito de Oro<\/em><br><br>La ex diputada federal de MORENA, Ivonne Cisneros Lujan, llego a una dependencia de gobierno del estado a hacer un tr\u00e1mite pero como todo ciudadano ten\u00eda que esperar su turno de pase, la se\u00f1ora no quiso y como todo pol\u00edtico influyente charolear, diciendo que era actualmente diputada federal en funciones, cuando ya no lo es y se puso a gritar que si no la atend\u00edan r\u00e1pido, iban a saber qui\u00e9n es ella?adem\u00e1s quienes presenciaron el bochornoso acto comentan que casi agrede a golpe a la persona que la estaba atendiendo. Asi de importante es la ex diputada Ivonne Cisneros, \u00a1Como la ven!<br><br>El pr\u00f3ximo s\u00e1bado 2 de mayo del presente a\u00f1o, se llevar\u00e1 a cabo, en las instalaciones del Comit\u00e9 Directivo Estatal de PRI., la develaci\u00f3n de la placa conmemorativa por el aniversario luctuoso del ex gobernador de Veracruz. Fidel Herrera Beltr\u00e1n y su distinguida esposa Do\u00f1a Rosita Borunda de Herrera, estando como invitada especial su hija Rosita Herrera Borunda. \u00a1Bien merecido!<br><br>Felicitamos a los organizadores el 1\u00aa. Congreso Nacional del Caballo \u201cVeracruz 2026\u201d, realizado del 22 al 26 de abril en las instalaciones del WTC, donde durante los 5 d\u00edas de actividades. tuvieron casa llena, concluyendo con una gran cabalgata donde asistieron mas de 5 mil jinetes de todo el pa\u00eds Jorge Cobos, Manuel Diaz, Andr\u00e9s Mu\u00f1iz y Severiano Real, integrantes de la organizaci\u00f3n, deben de estar muy satisfechos. por este gran \u00e9xito del 1\u00aa. congreso contando con todo el apoyo de la gobernadora Rocio Nahle, a quien le agradecen su incondicional apoyo a la realizaci\u00f3n del evento nacional. \u00a1Super!<br><br>Muy bien por la alcaldesa de Puente Nacional, Bibiana S\u00e1nchez Baez quien este fin de semana dio su informe de 100 d\u00edas de trabajo al frente del pueblo Puente\u00f1o, Bibi como le dicen de cari\u00f1o su gente, a demostrado que viene con muchas ganas de cambiar la imagen de Puente Nacional, y todo los d\u00edas recorre cada una de las comunicades Puente\u00f1as, para estar cerca de su gente y escuchar su problem\u00e1tica y poder juntos planear su resoluci\u00f3n, en estos 100 d\u00edas se han realizado con poco recurso muchas actividades como son: (Obras Publicas, Gobierno Itinerante, Salud, Educaci\u00f3n, Fomento Agropecuario, Turismo y Cultura, Deporte, Instituto Municipal de la Mujer, Asesoria Jur\u00eddica, Alumbrado, Limpia Publica y Parques), vienen m\u00e1s obras para nuestro querido Puente Nacional, esperemos no baje la guardia Bibi y siga a lado de su querido Pueblo. \u00a1Ah\u00ed la lleva!<br><br>Otro que viene destacando dentro de la regidur\u00eda 12\u00aa. en el municipio de Boca del Rio, Ver., es el contador y regidor Pablo Caballero P\u00e9rez, quien hace unos d\u00edas, inaugur\u00f3 el primer torneo de f\u00fatbol inter preparatorias, \u201cBoca Ciudad Ejemplo\u201d, una iniciativa impulsada por el regidor Caballero, con el objetivo de abrir espacios para los j\u00f3venes a trav\u00e9s del deporte, es tarea que viene realizando la regiduria 12\u00aa. Junto con la alcaldesa Maryjose Gamboa,- Pablo Caballero es un joven luchador social hace muchos a\u00f1os, hoy se le abri\u00f3 la oportunidad de poder servir a los Boque\u00f1os, desde un espacio municipal, esta atento a la gente que lo visita y solicita algunas gesti\u00f3n del municipio, y adem\u00e1s atiende a su gente en la casa naranja, donde se llevan a cabo actividades, manuales, educativas de cocina y muchas cosas m\u00e1s, esperamos que asi siga el regidor Cabllero, como siempre cercano al pueblo. \u00a1En hora buena! **** Nos leemos la pr\u00f3xima semana te invitamos a que nos sigas en todas nuestras plataformas y redes digitales, con entrevistas y noticias INNOVA DIGITAL-LUDICO, con el gordito de oro, la revista impresa y digital INNOVA DIGITAL, nuestro portal de noticias, www.agenciainnovadigital.com.mx<\/p>\n","protected":false},"excerpt":{"rendered":"<p>Juan de Dios S\u00e1nchez AbreuEl Gordito de Oro La ex diputada federal de MORENA, Ivonne Cisneros Lujan, llego a una dependencia de gobierno del estado a hacer un tr\u00e1mite pero como todo ciudadano ten\u00eda que esperar su turno de pase, la se\u00f1ora no quiso y como todo pol\u00edtico influyente charolear, diciendo que era actualmente diputada [&hellip;]<\/p>\n","protected":false},"author":2,"featured_media":141389,"comment_status":"closed","ping_status":"closed","sticky":false,"template":"","format":"standard","meta":{"tdm_status":"","tdm_grid_status":"","footnotes":""},"categories":[70],"tags":[49988,410,12776,1026,43479,61415,5741,4524],"class_list":{"0":"post-169800","1":"post","2":"type-post","3":"status-publish","4":"format-standard","5":"has-post-thumbnail","7":"category-de-opinion","8":"tag-bibi-baez","9":"tag-fidel-herrera-beltran","10":"tag-ivonne-cisneros-lujan","11":"tag-morena","12":"tag-pablo-caballero","13":"tag-primer-congreso-nacional-del-caballo","14":"tag-puente-nacional","15":"tag-rosa-borunda"},"yoast_head":"<!-- This site is optimized with the Yoast SEO plugin v27.4 - https:\/\/yoast.com\/product\/yoast-seo-wordpress\/ -->\n<title>EL SHOW DE IVONNE! - Los pol\u00edticos Veracruz<\/title>\n<meta name=\"robots\" content=\"index, follow, max-snippet:-1, max-image-preview:large, max-video-preview:-1\" \/>\n<link rel=\"canonical\" href=\"https:\/\/lospoliticosveracruz.com\/?p=169800\" \/>\n<meta property=\"og:locale\" content=\"es_ES\" \/>\n<meta property=\"og:type\" content=\"article\" \/>\n<meta property=\"og:title\" content=\"EL SHOW DE IVONNE! - Los pol\u00edticos Veracruz\" \/>\n<meta property=\"og:description\" content=\"Juan de Dios S\u00e1nchez AbreuEl Gordito de Oro La ex diputada federal de MORENA, Ivonne Cisneros Lujan, llego a una dependencia de gobierno del estado a hacer un tr\u00e1mite pero como todo ciudadano ten\u00eda que esperar su turno de pase, la se\u00f1ora no quiso y como todo pol\u00edtico influyente charolear, diciendo que era actualmente diputada [&hellip;]\" \/>\n<meta property=\"og:url\" content=\"https:\/\/lospoliticosveracruz.com\/?p=169800\" \/>\n<meta property=\"og:site_name\" content=\"Los pol\u00edticos Veracruz\" \/>\n<meta property=\"article:publisher\" content=\"https:\/\/www.facebook.com\/people\/Notimemes-de-los-Polticos\/61565672886568\/\" \/>\n<meta property=\"article:published_time\" content=\"2026-04-26T00:30:23+00:00\" \/>\n<meta property=\"article:modified_time\" content=\"2026-04-26T00:30:24+00:00\" \/>\n<meta property=\"og:image\" content=\"https:\/\/lospoliticosveracruz.com\/wp-content\/uploads\/2025\/04\/J-de-D-Sanchez-Abreu.jpg\" \/>\n\t<meta property=\"og:image:width\" content=\"1250\" \/>\n\t<meta property=\"og:image:height\" content=\"667\" \/>\n\t<meta property=\"og:image:type\" content=\"image\/jpeg\" \/>\n<meta name=\"author\" content=\"Lo viste en Los Pol\u00edticos\" \/>\n<meta name=\"twitter:card\" content=\"summary_large_image\" \/>\n<meta name=\"twitter:creator\" content=\"@LosPoliticosVer\" \/>\n<meta name=\"twitter:site\" content=\"@LosPoliticosVer\" \/>\n<meta name=\"twitter:label1\" content=\"Escrito por\" \/>\n\t<meta name=\"twitter:data1\" content=\"Lo viste en Los Pol\u00edticos\" \/>\n\t<meta name=\"twitter:label2\" content=\"Tiempo de lectura\" \/>\n\t<meta name=\"twitter:data2\" content=\"3 minutos\" \/>\n<script type=\"application\/ld+json\" class=\"yoast-schema-graph\">{\"@context\":\"https:\\\/\\\/schema.org\",\"@graph\":[{\"@type\":\"Article\",\"@id\":\"https:\\\/\\\/lospoliticosveracruz.com\\\/?p=169800#article\",\"isPartOf\":{\"@id\":\"https:\\\/\\\/lospoliticosveracruz.com\\\/?p=169800\"},\"author\":{\"name\":\"Lo viste en Los Pol\u00edticos\",\"@id\":\"https:\\\/\\\/lospoliticosveracruz.com\\\/#\\\/schema\\\/person\\\/b8702bb0e538456e6efd07080bf2a4a2\"},\"headline\":\"EL SHOW DE IVONNE!\",\"datePublished\":\"2026-04-26T00:30:23+00:00\",\"dateModified\":\"2026-04-26T00:30:24+00:00\",\"mainEntityOfPage\":{\"@id\":\"https:\\\/\\\/lospoliticosveracruz.com\\\/?p=169800\"},\"wordCount\":647,\"publisher\":{\"@id\":\"https:\\\/\\\/lospoliticosveracruz.com\\\/#organization\"},\"image\":{\"@id\":\"https:\\\/\\\/lospoliticosveracruz.com\\\/?p=169800#primaryimage\"},\"thumbnailUrl\":\"https:\\\/\\\/lospoliticosveracruz.com\\\/wp-content\\\/uploads\\\/2025\\\/04\\\/J-de-D-Sanchez-Abreu.jpg\",\"keywords\":[\"Bibi B\u00e1ez\",\"Fidel Herrera Beltr\u00e1n\",\"Ivonne Cisneros Luj\u00e1n\",\"Morena\",\"Pablo Caballero\",\"Primer Congreso Nacional del Caballo\",\"Puente Nacional\",\"Rosa Borunda\"],\"articleSection\":[\"De Opini\u00f3n\"],\"inLanguage\":\"es\"},{\"@type\":\"WebPage\",\"@id\":\"https:\\\/\\\/lospoliticosveracruz.com\\\/?p=169800\",\"url\":\"https:\\\/\\\/lospoliticosveracruz.com\\\/?p=169800\",\"name\":\"EL SHOW DE IVONNE! - Los pol\u00edticos Veracruz\",\"isPartOf\":{\"@id\":\"https:\\\/\\\/lospoliticosveracruz.com\\\/#website\"},\"primaryImageOfPage\":{\"@id\":\"https:\\\/\\\/lospoliticosveracruz.com\\\/?p=169800#primaryimage\"},\"image\":{\"@id\":\"https:\\\/\\\/lospoliticosveracruz.com\\\/?p=169800#primaryimage\"},\"thumbnailUrl\":\"https:\\\/\\\/lospoliticosveracruz.com\\\/wp-content\\\/uploads\\\/2025\\\/04\\\/J-de-D-Sanchez-Abreu.jpg\",\"datePublished\":\"2026-04-26T00:30:23+00:00\",\"dateModified\":\"2026-04-26T00:30:24+00:00\",\"breadcrumb\":{\"@id\":\"https:\\\/\\\/lospoliticosveracruz.com\\\/?p=169800#breadcrumb\"},\"inLanguage\":\"es\",\"potentialAction\":[{\"@type\":\"ReadAction\",\"target\":[\"https:\\\/\\\/lospoliticosveracruz.com\\\/?p=169800\"]}]},{\"@type\":\"ImageObject\",\"inLanguage\":\"es\",\"@id\":\"https:\\\/\\\/lospoliticosveracruz.com\\\/?p=169800#primaryimage\",\"url\":\"https:\\\/\\\/lospoliticosveracruz.com\\\/wp-content\\\/uploads\\\/2025\\\/04\\\/J-de-D-Sanchez-Abreu.jpg\",\"contentUrl\":\"https:\\\/\\\/lospoliticosveracruz.com\\\/wp-content\\\/uploads\\\/2025\\\/04\\\/J-de-D-Sanchez-Abreu.jpg\",\"width\":1250,\"height\":667},{\"@type\":\"BreadcrumbList\",\"@id\":\"https:\\\/\\\/lospoliticosveracruz.com\\\/?p=169800#breadcrumb\",\"itemListElement\":[{\"@type\":\"ListItem\",\"position\":1,\"name\":\"Portada\",\"item\":\"https:\\\/\\\/lospoliticosveracruz.com\\\/\"},{\"@type\":\"ListItem\",\"position\":2,\"name\":\"EL SHOW DE IVONNE!\"}]},{\"@type\":\"WebSite\",\"@id\":\"https:\\\/\\\/lospoliticosveracruz.com\\\/#website\",\"url\":\"https:\\\/\\\/lospoliticosveracruz.com\\\/\",\"name\":\"Los pol\u00edticos Veracruz\",\"description\":\"\",\"publisher\":{\"@id\":\"https:\\\/\\\/lospoliticosveracruz.com\\\/#organization\"},\"potentialAction\":[{\"@type\":\"SearchAction\",\"target\":{\"@type\":\"EntryPoint\",\"urlTemplate\":\"https:\\\/\\\/lospoliticosveracruz.com\\\/?s={search_term_string}\"},\"query-input\":{\"@type\":\"PropertyValueSpecification\",\"valueRequired\":true,\"valueName\":\"search_term_string\"}}],\"inLanguage\":\"es\"},{\"@type\":\"Organization\",\"@id\":\"https:\\\/\\\/lospoliticosveracruz.com\\\/#organization\",\"name\":\"Los pol\u00edticos Veracruz\",\"url\":\"https:\\\/\\\/lospoliticosveracruz.com\\\/\",\"logo\":{\"@type\":\"ImageObject\",\"inLanguage\":\"es\",\"@id\":\"https:\\\/\\\/lospoliticosveracruz.com\\\/#\\\/schema\\\/logo\\\/image\\\/\",\"url\":\"https:\\\/\\\/lospoliticosveracruz.com\\\/wp-content\\\/uploads\\\/2025\\\/12\\\/Logo-Nuevo-LOS-POLITICOS-1.jpg\",\"contentUrl\":\"https:\\\/\\\/lospoliticosveracruz.com\\\/wp-content\\\/uploads\\\/2025\\\/12\\\/Logo-Nuevo-LOS-POLITICOS-1.jpg\",\"width\":260,\"height\":70,\"caption\":\"Los pol\u00edticos Veracruz\"},\"image\":{\"@id\":\"https:\\\/\\\/lospoliticosveracruz.com\\\/#\\\/schema\\\/logo\\\/image\\\/\"},\"sameAs\":[\"https:\\\/\\\/www.facebook.com\\\/people\\\/Notimemes-de-los-Polticos\\\/61565672886568\\\/\",\"https:\\\/\\\/x.com\\\/LosPoliticosVer\"]},{\"@type\":\"Person\",\"@id\":\"https:\\\/\\\/lospoliticosveracruz.com\\\/#\\\/schema\\\/person\\\/b8702bb0e538456e6efd07080bf2a4a2\",\"name\":\"Lo viste en Los Pol\u00edticos\",\"image\":{\"@type\":\"ImageObject\",\"inLanguage\":\"es\",\"@id\":\"https:\\\/\\\/secure.gravatar.com\\\/avatar\\\/3a8de04a2656d44082be478bd6c086daa447c4651605818287b9532d3d0bd435?s=96&d=mm&r=g\",\"url\":\"https:\\\/\\\/secure.gravatar.com\\\/avatar\\\/3a8de04a2656d44082be478bd6c086daa447c4651605818287b9532d3d0bd435?s=96&d=mm&r=g\",\"contentUrl\":\"https:\\\/\\\/secure.gravatar.com\\\/avatar\\\/3a8de04a2656d44082be478bd6c086daa447c4651605818287b9532d3d0bd435?s=96&d=mm&r=g\",\"caption\":\"Lo viste en Los Pol\u00edticos\"},\"url\":\"https:\\\/\\\/lospoliticosveracruz.com\\\/?author=2\"}]}<\/script>\n<!-- \/ Yoast SEO plugin. -->","yoast_head_json":{"title":"EL SHOW DE IVONNE! - Los pol\u00edticos Veracruz","robots":{"index":"index","follow":"follow","max-snippet":"max-snippet:-1","max-image-preview":"max-image-preview:large","max-video-preview":"max-video-preview:-1"},"canonical":"https:\/\/lospoliticosveracruz.com\/?p=169800","og_locale":"es_ES","og_type":"article","og_title":"EL SHOW DE IVONNE! - Los pol\u00edticos Veracruz","og_description":"Juan de Dios S\u00e1nchez AbreuEl Gordito de Oro La ex diputada federal de MORENA, Ivonne Cisneros Lujan, llego a una dependencia de gobierno del estado a hacer un tr\u00e1mite pero como todo ciudadano ten\u00eda que esperar su turno de pase, la se\u00f1ora no quiso y como todo pol\u00edtico influyente charolear, diciendo que era actualmente diputada [&hellip;]","og_url":"https:\/\/lospoliticosveracruz.com\/?p=169800","og_site_name":"Los pol\u00edticos Veracruz","article_publisher":"https:\/\/www.facebook.com\/people\/Notimemes-de-los-Polticos\/61565672886568\/","article_published_time":"2026-04-26T00:30:23+00:00","article_modified_time":"2026-04-26T00:30:24+00:00","og_image":[{"width":1250,"height":667,"url":"https:\/\/lospoliticosveracruz.com\/wp-content\/uploads\/2025\/04\/J-de-D-Sanchez-Abreu.jpg","type":"image\/jpeg"}],"author":"Lo viste en Los Pol\u00edticos","twitter_card":"summary_large_image","twitter_creator":"@LosPoliticosVer","twitter_site":"@LosPoliticosVer","twitter_misc":{"Escrito por":"Lo viste en Los Pol\u00edticos","Tiempo de lectura":"3 minutos"},"schema":{"@context":"https:\/\/schema.org","@graph":[{"@type":"Article","@id":"https:\/\/lospoliticosveracruz.com\/?p=169800#article","isPartOf":{"@id":"https:\/\/lospoliticosveracruz.com\/?p=169800"},"author":{"name":"Lo viste en Los Pol\u00edticos","@id":"https:\/\/lospoliticosveracruz.com\/#\/schema\/person\/b8702bb0e538456e6efd07080bf2a4a2"},"headline":"EL SHOW DE IVONNE!","datePublished":"2026-04-26T00:30:23+00:00","dateModified":"2026-04-26T00:30:24+00:00","mainEntityOfPage":{"@id":"https:\/\/lospoliticosveracruz.com\/?p=169800"},"wordCount":647,"publisher":{"@id":"https:\/\/lospoliticosveracruz.com\/#organization"},"image":{"@id":"https:\/\/lospoliticosveracruz.com\/?p=169800#primaryimage"},"thumbnailUrl":"https:\/\/lospoliticosveracruz.com\/wp-content\/uploads\/2025\/04\/J-de-D-Sanchez-Abreu.jpg","keywords":["Bibi B\u00e1ez","Fidel Herrera Beltr\u00e1n","Ivonne Cisneros Luj\u00e1n","Morena","Pablo Caballero","Primer Congreso Nacional del Caballo","Puente Nacional","Rosa Borunda"],"articleSection":["De Opini\u00f3n"],"inLanguage":"es"},{"@type":"WebPage","@id":"https:\/\/lospoliticosveracruz.com\/?p=169800","url":"https:\/\/lospoliticosveracruz.com\/?p=169800","name":"EL SHOW DE IVONNE! - Los pol\u00edticos Veracruz","isPartOf":{"@id":"https:\/\/lospoliticosveracruz.com\/#website"},"primaryImageOfPage":{"@id":"https:\/\/lospoliticosveracruz.com\/?p=169800#primaryimage"},"image":{"@id":"https:\/\/lospoliticosveracruz.com\/?p=169800#primaryimage"},"thumbnailUrl":"https:\/\/lospoliticosveracruz.com\/wp-content\/uploads\/2025\/04\/J-de-D-Sanchez-Abreu.jpg","datePublished":"2026-04-26T00:30:23+00:00","dateModified":"2026-04-26T00:30:24+00:00","breadcrumb":{"@id":"https:\/\/lospoliticosveracruz.com\/?p=169800#breadcrumb"},"inLanguage":"es","potentialAction":[{"@type":"ReadAction","target":["https:\/\/lospoliticosveracruz.com\/?p=169800"]}]},{"@type":"ImageObject","inLanguage":"es","@id":"https:\/\/lospoliticosveracruz.com\/?p=169800#primaryimage","url":"https:\/\/lospoliticosveracruz.com\/wp-content\/uploads\/2025\/04\/J-de-D-Sanchez-Abreu.jpg","contentUrl":"https:\/\/lospoliticosveracruz.com\/wp-content\/uploads\/2025\/04\/J-de-D-Sanchez-Abreu.jpg","width":1250,"height":667},{"@type":"BreadcrumbList","@id":"https:\/\/lospoliticosveracruz.com\/?p=169800#breadcrumb","itemListElement":[{"@type":"ListItem","position":1,"name":"Portada","item":"https:\/\/lospoliticosveracruz.com\/"},{"@type":"ListItem","position":2,"name":"EL SHOW DE IVONNE!"}]},{"@type":"WebSite","@id":"https:\/\/lospoliticosveracruz.com\/#website","url":"https:\/\/lospoliticosveracruz.com\/","name":"Los pol\u00edticos Veracruz","description":"","publisher":{"@id":"https:\/\/lospoliticosveracruz.com\/#organization"},"potentialAction":[{"@type":"SearchAction","target":{"@type":"EntryPoint","urlTemplate":"https:\/\/lospoliticosveracruz.com\/?s={search_term_string}"},"query-input":{"@type":"PropertyValueSpecification","valueRequired":true,"valueName":"search_term_string"}}],"inLanguage":"es"},{"@type":"Organization","@id":"https:\/\/lospoliticosveracruz.com\/#organization","name":"Los pol\u00edticos Veracruz","url":"https:\/\/lospoliticosveracruz.com\/","logo":{"@type":"ImageObject","inLanguage":"es","@id":"https:\/\/lospoliticosveracruz.com\/#\/schema\/logo\/image\/","url":"https:\/\/lospoliticosveracruz.com\/wp-content\/uploads\/2025\/12\/Logo-Nuevo-LOS-POLITICOS-1.jpg","contentUrl":"https:\/\/lospoliticosveracruz.com\/wp-content\/uploads\/2025\/12\/Logo-Nuevo-LOS-POLITICOS-1.jpg","width":260,"height":70,"caption":"Los pol\u00edticos Veracruz"},"image":{"@id":"https:\/\/lospoliticosveracruz.com\/#\/schema\/logo\/image\/"},"sameAs":["https:\/\/www.facebook.com\/people\/Notimemes-de-los-Polticos\/61565672886568\/","https:\/\/x.com\/LosPoliticosVer"]},{"@type":"Person","@id":"https:\/\/lospoliticosveracruz.com\/#\/schema\/person\/b8702bb0e538456e6efd07080bf2a4a2","name":"Lo viste en Los Pol\u00edticos","image":{"@type":"ImageObject","inLanguage":"es","@id":"https:\/\/secure.gravatar.com\/avatar\/3a8de04a2656d44082be478bd6c086daa447c4651605818287b9532d3d0bd435?s=96&d=mm&r=g","url":"https:\/\/secure.gravatar.com\/avatar\/3a8de04a2656d44082be478bd6c086daa447c4651605818287b9532d3d0bd435?s=96&d=mm&r=g","contentUrl":"https:\/\/secure.gravatar.com\/avatar\/3a8de04a2656d44082be478bd6c086daa447c4651605818287b9532d3d0bd435?s=96&d=mm&r=g","caption":"Lo viste en Los Pol\u00edticos"},"url":"https:\/\/lospoliticosveracruz.com\/?author=2"}]}},"_links":{"self":[{"href":"https:\/\/lospoliticosveracruz.com\/index.php?rest_route=\/wp\/v2\/posts\/169800","targetHints":{"allow":["GET"]}}],"collection":[{"href":"https:\/\/lospoliticosveracruz.com\/index.php?rest_route=\/wp\/v2\/posts"}],"about":[{"href":"https:\/\/lospoliticosveracruz.com\/index.php?rest_route=\/wp\/v2\/types\/post"}],"author":[{"embeddable":true,"href":"https:\/\/lospoliticosveracruz.com\/index.php?rest_route=\/wp\/v2\/users\/2"}],"replies":[{"embeddable":true,"href":"https:\/\/lospoliticosveracruz.com\/index.php?rest_route=%2Fwp%2Fv2%2Fcomments&post=169800"}],"version-history":[{"count":1,"href":"https:\/\/lospoliticosveracruz.com\/index.php?rest_route=\/wp\/v2\/posts\/169800\/revisions"}],"predecessor-version":[{"id":169801,"href":"https:\/\/lospoliticosveracruz.com\/index.php?rest_route=\/wp\/v2\/posts\/169800\/revisions\/169801"}],"wp:featuredmedia":[{"embeddable":true,"href":"https:\/\/lospoliticosveracruz.com\/index.php?rest_route=\/wp\/v2\/media\/141389"}],"wp:attachment":[{"href":"https:\/\/lospoliticosveracruz.com\/index.php?rest_route=%2Fwp%2Fv2%2Fmedia&parent=169800"}],"wp:term":[{"taxonomy":"category","embeddable":true,"href":"https:\/\/lospoliticosveracruz.com\/index.php?rest_route=%2Fwp%2Fv2%2Fcategories&post=169800"},{"taxonomy":"post_tag","embeddable":true,"href":"https:\/\/lospoliticosveracruz.com\/index.php?rest_route=%2Fwp%2Fv2%2Ftags&post=169800"}],"curies":[{"name":"wp","href":"https:\/\/api.w.org\/{rel}","templated":true}]}}