{"id":169802,"date":"2026-04-25T21:19:23","date_gmt":"2026-04-26T03:19:23","guid":{"rendered":"https:\/\/lospoliticosveracruz.com\/?p=169802"},"modified":"2026-04-25T21:19:25","modified_gmt":"2026-04-26T03:19:25","slug":"operativo-cuaco","status":"publish","type":"post","link":"https:\/\/lospoliticosveracruz.com\/?p=169802","title":{"rendered":"OPERATIVO CUACO!"},"content":{"rendered":"\n<p>La ciudad de Veracruz ser\u00e1 sede este domingo de la Magna Cabalgata en la que participar\u00e1n alrededor de tres mil equinos y jinetes provenientes de todo el pa\u00eds, como parte del Primer Congreso Nacional del Caballo Veracruz 2026, encuentro que impulsa su proyecci\u00f3n como anfitriona de eventos de alta afluencia.<\/p>\n\n\n\n<p>Por tal raz\u00f3n, el municipio ha dispuesto la coordinaci\u00f3n interinstitucional necesaria entre diversas \u00e1reas operativas, como Tr\u00e1nsito y Vialidad, Protecci\u00f3n Civil, Polic\u00eda Municipal y Limpia P\u00fablica, para el desarrollo de esta jornada, que desde primeras horas de la ma\u00f1ana registrar\u00e1 el arribo de participantes a la zona de concentraci\u00f3n.<\/p>\n\n\n\n<p>El contingente iniciar\u00e1 a las 11:30 horas desde Marina Mercante y avanzar\u00e1 por vialidades como Mario Molina, el bulevar Manuel \u00c1vila Camacho e Independencia, hasta concluir en la zona de Montesinos, con ajustes operativos en distintos puntos del Centro Hist\u00f3rico y la zona costera.<\/p>\n\n\n\n<p>Estos ajustes en la ruta ser\u00e1n hacia calles como 16 de Septiembre, Arista y Hern\u00e1ndez y Hern\u00e1ndez con retorno a la altura del Aquarium, continuando por Xicot\u00e9ncatl, Ray\u00f3n e Independencia hasta finalizar en Allende, debido a la magnitud del evento, se implementar\u00e1n cortes viales estrat\u00e9gicos y personal de la direcci\u00f3n de Tr\u00e1nsito y Vialidad estar\u00e1 en los puntos para orientar a los conductores y agilizar la circulaci\u00f3n.<\/p>\n\n\n\n<p>Adem\u00e1s, la direcci\u00f3n de Protecci\u00f3n Civil (PC) municipal mantendr\u00e1 las fuerzas de tarea durante todo el recorrido para salvaguardar la integridad de los espectadores, mientras que Limpia P\u00fablica desplegar\u00e1 operativos especiales con cuadrillas para la recolecci\u00f3n inmediata de deshechos propios del evento.<\/p>\n\n\n\n<p>Por su parte, Polic\u00eda Municipal estar\u00e1 atento al orden y seguridad de los participantes y asistentes de la cabalgata, asimismo, las autoridades exhortan a la ciudadan\u00eda a anticipar sus traslados y utilizar rutas alternas, con el objetivo de facilitar el desarrollo ordenado del evento y evitar contratiempos en la movilidad.<\/p>\n\n\n\n<p><\/p>\n","protected":false},"excerpt":{"rendered":"<p>La ciudad de Veracruz ser\u00e1 sede este domingo de la Magna Cabalgata en la que participar\u00e1n alrededor de tres mil equinos y jinetes provenientes de todo el pa\u00eds, como parte del Primer Congreso Nacional del Caballo Veracruz 2026, encuentro que impulsa su proyecci\u00f3n como anfitriona de eventos de alta afluencia. Por tal raz\u00f3n, el municipio [&hellip;]<\/p>\n","protected":false},"author":2,"featured_media":169803,"comment_status":"closed","ping_status":"closed","sticky":false,"template":"","format":"standard","meta":{"tdm_status":"","tdm_grid_status":"","footnotes":""},"categories":[56121],"tags":[62249,62248,11900,195],"class_list":{"0":"post-169802","1":"post","2":"type-post","3":"status-publish","4":"format-standard","5":"has-post-thumbnail","7":"category-desde-jarochilandia","8":"tag-magna-cabalgata","9":"tag-primer-congreso-nacional-del-caballo-veracruz-2026","10":"tag-rosa-maria-hernandez-espejo","11":"tag-veracruz"},"yoast_head":"<!-- This site is optimized with the Yoast SEO plugin v27.4 - https:\/\/yoast.com\/product\/yoast-seo-wordpress\/ -->\n<title>OPERATIVO CUACO! - Los pol\u00edticos Veracruz<\/title>\n<meta name=\"robots\" content=\"index, follow, max-snippet:-1, max-image-preview:large, max-video-preview:-1\" \/>\n<link rel=\"canonical\" href=\"https:\/\/lospoliticosveracruz.com\/?p=169802\" \/>\n<meta property=\"og:locale\" content=\"es_ES\" \/>\n<meta property=\"og:type\" content=\"article\" \/>\n<meta property=\"og:title\" content=\"OPERATIVO CUACO! - Los pol\u00edticos Veracruz\" \/>\n<meta property=\"og:description\" content=\"La ciudad de Veracruz ser\u00e1 sede este domingo de la Magna Cabalgata en la que participar\u00e1n alrededor de tres mil equinos y jinetes provenientes de todo el pa\u00eds, como parte del Primer Congreso Nacional del Caballo Veracruz 2026, encuentro que impulsa su proyecci\u00f3n como anfitriona de eventos de alta afluencia. Por tal raz\u00f3n, el municipio [&hellip;]\" \/>\n<meta property=\"og:url\" content=\"https:\/\/lospoliticosveracruz.com\/?p=169802\" \/>\n<meta property=\"og:site_name\" content=\"Los pol\u00edticos Veracruz\" \/>\n<meta property=\"article:publisher\" content=\"https:\/\/www.facebook.com\/people\/Notimemes-de-los-Polticos\/61565672886568\/\" \/>\n<meta property=\"article:published_time\" content=\"2026-04-26T03:19:23+00:00\" \/>\n<meta property=\"article:modified_time\" content=\"2026-04-26T03:19:25+00:00\" \/>\n<meta property=\"og:image\" content=\"https:\/\/lospoliticosveracruz.com\/wp-content\/uploads\/2026\/04\/6729f93c-f8fe-4e0e-a574-bf85715ef7be-scaled-e1777173485328.jpeg\" \/>\n\t<meta property=\"og:image:width\" content=\"600\" \/>\n\t<meta property=\"og:image:height\" content=\"600\" \/>\n\t<meta property=\"og:image:type\" content=\"image\/jpeg\" \/>\n<meta name=\"author\" content=\"Lo viste en Los Pol\u00edticos\" \/>\n<meta name=\"twitter:card\" content=\"summary_large_image\" \/>\n<meta name=\"twitter:creator\" content=\"@LosPoliticosVer\" \/>\n<meta name=\"twitter:site\" content=\"@LosPoliticosVer\" \/>\n<meta name=\"twitter:label1\" content=\"Escrito por\" \/>\n\t<meta name=\"twitter:data1\" content=\"Lo viste en Los Pol\u00edticos\" \/>\n\t<meta name=\"twitter:label2\" content=\"Tiempo de lectura\" \/>\n\t<meta name=\"twitter:data2\" content=\"2 minutos\" \/>\n<script type=\"application\/ld+json\" class=\"yoast-schema-graph\">{\"@context\":\"https:\\\/\\\/schema.org\",\"@graph\":[{\"@type\":\"Article\",\"@id\":\"https:\\\/\\\/lospoliticosveracruz.com\\\/?p=169802#article\",\"isPartOf\":{\"@id\":\"https:\\\/\\\/lospoliticosveracruz.com\\\/?p=169802\"},\"author\":{\"name\":\"Lo viste en Los Pol\u00edticos\",\"@id\":\"https:\\\/\\\/lospoliticosveracruz.com\\\/#\\\/schema\\\/person\\\/b8702bb0e538456e6efd07080bf2a4a2\"},\"headline\":\"OPERATIVO CUACO!\",\"datePublished\":\"2026-04-26T03:19:23+00:00\",\"dateModified\":\"2026-04-26T03:19:25+00:00\",\"mainEntityOfPage\":{\"@id\":\"https:\\\/\\\/lospoliticosveracruz.com\\\/?p=169802\"},\"wordCount\":330,\"publisher\":{\"@id\":\"https:\\\/\\\/lospoliticosveracruz.com\\\/#organization\"},\"image\":{\"@id\":\"https:\\\/\\\/lospoliticosveracruz.com\\\/?p=169802#primaryimage\"},\"thumbnailUrl\":\"https:\\\/\\\/lospoliticosveracruz.com\\\/wp-content\\\/uploads\\\/2026\\\/04\\\/6729f93c-f8fe-4e0e-a574-bf85715ef7be-scaled-e1777173485328.jpeg\",\"keywords\":[\"Magna Cabalgata\",\"Primer Congreso Nacional del Caballo Veracruz 2026\",\"Rosa Mar\u00eda Hern\u00e1ndez Espejo\",\"Veracruz\"],\"articleSection\":[\"DESDE JAROCHILANDIA\"],\"inLanguage\":\"es\"},{\"@type\":\"WebPage\",\"@id\":\"https:\\\/\\\/lospoliticosveracruz.com\\\/?p=169802\",\"url\":\"https:\\\/\\\/lospoliticosveracruz.com\\\/?p=169802\",\"name\":\"OPERATIVO CUACO! - Los pol\u00edticos Veracruz\",\"isPartOf\":{\"@id\":\"https:\\\/\\\/lospoliticosveracruz.com\\\/#website\"},\"primaryImageOfPage\":{\"@id\":\"https:\\\/\\\/lospoliticosveracruz.com\\\/?p=169802#primaryimage\"},\"image\":{\"@id\":\"https:\\\/\\\/lospoliticosveracruz.com\\\/?p=169802#primaryimage\"},\"thumbnailUrl\":\"https:\\\/\\\/lospoliticosveracruz.com\\\/wp-content\\\/uploads\\\/2026\\\/04\\\/6729f93c-f8fe-4e0e-a574-bf85715ef7be-scaled-e1777173485328.jpeg\",\"datePublished\":\"2026-04-26T03:19:23+00:00\",\"dateModified\":\"2026-04-26T03:19:25+00:00\",\"breadcrumb\":{\"@id\":\"https:\\\/\\\/lospoliticosveracruz.com\\\/?p=169802#breadcrumb\"},\"inLanguage\":\"es\",\"potentialAction\":[{\"@type\":\"ReadAction\",\"target\":[\"https:\\\/\\\/lospoliticosveracruz.com\\\/?p=169802\"]}]},{\"@type\":\"ImageObject\",\"inLanguage\":\"es\",\"@id\":\"https:\\\/\\\/lospoliticosveracruz.com\\\/?p=169802#primaryimage\",\"url\":\"https:\\\/\\\/lospoliticosveracruz.com\\\/wp-content\\\/uploads\\\/2026\\\/04\\\/6729f93c-f8fe-4e0e-a574-bf85715ef7be-scaled-e1777173485328.jpeg\",\"contentUrl\":\"https:\\\/\\\/lospoliticosveracruz.com\\\/wp-content\\\/uploads\\\/2026\\\/04\\\/6729f93c-f8fe-4e0e-a574-bf85715ef7be-scaled-e1777173485328.jpeg\",\"width\":600,\"height\":600},{\"@type\":\"BreadcrumbList\",\"@id\":\"https:\\\/\\\/lospoliticosveracruz.com\\\/?p=169802#breadcrumb\",\"itemListElement\":[{\"@type\":\"ListItem\",\"position\":1,\"name\":\"Portada\",\"item\":\"https:\\\/\\\/lospoliticosveracruz.com\\\/\"},{\"@type\":\"ListItem\",\"position\":2,\"name\":\"OPERATIVO CUACO!\"}]},{\"@type\":\"WebSite\",\"@id\":\"https:\\\/\\\/lospoliticosveracruz.com\\\/#website\",\"url\":\"https:\\\/\\\/lospoliticosveracruz.com\\\/\",\"name\":\"Los pol\u00edticos Veracruz\",\"description\":\"\",\"publisher\":{\"@id\":\"https:\\\/\\\/lospoliticosveracruz.com\\\/#organization\"},\"potentialAction\":[{\"@type\":\"SearchAction\",\"target\":{\"@type\":\"EntryPoint\",\"urlTemplate\":\"https:\\\/\\\/lospoliticosveracruz.com\\\/?s={search_term_string}\"},\"query-input\":{\"@type\":\"PropertyValueSpecification\",\"valueRequired\":true,\"valueName\":\"search_term_string\"}}],\"inLanguage\":\"es\"},{\"@type\":\"Organization\",\"@id\":\"https:\\\/\\\/lospoliticosveracruz.com\\\/#organization\",\"name\":\"Los pol\u00edticos Veracruz\",\"url\":\"https:\\\/\\\/lospoliticosveracruz.com\\\/\",\"logo\":{\"@type\":\"ImageObject\",\"inLanguage\":\"es\",\"@id\":\"https:\\\/\\\/lospoliticosveracruz.com\\\/#\\\/schema\\\/logo\\\/image\\\/\",\"url\":\"https:\\\/\\\/lospoliticosveracruz.com\\\/wp-content\\\/uploads\\\/2025\\\/12\\\/Logo-Nuevo-LOS-POLITICOS-1.jpg\",\"contentUrl\":\"https:\\\/\\\/lospoliticosveracruz.com\\\/wp-content\\\/uploads\\\/2025\\\/12\\\/Logo-Nuevo-LOS-POLITICOS-1.jpg\",\"width\":260,\"height\":70,\"caption\":\"Los pol\u00edticos Veracruz\"},\"image\":{\"@id\":\"https:\\\/\\\/lospoliticosveracruz.com\\\/#\\\/schema\\\/logo\\\/image\\\/\"},\"sameAs\":[\"https:\\\/\\\/www.facebook.com\\\/people\\\/Notimemes-de-los-Polticos\\\/61565672886568\\\/\",\"https:\\\/\\\/x.com\\\/LosPoliticosVer\"]},{\"@type\":\"Person\",\"@id\":\"https:\\\/\\\/lospoliticosveracruz.com\\\/#\\\/schema\\\/person\\\/b8702bb0e538456e6efd07080bf2a4a2\",\"name\":\"Lo viste en Los Pol\u00edticos\",\"image\":{\"@type\":\"ImageObject\",\"inLanguage\":\"es\",\"@id\":\"https:\\\/\\\/secure.gravatar.com\\\/avatar\\\/3a8de04a2656d44082be478bd6c086daa447c4651605818287b9532d3d0bd435?s=96&d=mm&r=g\",\"url\":\"https:\\\/\\\/secure.gravatar.com\\\/avatar\\\/3a8de04a2656d44082be478bd6c086daa447c4651605818287b9532d3d0bd435?s=96&d=mm&r=g\",\"contentUrl\":\"https:\\\/\\\/secure.gravatar.com\\\/avatar\\\/3a8de04a2656d44082be478bd6c086daa447c4651605818287b9532d3d0bd435?s=96&d=mm&r=g\",\"caption\":\"Lo viste en Los Pol\u00edticos\"},\"url\":\"https:\\\/\\\/lospoliticosveracruz.com\\\/?author=2\"}]}<\/script>\n<!-- \/ Yoast SEO plugin. -->","yoast_head_json":{"title":"OPERATIVO CUACO! - Los pol\u00edticos Veracruz","robots":{"index":"index","follow":"follow","max-snippet":"max-snippet:-1","max-image-preview":"max-image-preview:large","max-video-preview":"max-video-preview:-1"},"canonical":"https:\/\/lospoliticosveracruz.com\/?p=169802","og_locale":"es_ES","og_type":"article","og_title":"OPERATIVO CUACO! - Los pol\u00edticos Veracruz","og_description":"La ciudad de Veracruz ser\u00e1 sede este domingo de la Magna Cabalgata en la que participar\u00e1n alrededor de tres mil equinos y jinetes provenientes de todo el pa\u00eds, como parte del Primer Congreso Nacional del Caballo Veracruz 2026, encuentro que impulsa su proyecci\u00f3n como anfitriona de eventos de alta afluencia. Por tal raz\u00f3n, el municipio [&hellip;]","og_url":"https:\/\/lospoliticosveracruz.com\/?p=169802","og_site_name":"Los pol\u00edticos Veracruz","article_publisher":"https:\/\/www.facebook.com\/people\/Notimemes-de-los-Polticos\/61565672886568\/","article_published_time":"2026-04-26T03:19:23+00:00","article_modified_time":"2026-04-26T03:19:25+00:00","og_image":[{"width":600,"height":600,"url":"https:\/\/lospoliticosveracruz.com\/wp-content\/uploads\/2026\/04\/6729f93c-f8fe-4e0e-a574-bf85715ef7be-scaled-e1777173485328.jpeg","type":"image\/jpeg"}],"author":"Lo viste en Los Pol\u00edticos","twitter_card":"summary_large_image","twitter_creator":"@LosPoliticosVer","twitter_site":"@LosPoliticosVer","twitter_misc":{"Escrito por":"Lo viste en Los Pol\u00edticos","Tiempo de lectura":"2 minutos"},"schema":{"@context":"https:\/\/schema.org","@graph":[{"@type":"Article","@id":"https:\/\/lospoliticosveracruz.com\/?p=169802#article","isPartOf":{"@id":"https:\/\/lospoliticosveracruz.com\/?p=169802"},"author":{"name":"Lo viste en Los Pol\u00edticos","@id":"https:\/\/lospoliticosveracruz.com\/#\/schema\/person\/b8702bb0e538456e6efd07080bf2a4a2"},"headline":"OPERATIVO CUACO!","datePublished":"2026-04-26T03:19:23+00:00","dateModified":"2026-04-26T03:19:25+00:00","mainEntityOfPage":{"@id":"https:\/\/lospoliticosveracruz.com\/?p=169802"},"wordCount":330,"publisher":{"@id":"https:\/\/lospoliticosveracruz.com\/#organization"},"image":{"@id":"https:\/\/lospoliticosveracruz.com\/?p=169802#primaryimage"},"thumbnailUrl":"https:\/\/lospoliticosveracruz.com\/wp-content\/uploads\/2026\/04\/6729f93c-f8fe-4e0e-a574-bf85715ef7be-scaled-e1777173485328.jpeg","keywords":["Magna Cabalgata","Primer Congreso Nacional del Caballo Veracruz 2026","Rosa Mar\u00eda Hern\u00e1ndez Espejo","Veracruz"],"articleSection":["DESDE JAROCHILANDIA"],"inLanguage":"es"},{"@type":"WebPage","@id":"https:\/\/lospoliticosveracruz.com\/?p=169802","url":"https:\/\/lospoliticosveracruz.com\/?p=169802","name":"OPERATIVO CUACO! - Los pol\u00edticos Veracruz","isPartOf":{"@id":"https:\/\/lospoliticosveracruz.com\/#website"},"primaryImageOfPage":{"@id":"https:\/\/lospoliticosveracruz.com\/?p=169802#primaryimage"},"image":{"@id":"https:\/\/lospoliticosveracruz.com\/?p=169802#primaryimage"},"thumbnailUrl":"https:\/\/lospoliticosveracruz.com\/wp-content\/uploads\/2026\/04\/6729f93c-f8fe-4e0e-a574-bf85715ef7be-scaled-e1777173485328.jpeg","datePublished":"2026-04-26T03:19:23+00:00","dateModified":"2026-04-26T03:19:25+00:00","breadcrumb":{"@id":"https:\/\/lospoliticosveracruz.com\/?p=169802#breadcrumb"},"inLanguage":"es","potentialAction":[{"@type":"ReadAction","target":["https:\/\/lospoliticosveracruz.com\/?p=169802"]}]},{"@type":"ImageObject","inLanguage":"es","@id":"https:\/\/lospoliticosveracruz.com\/?p=169802#primaryimage","url":"https:\/\/lospoliticosveracruz.com\/wp-content\/uploads\/2026\/04\/6729f93c-f8fe-4e0e-a574-bf85715ef7be-scaled-e1777173485328.jpeg","contentUrl":"https:\/\/lospoliticosveracruz.com\/wp-content\/uploads\/2026\/04\/6729f93c-f8fe-4e0e-a574-bf85715ef7be-scaled-e1777173485328.jpeg","width":600,"height":600},{"@type":"BreadcrumbList","@id":"https:\/\/lospoliticosveracruz.com\/?p=169802#breadcrumb","itemListElement":[{"@type":"ListItem","position":1,"name":"Portada","item":"https:\/\/lospoliticosveracruz.com\/"},{"@type":"ListItem","position":2,"name":"OPERATIVO CUACO!"}]},{"@type":"WebSite","@id":"https:\/\/lospoliticosveracruz.com\/#website","url":"https:\/\/lospoliticosveracruz.com\/","name":"Los pol\u00edticos Veracruz","description":"","publisher":{"@id":"https:\/\/lospoliticosveracruz.com\/#organization"},"potentialAction":[{"@type":"SearchAction","target":{"@type":"EntryPoint","urlTemplate":"https:\/\/lospoliticosveracruz.com\/?s={search_term_string}"},"query-input":{"@type":"PropertyValueSpecification","valueRequired":true,"valueName":"search_term_string"}}],"inLanguage":"es"},{"@type":"Organization","@id":"https:\/\/lospoliticosveracruz.com\/#organization","name":"Los pol\u00edticos Veracruz","url":"https:\/\/lospoliticosveracruz.com\/","logo":{"@type":"ImageObject","inLanguage":"es","@id":"https:\/\/lospoliticosveracruz.com\/#\/schema\/logo\/image\/","url":"https:\/\/lospoliticosveracruz.com\/wp-content\/uploads\/2025\/12\/Logo-Nuevo-LOS-POLITICOS-1.jpg","contentUrl":"https:\/\/lospoliticosveracruz.com\/wp-content\/uploads\/2025\/12\/Logo-Nuevo-LOS-POLITICOS-1.jpg","width":260,"height":70,"caption":"Los pol\u00edticos Veracruz"},"image":{"@id":"https:\/\/lospoliticosveracruz.com\/#\/schema\/logo\/image\/"},"sameAs":["https:\/\/www.facebook.com\/people\/Notimemes-de-los-Polticos\/61565672886568\/","https:\/\/x.com\/LosPoliticosVer"]},{"@type":"Person","@id":"https:\/\/lospoliticosveracruz.com\/#\/schema\/person\/b8702bb0e538456e6efd07080bf2a4a2","name":"Lo viste en Los Pol\u00edticos","image":{"@type":"ImageObject","inLanguage":"es","@id":"https:\/\/secure.gravatar.com\/avatar\/3a8de04a2656d44082be478bd6c086daa447c4651605818287b9532d3d0bd435?s=96&d=mm&r=g","url":"https:\/\/secure.gravatar.com\/avatar\/3a8de04a2656d44082be478bd6c086daa447c4651605818287b9532d3d0bd435?s=96&d=mm&r=g","contentUrl":"https:\/\/secure.gravatar.com\/avatar\/3a8de04a2656d44082be478bd6c086daa447c4651605818287b9532d3d0bd435?s=96&d=mm&r=g","caption":"Lo viste en Los Pol\u00edticos"},"url":"https:\/\/lospoliticosveracruz.com\/?author=2"}]}},"_links":{"self":[{"href":"https:\/\/lospoliticosveracruz.com\/index.php?rest_route=\/wp\/v2\/posts\/169802","targetHints":{"allow":["GET"]}}],"collection":[{"href":"https:\/\/lospoliticosveracruz.com\/index.php?rest_route=\/wp\/v2\/posts"}],"about":[{"href":"https:\/\/lospoliticosveracruz.com\/index.php?rest_route=\/wp\/v2\/types\/post"}],"author":[{"embeddable":true,"href":"https:\/\/lospoliticosveracruz.com\/index.php?rest_route=\/wp\/v2\/users\/2"}],"replies":[{"embeddable":true,"href":"https:\/\/lospoliticosveracruz.com\/index.php?rest_route=%2Fwp%2Fv2%2Fcomments&post=169802"}],"version-history":[{"count":1,"href":"https:\/\/lospoliticosveracruz.com\/index.php?rest_route=\/wp\/v2\/posts\/169802\/revisions"}],"predecessor-version":[{"id":169804,"href":"https:\/\/lospoliticosveracruz.com\/index.php?rest_route=\/wp\/v2\/posts\/169802\/revisions\/169804"}],"wp:featuredmedia":[{"embeddable":true,"href":"https:\/\/lospoliticosveracruz.com\/index.php?rest_route=\/wp\/v2\/media\/169803"}],"wp:attachment":[{"href":"https:\/\/lospoliticosveracruz.com\/index.php?rest_route=%2Fwp%2Fv2%2Fmedia&parent=169802"}],"wp:term":[{"taxonomy":"category","embeddable":true,"href":"https:\/\/lospoliticosveracruz.com\/index.php?rest_route=%2Fwp%2Fv2%2Fcategories&post=169802"},{"taxonomy":"post_tag","embeddable":true,"href":"https:\/\/lospoliticosveracruz.com\/index.php?rest_route=%2Fwp%2Fv2%2Ftags&post=169802"}],"curies":[{"name":"wp","href":"https:\/\/api.w.org\/{rel}","templated":true}]}}