{"id":169814,"date":"2026-04-26T10:03:58","date_gmt":"2026-04-26T16:03:58","guid":{"rendered":"https:\/\/lospoliticosveracruz.com\/?p=169814"},"modified":"2026-04-26T10:03:59","modified_gmt":"2026-04-26T16:03:59","slug":"una-mas-de-charquin","status":"publish","type":"post","link":"https:\/\/lospoliticosveracruz.com\/?p=169814","title":{"rendered":"UNA M\u00c1S DE CHARQU\u00cdN\u2026"},"content":{"rendered":"\n<p><strong>Oved Contreras<\/strong><\/p>\n\n\n\n<p><em>Secas Mecas<br><\/em><\/p>\n\n\n\n<p>Gran malestar ha provocado entre los ricos y sabrosos de la Riviera Veracruzana que el empresario Luis CHARQU\u00cdN haya ordenado poner un tope y vallas para que no entren al fraccionamiento Dos Rivieras, que hizo en la fidelidad. Adem\u00e1s que afecta a los ricos y famosos de Rinc\u00f3n del Conchal y al propio fraccionamiento de Dos Rivieras; donde por cierto se est\u00e1 haciendo una mega mansi\u00f3n un familiar de Ad\u00e1n Augusto, un tal MACLOVIO que nos dicen tiene en su propiedad hasta animales ex\u00f3ticos que ya los quisiera el zool\u00f3gico de Puebla.<\/p>\n\n\n\n<p>Por esas vallas obliga a los ricos y sabrosos a entrar y salir por el pueblo del Conchal. No tarda en haber un accidente en dicho poblado por el tr\u00e1fico que ah\u00ed se genera por caprichos del CHARQU\u00cdN. Y el alcalde de Alvarado, Beto Cobos, ni sus luces. Seguro que no le har\u00e1 nada al Charqu\u00edn que generalmente le mete a las campa\u00f1as para poder maniobrar a su antojo durante las alcald\u00edas como lo hizo en su momento en Medell\u00edn.<\/p>\n\n\n\n<p>VAN PARA ATR\u00c1S\u2026mientras la televisora estatal Radio Televisi\u00f3n de Veracruz se inunda de propaganda pro 4T, se van cerrando los espacios para la producci\u00f3n cultural\u2026ayer se hizo oficial la salida del promotor y periodista cultural Jorge V\u00e1zquez Pacheco de Radio M\u00e1s, tras 26 a\u00f1os de colaboraci\u00f3n, por \u201cexigencias burocr\u00e1ticas\u201d\u2026esa es la consigna de los nuevos directivos: deshacerse de elementos que aportan conocimiento a la audiencia y meten a personal que defienda a la gobernadora contra lo que ellos consideran campa\u00f1as medi\u00e1ticas cargadas con violencia de g\u00e9nero.<\/p>\n\n\n\n<p>El promotor cultural y periodista Jorge V\u00e1zquez Pacheco anunci\u00f3 el fin de su colaboraci\u00f3n con Radio M\u00e1s, emisora del gobierno de Veracruz, despu\u00e9s de 26 a\u00f1os de trabajo continuo. En un mensaje p\u00fablico, lament\u00f3 que \u201cil\u00f3gicas exigencias burocr\u00e1ticas\u201d lo obligaran a retirarse, lo que implica la cancelaci\u00f3n de los espacios sabatinos dedicados a la literatura cuent\u00edstica y la \u00f3pera.<\/p>\n\n\n\n<p>\u201cMe apena comunicar que ya no habr\u00e1 colaboraci\u00f3n de mi parte para Radio M\u00e1s\u2026 Despu\u00e9s de 26 a\u00f1os de aportaci\u00f3n consistente, las il\u00f3gicas exigencias burocr\u00e1ticas me obligan a la retirada\u201d, expres\u00f3 V\u00e1zquez Pacheco, agradeciendo la comprensi\u00f3n del p\u00fablico, amistades y \u201coper\u00f3manos\u201d que siguieron sus producciones.<\/p>\n\n\n\n<p>La salida del promotor cultural ocurre en un contexto en el que Radio M\u00e1s y en general Radiotelevisi\u00f3n de Veracruz ha modificado su perfil de programaci\u00f3n, privilegiando contenidos de entretenimiento ligero, influencers y propaganda descarada alineada con los gobiernos estatal y federal, en detrimento de los espacios culturales que durante d\u00e9cadas le dieron identidad.<\/p>\n\n\n\n<p>Diversos sectores culturales han lamentado la decisi\u00f3n, se\u00f1alando que la radio p\u00fablica pierde una de sus voces m\u00e1s s\u00f3lidas en la difusi\u00f3n de la m\u00fasica y la literatura.<\/p>\n\n\n\n<p>SE REACTIVA FUGA\u2026Se reactiva fuga de hidrocarburo en pozo de Pemex en desuso de Minatitl\u00e1n: reportan muerte de peces en la zona. La comunidad de La Concepci\u00f3n, en la zona rural de Minatitl\u00e1n, enfrenta nuevamente la emergencia ambiental provocada por la fuga de hidrocarburo en el pozo Concepci\u00f3n-134, parte de la bater\u00eda conocida como El Paquital, que dej\u00f3 de operar en 2003.<\/p>\n\n\n\n<p>Aunque Petr\u00f3leos Mexicanos (Pemex) hab\u00eda informado que la situaci\u00f3n estaba bajo control, el<br>Pasado viernes la fuga se reactiv\u00f3, generando alarma entre pobladores y pescadores. El derrame, que comenz\u00f3 hace dos meses, ya alcanz\u00f3 un brazo de la laguna Mezcalapa.<\/p>\n\n\n\n<p>Pescadores locales reportaron la aparici\u00f3n de peces muertos, entre ellos robalos y mojarras, lo que confirma el impacto directo en la biodiversidad acu\u00e1tica. \u201cLa vida es aqu\u00ed del pescador, aqu\u00ed no tenemos otra fuente de trabajo\u201d, reclamaron habitantes, quienes temen que la contaminaci\u00f3n paralice la actividad de m\u00e1s de 400 familias que dependen de la pesca.<\/p>\n\n\n\n<p>De acuerdo con testimonios, la fuga se origin\u00f3 por el deterioro y corrosi\u00f3n de v\u00e1lvulas que no fueron selladas adecuadamente tras la clausura del pozo. El agente municipal, Samuel L\u00f3pez Gonz\u00e1lez, advirti\u00f3 que el hidrocarburo comenz\u00f3 a salir con presi\u00f3n, reg\u00e1ndose por toda la zona, lo que contradice la versi\u00f3n oficial de Pemex sobre el supuesto control del incidente.<\/p>\n\n\n\n<p>La emergencia ha puesto en evidencia la fragilidad de la infraestructura petrolera abandonada y la falta de protocolos de mantenimiento. Mientras las cuadrillas contratadas para la limpieza contin\u00faan con sus labores, los pobladores exigen que la gobernadora Roc\u00edo Nahle y las autoridades federales atiendan de manera inmediata el problema, pues la contaminaci\u00f3n amenaza con extenderse y afectar de manera irreversible la actividad pesquera y la salud de las comunidades.<\/p>\n","protected":false},"excerpt":{"rendered":"<p>Oved Contreras Secas Mecas Gran malestar ha provocado entre los ricos y sabrosos de la Riviera Veracruzana que el empresario Luis CHARQU\u00cdN haya ordenado poner un tope y vallas para que no entren al fraccionamiento Dos Rivieras, que hizo en la fidelidad. Adem\u00e1s que afecta a los ricos y famosos de Rinc\u00f3n del Conchal y [&hellip;]<\/p>\n","protected":false},"author":2,"featured_media":141426,"comment_status":"closed","ping_status":"closed","sticky":false,"template":"","format":"standard","meta":{"tdm_status":"","tdm_grid_status":"","footnotes":""},"categories":[70],"tags":[62255,62252,62253,62251,62250,62254],"class_list":{"0":"post-169814","1":"post","2":"type-post","3":"status-publish","4":"format-standard","5":"has-post-thumbnail","7":"category-de-opinion","8":"tag-beto-cobos-alcalde-alvarado-criticas","9":"tag-derrame-hidrocarburo-minatitlan-pozo-concepcion","10":"tag-despido-cultural-rtv-veracruz-2026","11":"tag-jorge-vazquez-pacheco-radio-mas-salida","12":"tag-luis-charquin-riviera-veracruzana-vallas","13":"tag-maclovio-adan-augusto-animales-exoticos"},"yoast_head":"<!-- This site is optimized with the Yoast SEO plugin v27.4 - https:\/\/yoast.com\/product\/yoast-seo-wordpress\/ -->\n<title>UNA M\u00c1S DE CHARQU\u00cdN\u2026 - Los pol\u00edticos Veracruz<\/title>\n<meta name=\"robots\" content=\"index, follow, max-snippet:-1, max-image-preview:large, max-video-preview:-1\" \/>\n<link rel=\"canonical\" href=\"https:\/\/lospoliticosveracruz.com\/?p=169814\" \/>\n<meta property=\"og:locale\" content=\"es_ES\" \/>\n<meta property=\"og:type\" content=\"article\" \/>\n<meta property=\"og:title\" content=\"UNA M\u00c1S DE CHARQU\u00cdN\u2026 - Los pol\u00edticos Veracruz\" \/>\n<meta property=\"og:description\" content=\"Oved Contreras Secas Mecas Gran malestar ha provocado entre los ricos y sabrosos de la Riviera Veracruzana que el empresario Luis CHARQU\u00cdN haya ordenado poner un tope y vallas para que no entren al fraccionamiento Dos Rivieras, que hizo en la fidelidad. Adem\u00e1s que afecta a los ricos y famosos de Rinc\u00f3n del Conchal y [&hellip;]\" \/>\n<meta property=\"og:url\" content=\"https:\/\/lospoliticosveracruz.com\/?p=169814\" \/>\n<meta property=\"og:site_name\" content=\"Los pol\u00edticos Veracruz\" \/>\n<meta property=\"article:publisher\" content=\"https:\/\/www.facebook.com\/people\/Notimemes-de-los-Polticos\/61565672886568\/\" \/>\n<meta property=\"article:published_time\" content=\"2026-04-26T16:03:58+00:00\" \/>\n<meta property=\"article:modified_time\" content=\"2026-04-26T16:03:59+00:00\" \/>\n<meta property=\"og:image\" content=\"https:\/\/lospoliticosveracruz.com\/wp-content\/uploads\/2025\/04\/Oved-Contreras-e1768066319253.jpg\" \/>\n\t<meta property=\"og:image:width\" content=\"600\" \/>\n\t<meta property=\"og:image:height\" content=\"320\" \/>\n\t<meta property=\"og:image:type\" content=\"image\/jpeg\" \/>\n<meta name=\"author\" content=\"Lo viste en Los Pol\u00edticos\" \/>\n<meta name=\"twitter:card\" content=\"summary_large_image\" \/>\n<meta name=\"twitter:creator\" content=\"@LosPoliticosVer\" \/>\n<meta name=\"twitter:site\" content=\"@LosPoliticosVer\" \/>\n<meta name=\"twitter:label1\" content=\"Escrito por\" \/>\n\t<meta name=\"twitter:data1\" content=\"Lo viste en Los Pol\u00edticos\" \/>\n\t<meta name=\"twitter:label2\" content=\"Tiempo de lectura\" \/>\n\t<meta name=\"twitter:data2\" content=\"4 minutos\" \/>\n<script type=\"application\/ld+json\" class=\"yoast-schema-graph\">{\"@context\":\"https:\\\/\\\/schema.org\",\"@graph\":[{\"@type\":\"Article\",\"@id\":\"https:\\\/\\\/lospoliticosveracruz.com\\\/?p=169814#article\",\"isPartOf\":{\"@id\":\"https:\\\/\\\/lospoliticosveracruz.com\\\/?p=169814\"},\"author\":{\"name\":\"Lo viste en Los Pol\u00edticos\",\"@id\":\"https:\\\/\\\/lospoliticosveracruz.com\\\/#\\\/schema\\\/person\\\/b8702bb0e538456e6efd07080bf2a4a2\"},\"headline\":\"UNA M\u00c1S DE CHARQU\u00cdN\u2026\",\"datePublished\":\"2026-04-26T16:03:58+00:00\",\"dateModified\":\"2026-04-26T16:03:59+00:00\",\"mainEntityOfPage\":{\"@id\":\"https:\\\/\\\/lospoliticosveracruz.com\\\/?p=169814\"},\"wordCount\":816,\"publisher\":{\"@id\":\"https:\\\/\\\/lospoliticosveracruz.com\\\/#organization\"},\"image\":{\"@id\":\"https:\\\/\\\/lospoliticosveracruz.com\\\/?p=169814#primaryimage\"},\"thumbnailUrl\":\"https:\\\/\\\/lospoliticosveracruz.com\\\/wp-content\\\/uploads\\\/2025\\\/04\\\/Oved-Contreras-e1768066319253.jpg\",\"keywords\":[\"Beto Cobos alcalde Alvarado cr\u00edticas\",\"Derrame hidrocarburo Minatitl\u00e1n pozo Concepci\u00f3n\",\"Despido cultural RTV Veracruz 2026\",\"Jorge V\u00e1zquez Pacheco Radio M\u00e1s salida\",\"Luis Charqu\u00edn Riviera Veracruzana vallas\",\"Maclovio Ad\u00e1n Augusto animales ex\u00f3ticos\"],\"articleSection\":[\"De Opini\u00f3n\"],\"inLanguage\":\"es\"},{\"@type\":\"WebPage\",\"@id\":\"https:\\\/\\\/lospoliticosveracruz.com\\\/?p=169814\",\"url\":\"https:\\\/\\\/lospoliticosveracruz.com\\\/?p=169814\",\"name\":\"UNA M\u00c1S DE CHARQU\u00cdN\u2026 - Los pol\u00edticos Veracruz\",\"isPartOf\":{\"@id\":\"https:\\\/\\\/lospoliticosveracruz.com\\\/#website\"},\"primaryImageOfPage\":{\"@id\":\"https:\\\/\\\/lospoliticosveracruz.com\\\/?p=169814#primaryimage\"},\"image\":{\"@id\":\"https:\\\/\\\/lospoliticosveracruz.com\\\/?p=169814#primaryimage\"},\"thumbnailUrl\":\"https:\\\/\\\/lospoliticosveracruz.com\\\/wp-content\\\/uploads\\\/2025\\\/04\\\/Oved-Contreras-e1768066319253.jpg\",\"datePublished\":\"2026-04-26T16:03:58+00:00\",\"dateModified\":\"2026-04-26T16:03:59+00:00\",\"breadcrumb\":{\"@id\":\"https:\\\/\\\/lospoliticosveracruz.com\\\/?p=169814#breadcrumb\"},\"inLanguage\":\"es\",\"potentialAction\":[{\"@type\":\"ReadAction\",\"target\":[\"https:\\\/\\\/lospoliticosveracruz.com\\\/?p=169814\"]}]},{\"@type\":\"ImageObject\",\"inLanguage\":\"es\",\"@id\":\"https:\\\/\\\/lospoliticosveracruz.com\\\/?p=169814#primaryimage\",\"url\":\"https:\\\/\\\/lospoliticosveracruz.com\\\/wp-content\\\/uploads\\\/2025\\\/04\\\/Oved-Contreras-e1768066319253.jpg\",\"contentUrl\":\"https:\\\/\\\/lospoliticosveracruz.com\\\/wp-content\\\/uploads\\\/2025\\\/04\\\/Oved-Contreras-e1768066319253.jpg\",\"width\":600,\"height\":320},{\"@type\":\"BreadcrumbList\",\"@id\":\"https:\\\/\\\/lospoliticosveracruz.com\\\/?p=169814#breadcrumb\",\"itemListElement\":[{\"@type\":\"ListItem\",\"position\":1,\"name\":\"Portada\",\"item\":\"https:\\\/\\\/lospoliticosveracruz.com\\\/\"},{\"@type\":\"ListItem\",\"position\":2,\"name\":\"UNA M\u00c1S DE CHARQU\u00cdN\u2026\"}]},{\"@type\":\"WebSite\",\"@id\":\"https:\\\/\\\/lospoliticosveracruz.com\\\/#website\",\"url\":\"https:\\\/\\\/lospoliticosveracruz.com\\\/\",\"name\":\"Los pol\u00edticos Veracruz\",\"description\":\"\",\"publisher\":{\"@id\":\"https:\\\/\\\/lospoliticosveracruz.com\\\/#organization\"},\"potentialAction\":[{\"@type\":\"SearchAction\",\"target\":{\"@type\":\"EntryPoint\",\"urlTemplate\":\"https:\\\/\\\/lospoliticosveracruz.com\\\/?s={search_term_string}\"},\"query-input\":{\"@type\":\"PropertyValueSpecification\",\"valueRequired\":true,\"valueName\":\"search_term_string\"}}],\"inLanguage\":\"es\"},{\"@type\":\"Organization\",\"@id\":\"https:\\\/\\\/lospoliticosveracruz.com\\\/#organization\",\"name\":\"Los pol\u00edticos Veracruz\",\"url\":\"https:\\\/\\\/lospoliticosveracruz.com\\\/\",\"logo\":{\"@type\":\"ImageObject\",\"inLanguage\":\"es\",\"@id\":\"https:\\\/\\\/lospoliticosveracruz.com\\\/#\\\/schema\\\/logo\\\/image\\\/\",\"url\":\"https:\\\/\\\/lospoliticosveracruz.com\\\/wp-content\\\/uploads\\\/2025\\\/12\\\/Logo-Nuevo-LOS-POLITICOS-1.jpg\",\"contentUrl\":\"https:\\\/\\\/lospoliticosveracruz.com\\\/wp-content\\\/uploads\\\/2025\\\/12\\\/Logo-Nuevo-LOS-POLITICOS-1.jpg\",\"width\":260,\"height\":70,\"caption\":\"Los pol\u00edticos Veracruz\"},\"image\":{\"@id\":\"https:\\\/\\\/lospoliticosveracruz.com\\\/#\\\/schema\\\/logo\\\/image\\\/\"},\"sameAs\":[\"https:\\\/\\\/www.facebook.com\\\/people\\\/Notimemes-de-los-Polticos\\\/61565672886568\\\/\",\"https:\\\/\\\/x.com\\\/LosPoliticosVer\"]},{\"@type\":\"Person\",\"@id\":\"https:\\\/\\\/lospoliticosveracruz.com\\\/#\\\/schema\\\/person\\\/b8702bb0e538456e6efd07080bf2a4a2\",\"name\":\"Lo viste en Los Pol\u00edticos\",\"image\":{\"@type\":\"ImageObject\",\"inLanguage\":\"es\",\"@id\":\"https:\\\/\\\/secure.gravatar.com\\\/avatar\\\/3a8de04a2656d44082be478bd6c086daa447c4651605818287b9532d3d0bd435?s=96&d=mm&r=g\",\"url\":\"https:\\\/\\\/secure.gravatar.com\\\/avatar\\\/3a8de04a2656d44082be478bd6c086daa447c4651605818287b9532d3d0bd435?s=96&d=mm&r=g\",\"contentUrl\":\"https:\\\/\\\/secure.gravatar.com\\\/avatar\\\/3a8de04a2656d44082be478bd6c086daa447c4651605818287b9532d3d0bd435?s=96&d=mm&r=g\",\"caption\":\"Lo viste en Los Pol\u00edticos\"},\"url\":\"https:\\\/\\\/lospoliticosveracruz.com\\\/?author=2\"}]}<\/script>\n<!-- \/ Yoast SEO plugin. -->","yoast_head_json":{"title":"UNA M\u00c1S DE CHARQU\u00cdN\u2026 - Los pol\u00edticos Veracruz","robots":{"index":"index","follow":"follow","max-snippet":"max-snippet:-1","max-image-preview":"max-image-preview:large","max-video-preview":"max-video-preview:-1"},"canonical":"https:\/\/lospoliticosveracruz.com\/?p=169814","og_locale":"es_ES","og_type":"article","og_title":"UNA M\u00c1S DE CHARQU\u00cdN\u2026 - Los pol\u00edticos Veracruz","og_description":"Oved Contreras Secas Mecas Gran malestar ha provocado entre los ricos y sabrosos de la Riviera Veracruzana que el empresario Luis CHARQU\u00cdN haya ordenado poner un tope y vallas para que no entren al fraccionamiento Dos Rivieras, que hizo en la fidelidad. Adem\u00e1s que afecta a los ricos y famosos de Rinc\u00f3n del Conchal y [&hellip;]","og_url":"https:\/\/lospoliticosveracruz.com\/?p=169814","og_site_name":"Los pol\u00edticos Veracruz","article_publisher":"https:\/\/www.facebook.com\/people\/Notimemes-de-los-Polticos\/61565672886568\/","article_published_time":"2026-04-26T16:03:58+00:00","article_modified_time":"2026-04-26T16:03:59+00:00","og_image":[{"width":600,"height":320,"url":"https:\/\/lospoliticosveracruz.com\/wp-content\/uploads\/2025\/04\/Oved-Contreras-e1768066319253.jpg","type":"image\/jpeg"}],"author":"Lo viste en Los Pol\u00edticos","twitter_card":"summary_large_image","twitter_creator":"@LosPoliticosVer","twitter_site":"@LosPoliticosVer","twitter_misc":{"Escrito por":"Lo viste en Los Pol\u00edticos","Tiempo de lectura":"4 minutos"},"schema":{"@context":"https:\/\/schema.org","@graph":[{"@type":"Article","@id":"https:\/\/lospoliticosveracruz.com\/?p=169814#article","isPartOf":{"@id":"https:\/\/lospoliticosveracruz.com\/?p=169814"},"author":{"name":"Lo viste en Los Pol\u00edticos","@id":"https:\/\/lospoliticosveracruz.com\/#\/schema\/person\/b8702bb0e538456e6efd07080bf2a4a2"},"headline":"UNA M\u00c1S DE CHARQU\u00cdN\u2026","datePublished":"2026-04-26T16:03:58+00:00","dateModified":"2026-04-26T16:03:59+00:00","mainEntityOfPage":{"@id":"https:\/\/lospoliticosveracruz.com\/?p=169814"},"wordCount":816,"publisher":{"@id":"https:\/\/lospoliticosveracruz.com\/#organization"},"image":{"@id":"https:\/\/lospoliticosveracruz.com\/?p=169814#primaryimage"},"thumbnailUrl":"https:\/\/lospoliticosveracruz.com\/wp-content\/uploads\/2025\/04\/Oved-Contreras-e1768066319253.jpg","keywords":["Beto Cobos alcalde Alvarado cr\u00edticas","Derrame hidrocarburo Minatitl\u00e1n pozo Concepci\u00f3n","Despido cultural RTV Veracruz 2026","Jorge V\u00e1zquez Pacheco Radio M\u00e1s salida","Luis Charqu\u00edn Riviera Veracruzana vallas","Maclovio Ad\u00e1n Augusto animales ex\u00f3ticos"],"articleSection":["De Opini\u00f3n"],"inLanguage":"es"},{"@type":"WebPage","@id":"https:\/\/lospoliticosveracruz.com\/?p=169814","url":"https:\/\/lospoliticosveracruz.com\/?p=169814","name":"UNA M\u00c1S DE CHARQU\u00cdN\u2026 - Los pol\u00edticos Veracruz","isPartOf":{"@id":"https:\/\/lospoliticosveracruz.com\/#website"},"primaryImageOfPage":{"@id":"https:\/\/lospoliticosveracruz.com\/?p=169814#primaryimage"},"image":{"@id":"https:\/\/lospoliticosveracruz.com\/?p=169814#primaryimage"},"thumbnailUrl":"https:\/\/lospoliticosveracruz.com\/wp-content\/uploads\/2025\/04\/Oved-Contreras-e1768066319253.jpg","datePublished":"2026-04-26T16:03:58+00:00","dateModified":"2026-04-26T16:03:59+00:00","breadcrumb":{"@id":"https:\/\/lospoliticosveracruz.com\/?p=169814#breadcrumb"},"inLanguage":"es","potentialAction":[{"@type":"ReadAction","target":["https:\/\/lospoliticosveracruz.com\/?p=169814"]}]},{"@type":"ImageObject","inLanguage":"es","@id":"https:\/\/lospoliticosveracruz.com\/?p=169814#primaryimage","url":"https:\/\/lospoliticosveracruz.com\/wp-content\/uploads\/2025\/04\/Oved-Contreras-e1768066319253.jpg","contentUrl":"https:\/\/lospoliticosveracruz.com\/wp-content\/uploads\/2025\/04\/Oved-Contreras-e1768066319253.jpg","width":600,"height":320},{"@type":"BreadcrumbList","@id":"https:\/\/lospoliticosveracruz.com\/?p=169814#breadcrumb","itemListElement":[{"@type":"ListItem","position":1,"name":"Portada","item":"https:\/\/lospoliticosveracruz.com\/"},{"@type":"ListItem","position":2,"name":"UNA M\u00c1S DE CHARQU\u00cdN\u2026"}]},{"@type":"WebSite","@id":"https:\/\/lospoliticosveracruz.com\/#website","url":"https:\/\/lospoliticosveracruz.com\/","name":"Los pol\u00edticos Veracruz","description":"","publisher":{"@id":"https:\/\/lospoliticosveracruz.com\/#organization"},"potentialAction":[{"@type":"SearchAction","target":{"@type":"EntryPoint","urlTemplate":"https:\/\/lospoliticosveracruz.com\/?s={search_term_string}"},"query-input":{"@type":"PropertyValueSpecification","valueRequired":true,"valueName":"search_term_string"}}],"inLanguage":"es"},{"@type":"Organization","@id":"https:\/\/lospoliticosveracruz.com\/#organization","name":"Los pol\u00edticos Veracruz","url":"https:\/\/lospoliticosveracruz.com\/","logo":{"@type":"ImageObject","inLanguage":"es","@id":"https:\/\/lospoliticosveracruz.com\/#\/schema\/logo\/image\/","url":"https:\/\/lospoliticosveracruz.com\/wp-content\/uploads\/2025\/12\/Logo-Nuevo-LOS-POLITICOS-1.jpg","contentUrl":"https:\/\/lospoliticosveracruz.com\/wp-content\/uploads\/2025\/12\/Logo-Nuevo-LOS-POLITICOS-1.jpg","width":260,"height":70,"caption":"Los pol\u00edticos Veracruz"},"image":{"@id":"https:\/\/lospoliticosveracruz.com\/#\/schema\/logo\/image\/"},"sameAs":["https:\/\/www.facebook.com\/people\/Notimemes-de-los-Polticos\/61565672886568\/","https:\/\/x.com\/LosPoliticosVer"]},{"@type":"Person","@id":"https:\/\/lospoliticosveracruz.com\/#\/schema\/person\/b8702bb0e538456e6efd07080bf2a4a2","name":"Lo viste en Los Pol\u00edticos","image":{"@type":"ImageObject","inLanguage":"es","@id":"https:\/\/secure.gravatar.com\/avatar\/3a8de04a2656d44082be478bd6c086daa447c4651605818287b9532d3d0bd435?s=96&d=mm&r=g","url":"https:\/\/secure.gravatar.com\/avatar\/3a8de04a2656d44082be478bd6c086daa447c4651605818287b9532d3d0bd435?s=96&d=mm&r=g","contentUrl":"https:\/\/secure.gravatar.com\/avatar\/3a8de04a2656d44082be478bd6c086daa447c4651605818287b9532d3d0bd435?s=96&d=mm&r=g","caption":"Lo viste en Los Pol\u00edticos"},"url":"https:\/\/lospoliticosveracruz.com\/?author=2"}]}},"_links":{"self":[{"href":"https:\/\/lospoliticosveracruz.com\/index.php?rest_route=\/wp\/v2\/posts\/169814","targetHints":{"allow":["GET"]}}],"collection":[{"href":"https:\/\/lospoliticosveracruz.com\/index.php?rest_route=\/wp\/v2\/posts"}],"about":[{"href":"https:\/\/lospoliticosveracruz.com\/index.php?rest_route=\/wp\/v2\/types\/post"}],"author":[{"embeddable":true,"href":"https:\/\/lospoliticosveracruz.com\/index.php?rest_route=\/wp\/v2\/users\/2"}],"replies":[{"embeddable":true,"href":"https:\/\/lospoliticosveracruz.com\/index.php?rest_route=%2Fwp%2Fv2%2Fcomments&post=169814"}],"version-history":[{"count":1,"href":"https:\/\/lospoliticosveracruz.com\/index.php?rest_route=\/wp\/v2\/posts\/169814\/revisions"}],"predecessor-version":[{"id":169815,"href":"https:\/\/lospoliticosveracruz.com\/index.php?rest_route=\/wp\/v2\/posts\/169814\/revisions\/169815"}],"wp:featuredmedia":[{"embeddable":true,"href":"https:\/\/lospoliticosveracruz.com\/index.php?rest_route=\/wp\/v2\/media\/141426"}],"wp:attachment":[{"href":"https:\/\/lospoliticosveracruz.com\/index.php?rest_route=%2Fwp%2Fv2%2Fmedia&parent=169814"}],"wp:term":[{"taxonomy":"category","embeddable":true,"href":"https:\/\/lospoliticosveracruz.com\/index.php?rest_route=%2Fwp%2Fv2%2Fcategories&post=169814"},{"taxonomy":"post_tag","embeddable":true,"href":"https:\/\/lospoliticosveracruz.com\/index.php?rest_route=%2Fwp%2Fv2%2Ftags&post=169814"}],"curies":[{"name":"wp","href":"https:\/\/api.w.org\/{rel}","templated":true}]}}