{"id":169828,"date":"2026-04-26T21:30:00","date_gmt":"2026-04-27T03:30:00","guid":{"rendered":"https:\/\/lospoliticosveracruz.com\/?p=169828"},"modified":"2026-04-26T16:21:12","modified_gmt":"2026-04-26T22:21:12","slug":"pueblo","status":"publish","type":"post","link":"https:\/\/lospoliticosveracruz.com\/?p=169828","title":{"rendered":"PUEBLO"},"content":{"rendered":"\n<p><br><strong>Guadalupe H. Mar<br><\/strong><em>Mira Pol\u00edtica<\/em><\/p>\n\n\n\n<p>VOX POPULI\u2026 Dicen y bien que la cuchara es quien conoce a la perfecci\u00f3n el fondo de la olla, dicho de la abuela Nila, la de \u00c1lamo Temapache, que cae como anillo al dedo para mencionar que son los habitantes del puerto de Veracruz los que saben si realmente ha valido la pena pagarle 16 millones de pesos mensuales a la empresa Wardenclyffe Veracruz Puerto S.A.P.I. de C.V. para mantener total y eficientemente alumbrada la cuatro veces heroica ciudad.<br>Nos referimos a la Vox Populi, Vox Dei (voz del pueblo, vos de Dios), porque nos extra\u00f1a que el actual gobierno de la ciudad y puerto de Veracruz, emanado del segundo piso de la 4T o sea del partido Movimiento de Regeneraci\u00f3n Nacional, no haya recurrido previamente a una consulta popular para determinar si se justificaba la cancelaci\u00f3n o no, del contrato millonario y de varias d\u00e9cadas a la empresa Wardenclyffe Veracruz Puerto S.A.P.I. de C.V.<br>Hubiera sido bueno sumar al sabio pueblo a la acci\u00f3n administrativa de la requisa de concesi\u00f3n de alumbrado p\u00fablico que operaba la empresa Wardenclyffe Veracruz Puerto.<br>Para ponerlos en contexto amables lectoras y lectores, en septiembre del a\u00f1o 2017, cuando era presidente municipal de Veracruz Ram\u00f3n Poo Gil, as\u00ed como por arte de magia las empresas IMAN S.A. de C.V. y RCC Edificaciones S.A. de C.V. conformaron la empresa Wardenclyffe Energy S.A. de C.V., que obtuvieron la concesi\u00f3n del servicio de alumbrado p\u00fablico en el puerto por los pr\u00f3ximos 15 a\u00f1os, o sea, hasta el 2033.<br>El contrato por esa concesi\u00f3n implic\u00f3 el compromiso del municipio de invertir 621.8 millones de pesos y pagar durante los pr\u00f3ximos 15 a\u00f1os la cantidad anual de 140.5 millones, todo por supuesto, con la venia y autorizaci\u00f3n de la Legislatura local en ese entonces.<br>En el 2017 se hablaba de que las m\u00e1s de 44 mil luminarias que existen en el municipio de Veracruz ser\u00edan cambiadas por l\u00e1mparas LED y que esta ciudad se distinguir\u00eda por ser la m\u00e1s y mejor iluminada de toda la entidad veracruzana. Ilusos.<br>Para que no se queden con la duda amables lectoras y lectores, el gobierno municipal de Veracruz que encabeza Rosa Mar\u00eda Hern\u00e1ndez Espejo, argument\u00f3 junto con su cabildo que la decisi\u00f3n de la requisa a la empresa Wardenclyffe Energy S.A. de C.V, respondi\u00f3 al imperativo de proteger el inter\u00e9s p\u00fablico ante las constantes quejas y fallas registradas en el sistema de alumbrado de la ciudad.<br>Sostuvo la presidenta municipal que la requisa permitir\u00e1 suspender el pago de 16 millones de pesos mensuales que se descontaban directamente de las participaciones federales que recibe el municipio y que fueron empe\u00f1adas con la venia del Congreso local.<br>Obvio, a toda acci\u00f3n una reacci\u00f3n y la de Wardenclyffe Energy S.A. de C.V, ha sido la de descalificar los motivos de la requisa, pues asegura que su eficiencia en el servicio de alumbrado p\u00fablico de la ciudad de Veracruz es del 95 por ciento, atendiendo de 15 mil a 17 mil reportes anuales.<br>En defensa y apoyo de la empresa a la que se le retir\u00f3 la concesi\u00f3n, han salido varios padrinos, entre ellos el ex alcalde de la ciudad de Veracruz Fernando Yunes M\u00e1rquez quien advirti\u00f3 que la requisa le podr\u00eda costar muy caro a los porte\u00f1os, de lo cual sabe y mucho pues recordar\u00e1n que \u00e9l pudo haber objetado la concesi\u00f3n que se firm\u00f3 curiosamente en los d\u00edas en que se estaba dando la entrega recepci\u00f3n de su antecesor Ram\u00f3n Poo Gil, muy a la carrera.<br>Precisamente para evitar estos estiras y aflojes, se hubiera consultado previa a la requisa al sabio pueblo de la ciudad y puerto de Veracruz.<br>DE LENGUA, UN PLATO \u2026 Vaya con los embates de salivita que han emprendido desde la ciudad de Xalapa en contra del doctor Jos\u00e9 Manuel del R\u00edo Virgen, a quien ahora acusan de mover hilos pol\u00edticos en la entidad veracruzana, para as\u00ed denostar su papel en la Auditor\u00eda Superior de la Federaci\u00f3n.<br>De esto amables lectoras y lectores, nos ocuparemos m\u00e1s adelante \u201ca fuego lento\u201d, como dir\u00eda el maestro Joaqu\u00edn Agust\u00edn Rosas Garc\u00e9s.<br>D\u00cdGALO SIN MIEDO \u2026 Al correo electr\u00f3nico guadalupehmar@gmail.com<\/p>\n","protected":false},"excerpt":{"rendered":"<p>Guadalupe H. MarMira Pol\u00edtica VOX POPULI\u2026 Dicen y bien que la cuchara es quien conoce a la perfecci\u00f3n el fondo de la olla, dicho de la abuela Nila, la de \u00c1lamo Temapache, que cae como anillo al dedo para mencionar que son los habitantes del puerto de Veracruz los que saben si realmente ha valido [&hellip;]<\/p>\n","protected":false},"author":2,"featured_media":141398,"comment_status":"closed","ping_status":"closed","sticky":false,"template":"","format":"standard","meta":{"tdm_status":"","tdm_grid_status":"","footnotes":""},"categories":[70],"tags":[62283,62285,62284,62281,62282,59699],"class_list":{"0":"post-169828","1":"post","2":"type-post","3":"status-publish","4":"format-standard","5":"has-post-thumbnail","7":"category-de-opinion","8":"tag-concesion-alumbrado-ramon-poo-gil","9":"tag-consulta-popular-veracruz-alumbrado","10":"tag-fernando-yunes-marquez-criticas-requisa","11":"tag-requisa-alumbrado-publico-veracruz-2026","12":"tag-rosa-maria-hernandez-espejo-luminarias","13":"tag-wardenclyffe-veracruz-puerto-contrato"},"yoast_head":"<!-- This site is optimized with the Yoast SEO plugin v27.4 - https:\/\/yoast.com\/product\/yoast-seo-wordpress\/ -->\n<title>PUEBLO - Los pol\u00edticos Veracruz<\/title>\n<meta name=\"robots\" content=\"index, follow, max-snippet:-1, max-image-preview:large, max-video-preview:-1\" \/>\n<link rel=\"canonical\" href=\"https:\/\/lospoliticosveracruz.com\/?p=169828\" \/>\n<meta property=\"og:locale\" content=\"es_ES\" \/>\n<meta property=\"og:type\" content=\"article\" \/>\n<meta property=\"og:title\" content=\"PUEBLO - Los pol\u00edticos Veracruz\" \/>\n<meta property=\"og:description\" content=\"Guadalupe H. MarMira Pol\u00edtica VOX POPULI\u2026 Dicen y bien que la cuchara es quien conoce a la perfecci\u00f3n el fondo de la olla, dicho de la abuela Nila, la de \u00c1lamo Temapache, que cae como anillo al dedo para mencionar que son los habitantes del puerto de Veracruz los que saben si realmente ha valido [&hellip;]\" \/>\n<meta property=\"og:url\" content=\"https:\/\/lospoliticosveracruz.com\/?p=169828\" \/>\n<meta property=\"og:site_name\" content=\"Los pol\u00edticos Veracruz\" \/>\n<meta property=\"article:publisher\" content=\"https:\/\/www.facebook.com\/people\/Notimemes-de-los-Polticos\/61565672886568\/\" \/>\n<meta property=\"article:published_time\" content=\"2026-04-27T03:30:00+00:00\" \/>\n<meta property=\"og:image\" content=\"https:\/\/lospoliticosveracruz.com\/wp-content\/uploads\/2025\/04\/Lupita-H-Mar.jpg\" \/>\n\t<meta property=\"og:image:width\" content=\"1250\" \/>\n\t<meta property=\"og:image:height\" content=\"667\" \/>\n\t<meta property=\"og:image:type\" content=\"image\/jpeg\" \/>\n<meta name=\"author\" content=\"Lo viste en Los Pol\u00edticos\" \/>\n<meta name=\"twitter:card\" content=\"summary_large_image\" \/>\n<meta name=\"twitter:creator\" content=\"@LosPoliticosVer\" \/>\n<meta name=\"twitter:site\" content=\"@LosPoliticosVer\" \/>\n<meta name=\"twitter:label1\" content=\"Escrito por\" \/>\n\t<meta name=\"twitter:data1\" content=\"Lo viste en Los Pol\u00edticos\" \/>\n\t<meta name=\"twitter:label2\" content=\"Tiempo de lectura\" \/>\n\t<meta name=\"twitter:data2\" content=\"4 minutos\" \/>\n<script type=\"application\/ld+json\" class=\"yoast-schema-graph\">{\"@context\":\"https:\\\/\\\/schema.org\",\"@graph\":[{\"@type\":\"Article\",\"@id\":\"https:\\\/\\\/lospoliticosveracruz.com\\\/?p=169828#article\",\"isPartOf\":{\"@id\":\"https:\\\/\\\/lospoliticosveracruz.com\\\/?p=169828\"},\"author\":{\"name\":\"Lo viste en Los Pol\u00edticos\",\"@id\":\"https:\\\/\\\/lospoliticosveracruz.com\\\/#\\\/schema\\\/person\\\/b8702bb0e538456e6efd07080bf2a4a2\"},\"headline\":\"PUEBLO\",\"datePublished\":\"2026-04-27T03:30:00+00:00\",\"mainEntityOfPage\":{\"@id\":\"https:\\\/\\\/lospoliticosveracruz.com\\\/?p=169828\"},\"wordCount\":751,\"publisher\":{\"@id\":\"https:\\\/\\\/lospoliticosveracruz.com\\\/#organization\"},\"image\":{\"@id\":\"https:\\\/\\\/lospoliticosveracruz.com\\\/?p=169828#primaryimage\"},\"thumbnailUrl\":\"https:\\\/\\\/lospoliticosveracruz.com\\\/wp-content\\\/uploads\\\/2025\\\/04\\\/Lupita-H-Mar.jpg\",\"keywords\":[\"Concesi\u00f3n alumbrado Ram\u00f3n Poo Gil\",\"Consulta popular Veracruz alumbrado\",\"Fernando Yunes M\u00e1rquez cr\u00edticas requisa\",\"Requisa alumbrado p\u00fablico Veracruz 2026\",\"Rosa Mar\u00eda Hern\u00e1ndez Espejo luminarias\",\"Wardenclyffe Veracruz Puerto contrato\"],\"articleSection\":[\"De Opini\u00f3n\"],\"inLanguage\":\"es\"},{\"@type\":\"WebPage\",\"@id\":\"https:\\\/\\\/lospoliticosveracruz.com\\\/?p=169828\",\"url\":\"https:\\\/\\\/lospoliticosveracruz.com\\\/?p=169828\",\"name\":\"PUEBLO - Los pol\u00edticos Veracruz\",\"isPartOf\":{\"@id\":\"https:\\\/\\\/lospoliticosveracruz.com\\\/#website\"},\"primaryImageOfPage\":{\"@id\":\"https:\\\/\\\/lospoliticosveracruz.com\\\/?p=169828#primaryimage\"},\"image\":{\"@id\":\"https:\\\/\\\/lospoliticosveracruz.com\\\/?p=169828#primaryimage\"},\"thumbnailUrl\":\"https:\\\/\\\/lospoliticosveracruz.com\\\/wp-content\\\/uploads\\\/2025\\\/04\\\/Lupita-H-Mar.jpg\",\"datePublished\":\"2026-04-27T03:30:00+00:00\",\"breadcrumb\":{\"@id\":\"https:\\\/\\\/lospoliticosveracruz.com\\\/?p=169828#breadcrumb\"},\"inLanguage\":\"es\",\"potentialAction\":[{\"@type\":\"ReadAction\",\"target\":[\"https:\\\/\\\/lospoliticosveracruz.com\\\/?p=169828\"]}]},{\"@type\":\"ImageObject\",\"inLanguage\":\"es\",\"@id\":\"https:\\\/\\\/lospoliticosveracruz.com\\\/?p=169828#primaryimage\",\"url\":\"https:\\\/\\\/lospoliticosveracruz.com\\\/wp-content\\\/uploads\\\/2025\\\/04\\\/Lupita-H-Mar.jpg\",\"contentUrl\":\"https:\\\/\\\/lospoliticosveracruz.com\\\/wp-content\\\/uploads\\\/2025\\\/04\\\/Lupita-H-Mar.jpg\",\"width\":1250,\"height\":667},{\"@type\":\"BreadcrumbList\",\"@id\":\"https:\\\/\\\/lospoliticosveracruz.com\\\/?p=169828#breadcrumb\",\"itemListElement\":[{\"@type\":\"ListItem\",\"position\":1,\"name\":\"Portada\",\"item\":\"https:\\\/\\\/lospoliticosveracruz.com\\\/\"},{\"@type\":\"ListItem\",\"position\":2,\"name\":\"PUEBLO\"}]},{\"@type\":\"WebSite\",\"@id\":\"https:\\\/\\\/lospoliticosveracruz.com\\\/#website\",\"url\":\"https:\\\/\\\/lospoliticosveracruz.com\\\/\",\"name\":\"Los pol\u00edticos Veracruz\",\"description\":\"\",\"publisher\":{\"@id\":\"https:\\\/\\\/lospoliticosveracruz.com\\\/#organization\"},\"potentialAction\":[{\"@type\":\"SearchAction\",\"target\":{\"@type\":\"EntryPoint\",\"urlTemplate\":\"https:\\\/\\\/lospoliticosveracruz.com\\\/?s={search_term_string}\"},\"query-input\":{\"@type\":\"PropertyValueSpecification\",\"valueRequired\":true,\"valueName\":\"search_term_string\"}}],\"inLanguage\":\"es\"},{\"@type\":\"Organization\",\"@id\":\"https:\\\/\\\/lospoliticosveracruz.com\\\/#organization\",\"name\":\"Los pol\u00edticos Veracruz\",\"url\":\"https:\\\/\\\/lospoliticosveracruz.com\\\/\",\"logo\":{\"@type\":\"ImageObject\",\"inLanguage\":\"es\",\"@id\":\"https:\\\/\\\/lospoliticosveracruz.com\\\/#\\\/schema\\\/logo\\\/image\\\/\",\"url\":\"https:\\\/\\\/lospoliticosveracruz.com\\\/wp-content\\\/uploads\\\/2025\\\/12\\\/Logo-Nuevo-LOS-POLITICOS-1.jpg\",\"contentUrl\":\"https:\\\/\\\/lospoliticosveracruz.com\\\/wp-content\\\/uploads\\\/2025\\\/12\\\/Logo-Nuevo-LOS-POLITICOS-1.jpg\",\"width\":260,\"height\":70,\"caption\":\"Los pol\u00edticos Veracruz\"},\"image\":{\"@id\":\"https:\\\/\\\/lospoliticosveracruz.com\\\/#\\\/schema\\\/logo\\\/image\\\/\"},\"sameAs\":[\"https:\\\/\\\/www.facebook.com\\\/people\\\/Notimemes-de-los-Polticos\\\/61565672886568\\\/\",\"https:\\\/\\\/x.com\\\/LosPoliticosVer\"]},{\"@type\":\"Person\",\"@id\":\"https:\\\/\\\/lospoliticosveracruz.com\\\/#\\\/schema\\\/person\\\/b8702bb0e538456e6efd07080bf2a4a2\",\"name\":\"Lo viste en Los Pol\u00edticos\",\"image\":{\"@type\":\"ImageObject\",\"inLanguage\":\"es\",\"@id\":\"https:\\\/\\\/secure.gravatar.com\\\/avatar\\\/3a8de04a2656d44082be478bd6c086daa447c4651605818287b9532d3d0bd435?s=96&d=mm&r=g\",\"url\":\"https:\\\/\\\/secure.gravatar.com\\\/avatar\\\/3a8de04a2656d44082be478bd6c086daa447c4651605818287b9532d3d0bd435?s=96&d=mm&r=g\",\"contentUrl\":\"https:\\\/\\\/secure.gravatar.com\\\/avatar\\\/3a8de04a2656d44082be478bd6c086daa447c4651605818287b9532d3d0bd435?s=96&d=mm&r=g\",\"caption\":\"Lo viste en Los Pol\u00edticos\"},\"url\":\"https:\\\/\\\/lospoliticosveracruz.com\\\/?author=2\"}]}<\/script>\n<!-- \/ Yoast SEO plugin. -->","yoast_head_json":{"title":"PUEBLO - Los pol\u00edticos Veracruz","robots":{"index":"index","follow":"follow","max-snippet":"max-snippet:-1","max-image-preview":"max-image-preview:large","max-video-preview":"max-video-preview:-1"},"canonical":"https:\/\/lospoliticosveracruz.com\/?p=169828","og_locale":"es_ES","og_type":"article","og_title":"PUEBLO - Los pol\u00edticos Veracruz","og_description":"Guadalupe H. MarMira Pol\u00edtica VOX POPULI\u2026 Dicen y bien que la cuchara es quien conoce a la perfecci\u00f3n el fondo de la olla, dicho de la abuela Nila, la de \u00c1lamo Temapache, que cae como anillo al dedo para mencionar que son los habitantes del puerto de Veracruz los que saben si realmente ha valido [&hellip;]","og_url":"https:\/\/lospoliticosveracruz.com\/?p=169828","og_site_name":"Los pol\u00edticos Veracruz","article_publisher":"https:\/\/www.facebook.com\/people\/Notimemes-de-los-Polticos\/61565672886568\/","article_published_time":"2026-04-27T03:30:00+00:00","og_image":[{"width":1250,"height":667,"url":"https:\/\/lospoliticosveracruz.com\/wp-content\/uploads\/2025\/04\/Lupita-H-Mar.jpg","type":"image\/jpeg"}],"author":"Lo viste en Los Pol\u00edticos","twitter_card":"summary_large_image","twitter_creator":"@LosPoliticosVer","twitter_site":"@LosPoliticosVer","twitter_misc":{"Escrito por":"Lo viste en Los Pol\u00edticos","Tiempo de lectura":"4 minutos"},"schema":{"@context":"https:\/\/schema.org","@graph":[{"@type":"Article","@id":"https:\/\/lospoliticosveracruz.com\/?p=169828#article","isPartOf":{"@id":"https:\/\/lospoliticosveracruz.com\/?p=169828"},"author":{"name":"Lo viste en Los Pol\u00edticos","@id":"https:\/\/lospoliticosveracruz.com\/#\/schema\/person\/b8702bb0e538456e6efd07080bf2a4a2"},"headline":"PUEBLO","datePublished":"2026-04-27T03:30:00+00:00","mainEntityOfPage":{"@id":"https:\/\/lospoliticosveracruz.com\/?p=169828"},"wordCount":751,"publisher":{"@id":"https:\/\/lospoliticosveracruz.com\/#organization"},"image":{"@id":"https:\/\/lospoliticosveracruz.com\/?p=169828#primaryimage"},"thumbnailUrl":"https:\/\/lospoliticosveracruz.com\/wp-content\/uploads\/2025\/04\/Lupita-H-Mar.jpg","keywords":["Concesi\u00f3n alumbrado Ram\u00f3n Poo Gil","Consulta popular Veracruz alumbrado","Fernando Yunes M\u00e1rquez cr\u00edticas requisa","Requisa alumbrado p\u00fablico Veracruz 2026","Rosa Mar\u00eda Hern\u00e1ndez Espejo luminarias","Wardenclyffe Veracruz Puerto contrato"],"articleSection":["De Opini\u00f3n"],"inLanguage":"es"},{"@type":"WebPage","@id":"https:\/\/lospoliticosveracruz.com\/?p=169828","url":"https:\/\/lospoliticosveracruz.com\/?p=169828","name":"PUEBLO - Los pol\u00edticos Veracruz","isPartOf":{"@id":"https:\/\/lospoliticosveracruz.com\/#website"},"primaryImageOfPage":{"@id":"https:\/\/lospoliticosveracruz.com\/?p=169828#primaryimage"},"image":{"@id":"https:\/\/lospoliticosveracruz.com\/?p=169828#primaryimage"},"thumbnailUrl":"https:\/\/lospoliticosveracruz.com\/wp-content\/uploads\/2025\/04\/Lupita-H-Mar.jpg","datePublished":"2026-04-27T03:30:00+00:00","breadcrumb":{"@id":"https:\/\/lospoliticosveracruz.com\/?p=169828#breadcrumb"},"inLanguage":"es","potentialAction":[{"@type":"ReadAction","target":["https:\/\/lospoliticosveracruz.com\/?p=169828"]}]},{"@type":"ImageObject","inLanguage":"es","@id":"https:\/\/lospoliticosveracruz.com\/?p=169828#primaryimage","url":"https:\/\/lospoliticosveracruz.com\/wp-content\/uploads\/2025\/04\/Lupita-H-Mar.jpg","contentUrl":"https:\/\/lospoliticosveracruz.com\/wp-content\/uploads\/2025\/04\/Lupita-H-Mar.jpg","width":1250,"height":667},{"@type":"BreadcrumbList","@id":"https:\/\/lospoliticosveracruz.com\/?p=169828#breadcrumb","itemListElement":[{"@type":"ListItem","position":1,"name":"Portada","item":"https:\/\/lospoliticosveracruz.com\/"},{"@type":"ListItem","position":2,"name":"PUEBLO"}]},{"@type":"WebSite","@id":"https:\/\/lospoliticosveracruz.com\/#website","url":"https:\/\/lospoliticosveracruz.com\/","name":"Los pol\u00edticos Veracruz","description":"","publisher":{"@id":"https:\/\/lospoliticosveracruz.com\/#organization"},"potentialAction":[{"@type":"SearchAction","target":{"@type":"EntryPoint","urlTemplate":"https:\/\/lospoliticosveracruz.com\/?s={search_term_string}"},"query-input":{"@type":"PropertyValueSpecification","valueRequired":true,"valueName":"search_term_string"}}],"inLanguage":"es"},{"@type":"Organization","@id":"https:\/\/lospoliticosveracruz.com\/#organization","name":"Los pol\u00edticos Veracruz","url":"https:\/\/lospoliticosveracruz.com\/","logo":{"@type":"ImageObject","inLanguage":"es","@id":"https:\/\/lospoliticosveracruz.com\/#\/schema\/logo\/image\/","url":"https:\/\/lospoliticosveracruz.com\/wp-content\/uploads\/2025\/12\/Logo-Nuevo-LOS-POLITICOS-1.jpg","contentUrl":"https:\/\/lospoliticosveracruz.com\/wp-content\/uploads\/2025\/12\/Logo-Nuevo-LOS-POLITICOS-1.jpg","width":260,"height":70,"caption":"Los pol\u00edticos Veracruz"},"image":{"@id":"https:\/\/lospoliticosveracruz.com\/#\/schema\/logo\/image\/"},"sameAs":["https:\/\/www.facebook.com\/people\/Notimemes-de-los-Polticos\/61565672886568\/","https:\/\/x.com\/LosPoliticosVer"]},{"@type":"Person","@id":"https:\/\/lospoliticosveracruz.com\/#\/schema\/person\/b8702bb0e538456e6efd07080bf2a4a2","name":"Lo viste en Los Pol\u00edticos","image":{"@type":"ImageObject","inLanguage":"es","@id":"https:\/\/secure.gravatar.com\/avatar\/3a8de04a2656d44082be478bd6c086daa447c4651605818287b9532d3d0bd435?s=96&d=mm&r=g","url":"https:\/\/secure.gravatar.com\/avatar\/3a8de04a2656d44082be478bd6c086daa447c4651605818287b9532d3d0bd435?s=96&d=mm&r=g","contentUrl":"https:\/\/secure.gravatar.com\/avatar\/3a8de04a2656d44082be478bd6c086daa447c4651605818287b9532d3d0bd435?s=96&d=mm&r=g","caption":"Lo viste en Los Pol\u00edticos"},"url":"https:\/\/lospoliticosveracruz.com\/?author=2"}]}},"_links":{"self":[{"href":"https:\/\/lospoliticosveracruz.com\/index.php?rest_route=\/wp\/v2\/posts\/169828","targetHints":{"allow":["GET"]}}],"collection":[{"href":"https:\/\/lospoliticosveracruz.com\/index.php?rest_route=\/wp\/v2\/posts"}],"about":[{"href":"https:\/\/lospoliticosveracruz.com\/index.php?rest_route=\/wp\/v2\/types\/post"}],"author":[{"embeddable":true,"href":"https:\/\/lospoliticosveracruz.com\/index.php?rest_route=\/wp\/v2\/users\/2"}],"replies":[{"embeddable":true,"href":"https:\/\/lospoliticosveracruz.com\/index.php?rest_route=%2Fwp%2Fv2%2Fcomments&post=169828"}],"version-history":[{"count":1,"href":"https:\/\/lospoliticosveracruz.com\/index.php?rest_route=\/wp\/v2\/posts\/169828\/revisions"}],"predecessor-version":[{"id":169829,"href":"https:\/\/lospoliticosveracruz.com\/index.php?rest_route=\/wp\/v2\/posts\/169828\/revisions\/169829"}],"wp:featuredmedia":[{"embeddable":true,"href":"https:\/\/lospoliticosveracruz.com\/index.php?rest_route=\/wp\/v2\/media\/141398"}],"wp:attachment":[{"href":"https:\/\/lospoliticosveracruz.com\/index.php?rest_route=%2Fwp%2Fv2%2Fmedia&parent=169828"}],"wp:term":[{"taxonomy":"category","embeddable":true,"href":"https:\/\/lospoliticosveracruz.com\/index.php?rest_route=%2Fwp%2Fv2%2Fcategories&post=169828"},{"taxonomy":"post_tag","embeddable":true,"href":"https:\/\/lospoliticosveracruz.com\/index.php?rest_route=%2Fwp%2Fv2%2Ftags&post=169828"}],"curies":[{"name":"wp","href":"https:\/\/api.w.org\/{rel}","templated":true}]}}