{"id":169831,"date":"2026-04-26T16:35:19","date_gmt":"2026-04-26T22:35:19","guid":{"rendered":"https:\/\/lospoliticosveracruz.com\/?p=169831"},"modified":"2026-04-26T16:35:20","modified_gmt":"2026-04-26T22:35:20","slug":"tus-propuestas-trabajando","status":"publish","type":"post","link":"https:\/\/lospoliticosveracruz.com\/?p=169831","title":{"rendered":"TUS PROPUESTAS, TRABAJANDO!"},"content":{"rendered":"\n<p><\/p>\n\n\n\n<p>Se puso en marcha la primera de dos obras correspondientes al programa de Presupuesto Participativo 2026, misma que fue elegida mediante votaci\u00f3n por habitantes de las colonias Remes y Rigo, inform\u00f3 la Presidenta Municipal de Boca del R\u00edo, Maryjose Gamboa Torales.<\/p>\n\n\n\n<p>\u201cYa arrancamos las obras para la pavimentaci\u00f3n de la calle 8 en la colonia Revoluci\u00f3n, donde adem\u00e1s construiremos banquetas nuevas para mejorar la movilidad y la seguridad de todas las familias boque\u00f1as\u201d, expres\u00f3 la alcaldesa, al destacar que este tipo de acciones fortalecen la infraestructura urbana y elevan la calidad de vida en las colonias.<\/p>\n\n\n\n<p>Estas obras forman parte de una estrategia municipal que impulsa la participaci\u00f3n ciudadana en la toma de decisiones, permitiendo que sean los propios vecinos quienes definan las prioridades de inversi\u00f3n p\u00fablica, generando beneficios directos en su entorno.<\/p>\n\n\n\n<p>Por su parte, el Coordinador de Obras del Ayuntamiento de Boca del R\u00edo, Jorge Lohmann D\u00edaz, detall\u00f3 que el paquete contempla la intervenci\u00f3n de dos vialidades: la calle 8 y la calle 20 de Noviembre, iniciando con trabajos en la calle 8, en el tramo comprendido entre L\u00e1zaro C\u00e1rdenas y Crist\u00f3bal de Olid.<\/p>\n\n\n\n<p>Entre las acciones a realizar se encuentran la pavimentaci\u00f3n con asfalto, construcci\u00f3n de banquetas y guarniciones, as\u00ed como la aplicaci\u00f3n de pintura vial para delimitaci\u00f3n de carriles y se\u00f1alizaci\u00f3n, contribuyendo a una circulaci\u00f3n m\u00e1s segura y ordenada.<\/p>\n\n\n\n<p>\u201cCon la fresadora que tenemos aqu\u00ed, se va a levantar el pavimento viejo y se va a colocar carpeta nueva con la Finisher, con un espesor de cinco cent\u00edmetros; adem\u00e1s, se reconstruir\u00e1n banquetas y guarniciones con su respectiva se\u00f1alizaci\u00f3n\u201d, explic\u00f3 el funcionario.<\/p>\n\n\n\n<p>Finalmente, la Presidenta Municipal, Maryjose Gamboa Torales, subray\u00f3 que estas acciones representan un compromiso cumplido mediante un mecanismo de participaci\u00f3n ciudadana que fortalece el desarrollo urbano, mejora el entorno de colonias y fraccionamientos, y consolida un gobierno cercano a la gente, que trabaja de manera permanente para mantener a Boca del R\u00edo como una ciudad con calidad de vida y mayores oportunidades para sus habitantes.<\/p>\n","protected":false},"excerpt":{"rendered":"<p>Se puso en marcha la primera de dos obras correspondientes al programa de Presupuesto Participativo 2026, misma que fue elegida mediante votaci\u00f3n por habitantes de las colonias Remes y Rigo, inform\u00f3 la Presidenta Municipal de Boca del R\u00edo, Maryjose Gamboa Torales. \u201cYa arrancamos las obras para la pavimentaci\u00f3n de la calle 8 en la colonia [&hellip;]<\/p>\n","protected":false},"author":2,"featured_media":169832,"comment_status":"closed","ping_status":"closed","sticky":false,"template":"","format":"standard","meta":{"tdm_status":"","tdm_grid_status":"","footnotes":""},"categories":[73],"tags":[62288,62287,62286,62290,56813,62289],"class_list":{"0":"post-169831","1":"post","2":"type-post","3":"status-publish","4":"format-standard","5":"has-post-thumbnail","7":"category-de-boleto","8":"tag-jorge-lohmann-diaz-obras-municipales","9":"tag-maryjose-gamboa-pavimentacion-calle-8","10":"tag-obras-publicas-boca-del-rio-abril","11":"tag-participacion-ciudadana-boca-del-rio-proyectos","12":"tag-presupuesto-participativo-boca-del-rio-2026","13":"tag-rehabilitacion-vial-colonia-revolucion-boca"},"yoast_head":"<!-- This site is optimized with the Yoast SEO plugin v27.4 - https:\/\/yoast.com\/product\/yoast-seo-wordpress\/ -->\n<title>TUS PROPUESTAS, TRABAJANDO! - Los pol\u00edticos Veracruz<\/title>\n<meta name=\"robots\" content=\"index, follow, max-snippet:-1, max-image-preview:large, max-video-preview:-1\" \/>\n<link rel=\"canonical\" href=\"https:\/\/lospoliticosveracruz.com\/?p=169831\" \/>\n<meta property=\"og:locale\" content=\"es_ES\" \/>\n<meta property=\"og:type\" content=\"article\" \/>\n<meta property=\"og:title\" content=\"TUS PROPUESTAS, TRABAJANDO! - Los pol\u00edticos Veracruz\" \/>\n<meta property=\"og:description\" content=\"Se puso en marcha la primera de dos obras correspondientes al programa de Presupuesto Participativo 2026, misma que fue elegida mediante votaci\u00f3n por habitantes de las colonias Remes y Rigo, inform\u00f3 la Presidenta Municipal de Boca del R\u00edo, Maryjose Gamboa Torales. \u201cYa arrancamos las obras para la pavimentaci\u00f3n de la calle 8 en la colonia [&hellip;]\" \/>\n<meta property=\"og:url\" content=\"https:\/\/lospoliticosveracruz.com\/?p=169831\" \/>\n<meta property=\"og:site_name\" content=\"Los pol\u00edticos Veracruz\" \/>\n<meta property=\"article:publisher\" content=\"https:\/\/www.facebook.com\/people\/Notimemes-de-los-Polticos\/61565672886568\/\" \/>\n<meta property=\"article:published_time\" content=\"2026-04-26T22:35:19+00:00\" \/>\n<meta property=\"article:modified_time\" content=\"2026-04-26T22:35:20+00:00\" \/>\n<meta property=\"og:image\" content=\"https:\/\/lospoliticosveracruz.com\/wp-content\/uploads\/2026\/04\/Boca-2.jpg\" \/>\n\t<meta property=\"og:image:width\" content=\"600\" \/>\n\t<meta property=\"og:image:height\" content=\"320\" \/>\n\t<meta property=\"og:image:type\" content=\"image\/jpeg\" \/>\n<meta name=\"author\" content=\"Lo viste en Los Pol\u00edticos\" \/>\n<meta name=\"twitter:card\" content=\"summary_large_image\" \/>\n<meta name=\"twitter:creator\" content=\"@LosPoliticosVer\" \/>\n<meta name=\"twitter:site\" content=\"@LosPoliticosVer\" \/>\n<meta name=\"twitter:label1\" content=\"Escrito por\" \/>\n\t<meta name=\"twitter:data1\" content=\"Lo viste en Los Pol\u00edticos\" \/>\n\t<meta name=\"twitter:label2\" content=\"Tiempo de lectura\" \/>\n\t<meta name=\"twitter:data2\" content=\"2 minutos\" \/>\n<script type=\"application\/ld+json\" class=\"yoast-schema-graph\">{\"@context\":\"https:\\\/\\\/schema.org\",\"@graph\":[{\"@type\":\"Article\",\"@id\":\"https:\\\/\\\/lospoliticosveracruz.com\\\/?p=169831#article\",\"isPartOf\":{\"@id\":\"https:\\\/\\\/lospoliticosveracruz.com\\\/?p=169831\"},\"author\":{\"name\":\"Lo viste en Los Pol\u00edticos\",\"@id\":\"https:\\\/\\\/lospoliticosveracruz.com\\\/#\\\/schema\\\/person\\\/b8702bb0e538456e6efd07080bf2a4a2\"},\"headline\":\"TUS PROPUESTAS, TRABAJANDO!\",\"datePublished\":\"2026-04-26T22:35:19+00:00\",\"dateModified\":\"2026-04-26T22:35:20+00:00\",\"mainEntityOfPage\":{\"@id\":\"https:\\\/\\\/lospoliticosveracruz.com\\\/?p=169831\"},\"wordCount\":358,\"publisher\":{\"@id\":\"https:\\\/\\\/lospoliticosveracruz.com\\\/#organization\"},\"image\":{\"@id\":\"https:\\\/\\\/lospoliticosveracruz.com\\\/?p=169831#primaryimage\"},\"thumbnailUrl\":\"https:\\\/\\\/lospoliticosveracruz.com\\\/wp-content\\\/uploads\\\/2026\\\/04\\\/Boca-2.jpg\",\"keywords\":[\"Jorge Lohmann D\u00edaz obras municipales\",\"Maryjose Gamboa pavimentaci\u00f3n Calle 8\",\"Obras p\u00fablicas Boca del R\u00edo abril\",\"Participaci\u00f3n ciudadana Boca del R\u00edo proyectos\",\"Presupuesto Participativo Boca del R\u00edo 2026\",\"Rehabilitaci\u00f3n vial colonia Revoluci\u00f3n Boca\"],\"articleSection\":[\"De Boleto\"],\"inLanguage\":\"es\"},{\"@type\":\"WebPage\",\"@id\":\"https:\\\/\\\/lospoliticosveracruz.com\\\/?p=169831\",\"url\":\"https:\\\/\\\/lospoliticosveracruz.com\\\/?p=169831\",\"name\":\"TUS PROPUESTAS, TRABAJANDO! - Los pol\u00edticos Veracruz\",\"isPartOf\":{\"@id\":\"https:\\\/\\\/lospoliticosveracruz.com\\\/#website\"},\"primaryImageOfPage\":{\"@id\":\"https:\\\/\\\/lospoliticosveracruz.com\\\/?p=169831#primaryimage\"},\"image\":{\"@id\":\"https:\\\/\\\/lospoliticosveracruz.com\\\/?p=169831#primaryimage\"},\"thumbnailUrl\":\"https:\\\/\\\/lospoliticosveracruz.com\\\/wp-content\\\/uploads\\\/2026\\\/04\\\/Boca-2.jpg\",\"datePublished\":\"2026-04-26T22:35:19+00:00\",\"dateModified\":\"2026-04-26T22:35:20+00:00\",\"breadcrumb\":{\"@id\":\"https:\\\/\\\/lospoliticosveracruz.com\\\/?p=169831#breadcrumb\"},\"inLanguage\":\"es\",\"potentialAction\":[{\"@type\":\"ReadAction\",\"target\":[\"https:\\\/\\\/lospoliticosveracruz.com\\\/?p=169831\"]}]},{\"@type\":\"ImageObject\",\"inLanguage\":\"es\",\"@id\":\"https:\\\/\\\/lospoliticosveracruz.com\\\/?p=169831#primaryimage\",\"url\":\"https:\\\/\\\/lospoliticosveracruz.com\\\/wp-content\\\/uploads\\\/2026\\\/04\\\/Boca-2.jpg\",\"contentUrl\":\"https:\\\/\\\/lospoliticosveracruz.com\\\/wp-content\\\/uploads\\\/2026\\\/04\\\/Boca-2.jpg\",\"width\":600,\"height\":320},{\"@type\":\"BreadcrumbList\",\"@id\":\"https:\\\/\\\/lospoliticosveracruz.com\\\/?p=169831#breadcrumb\",\"itemListElement\":[{\"@type\":\"ListItem\",\"position\":1,\"name\":\"Portada\",\"item\":\"https:\\\/\\\/lospoliticosveracruz.com\\\/\"},{\"@type\":\"ListItem\",\"position\":2,\"name\":\"TUS PROPUESTAS, TRABAJANDO!\"}]},{\"@type\":\"WebSite\",\"@id\":\"https:\\\/\\\/lospoliticosveracruz.com\\\/#website\",\"url\":\"https:\\\/\\\/lospoliticosveracruz.com\\\/\",\"name\":\"Los pol\u00edticos Veracruz\",\"description\":\"\",\"publisher\":{\"@id\":\"https:\\\/\\\/lospoliticosveracruz.com\\\/#organization\"},\"potentialAction\":[{\"@type\":\"SearchAction\",\"target\":{\"@type\":\"EntryPoint\",\"urlTemplate\":\"https:\\\/\\\/lospoliticosveracruz.com\\\/?s={search_term_string}\"},\"query-input\":{\"@type\":\"PropertyValueSpecification\",\"valueRequired\":true,\"valueName\":\"search_term_string\"}}],\"inLanguage\":\"es\"},{\"@type\":\"Organization\",\"@id\":\"https:\\\/\\\/lospoliticosveracruz.com\\\/#organization\",\"name\":\"Los pol\u00edticos Veracruz\",\"url\":\"https:\\\/\\\/lospoliticosveracruz.com\\\/\",\"logo\":{\"@type\":\"ImageObject\",\"inLanguage\":\"es\",\"@id\":\"https:\\\/\\\/lospoliticosveracruz.com\\\/#\\\/schema\\\/logo\\\/image\\\/\",\"url\":\"https:\\\/\\\/lospoliticosveracruz.com\\\/wp-content\\\/uploads\\\/2025\\\/12\\\/Logo-Nuevo-LOS-POLITICOS-1.jpg\",\"contentUrl\":\"https:\\\/\\\/lospoliticosveracruz.com\\\/wp-content\\\/uploads\\\/2025\\\/12\\\/Logo-Nuevo-LOS-POLITICOS-1.jpg\",\"width\":260,\"height\":70,\"caption\":\"Los pol\u00edticos Veracruz\"},\"image\":{\"@id\":\"https:\\\/\\\/lospoliticosveracruz.com\\\/#\\\/schema\\\/logo\\\/image\\\/\"},\"sameAs\":[\"https:\\\/\\\/www.facebook.com\\\/people\\\/Notimemes-de-los-Polticos\\\/61565672886568\\\/\",\"https:\\\/\\\/x.com\\\/LosPoliticosVer\"]},{\"@type\":\"Person\",\"@id\":\"https:\\\/\\\/lospoliticosveracruz.com\\\/#\\\/schema\\\/person\\\/b8702bb0e538456e6efd07080bf2a4a2\",\"name\":\"Lo viste en Los Pol\u00edticos\",\"image\":{\"@type\":\"ImageObject\",\"inLanguage\":\"es\",\"@id\":\"https:\\\/\\\/secure.gravatar.com\\\/avatar\\\/3a8de04a2656d44082be478bd6c086daa447c4651605818287b9532d3d0bd435?s=96&d=mm&r=g\",\"url\":\"https:\\\/\\\/secure.gravatar.com\\\/avatar\\\/3a8de04a2656d44082be478bd6c086daa447c4651605818287b9532d3d0bd435?s=96&d=mm&r=g\",\"contentUrl\":\"https:\\\/\\\/secure.gravatar.com\\\/avatar\\\/3a8de04a2656d44082be478bd6c086daa447c4651605818287b9532d3d0bd435?s=96&d=mm&r=g\",\"caption\":\"Lo viste en Los Pol\u00edticos\"},\"url\":\"https:\\\/\\\/lospoliticosveracruz.com\\\/?author=2\"}]}<\/script>\n<!-- \/ Yoast SEO plugin. -->","yoast_head_json":{"title":"TUS PROPUESTAS, TRABAJANDO! - Los pol\u00edticos Veracruz","robots":{"index":"index","follow":"follow","max-snippet":"max-snippet:-1","max-image-preview":"max-image-preview:large","max-video-preview":"max-video-preview:-1"},"canonical":"https:\/\/lospoliticosveracruz.com\/?p=169831","og_locale":"es_ES","og_type":"article","og_title":"TUS PROPUESTAS, TRABAJANDO! - Los pol\u00edticos Veracruz","og_description":"Se puso en marcha la primera de dos obras correspondientes al programa de Presupuesto Participativo 2026, misma que fue elegida mediante votaci\u00f3n por habitantes de las colonias Remes y Rigo, inform\u00f3 la Presidenta Municipal de Boca del R\u00edo, Maryjose Gamboa Torales. \u201cYa arrancamos las obras para la pavimentaci\u00f3n de la calle 8 en la colonia [&hellip;]","og_url":"https:\/\/lospoliticosveracruz.com\/?p=169831","og_site_name":"Los pol\u00edticos Veracruz","article_publisher":"https:\/\/www.facebook.com\/people\/Notimemes-de-los-Polticos\/61565672886568\/","article_published_time":"2026-04-26T22:35:19+00:00","article_modified_time":"2026-04-26T22:35:20+00:00","og_image":[{"width":600,"height":320,"url":"https:\/\/lospoliticosveracruz.com\/wp-content\/uploads\/2026\/04\/Boca-2.jpg","type":"image\/jpeg"}],"author":"Lo viste en Los Pol\u00edticos","twitter_card":"summary_large_image","twitter_creator":"@LosPoliticosVer","twitter_site":"@LosPoliticosVer","twitter_misc":{"Escrito por":"Lo viste en Los Pol\u00edticos","Tiempo de lectura":"2 minutos"},"schema":{"@context":"https:\/\/schema.org","@graph":[{"@type":"Article","@id":"https:\/\/lospoliticosveracruz.com\/?p=169831#article","isPartOf":{"@id":"https:\/\/lospoliticosveracruz.com\/?p=169831"},"author":{"name":"Lo viste en Los Pol\u00edticos","@id":"https:\/\/lospoliticosveracruz.com\/#\/schema\/person\/b8702bb0e538456e6efd07080bf2a4a2"},"headline":"TUS PROPUESTAS, TRABAJANDO!","datePublished":"2026-04-26T22:35:19+00:00","dateModified":"2026-04-26T22:35:20+00:00","mainEntityOfPage":{"@id":"https:\/\/lospoliticosveracruz.com\/?p=169831"},"wordCount":358,"publisher":{"@id":"https:\/\/lospoliticosveracruz.com\/#organization"},"image":{"@id":"https:\/\/lospoliticosveracruz.com\/?p=169831#primaryimage"},"thumbnailUrl":"https:\/\/lospoliticosveracruz.com\/wp-content\/uploads\/2026\/04\/Boca-2.jpg","keywords":["Jorge Lohmann D\u00edaz obras municipales","Maryjose Gamboa pavimentaci\u00f3n Calle 8","Obras p\u00fablicas Boca del R\u00edo abril","Participaci\u00f3n ciudadana Boca del R\u00edo proyectos","Presupuesto Participativo Boca del R\u00edo 2026","Rehabilitaci\u00f3n vial colonia Revoluci\u00f3n Boca"],"articleSection":["De Boleto"],"inLanguage":"es"},{"@type":"WebPage","@id":"https:\/\/lospoliticosveracruz.com\/?p=169831","url":"https:\/\/lospoliticosveracruz.com\/?p=169831","name":"TUS PROPUESTAS, TRABAJANDO! - Los pol\u00edticos Veracruz","isPartOf":{"@id":"https:\/\/lospoliticosveracruz.com\/#website"},"primaryImageOfPage":{"@id":"https:\/\/lospoliticosveracruz.com\/?p=169831#primaryimage"},"image":{"@id":"https:\/\/lospoliticosveracruz.com\/?p=169831#primaryimage"},"thumbnailUrl":"https:\/\/lospoliticosveracruz.com\/wp-content\/uploads\/2026\/04\/Boca-2.jpg","datePublished":"2026-04-26T22:35:19+00:00","dateModified":"2026-04-26T22:35:20+00:00","breadcrumb":{"@id":"https:\/\/lospoliticosveracruz.com\/?p=169831#breadcrumb"},"inLanguage":"es","potentialAction":[{"@type":"ReadAction","target":["https:\/\/lospoliticosveracruz.com\/?p=169831"]}]},{"@type":"ImageObject","inLanguage":"es","@id":"https:\/\/lospoliticosveracruz.com\/?p=169831#primaryimage","url":"https:\/\/lospoliticosveracruz.com\/wp-content\/uploads\/2026\/04\/Boca-2.jpg","contentUrl":"https:\/\/lospoliticosveracruz.com\/wp-content\/uploads\/2026\/04\/Boca-2.jpg","width":600,"height":320},{"@type":"BreadcrumbList","@id":"https:\/\/lospoliticosveracruz.com\/?p=169831#breadcrumb","itemListElement":[{"@type":"ListItem","position":1,"name":"Portada","item":"https:\/\/lospoliticosveracruz.com\/"},{"@type":"ListItem","position":2,"name":"TUS PROPUESTAS, TRABAJANDO!"}]},{"@type":"WebSite","@id":"https:\/\/lospoliticosveracruz.com\/#website","url":"https:\/\/lospoliticosveracruz.com\/","name":"Los pol\u00edticos Veracruz","description":"","publisher":{"@id":"https:\/\/lospoliticosveracruz.com\/#organization"},"potentialAction":[{"@type":"SearchAction","target":{"@type":"EntryPoint","urlTemplate":"https:\/\/lospoliticosveracruz.com\/?s={search_term_string}"},"query-input":{"@type":"PropertyValueSpecification","valueRequired":true,"valueName":"search_term_string"}}],"inLanguage":"es"},{"@type":"Organization","@id":"https:\/\/lospoliticosveracruz.com\/#organization","name":"Los pol\u00edticos Veracruz","url":"https:\/\/lospoliticosveracruz.com\/","logo":{"@type":"ImageObject","inLanguage":"es","@id":"https:\/\/lospoliticosveracruz.com\/#\/schema\/logo\/image\/","url":"https:\/\/lospoliticosveracruz.com\/wp-content\/uploads\/2025\/12\/Logo-Nuevo-LOS-POLITICOS-1.jpg","contentUrl":"https:\/\/lospoliticosveracruz.com\/wp-content\/uploads\/2025\/12\/Logo-Nuevo-LOS-POLITICOS-1.jpg","width":260,"height":70,"caption":"Los pol\u00edticos Veracruz"},"image":{"@id":"https:\/\/lospoliticosveracruz.com\/#\/schema\/logo\/image\/"},"sameAs":["https:\/\/www.facebook.com\/people\/Notimemes-de-los-Polticos\/61565672886568\/","https:\/\/x.com\/LosPoliticosVer"]},{"@type":"Person","@id":"https:\/\/lospoliticosveracruz.com\/#\/schema\/person\/b8702bb0e538456e6efd07080bf2a4a2","name":"Lo viste en Los Pol\u00edticos","image":{"@type":"ImageObject","inLanguage":"es","@id":"https:\/\/secure.gravatar.com\/avatar\/3a8de04a2656d44082be478bd6c086daa447c4651605818287b9532d3d0bd435?s=96&d=mm&r=g","url":"https:\/\/secure.gravatar.com\/avatar\/3a8de04a2656d44082be478bd6c086daa447c4651605818287b9532d3d0bd435?s=96&d=mm&r=g","contentUrl":"https:\/\/secure.gravatar.com\/avatar\/3a8de04a2656d44082be478bd6c086daa447c4651605818287b9532d3d0bd435?s=96&d=mm&r=g","caption":"Lo viste en Los Pol\u00edticos"},"url":"https:\/\/lospoliticosveracruz.com\/?author=2"}]}},"_links":{"self":[{"href":"https:\/\/lospoliticosveracruz.com\/index.php?rest_route=\/wp\/v2\/posts\/169831","targetHints":{"allow":["GET"]}}],"collection":[{"href":"https:\/\/lospoliticosveracruz.com\/index.php?rest_route=\/wp\/v2\/posts"}],"about":[{"href":"https:\/\/lospoliticosveracruz.com\/index.php?rest_route=\/wp\/v2\/types\/post"}],"author":[{"embeddable":true,"href":"https:\/\/lospoliticosveracruz.com\/index.php?rest_route=\/wp\/v2\/users\/2"}],"replies":[{"embeddable":true,"href":"https:\/\/lospoliticosveracruz.com\/index.php?rest_route=%2Fwp%2Fv2%2Fcomments&post=169831"}],"version-history":[{"count":1,"href":"https:\/\/lospoliticosveracruz.com\/index.php?rest_route=\/wp\/v2\/posts\/169831\/revisions"}],"predecessor-version":[{"id":169833,"href":"https:\/\/lospoliticosveracruz.com\/index.php?rest_route=\/wp\/v2\/posts\/169831\/revisions\/169833"}],"wp:featuredmedia":[{"embeddable":true,"href":"https:\/\/lospoliticosveracruz.com\/index.php?rest_route=\/wp\/v2\/media\/169832"}],"wp:attachment":[{"href":"https:\/\/lospoliticosveracruz.com\/index.php?rest_route=%2Fwp%2Fv2%2Fmedia&parent=169831"}],"wp:term":[{"taxonomy":"category","embeddable":true,"href":"https:\/\/lospoliticosveracruz.com\/index.php?rest_route=%2Fwp%2Fv2%2Fcategories&post=169831"},{"taxonomy":"post_tag","embeddable":true,"href":"https:\/\/lospoliticosveracruz.com\/index.php?rest_route=%2Fwp%2Fv2%2Ftags&post=169831"}],"curies":[{"name":"wp","href":"https:\/\/api.w.org\/{rel}","templated":true}]}}