{"id":169836,"date":"2026-04-26T20:28:35","date_gmt":"2026-04-27T02:28:35","guid":{"rendered":"https:\/\/lospoliticosveracruz.com\/?p=169836"},"modified":"2026-04-26T20:28:35","modified_gmt":"2026-04-27T02:28:35","slug":"ignorar-transparencia","status":"publish","type":"post","link":"https:\/\/lospoliticosveracruz.com\/?p=169836","title":{"rendered":"IGNORAR TRANSPARENCIA"},"content":{"rendered":"\n<p><strong>Jos\u00e9 Luis Enr\u00edquez Ambell<br><\/strong><em>Caf\u00e9 de ma\u00f1ana<br><\/em><\/p>\n\n\n\n<p><\/p>\n\n\n\n<p>La percepci\u00f3n de que los servidores p\u00fablicos ignoran las normas de transparencia y act\u00faan con impunidad en M\u00e9xico ha sido respaldada por informes recientes que se\u00f1alan un retroceso en rendici\u00f3n de cuentas, la desaparici\u00f3n de \u00f3rganos aut\u00f3nomos y altos niveles de opacidad. En 2025, M\u00e9xico obtuvo 27 de 100 puntos en el \u00cdndice de Percepci\u00f3n de la Corrupci\u00f3n, situ\u00e1ndose en el lugar 141 de 182 pa\u00edses, una de sus peores evaluaciones hist\u00f3ricas.<\/p>\n\n\n\n<p>Situaci\u00f3n de la Transparencia y Actuaci\u00f3n de Funcionarios, a trav\u00e9s de la desaparici\u00f3n del INAI en lo federal y el IVAI en lo estatal en Veracruz, y aprobaci\u00f3n de la llamada; \u00abSimplificaci\u00f3n Org\u00e1nica\u00bb a finales de 2024 tras eliminarse el INAI, como una entidad aut\u00f3noma y que garantizaba el acceso a la informaci\u00f3n p\u00fablica, que se reemplazaron por otras nuevas estructuras ligadas al gobierno.<\/p>\n\n\n\n<p>Y es que la \u00abTransparencia Performativa\u00bb se trata de situaciones en las que las acciones para la rendici\u00f3n de cuentas, d\u00f3nde se publican datos o la apertura de la informaci\u00f3n que no buscan una transparencia real o una mejora en la gobernanza, sino que act\u00faan como un ritual o puesta en escena para generar la apariencia de transparencia, legitimidad o el cumplimiento ante el p\u00fablico en Redes.<\/p>\n\n\n\n<p>Y as\u00ed es como los analistas nos advierten el estrat\u00e9gico uso de las redes sociales por parte de funcionarios, lo cual no siempre coincide con la realidad. Y ah\u00ed se se\u00f1ala que la informaci\u00f3n proporcionada es incompleta, mostrando solo lo que desean que la ciudadan\u00eda vea.<\/p>\n\n\n\n<p>Debe reconocerse que existe un miedo a la transparencia y cierta preocupaci\u00f3n entre un sector de servidores p\u00fablicos &#8211; muy focalizados &#8211; para que algunos de sus actos de autoridad, incluyendo a las declaraciones patrimoniales, sean conocidos y escrutados, especialmente cuando intentan ocultar actos de corrupci\u00f3n.<\/p>\n\n\n\n<p>Hay un informe a enero 2026 que revel\u00f3 la existencia que la transparencia est\u00e1 en crisis, con m\u00e1s del 80% de las solicitudes de informaci\u00f3n siendo impugnadas y un 32% de respuestas deficientes. Y adem\u00e1s, se estima que el 95.2% de los actos de corrupci\u00f3n no se denuncian.<\/p>\n\n\n\n<p>Tambi\u00e9n habr\u00e1 que reconocer la existencia de mecanismos de evasi\u00f3n y negaci\u00f3n de la informaci\u00f3n b\u00e1sica: Y en el nivel federal y local, tambi\u00e9n hay algunos funcionarios que rutinariamente niegan el acceso a la informaci\u00f3n m\u00e1s b\u00e1sica, como los directorios de empleados municipales, sueldos, a pesar de que la ley obliga a su publicaci\u00f3n.<\/p>\n\n\n\n<p>Ojal\u00e1 que la opacidad en la FGE (Fiscal\u00eda General del Estado), NO se mantenga como una de las instituciones de menor transparencia, y limitando la informaci\u00f3n de las investigaciones a la ciudadan\u00eda en general.<\/p>\n\n\n\n<p>La opacidad no se justifica, y se han impulsado reformas que permiten a los titulares de organismos p\u00fablicos impugnar las decisiones de los \u00f3rganos de transparencia, a\u00fan ahora en manos del gobierno.<\/p>\n\n\n\n<p>La falta de transparencia y la corrupci\u00f3n estructural permiten que persista la impunidad, y debilitando la democracia y la confianza ciudadana en las instituciones, y esto no es democr\u00e1tico.<\/p>\n\n\n\n<p>SOBREMESA<\/p>\n\n\n\n<p>Hace unas semanas y luego de dos meses de estar ac\u00e9fala en la SIOP la Subsecretar\u00eda de Infraestructura que desde el inicio del sexenio de Roc\u00edo Nahle, ocupo el Ing. Marco Antonio Beltr\u00e1n Virgen, y que ahora ha quedado en manos del Ing. Hugo P\u00e9rez C\u00f3rdoba.<\/p>\n\n\n\n<p>Y pues, en est\u00e1 recta final del mes de Abril empez\u00f3 a o\u00edrse la versi\u00f3n del cambio del Ing. V\u00edctor David Palacios, Subsecretario de Obras P\u00fablicas y Carreteras, sin conocerse quien lo habr\u00eda de relevar hasta el momento.<\/p>\n\n\n\n<p>La salida y reacomodo que se siguen o continuar\u00edan d\u00e1ndo en la Secretar\u00eda de Infraestructura y Obras P\u00fablicas (SIOP), hay quienes aseguran son ligadas a los<br>\u00abrumores y golpes contrarios al excolaborador en Pemex y el sector Energ\u00e9tico\u00bb con la Ing. Roc\u00edo Nahle.<\/p>\n\n\n\n<p>Hay voces que se atreven a decir de la participaci\u00f3n de sus familiares directos del Ing. Palacios y con otros aliados en el sector gobierno, ejecutan obras a trav\u00e9s de terceros.<\/p>\n\n\n\n<p>Incluso, algunos a\u00f1aden que ejecutivos de organismos de la construcci\u00f3n habr\u00edan acrecentado opiniones directas e indirectas en el entorno cercano a la titular del Poder Ejecutivo Estatal, sin que esto sea real.<\/p>\n\n\n\n<p>Pero despu\u00e9s de todo; \u00abpa que adivinar lo que se va a saber\u00bb.<\/p>\n\n\n\n<p>UN CAF\u00c9 LECHERO LIGHT<\/p>\n\n\n\n<p>La cercania de movimientos pol\u00edticos en lo federal y estatal con impacto en el territorio veracruzano, estar\u00e1 siendo motivo para rumores y ajustes en el tablero de la administraci\u00f3n p\u00fablica.<\/p>\n\n\n\n<p>\u00a1ES CUANTO!<\/p>\n\n\n\n<p>enriquezambell@gmail.com;<br>enamjl62@gmail.com<\/p>\n","protected":false},"excerpt":{"rendered":"<p>Jos\u00e9 Luis Enr\u00edquez AmbellCaf\u00e9 de ma\u00f1ana La percepci\u00f3n de que los servidores p\u00fablicos ignoran las normas de transparencia y act\u00faan con impunidad en M\u00e9xico ha sido respaldada por informes recientes que se\u00f1alan un retroceso en rendici\u00f3n de cuentas, la desaparici\u00f3n de \u00f3rganos aut\u00f3nomos y altos niveles de opacidad. En 2025, M\u00e9xico obtuvo 27 de 100 [&hellip;]<\/p>\n","protected":false},"author":2,"featured_media":141435,"comment_status":"closed","ping_status":"closed","sticky":false,"template":"","format":"standard","meta":{"tdm_status":"","tdm_grid_status":"","footnotes":""},"categories":[70],"tags":[62298,62299,62300,62297,62302,62301],"class_list":{"0":"post-169836","1":"post","2":"type-post","3":"status-publish","4":"format-standard","5":"has-post-thumbnail","7":"category-de-opinion","8":"tag-cambios-siop-veracruz-rocio-nahle","9":"tag-corrupcion-mexico-indice-2025","10":"tag-crisis-inai-ivai-veracruz-2026","11":"tag-jose-luis-enriquez-ambell-transparencia","12":"tag-transparencia-performativa-funcionarios-publicos","13":"tag-victor-david-palacios-siop-salida"},"yoast_head":"<!-- This site is optimized with the Yoast SEO plugin v27.4 - https:\/\/yoast.com\/product\/yoast-seo-wordpress\/ -->\n<title>IGNORAR TRANSPARENCIA - Los pol\u00edticos Veracruz<\/title>\n<meta name=\"robots\" content=\"index, follow, max-snippet:-1, max-image-preview:large, max-video-preview:-1\" \/>\n<link rel=\"canonical\" href=\"https:\/\/lospoliticosveracruz.com\/?p=169836\" \/>\n<meta property=\"og:locale\" content=\"es_ES\" \/>\n<meta property=\"og:type\" content=\"article\" \/>\n<meta property=\"og:title\" content=\"IGNORAR TRANSPARENCIA - Los pol\u00edticos Veracruz\" \/>\n<meta property=\"og:description\" content=\"Jos\u00e9 Luis Enr\u00edquez AmbellCaf\u00e9 de ma\u00f1ana La percepci\u00f3n de que los servidores p\u00fablicos ignoran las normas de transparencia y act\u00faan con impunidad en M\u00e9xico ha sido respaldada por informes recientes que se\u00f1alan un retroceso en rendici\u00f3n de cuentas, la desaparici\u00f3n de \u00f3rganos aut\u00f3nomos y altos niveles de opacidad. En 2025, M\u00e9xico obtuvo 27 de 100 [&hellip;]\" \/>\n<meta property=\"og:url\" content=\"https:\/\/lospoliticosveracruz.com\/?p=169836\" \/>\n<meta property=\"og:site_name\" content=\"Los pol\u00edticos Veracruz\" \/>\n<meta property=\"article:publisher\" content=\"https:\/\/www.facebook.com\/people\/Notimemes-de-los-Polticos\/61565672886568\/\" \/>\n<meta property=\"article:published_time\" content=\"2026-04-27T02:28:35+00:00\" \/>\n<meta property=\"og:image\" content=\"https:\/\/lospoliticosveracruz.com\/wp-content\/uploads\/2025\/04\/Ambell.jpg\" \/>\n\t<meta property=\"og:image:width\" content=\"1250\" \/>\n\t<meta property=\"og:image:height\" content=\"667\" \/>\n\t<meta property=\"og:image:type\" content=\"image\/jpeg\" \/>\n<meta name=\"author\" content=\"Lo viste en Los Pol\u00edticos\" \/>\n<meta name=\"twitter:card\" content=\"summary_large_image\" \/>\n<meta name=\"twitter:creator\" content=\"@LosPoliticosVer\" \/>\n<meta name=\"twitter:site\" content=\"@LosPoliticosVer\" \/>\n<meta name=\"twitter:label1\" content=\"Escrito por\" \/>\n\t<meta name=\"twitter:data1\" content=\"Lo viste en Los Pol\u00edticos\" \/>\n\t<meta name=\"twitter:label2\" content=\"Tiempo de lectura\" \/>\n\t<meta name=\"twitter:data2\" content=\"4 minutos\" \/>\n<script type=\"application\/ld+json\" class=\"yoast-schema-graph\">{\"@context\":\"https:\\\/\\\/schema.org\",\"@graph\":[{\"@type\":\"Article\",\"@id\":\"https:\\\/\\\/lospoliticosveracruz.com\\\/?p=169836#article\",\"isPartOf\":{\"@id\":\"https:\\\/\\\/lospoliticosveracruz.com\\\/?p=169836\"},\"author\":{\"name\":\"Lo viste en Los Pol\u00edticos\",\"@id\":\"https:\\\/\\\/lospoliticosveracruz.com\\\/#\\\/schema\\\/person\\\/b8702bb0e538456e6efd07080bf2a4a2\"},\"headline\":\"IGNORAR TRANSPARENCIA\",\"datePublished\":\"2026-04-27T02:28:35+00:00\",\"mainEntityOfPage\":{\"@id\":\"https:\\\/\\\/lospoliticosveracruz.com\\\/?p=169836\"},\"wordCount\":822,\"publisher\":{\"@id\":\"https:\\\/\\\/lospoliticosveracruz.com\\\/#organization\"},\"image\":{\"@id\":\"https:\\\/\\\/lospoliticosveracruz.com\\\/?p=169836#primaryimage\"},\"thumbnailUrl\":\"https:\\\/\\\/lospoliticosveracruz.com\\\/wp-content\\\/uploads\\\/2025\\\/04\\\/Ambell.jpg\",\"keywords\":[\"Cambios SIOP Veracruz Roc\u00edo Nahle\",\"Corrupci\u00f3n M\u00e9xico \u00edndice 2025\",\"Crisis INAI IVAI Veracruz 2026\",\"Jos\u00e9 Luis Enr\u00edquez Ambell transparencia\",\"Transparencia performativa funcionarios p\u00fablicos\",\"V\u00edctor David Palacios SIOP salida\"],\"articleSection\":[\"De Opini\u00f3n\"],\"inLanguage\":\"es\"},{\"@type\":\"WebPage\",\"@id\":\"https:\\\/\\\/lospoliticosveracruz.com\\\/?p=169836\",\"url\":\"https:\\\/\\\/lospoliticosveracruz.com\\\/?p=169836\",\"name\":\"IGNORAR TRANSPARENCIA - Los pol\u00edticos Veracruz\",\"isPartOf\":{\"@id\":\"https:\\\/\\\/lospoliticosveracruz.com\\\/#website\"},\"primaryImageOfPage\":{\"@id\":\"https:\\\/\\\/lospoliticosveracruz.com\\\/?p=169836#primaryimage\"},\"image\":{\"@id\":\"https:\\\/\\\/lospoliticosveracruz.com\\\/?p=169836#primaryimage\"},\"thumbnailUrl\":\"https:\\\/\\\/lospoliticosveracruz.com\\\/wp-content\\\/uploads\\\/2025\\\/04\\\/Ambell.jpg\",\"datePublished\":\"2026-04-27T02:28:35+00:00\",\"breadcrumb\":{\"@id\":\"https:\\\/\\\/lospoliticosveracruz.com\\\/?p=169836#breadcrumb\"},\"inLanguage\":\"es\",\"potentialAction\":[{\"@type\":\"ReadAction\",\"target\":[\"https:\\\/\\\/lospoliticosveracruz.com\\\/?p=169836\"]}]},{\"@type\":\"ImageObject\",\"inLanguage\":\"es\",\"@id\":\"https:\\\/\\\/lospoliticosveracruz.com\\\/?p=169836#primaryimage\",\"url\":\"https:\\\/\\\/lospoliticosveracruz.com\\\/wp-content\\\/uploads\\\/2025\\\/04\\\/Ambell.jpg\",\"contentUrl\":\"https:\\\/\\\/lospoliticosveracruz.com\\\/wp-content\\\/uploads\\\/2025\\\/04\\\/Ambell.jpg\",\"width\":1250,\"height\":667},{\"@type\":\"BreadcrumbList\",\"@id\":\"https:\\\/\\\/lospoliticosveracruz.com\\\/?p=169836#breadcrumb\",\"itemListElement\":[{\"@type\":\"ListItem\",\"position\":1,\"name\":\"Portada\",\"item\":\"https:\\\/\\\/lospoliticosveracruz.com\\\/\"},{\"@type\":\"ListItem\",\"position\":2,\"name\":\"IGNORAR TRANSPARENCIA\"}]},{\"@type\":\"WebSite\",\"@id\":\"https:\\\/\\\/lospoliticosveracruz.com\\\/#website\",\"url\":\"https:\\\/\\\/lospoliticosveracruz.com\\\/\",\"name\":\"Los pol\u00edticos Veracruz\",\"description\":\"\",\"publisher\":{\"@id\":\"https:\\\/\\\/lospoliticosveracruz.com\\\/#organization\"},\"potentialAction\":[{\"@type\":\"SearchAction\",\"target\":{\"@type\":\"EntryPoint\",\"urlTemplate\":\"https:\\\/\\\/lospoliticosveracruz.com\\\/?s={search_term_string}\"},\"query-input\":{\"@type\":\"PropertyValueSpecification\",\"valueRequired\":true,\"valueName\":\"search_term_string\"}}],\"inLanguage\":\"es\"},{\"@type\":\"Organization\",\"@id\":\"https:\\\/\\\/lospoliticosveracruz.com\\\/#organization\",\"name\":\"Los pol\u00edticos Veracruz\",\"url\":\"https:\\\/\\\/lospoliticosveracruz.com\\\/\",\"logo\":{\"@type\":\"ImageObject\",\"inLanguage\":\"es\",\"@id\":\"https:\\\/\\\/lospoliticosveracruz.com\\\/#\\\/schema\\\/logo\\\/image\\\/\",\"url\":\"https:\\\/\\\/lospoliticosveracruz.com\\\/wp-content\\\/uploads\\\/2025\\\/12\\\/Logo-Nuevo-LOS-POLITICOS-1.jpg\",\"contentUrl\":\"https:\\\/\\\/lospoliticosveracruz.com\\\/wp-content\\\/uploads\\\/2025\\\/12\\\/Logo-Nuevo-LOS-POLITICOS-1.jpg\",\"width\":260,\"height\":70,\"caption\":\"Los pol\u00edticos Veracruz\"},\"image\":{\"@id\":\"https:\\\/\\\/lospoliticosveracruz.com\\\/#\\\/schema\\\/logo\\\/image\\\/\"},\"sameAs\":[\"https:\\\/\\\/www.facebook.com\\\/people\\\/Notimemes-de-los-Polticos\\\/61565672886568\\\/\",\"https:\\\/\\\/x.com\\\/LosPoliticosVer\"]},{\"@type\":\"Person\",\"@id\":\"https:\\\/\\\/lospoliticosveracruz.com\\\/#\\\/schema\\\/person\\\/b8702bb0e538456e6efd07080bf2a4a2\",\"name\":\"Lo viste en Los Pol\u00edticos\",\"image\":{\"@type\":\"ImageObject\",\"inLanguage\":\"es\",\"@id\":\"https:\\\/\\\/secure.gravatar.com\\\/avatar\\\/3a8de04a2656d44082be478bd6c086daa447c4651605818287b9532d3d0bd435?s=96&d=mm&r=g\",\"url\":\"https:\\\/\\\/secure.gravatar.com\\\/avatar\\\/3a8de04a2656d44082be478bd6c086daa447c4651605818287b9532d3d0bd435?s=96&d=mm&r=g\",\"contentUrl\":\"https:\\\/\\\/secure.gravatar.com\\\/avatar\\\/3a8de04a2656d44082be478bd6c086daa447c4651605818287b9532d3d0bd435?s=96&d=mm&r=g\",\"caption\":\"Lo viste en Los Pol\u00edticos\"},\"url\":\"https:\\\/\\\/lospoliticosveracruz.com\\\/?author=2\"}]}<\/script>\n<!-- \/ Yoast SEO plugin. -->","yoast_head_json":{"title":"IGNORAR TRANSPARENCIA - Los pol\u00edticos Veracruz","robots":{"index":"index","follow":"follow","max-snippet":"max-snippet:-1","max-image-preview":"max-image-preview:large","max-video-preview":"max-video-preview:-1"},"canonical":"https:\/\/lospoliticosveracruz.com\/?p=169836","og_locale":"es_ES","og_type":"article","og_title":"IGNORAR TRANSPARENCIA - Los pol\u00edticos Veracruz","og_description":"Jos\u00e9 Luis Enr\u00edquez AmbellCaf\u00e9 de ma\u00f1ana La percepci\u00f3n de que los servidores p\u00fablicos ignoran las normas de transparencia y act\u00faan con impunidad en M\u00e9xico ha sido respaldada por informes recientes que se\u00f1alan un retroceso en rendici\u00f3n de cuentas, la desaparici\u00f3n de \u00f3rganos aut\u00f3nomos y altos niveles de opacidad. En 2025, M\u00e9xico obtuvo 27 de 100 [&hellip;]","og_url":"https:\/\/lospoliticosveracruz.com\/?p=169836","og_site_name":"Los pol\u00edticos Veracruz","article_publisher":"https:\/\/www.facebook.com\/people\/Notimemes-de-los-Polticos\/61565672886568\/","article_published_time":"2026-04-27T02:28:35+00:00","og_image":[{"width":1250,"height":667,"url":"https:\/\/lospoliticosveracruz.com\/wp-content\/uploads\/2025\/04\/Ambell.jpg","type":"image\/jpeg"}],"author":"Lo viste en Los Pol\u00edticos","twitter_card":"summary_large_image","twitter_creator":"@LosPoliticosVer","twitter_site":"@LosPoliticosVer","twitter_misc":{"Escrito por":"Lo viste en Los Pol\u00edticos","Tiempo de lectura":"4 minutos"},"schema":{"@context":"https:\/\/schema.org","@graph":[{"@type":"Article","@id":"https:\/\/lospoliticosveracruz.com\/?p=169836#article","isPartOf":{"@id":"https:\/\/lospoliticosveracruz.com\/?p=169836"},"author":{"name":"Lo viste en Los Pol\u00edticos","@id":"https:\/\/lospoliticosveracruz.com\/#\/schema\/person\/b8702bb0e538456e6efd07080bf2a4a2"},"headline":"IGNORAR TRANSPARENCIA","datePublished":"2026-04-27T02:28:35+00:00","mainEntityOfPage":{"@id":"https:\/\/lospoliticosveracruz.com\/?p=169836"},"wordCount":822,"publisher":{"@id":"https:\/\/lospoliticosveracruz.com\/#organization"},"image":{"@id":"https:\/\/lospoliticosveracruz.com\/?p=169836#primaryimage"},"thumbnailUrl":"https:\/\/lospoliticosveracruz.com\/wp-content\/uploads\/2025\/04\/Ambell.jpg","keywords":["Cambios SIOP Veracruz Roc\u00edo Nahle","Corrupci\u00f3n M\u00e9xico \u00edndice 2025","Crisis INAI IVAI Veracruz 2026","Jos\u00e9 Luis Enr\u00edquez Ambell transparencia","Transparencia performativa funcionarios p\u00fablicos","V\u00edctor David Palacios SIOP salida"],"articleSection":["De Opini\u00f3n"],"inLanguage":"es"},{"@type":"WebPage","@id":"https:\/\/lospoliticosveracruz.com\/?p=169836","url":"https:\/\/lospoliticosveracruz.com\/?p=169836","name":"IGNORAR TRANSPARENCIA - Los pol\u00edticos Veracruz","isPartOf":{"@id":"https:\/\/lospoliticosveracruz.com\/#website"},"primaryImageOfPage":{"@id":"https:\/\/lospoliticosveracruz.com\/?p=169836#primaryimage"},"image":{"@id":"https:\/\/lospoliticosveracruz.com\/?p=169836#primaryimage"},"thumbnailUrl":"https:\/\/lospoliticosveracruz.com\/wp-content\/uploads\/2025\/04\/Ambell.jpg","datePublished":"2026-04-27T02:28:35+00:00","breadcrumb":{"@id":"https:\/\/lospoliticosveracruz.com\/?p=169836#breadcrumb"},"inLanguage":"es","potentialAction":[{"@type":"ReadAction","target":["https:\/\/lospoliticosveracruz.com\/?p=169836"]}]},{"@type":"ImageObject","inLanguage":"es","@id":"https:\/\/lospoliticosveracruz.com\/?p=169836#primaryimage","url":"https:\/\/lospoliticosveracruz.com\/wp-content\/uploads\/2025\/04\/Ambell.jpg","contentUrl":"https:\/\/lospoliticosveracruz.com\/wp-content\/uploads\/2025\/04\/Ambell.jpg","width":1250,"height":667},{"@type":"BreadcrumbList","@id":"https:\/\/lospoliticosveracruz.com\/?p=169836#breadcrumb","itemListElement":[{"@type":"ListItem","position":1,"name":"Portada","item":"https:\/\/lospoliticosveracruz.com\/"},{"@type":"ListItem","position":2,"name":"IGNORAR TRANSPARENCIA"}]},{"@type":"WebSite","@id":"https:\/\/lospoliticosveracruz.com\/#website","url":"https:\/\/lospoliticosveracruz.com\/","name":"Los pol\u00edticos Veracruz","description":"","publisher":{"@id":"https:\/\/lospoliticosveracruz.com\/#organization"},"potentialAction":[{"@type":"SearchAction","target":{"@type":"EntryPoint","urlTemplate":"https:\/\/lospoliticosveracruz.com\/?s={search_term_string}"},"query-input":{"@type":"PropertyValueSpecification","valueRequired":true,"valueName":"search_term_string"}}],"inLanguage":"es"},{"@type":"Organization","@id":"https:\/\/lospoliticosveracruz.com\/#organization","name":"Los pol\u00edticos Veracruz","url":"https:\/\/lospoliticosveracruz.com\/","logo":{"@type":"ImageObject","inLanguage":"es","@id":"https:\/\/lospoliticosveracruz.com\/#\/schema\/logo\/image\/","url":"https:\/\/lospoliticosveracruz.com\/wp-content\/uploads\/2025\/12\/Logo-Nuevo-LOS-POLITICOS-1.jpg","contentUrl":"https:\/\/lospoliticosveracruz.com\/wp-content\/uploads\/2025\/12\/Logo-Nuevo-LOS-POLITICOS-1.jpg","width":260,"height":70,"caption":"Los pol\u00edticos Veracruz"},"image":{"@id":"https:\/\/lospoliticosveracruz.com\/#\/schema\/logo\/image\/"},"sameAs":["https:\/\/www.facebook.com\/people\/Notimemes-de-los-Polticos\/61565672886568\/","https:\/\/x.com\/LosPoliticosVer"]},{"@type":"Person","@id":"https:\/\/lospoliticosveracruz.com\/#\/schema\/person\/b8702bb0e538456e6efd07080bf2a4a2","name":"Lo viste en Los Pol\u00edticos","image":{"@type":"ImageObject","inLanguage":"es","@id":"https:\/\/secure.gravatar.com\/avatar\/3a8de04a2656d44082be478bd6c086daa447c4651605818287b9532d3d0bd435?s=96&d=mm&r=g","url":"https:\/\/secure.gravatar.com\/avatar\/3a8de04a2656d44082be478bd6c086daa447c4651605818287b9532d3d0bd435?s=96&d=mm&r=g","contentUrl":"https:\/\/secure.gravatar.com\/avatar\/3a8de04a2656d44082be478bd6c086daa447c4651605818287b9532d3d0bd435?s=96&d=mm&r=g","caption":"Lo viste en Los Pol\u00edticos"},"url":"https:\/\/lospoliticosveracruz.com\/?author=2"}]}},"_links":{"self":[{"href":"https:\/\/lospoliticosveracruz.com\/index.php?rest_route=\/wp\/v2\/posts\/169836","targetHints":{"allow":["GET"]}}],"collection":[{"href":"https:\/\/lospoliticosveracruz.com\/index.php?rest_route=\/wp\/v2\/posts"}],"about":[{"href":"https:\/\/lospoliticosveracruz.com\/index.php?rest_route=\/wp\/v2\/types\/post"}],"author":[{"embeddable":true,"href":"https:\/\/lospoliticosveracruz.com\/index.php?rest_route=\/wp\/v2\/users\/2"}],"replies":[{"embeddable":true,"href":"https:\/\/lospoliticosveracruz.com\/index.php?rest_route=%2Fwp%2Fv2%2Fcomments&post=169836"}],"version-history":[{"count":1,"href":"https:\/\/lospoliticosveracruz.com\/index.php?rest_route=\/wp\/v2\/posts\/169836\/revisions"}],"predecessor-version":[{"id":169837,"href":"https:\/\/lospoliticosveracruz.com\/index.php?rest_route=\/wp\/v2\/posts\/169836\/revisions\/169837"}],"wp:featuredmedia":[{"embeddable":true,"href":"https:\/\/lospoliticosveracruz.com\/index.php?rest_route=\/wp\/v2\/media\/141435"}],"wp:attachment":[{"href":"https:\/\/lospoliticosveracruz.com\/index.php?rest_route=%2Fwp%2Fv2%2Fmedia&parent=169836"}],"wp:term":[{"taxonomy":"category","embeddable":true,"href":"https:\/\/lospoliticosveracruz.com\/index.php?rest_route=%2Fwp%2Fv2%2Fcategories&post=169836"},{"taxonomy":"post_tag","embeddable":true,"href":"https:\/\/lospoliticosveracruz.com\/index.php?rest_route=%2Fwp%2Fv2%2Ftags&post=169836"}],"curies":[{"name":"wp","href":"https:\/\/api.w.org\/{rel}","templated":true}]}}